{"id":205,"date":"2010-09-28T22:03:00","date_gmt":"2010-09-28T22:03:00","guid":{"rendered":"https:\/\/luisalen.com\/?p=205"},"modified":"2023-01-24T20:58:30","modified_gmt":"2023-01-24T20:58:30","slug":"a-mi-padre","status":"publish","type":"post","link":"https:\/\/luisalen.com\/?p=205","title":{"rendered":"A mi padre"},"content":{"rendered":"\n<div class=\"wp-block-columns alignwide is-layout-flex wp-container-core-columns-is-layout-1 wp-block-columns-is-layout-flex\">\n<div class=\"wp-block-column is-layout-flow wp-block-column-is-layout-flow\">\n<h4 class=\"has-text-align-center wp-block-heading\"><strong>Justo ahora te fuiste<\/strong><\/h4>\n\n\n\n<h4 class=\"has-text-align-center wp-block-heading\"><strong>que todo empezaba a ser mejor<\/strong><\/h4>\n\n\n\n<h4 class=\"has-text-align-center wp-block-heading\"><strong>cuando ten\u00edas tanto para dar<\/strong><\/h4>\n\n\n\n<h4 class=\"has-text-align-center wp-block-heading\"><strong>y tanto tiempo y tantas historias que esperaban<\/strong><\/h4>\n\n\n\n<h4 class=\"has-text-align-center wp-block-heading\"><strong>que las contaras con tu pluma tan precisa<\/strong><\/h4>\n\n\n\n<h4 class=\"has-text-align-center wp-block-heading\"><strong>\u00bfqui\u00e9n te habr\u00e1 llamado?<\/strong><\/h4>\n\n\n\n<h4 class=\"has-text-align-center wp-block-heading\"><strong>\u00bfa qu\u00e9 urgente escritura te convocaron<\/strong><\/h4>\n\n\n\n<h4 class=\"has-text-align-center wp-block-heading\"><strong>los duendes de tu tierra santiague\u00f1a?<\/strong><\/h4>\n\n\n\n<h4 class=\"has-text-align-center wp-block-heading\"><strong>Andar\u00e1s con Homero<\/strong><\/h4>\n\n\n\n<h4 class=\"has-text-align-center wp-block-heading\"><strong>canturreando alg\u00fan tango de otros tiempos<\/strong><\/h4>\n\n\n\n<h4 class=\"has-text-align-center wp-block-heading\"><strong>o tal vez discutiendo con Jauretche<\/strong><\/h4>\n\n\n\n<h4 class=\"has-text-align-center wp-block-heading\"><strong>Sclabrini Ortiz, el Pepe Rosa<\/strong><\/h4>\n\n\n\n<h4 class=\"has-text-align-center wp-block-heading\"><strong>o recordando veranos de hace a\u00f1os<\/strong><\/h4>\n\n\n\n<h4 class=\"has-text-align-center wp-block-heading\"><strong>con Hern\u00e1ndez Arregui, por las sierras<\/strong><\/h4>\n<\/div>\n\n\n\n<div class=\"wp-block-column is-layout-flow wp-block-column-is-layout-flow\">\n<figure class=\"wp-block-image size-full\"><img fetchpriority=\"high\" decoding=\"async\" width=\"392\" height=\"503\" src=\"https:\/\/luisalen.com\/wp-content\/uploads\/2023\/01\/Papa-1-1.jpg\" alt=\"\" class=\"wp-image-206\" srcset=\"https:\/\/luisalen.com\/wp-content\/uploads\/2023\/01\/Papa-1-1.jpg 392w, https:\/\/luisalen.com\/wp-content\/uploads\/2023\/01\/Papa-1-1-234x300.jpg 234w\" sizes=\"(max-width: 392px) 100vw, 392px\" \/><\/figure>\n<\/div>\n<\/div>\n\n\n\n<div class=\"wp-block-columns is-layout-flex wp-container-core-columns-is-layout-2 wp-block-columns-is-layout-flex\">\n<div class=\"wp-block-column is-layout-flow wp-block-column-is-layout-flow\">\n<figure class=\"wp-block-image size-full\"><img decoding=\"async\" width=\"380\" height=\"581\" src=\"https:\/\/luisalen.com\/wp-content\/uploads\/2023\/01\/Alen-Lascano-1.jpg\" alt=\"\" class=\"wp-image-207\" srcset=\"https:\/\/luisalen.com\/wp-content\/uploads\/2023\/01\/Alen-Lascano-1.jpg 380w, https:\/\/luisalen.com\/wp-content\/uploads\/2023\/01\/Alen-Lascano-1-196x300.jpg 196w\" sizes=\"(max-width: 380px) 100vw, 380px\" \/><\/figure>\n<\/div>\n\n\n\n<div class=\"wp-block-column is-layout-flow wp-block-column-is-layout-flow\">\n<h4 class=\"wp-block-heading\"><strong>Qu\u00e9 vac\u00edo nos queda&nbsp;<\/strong><\/h4>\n\n\n\n<h4 class=\"wp-block-heading\"><strong>qu\u00e9 triste est\u00e1 la tarde de Santiago&nbsp;<\/strong><\/h4>\n\n\n\n<h4 class=\"wp-block-heading\"><strong>tu vieja Remington silenciada&nbsp;<\/strong><\/h4>\n\n\n\n<h4 class=\"wp-block-heading\"><strong>y las p\u00e1ginas truncadas del pasado&nbsp;<\/strong><\/h4>\n\n\n\n<h4 class=\"wp-block-heading\"><strong>que habr\u00edas dado a luz alguna tarde&nbsp;<\/strong><\/h4>\n\n\n\n<h4 class=\"wp-block-heading\"><strong>te habr\u00e1s fundido acaso en un abrazo&nbsp;<\/strong><\/h4>\n\n\n\n<h4 class=\"wp-block-heading\"><strong>con Ibarra, con Rosas, con el Chacho&nbsp;<\/strong><\/h4>\n\n\n\n<h4 class=\"wp-block-heading\"><strong>para contarles de la patria grande&nbsp;<\/strong><\/h4>\n\n\n\n<h4 class=\"wp-block-heading\"><strong>que hoy est\u00e1 m\u00e1s en silencio por tu muerte&nbsp;<\/strong><\/h4>\n<\/div>\n<\/div>\n\n\n\n<div class=\"wp-block-columns is-layout-flex wp-container-core-columns-is-layout-3 wp-block-columns-is-layout-flex\">\n<div class=\"wp-block-column is-layout-flow wp-block-column-is-layout-flow\">\n<h4 class=\"wp-block-heading\"><strong>Y qu\u00e9 decirte m\u00e1s&nbsp;<\/strong><\/h4>\n\n\n\n<h4 class=\"wp-block-heading\"><strong>Que te quer\u00eda&nbsp;<\/strong><\/h4>\n\n\n\n<h4 class=\"wp-block-heading\"><strong>Que hay tantas cosas que nunca te dije&nbsp;<\/strong><\/h4>\n\n\n\n<h4 class=\"wp-block-heading\"><strong>y que quedar\u00e1n calladas para siempre&nbsp;<\/strong><\/h4>\n\n\n\n<h4 class=\"wp-block-heading\"><strong>Pero no es cierta tu partida&nbsp;<\/strong><\/h4>\n\n\n\n<h4 class=\"wp-block-heading\"><strong>est\u00e1s presente en cada libro escrito&nbsp;<\/strong><\/h4>\n\n\n\n<h4 class=\"wp-block-heading\"><strong>que espera nuevos ojos que lo lean&nbsp;<\/strong><\/h4>\n\n\n\n<h4 class=\"wp-block-heading\"><strong>y despierten al mandado de la patria&nbsp;<\/strong><\/h4>\n\n\n\n<h4 class=\"wp-block-heading\"><strong>Y en los ojos de Anita y Agustina&nbsp;<\/strong><\/h4>\n\n\n\n<h4 class=\"wp-block-heading\"><strong>y en cada uno de nosotros, tus reto\u00f1os&nbsp;<\/strong><\/h4>\n\n\n\n<h4 class=\"wp-block-heading\"><strong>todos tan Luis como lo fuiste vos&nbsp;<\/strong><\/h4>\n\n\n\n<h4 class=\"wp-block-heading\"><strong>semilla de tus sue\u00f1os m\u00e1s logrados<\/strong><\/h4>\n<\/div>\n\n\n\n<div class=\"wp-block-column is-layout-flow wp-block-column-is-layout-flow\">\n<figure class=\"wp-block-image aligncenter size-full is-resized\"><img decoding=\"async\" src=\"https:\/\/luisalen.com\/wp-content\/uploads\/2023\/01\/Copia-de-PAPA-m2WOWZPMLBTqBL4e.jpg\" alt=\"\" class=\"wp-image-208\" width=\"376\" height=\"382\"\/><\/figure>\n<\/div>\n<\/div>\n\n\n\n<p class=\"has-text-align-center\"><strong>Chau, viejo&nbsp;<br>s\u00e9 que en cualquier momento&nbsp;<br>encontrar\u00e9 tu voz y tus palabras&nbsp;<br>y todo esto de hoy no habr\u00e1 pasado&nbsp;<br>cuando nos abracemos como nunca&nbsp;<br>en una tardecita de Santiago<\/strong><\/p>\n\n\n\n<h4 class=\"has-text-align-center wp-block-heading\"><br><\/h4>\n","protected":false},"excerpt":{"rendered":"<p>Justo ahora te fuiste que todo empezaba a ser mejor cuando ten\u00edas tanto para dar&#8230;<\/p>\n","protected":false},"author":1,"featured_media":0,"comment_status":"open","ping_status":"open","sticky":false,"template":"","format":"standard","meta":{"footnotes":""},"categories":[4],"tags":[],"class_list":["post-205","post","type-post","status-publish","format-standard","hentry","category-poesia"],"_links":{"self":[{"href":"https:\/\/luisalen.com\/index.php?rest_route=\/wp\/v2\/posts\/205","targetHints":{"allow":["GET"]}}],"collection":[{"href":"https:\/\/luisalen.com\/index.php?rest_route=\/wp\/v2\/posts"}],"about":[{"href":"https:\/\/luisalen.com\/index.php?rest_route=\/wp\/v2\/types\/post"}],"author":[{"embeddable":true,"href":"https:\/\/luisalen.com\/index.php?rest_route=\/wp\/v2\/users\/1"}],"replies":[{"embeddable":true,"href":"https:\/\/luisalen.com\/index.php?rest_route=%2Fwp%2Fv2%2Fcomments&post=205"}],"version-history":[{"count":2,"href":"https:\/\/luisalen.com\/index.php?rest_route=\/wp\/v2\/posts\/205\/revisions"}],"predecessor-version":[{"id":210,"href":"https:\/\/luisalen.com\/index.php?rest_route=\/wp\/v2\/posts\/205\/revisions\/210"}],"wp:attachment":[{"href":"https:\/\/luisalen.com\/index.php?rest_route=%2Fwp%2Fv2%2Fmedia&parent=205"}],"wp:term":[{"taxonomy":"category","embeddable":true,"href":"https:\/\/luisalen.com\/index.php?rest_route=%2Fwp%2Fv2%2Fcategories&post=205"},{"taxonomy":"post_tag","embeddable":true,"href":"https:\/\/luisalen.com\/index.php?rest_route=%2Fwp%2Fv2%2Ftags&post=205"}],"curies":[{"name":"wp","href":"https:\/\/api.w.org\/{rel}","templated":true}]}}