{"id":287,"date":"2020-06-24T22:45:00","date_gmt":"2020-06-24T22:45:00","guid":{"rendered":"https:\/\/luisalen.com\/?p=287"},"modified":"2023-02-07T20:49:28","modified_gmt":"2023-02-07T20:49:28","slug":"otra-pelicula-de-miedo","status":"publish","type":"post","link":"https:\/\/luisalen.com\/?p=287","title":{"rendered":"Otra pel\u00edcula de miedo"},"content":{"rendered":"\n<p>Transitar las p\u00e1ginas de <strong><em>LA NACI\u00d3N<\/em><\/strong> parece, cada vez m\u00e1s, leer el argumento de esas pel\u00edculas de miedo a las que Hollywood recurre insistentemente y con un empe\u00f1o digno de mejor causa. Tal vez por las cabecitas de los herederos de don Bartolo haya transitado la idea de que si la derecha hab\u00eda logrado triunfar en elecciones libres, ya no abandonar\u00eda tampoco el poder formal (el real, lo sabemos, nunca lo abandon\u00f3). Imaginar\u00edan, tal vez, un pa\u00eds donde los obreros resignaran sus conquistas y el salario m\u00ednimo, vital y m\u00f3vil, el aguinaldo, las vacaciones pagas y la indemnizaci\u00f3n fueran solamente cuentos de un pasado a\u00f1orado pero que ya no retornar\u00eda. Se regocijar\u00edan en el sue\u00f1o de una patria para pocos, donde los patrones no precisaran m\u00e1s que de un gesto para hacer su voluntad.&nbsp;&nbsp;<\/p>\n\n\n\n<p>Como en los a\u00f1os transcurridos desde 1860 y hasta las primeras d\u00e9cadas del siglo XX, estar\u00edan dispuestos a aplaudir cada represi\u00f3n, cada fusilamiento, cada muerte, as\u00ed como en aquellos d\u00edas aciagos festejaron la ca\u00edda de las \u00faltimas montoneras, las masacres de los anarquistas. Pero no fue as\u00ed. El triunfo del Frente de Todos los devolvi\u00f3 a la realidad que cre\u00edan superada.&nbsp;<\/p>\n\n\n\n<p>Para peor, la pandemia a la que deliberadamente ignoran, hizo crecer la popularidad del Presidente por el simple recurso de dedicarse a cuidar las vidas de los argentinos. La intervenci\u00f3n dispuesta en la Agencia Federal de Inteligencia no se comi\u00f3 a la Interventora; por el contrario, Cristina Cama\u00f1o se dedic\u00f3 a destapar las ollas de la podredumbre de a\u00f1os de espionaje a propios y extra\u00f1os, que el macrismo no le retace\u00f3 un esp\u00eda ni a sus corifeos de los medios, ni a los alfiles cambiemitas cuya devoci\u00f3n al ingeniero sin ingenio era dudosa, ni a la familia real siempre sospechosa de conspirar contra su nuevo jefe, una vez muerto el constructor de su poder, hecho a fuerza de negociados con dictaduras y con la corrupci\u00f3n como m\u00e9todo. Y hasta algunos jueces asomaron sus cabezas, vieron el cambio del viento y abrieron las investigaciones que antes rechazaban, al tiempo que congelaban las que hab\u00edan impulsado cuando la mesa judicial de Garavano, Angelici y compa\u00f1\u00eda les marcaba los tiempos.&nbsp;&nbsp;<\/p>\n\n\n\n<p>Qu\u00e9 hacer, entonces, se habr\u00e1n preguntado en la <em>Tribuna de Doctrina<\/em>. Y como los productores de Hollywood, que vuelven una y otra vez a las recetas probadas, se largaron a propalar el miedo. Claro, igual que el asesino serial que se oculta tras el disfraz del denunciante, pusieron sus peores artima\u00f1as en las personas de sus enemigos. Que la grieta construida desde los primeros tiempos de la patria, contra quienes la so\u00f1aron libre, justa y soberana, se alimenta de la mentira y la traici\u00f3n.&nbsp; Luis Majul es uno de los cultores del terror medi\u00e1tico, tan vulgar y sin ingenio como las malas pel\u00edculas yanquis. Los t\u00edtulos de sus notas anuncian c\u00f3mo va a ser el desarrollo: \u201c<em>C\u00f3mo funciona el aparato kirchnerista para apretar y meter miedo a periodistas<\/em>\u201d, dice el 18\/06\/2020. Debe saber mucho de eso, ya que si hubiera puesto el aparato macrista seguramente tendr\u00eda la experiencia necesaria para contarlo. Pero no, los pecados propios deben atribuirse a los odiados otros. Y describe tanta operaci\u00f3n llevada adelante en los a\u00f1os de Macri, casi como una confesi\u00f3n: \u201c<em>Hay que tener la piel muy dura para<\/em> <em>aguantar la embestida, que no tiene l\u00edmites porque se meten con tu sexualidad, con tu pareja, con tu familia y con tus hijos<\/em>\u201d.&nbsp;&nbsp;<\/p>\n\n\n\n<p>Por las dudas, mete m\u00e1s ciza\u00f1a, siempre en defensa del poder econ\u00f3mico. As\u00ed, nos alerta sobre \u201c<em>El primer gran llamado de atenci\u00f3n para el Presidente<\/em>\u201d (20\/06\/2020), y agrega: \u201c<em>La importancia simb\u00f3lica del banderazo contra a expropiaci\u00f3n de Vicentin es enorme. No se debe medir por el nivel cuantitativo de la convocatoria<\/em>\u201d. Como siempre, lo que importan son las minor\u00edas que se oponen a los gobiernos populares.<\/p>\n\n\n\n<p>Y vuelve sobre el tema de esta nota, exhortando a Alberto: \u201c<em>Se\u00f1or Presidente: no tenga miedo<\/em>\u201d (21\/06\/2020). A la que no debe temer Fern\u00e1ndez es a su Vicepresidenta, nos detalla. Se le escapa otra confesi\u00f3n, siempre atribuida a esos otros que no se resignan a perder lo poco que el macrismo les dej\u00f3, pero que, como suele suceder con los escritos de Majul, lo describe con bastante precisi\u00f3n: \u201c<em>Las personas que son sometidas por otras a trav\u00e9s del miedo, cuando no pueden rebelarse, tienden a descargar su frustraci\u00f3n intentando incomodar o humillar a otras<\/em>\u201d. Si lo sabr\u00e1 Luisito\u2026&nbsp;<\/p>\n\n\n\n<p>Pero sigamos con las plumas del mitrismo. Fernando Laborda se reitera y habla, por en\u00e9sima vez, de \u201c<em>La cristinizaci\u00f3n de Alberto Fern\u00e1ndez<\/em>\u201d (19\/06\/2020). Ah\u00ed van sus argumentos, ya gastados de tanto repetirlos: \u201c<em>La \u2018cristinizaci\u00f3n\u2019 del Gobierno ofrece otros dos indicadores. Uno de ellos es el avance de Cristina Kirchner en el \u00e1rea de Justicia, acrecentado recientemente con la designaci\u00f3n de la fundadora de la agrupaci\u00f3n Justicia Leg\u00edtima, Mar\u00eda Laura Garrig\u00f3s de R\u00e9bori, al frente de la Subsecretar\u00eda de Asuntos Penitenciarios y del Servicio Penitenciario Federal, al igual que por la creciente influencia que est\u00e1 demostrando la expresidenta en el proyecto de reforma judicial que eval\u00faa el Gobierno<\/em>\u201d.&nbsp;<\/p>\n\n\n\n<p>Veamos. Mar\u00eda Laura Garrig\u00f3s de R\u00e9bori tiene una larga trayectoria en el Poder Judicial. Nunca pudieron acusarla de ninguna de las pr\u00e1cticas a las que otros miembros del mismo poder fueron -y son- tan afectos. Como no hay nada de qu\u00e9 acusarla, solo le queda recordar que presidi\u00f3 una agrupaci\u00f3n que se constituy\u00f3 con todos los requisitos legales y que tuvo la valent\u00eda, poco com\u00fan en magistrados y funcionarios, de asumir sus posiciones pol\u00edticas y defenderlas. Ese es el pecado de Garrig\u00f3s, que la transforma en pecadora para Laborda, m\u00e1s cuando es posible sospechar que se dedicar\u00e1, con el mismo empe\u00f1o de Cama\u00f1o, a limpiar la basura de los penitenciarios.&nbsp;<\/p>\n\n\n\n<p>De la reforma judicial no hay todav\u00eda un proyecto presentado, pero si va a tocar las cuevas que la ya nombrada mesa judicial alent\u00f3 y aliment\u00f3, ya se sabe que <strong><em>LA NACI\u00d3N<\/em><\/strong> se va a oponer.&nbsp; Disc\u00falpenme ustedes, pero voy a citar al novelero Jorge Fern\u00e1ndez D\u00edaz, que nos asusta con la descripci\u00f3n de \u201c<em>Un matrimonio entre el error y la insensatez<\/em>\u201d (21\/06\/2020), escrito en el que no falta la cuota de terror de la mala pel\u00edcula mitrista: \u201c<em>El problema reside en que aqu\u00ed el arc\u00e1ngel destructor de ese sistema de pactos responsables, contrapesos y alternancias es el kirchnerismo (con su proyecto de partido \u00fanico), y que<\/em> <\/p>\n\n\n\n<p><em>abrazarse al concepto de la antigrieta como un mantra o un nuevo dogma, mientras el poder devora a su paso y se radicaliza con golpes de mano y ministerios de la venganza, no solo constituye una ingenuidad, sino tambi\u00e9n una complicidad peligrosa<\/em>\u201d.<\/p>\n\n\n\n<p>Para no caer en su trampa recordemos que el peronismo cada vez que accedi\u00f3 al gobierno fue por el voto libre y sin proscripciones. Que fue v\u00edctima de bombardeos, golpes, proscripciones, persecuciones y desapariciones. Que el poder ha sido, y es, su enemigo, porque no le perdona haber empoderado a los trabajadores. Que si hubo ministerios de la venganza fueron los que encarcelaron opositores, destituyeron jueces, fabricaron causas y fugaron capitales, cada vez que el peronismo perdi\u00f3 el poder. Otra vez, lo que dicen los columnistas del pasqu\u00edn sesquicentenario se les aplica perfectamente.&nbsp;<\/p>\n\n\n\n<p>Joaqu\u00edn Morales Sol\u00e1 descubre que Mauricio Macri es el \u201c<em>blanco de la estrategia judicial del Gobierno<\/em>\u201d (17\/06\/2020). \u00bfEn qu\u00e9 se basa para tama\u00f1a afirmaci\u00f3n? En que hay causas en las que el ingeniero sin ingenio est\u00e1 imputado, pese a que don Joaqu\u00edn diga que no. Para \u00e9l, \u201c<em>Cuando la Unidad de Investigaciones Financieras (UIF) pidi\u00f3 la inhibici\u00f3n de bienes de Mauricio Macri por el caso Vicentin (una causa penal en la que nadie est\u00e1 siquiera imputado) qued\u00f3 claro que la persecuci\u00f3n del ex presidente forma parte de la estrategia oficial<\/em>\u201d.&nbsp;<\/p>\n\n\n\n<p>Oiga, Morales, a esta altura de su vida deber\u00eda saber que el hecho de que alguien no haya sido todav\u00eda indagado o procesado no quita que revista la calidad de imputado. Y que el pedido de inhibici\u00f3n es lo que corresponde cuando se trata de una causa penal en la que se investiga c\u00f3mo pudo un gobierno prestarle 18.700 millones de pesos a una firma que estaba en graves problemas y que incumpl\u00eda sus pagos, pr\u00e9stamos que se extendieron casi hasta el mismo 10 de diciembre de 2019 (todo noviembre registra casi un pr\u00e9stamo por d\u00eda, entregado por el Banco Naci\u00f3n a Vicent\u00edn, sin que se encuentren pistas del destino dado a ese dinero). Ni qu\u00e9 hablar de las otras causas que se conocieron en estos d\u00edas. Porque en ellas radica el modus operandi del macrismo. Espionaje (que siempre es ilegal), profusa difusi\u00f3n por los medios de los hallazgos (mayormente inventados) de los esp\u00edas, jueces y fiscales dispuestos a encarcelar a quienes se les pida, destruyendo el principio de inocencia, las garant\u00edas del debido proceso y el derecho a la defensa, y la mirada siempre vigilante de Marquitos, Pepines y dem\u00e1s.&nbsp;<\/p>\n\n\n\n<p>Despu\u00e9s, dice Joaqu\u00edn que es \u201c<em>Demasiado pronto para tener a la gente en las calles<\/em>\u201d(20\/06\/2020), y se alegra al contarnos que \u201c<em>Alberto Fern\u00e1ndez tropez\u00f3 con un juezdel interior profundo. Fabi\u00e1n Lorenzini, magistrado del fuero Civil y Comercial de Reconquista, ech\u00f3 de Vicentin a los interventores que envi\u00f3 el Presidente. Fue una derrota no solo del Presidente, sino tambi\u00e9n del viejo profesor de la Facultad de Derecho. Muchos constitucionalistas le hab\u00edan advertido que su intervenci\u00f3n a la empresa agroexportadora era inconstitucional<\/em>\u201d. Le falt\u00f3 solamente decir que al fin aparece un juez de la rep\u00fablica, como les gusta parlotear a sus lectores.&nbsp; Soy abogado desde hace muchos a\u00f1os. Desempe\u00f1o la docencia en universidades p\u00fablicas. Pero no voy a ser yo quien opine de Lorenzini y su fallo. Prefiero recurrir a un constitucionalista de los que siempre son preguntados por <strong><em>LA NACI\u00d3N<\/em><\/strong>, que no es amigo m\u00edo, ni demuestra simpat\u00eda alguna por las mayor\u00edas populares. \u201c<em>La resoluci\u00f3n del juez Lorenzini en el caso Vicentin reconoce que es incompetente, modifica de oficio el nomen iuris de la acci\u00f3n, la transforma en autosatisfactiva y por lo tanto en definitiva pero fija contracautela y ordena el traslado de la demanda al PEN. Una joya<\/em>\u201d. (Andr\u00e9s Gil Dom\u00ednguez, consultado por <strong><em>LA NACI\u00d3N<\/em><\/strong> el 20\/06\/2020). O sea, un fallo que no se sostiene jur\u00eddicamente por ning\u00fan lado. Salvo la defensa de Morales y sus compa\u00f1eros. Defensa que le sirve para preguntarse: <em>\u201c\u00bfQu\u00e9 le pasa a Alberto Fern\u00e1ndez que prefiere recostarse en las viejas pol\u00edticas de Cristina Kirchner en lugar de ser lo que prometi\u00f3 ser? El Presidente de los \u00faltimos d\u00edas es distinto del que una mayor\u00eda social vot\u00f3 en octubre pasado. Un presidente m\u00e1s influenciado ahora, en efecto, de lo que estaba antes por la ideolog\u00eda y las pr\u00e1cticas del cristinismo<\/em>\u201d. Desconozco alguna promesa que pueda haberle hecho Alberto a don Joaqu\u00edn, y me permito suponer que no hubo ninguna. Si corresponde juzgar si cumple o no con lo que ofreci\u00f3 como propuesta al electorado, le correspondejustamente a los votantes expresarlo. No parece, al menos a esta altura, que quienes lo eligieron (y bastantes m\u00e1s) est\u00e9n descontentos. <em>&nbsp;<\/em><\/p>\n\n\n\n<p>Los que lo est\u00e1n, como era de suponer, son los corifeos de esa derecha que solo habla de la Rep\u00fablica y las instituciones de la boca para afuera, pero las denigra y destruye cada vez que puede. Que grita por la libertad, cuando lo que pretende es quit\u00e1rsela a las mayor\u00edas. Esa derecha que tal vez crea que Carlos M. Reymundo Roberts es gracioso, cuando narra \u201c<em>La semana fatal, contada por Alberto<\/em>\u201d (20\/06\/2020), y le atribuye al Presidente que \u201c<em>En su concepci\u00f3n, entre c\u00e1ndida y voluntarista, la econom\u00eda se arregla. Tan f\u00e1cil se arregla que no ha sentido la necesidad, desde que supo que iba a ser presidente, de dise\u00f1ar un plan econ\u00f3mico. Ayer lo declar\u00f3 por radio: Para resolver los problemas de la econom\u00eda vamos a tener tiempo<\/em>&#8220;.<\/p>\n\n\n\n<p>Todo porque Fern\u00e1ndez no sigue los pasos de su predecesor, ni cede a los reclamos del poder econ\u00f3mico, y se empecina en poner el derecho a la vida y a la salud de sus gobernados por encima de todo.&nbsp;<\/p>\n\n\n\n<p>Pablo Sirv\u00e9n es otro de los destacados columnistas que se destacan en atribuir cualquier mal que pase por estas tierras al peronismo. Sobre todo, las restricciones a la libertad de expresi\u00f3n que seg\u00fan su pluma, le debemos nada m\u00e1s ni nada menos que a Juan Domingo Per\u00f3n.&nbsp;<\/p>\n\n\n\n<p>Vamos a sus columnas: &#8220;<em>Jefe, no lo entretengo m\u00e1s&#8221;: el particular encuentro del Presidente con periodistas de medios p\u00fablicos<\/em>\u201d, es la del 19\/06\/2020, y le sirve para contraponer entrevistas: \u201c<em>Al rev\u00e9s que en su encontronazo con la periodista de Telefe, se vio al Presidente relajado y para nada exigido por los interrogantes planteados. Nadie le pregunt\u00f3 sobre el papel que cumple Cristina Kirchner en la gesti\u00f3n de su gobierno ni c\u00f3mo se viene allanando su complicado frente judicial<\/em>\u201d. No se le ocurre, claro que no, que no le preguntan por el rol de la Vicepresidenta porque ya Alberto lo ha dicho una y otra vez. Por otra parte, si hubiera opinado del frente judicial seguramente le habr\u00eda reprochado entrometerse en los asuntos de otro poder.&nbsp; Pero est\u00e1bamos en la pel\u00edcula de miedo. Y aqu\u00ed viene un t\u00edtulo que es realmente terror\u00edfico: \u201c<em>El regreso de Mauricio Macri<\/em>\u201d (21\/06\/2020). Ni el Dr\u00e1cula de Bela Lugosi o el de Cristopher Lee pueden asustar tanto\u2026 Sirv\u00e9n sirve para contarnos que \u201c<em>Macri piensa que ha comenzado una dram\u00e1tica cuenta regresiva de noventa d\u00edas para resistir una ofensiva muy fuerte del ultrakirchnerismo, tiempo en el que estar\u00e1 en juego el futuro de la Rep\u00fablica<\/em>\u201d. Varias novedades en la nota, como que nos enteramos que Macri piensa, lo cual hab\u00eda sido puesto en duda a la luz de sus acciones de gobierno; que su capacidad de resistencia es para tres meses, y que en ese lapso se juega el futuro de la Rep\u00fablica. Podr\u00edamos sugerir que si los jueces cumplen con su funci\u00f3n de administrar justicia, ese futuro puede ir despejando los nubarrones que ese regreso promete.&nbsp;<\/p>\n\n\n\n<p>Cerremos con Mart\u00edn Rodr\u00edguez Yebra, que al referirse al caso Vicent\u00edn, nos cuenta que \u201c<em>Alberto Fern\u00e1ndez choca con el muro que ven\u00eda a derribar<\/em>\u201d (21\/06\/2020) y aclara: \u201c<em>En las calles se mezclaban el rechazo a la estatizaci\u00f3n de Vicentin con el hartazgo por la cuarentena sin final. Es el kirchnerismo rebotando otra vez con los mismos muros<\/em>\u201d. Cuidado. Que a veces, de tanto golpear contra los muros, estos terminan cayendo.<\/p>\n","protected":false},"excerpt":{"rendered":"<p>Transitar las p\u00e1ginas de LA NACI\u00d3N parece, cada vez m\u00e1s, leer el argumento de esas&#8230;<\/p>\n","protected":false},"author":1,"featured_media":0,"comment_status":"open","ping_status":"open","sticky":false,"template":"","format":"standard","meta":{"footnotes":""},"categories":[17],"tags":[],"class_list":["post-287","post","type-post","status-publish","format-standard","hentry","category-contra-mitre"],"_links":{"self":[{"href":"https:\/\/luisalen.com\/index.php?rest_route=\/wp\/v2\/posts\/287","targetHints":{"allow":["GET"]}}],"collection":[{"href":"https:\/\/luisalen.com\/index.php?rest_route=\/wp\/v2\/posts"}],"about":[{"href":"https:\/\/luisalen.com\/index.php?rest_route=\/wp\/v2\/types\/post"}],"author":[{"embeddable":true,"href":"https:\/\/luisalen.com\/index.php?rest_route=\/wp\/v2\/users\/1"}],"replies":[{"embeddable":true,"href":"https:\/\/luisalen.com\/index.php?rest_route=%2Fwp%2Fv2%2Fcomments&post=287"}],"version-history":[{"count":2,"href":"https:\/\/luisalen.com\/index.php?rest_route=\/wp\/v2\/posts\/287\/revisions"}],"predecessor-version":[{"id":290,"href":"https:\/\/luisalen.com\/index.php?rest_route=\/wp\/v2\/posts\/287\/revisions\/290"}],"wp:attachment":[{"href":"https:\/\/luisalen.com\/index.php?rest_route=%2Fwp%2Fv2%2Fmedia&parent=287"}],"wp:term":[{"taxonomy":"category","embeddable":true,"href":"https:\/\/luisalen.com\/index.php?rest_route=%2Fwp%2Fv2%2Fcategories&post=287"},{"taxonomy":"post_tag","embeddable":true,"href":"https:\/\/luisalen.com\/index.php?rest_route=%2Fwp%2Fv2%2Ftags&post=287"}],"curies":[{"name":"wp","href":"https:\/\/api.w.org\/{rel}","templated":true}]}}