{"id":291,"date":"2020-07-03T22:51:00","date_gmt":"2020-07-03T22:51:00","guid":{"rendered":"https:\/\/luisalen.com\/?p=291"},"modified":"2023-02-07T20:51:37","modified_gmt":"2023-02-07T20:51:37","slug":"pirinchaje","status":"publish","type":"post","link":"https:\/\/luisalen.com\/?p=291","title":{"rendered":"Pirinchaje"},"content":{"rendered":"\n<p>\u201c<em>Este mecanismo delictivo integra una investigaci\u00f3n de la justicia que lleva ya meses y se inserta dentro de un rompecabezas m\u00e1s amplio que incluye varios expedientes judiciales y una investigaci\u00f3n bicameral del Congreso nacional y que evidencia los m\u00e9todos anti democr\u00e1ticos a los que ha recurrido la inteligencia argentina. Combinados, permiten vislumbrar que el espionaje ilegal no se acot\u00f3 a unos pocos casos aislados, propios de alg\u00fan funcionario desquiciado, sino que result\u00f3 una operaci\u00f3n sistem\u00e1tica<\/em>\u201d.<\/p>\n\n\n\n<p>Con el permiso de ustedes, voy a empezar esta columna con estas palabras, extra\u00eddas no de <strong><em>LA NACI\u00d3N<\/em><\/strong> sino del New York Times, donde Hugo Alconada Mon -que es periodista del diario de los Mitre y los Saguier- escribi\u00f3 el 30\/06\/2020 \u201c<em>Las lecciones que aprend\u00ed del a\u00f1o que me espiaron<\/em>\u201d. \u00bfPor qu\u00e9 el investigador estrella de la <em>Tribuna de Doctrina <\/em>public\u00f3 sus opiniones en un diario de los Estados Unidos y no en el medio que lo tiene contratado? Tal vez porque para las columnas de <strong><em>LA NACI\u00d3N<\/em><\/strong> la cuesti\u00f3n del espionaje no aparece como una noticia de inter\u00e9s.&nbsp;<\/p>\n\n\n\n<p>Veamos. Fernando Laborda dec\u00eda el 26\/06\/2020 que la Argentina de Alberto Fern\u00e1ndez se enfrentaba a una agon\u00eda sin fin, porque \u201c<em>El hartazgo social no solo guarda relaci\u00f3n con un aislamiento social obligatorio que se ha extendido por un centenar de d\u00edas y que es r\u00e9cord mundial, sino tambi\u00e9n con la percepci\u00f3n de que nuestra econom\u00eda ser\u00e1 una de las m\u00e1s destruidas en todo el planeta tras la pandemia de coronavirus<\/em>\u201d, y el 27\/06\/2020 Mart\u00edn Rodr\u00edguez Yebra se preocupaba por \u201c<em>Los peligros que acechan a Alberto Fern\u00e1ndez en la cuarentena sin fin<\/em>\u201c que para \u00e9l, se centran en una econom\u00eda en constante deterioro. Eso s\u00ed, en ninguna de esas columnas se encuentra ni una palabra respecto a los or\u00edgenes de ese deterioro.<\/p>\n\n\n\n<p>Nada que decir de la situaci\u00f3n desastrosa en la que el ingeniero sin ingenio y sus secuaces dejaron al pa\u00eds, con su mezcla de recesi\u00f3n, inflaci\u00f3n galopante, p\u00e9rdida del valor de la moneda y endeudamiento sin fin como cuatro jinetes de un apocalipsis programado por los abanderados del neoliberalismo para tratar de imponer para siempre su predominio.&nbsp;<\/p>\n\n\n\n<p>Tambi\u00e9n el 27\/06\/2020 H\u00e9ctor M. Guyot cantaba loas a \u201c<em>La resistencia al populismo<\/em>\u201d que al parecer es el culpable de la pandemia. Y nos advert\u00eda que \u201c<em>Sobre el escenario de la pandemia se desarrolla otro drama cuyas consecuencias tambi\u00e9n podr\u00edan ser grav\u00edsimas. M\u00e1s claro: mientras enfrentamos la crisis sanitaria, se dirime el \u00e9xito o el fracaso de un plan por medio del cual una facci\u00f3n socava la divisi\u00f3n de poderes para quedarse con el monopolio del poder y garantizar su impunidad<\/em>\u201d. Esa facci\u00f3n, de m\u00e1s est\u00e1 decirlo, es el kirchnerismo conducido por Cristina, porque \u201c<em>Ya es irrelevante hasta qu\u00e9 punto el Presidente es c\u00f3mplice o reh\u00e9n de la ambici\u00f3n de la compa\u00f1era vicepresidenta. Aunque no hay que olvidar que fueron socios antes y<\/em> <em>que, cuando sell\u00f3 el nuevo pacto, la conoc\u00eda muy bien. Lo mismo puede decirse de resto del peronismo<\/em>\u201d.&nbsp;<\/p>\n\n\n\n<p>La misma cantinela que los bartolitos entonan desde el mismo d\u00eda en que se conoci\u00f3 la f\u00f3rmula Fern\u00e1ndez-Fern\u00e1ndez. Las mismas acusaciones, lanzadas sin la m\u00e1s m\u00ednima apoyatura en otra cosa que no sea el odio por la Vicepresidenta y lo que ella significa.&nbsp;<\/p>\n\n\n\n<p>El 28\/06\/2020 Pablo Sirv\u00e9n contaba qu\u00e9 pasa cuando la cuarentena se politiza, y se quejaba de que para el gobierno \u201c<em>La culpa es de los runners porte\u00f1os, como al principio los responsables de la importaci\u00f3n del virus fueron los \u2018chetos\u2019. \u00bfPensar\u00e1n, en serio, que solo salen a correr simpatizantes del gobierno anterior o que gente que no es \u2018cheta\u2019, y que se siente tan progresista, no se subi\u00f3 a ning\u00fan avi\u00f3n el verano \u00faltimo?. Son emblemas para fidelizar a sus clientes ultrakirchneristas, pero que fuera de ese c\u00edrculo pocos le dan cr\u00e9dito<\/em>\u201d. Defendiendo a Larreta y culpando a Alberto y Axel, como manda la l\u00ednea editorial del mitrismo.&nbsp;<\/p>\n\n\n\n<p>El 29\/06\/2020 Claudio Jacquelin advert\u00eda que estamos \u201c<em>Ante el riesgo de perder otra gran oportunidad<\/em>\u201d porque \u201c<em>Un mar de viejas y nuevas disidencias amenaza con ahondarse, alimentado por corrientes subterr\u00e1neas que corren y ganan volumen entre la dirigencia y tambi\u00e9n entre los ciudadanos comunes. La urgencia de la pandemia apenas posterga la percepci\u00f3n de los conflictos y los problemas, retrasa su abordaje y agrava su complejidad<\/em>\u201d.&nbsp; La culpa es del populismo -como siempre- que lleva al fracaso de los acuerdos concertados entre el Presidente, el Gobernador de la Provincia de Buenos Aires y el Jefe de Gobierno porte\u00f1o, por \u201c<em>la escasa vocaci\u00f3n o la incapacidad para extenderlos a otros terrenos en los que los desastres son end\u00e9micos. S\u00ed, hablamos de la econom\u00eda, est\u00fapido<\/em>\u201d. Nuevamente, la econom\u00eda como tema.<\/p>\n\n\n\n<p>Ninguna reflexi\u00f3n sobre qu\u00e9 posibilidad de acuerdo cabe entre los que armaron un colosal aparato que us\u00f3 el espionaje, los tribunales y los medios de comunicaci\u00f3n para perseguir y encarcelar opositores y de esa manera dejar el campo libre para apropiarse de miles de millones de d\u00f3lares y fugarlos al exterior.&nbsp;<\/p>\n\n\n\n<p>El pseudo humorista Reymundo Roberts, el 29\/06\/2020, mientras titulaba \u201c<em>Profesor, no se nos vaya a apichonar<\/em>\u201d para explicar que en cien d\u00edas \u201c<em>Alberto pas\u00f3 de las palmas por una cuarentena temprana y decidida al agotamiento de la f\u00f3rmula, la destrucci\u00f3n de la econom\u00eda y al Waterloo de Vicentin y de la vuelta a la fase 1<\/em>\u201d. El comediante s\u00ed habl\u00f3 de espionaje. Pero no del que est\u00e1 siendo investigado por varios jueces y que deja a la luz el entramado usado por el macrismo: \u201c<em>Perd\u00f3n, me olvidaba. Hay que rescatar a la ministra de Seguridad, Sabina Frederic. Le pidieron que haga espionaje en las redes y lo est\u00e1 haciendo muy bien<\/em>\u201d. Cu\u00e1l es el presunto espionaje de la Ministra, sobre qui\u00e9nes se despliega, qu\u00e9 pruebas existen, no le parecen cosas dignas de mencionar. Como es regla del diario, basta con echar a rodar la cosa. Si lo dice <strong><em>LA NACI\u00d3N<\/em><\/strong> as\u00ed ser\u00e1.&nbsp; El literato Fern\u00e1ndez D\u00edaz pontifica el 28\/06\/2020 que \u201c<em>El que no se somete es un odiador<\/em>&#8220;. Uno empieza a leer la nota y se ilusiona: \u201c<em>Para mitigar sus malestares, las sociedades del siglo XXI acuden a las drogas m\u00e1s autodestructivas. Esa pulsi\u00f3n de muerte no debe, sin embargo, hacernos olvidar que existen grandes proveedores de veneno<\/em>\u201d. <\/p>\n\n\n\n<p>\u00bfEstar\u00e1 por hablar de la mesa judicial y sus chanchullos? Pero no. Escribe en <strong><em>LA NACI\u00d3N<\/em><\/strong>. No habla de las causas inventadas en los despachos de jueces que nunca debieron haberlo sido, ni de las notas publicadas en el consorcio de medios que se apropi\u00f3 de Papel Prensa gracias a la dictadura genocida. La culpa en este caso es de Ernesto Laclau, acusado de ser el \u201c<em>gur\u00fa legitimador del kirchnerismo y tambi\u00e9n ide\u00f3logo de Podemos en Espa\u00f1a<\/em>\u201d, que \u201c<em>lo ha explicado sin ambages: se trata de \u2018inventar\u2019 un pueblo imaginario, elegir a los enemigos, dividir en dos a lassociedades, alentar las disputas y lograr finalmente una hegemon\u00eda<\/em>\u201d. El pueblo es un invento, ent\u00e9rense.&nbsp;<\/p>\n\n\n\n<p>No es que los que mandaron al exilio y a la muerte a Mariano Moreno, proscribieron a Artigas, trataron de bandolero a G\u00fcemes, guerrearon contra los caudillos federales, asesinaron a Dorrego, se aliaron con el extranjero contra su propia patria, exhibieron en una pica la cabeza del Chacho Pe\u00f1aloza, declararon una guerra fratricida contra el Paraguay, practicaron el genocidio de los pueblos originarios, masacraron a los anarquistas en la Semana Tr\u00e1gica y la Patagonia Rebelde, proscribieron al yrigoyenismo y gobernaron gracias al fraude patri\u00f3tico, cantaron vivas al c\u00e1ncer que se llevaba a Evita, bombardearon la Plaza de Mayo, fusilaron en los basurales de Jos\u00e9 Le\u00f3n Su\u00e1rez y en la penitenciar\u00eda de la plaza Las Heras a Juan Jos\u00e9 Valle y sus seguidores, se llevaron a Felipe Vallese, anularon las elecciones en las que no pod\u00edan imponerse, echaron a docentes e investigadores de las Universidades a bastonazos, masacraron prisioneros en Trelew, y desataron la noche negra del terrorismo de Estado con sus m\u00e1s de treinta mil v\u00edctimas hayan elegido a ese pueblo -que ya sabemos que es imaginario- como su enemigo y hayan dividido de esa forma al pa\u00eds. Es que los populistas buscan la hegemon\u00eda y no hay que dejarlos que nos echen de casa.&nbsp;&nbsp;<\/p>\n\n\n\n<p>De esa casa de donde don Bartolo y sus herederos una y otra vez echaron usando todas las formas de la violencia a sus leg\u00edtimos habitantes, ese pueblo que para Fern\u00e1ndez D\u00edaz es solo una ficci\u00f3n.&nbsp;<\/p>\n\n\n\n<p>Joaqu\u00edn Morales Sol\u00e1 se vuelve apocal\u00edptico y concibe \u201c<em>la guillotina de Cristina Kirchner<\/em>\u201d, dudosa alegor\u00eda que usa para referirse al Senado, \u201c<em>convertido en el Comit\u00e9 de Salvaci\u00f3n P\u00fablica de la revoluci\u00f3n francesa<\/em>\u201d y sometido a los designios de la Vicepresidenta, que \u201c<em>Cuando avanza, atropella a las instituciones y a sus leyes, a la Constituci\u00f3n y al reglamento del Senado. Su guillotina metaf\u00f3rica es el escarnio p\u00fablico de sus enemigos, la humillaci\u00f3n de los que ella cree que la humillaron<\/em>\u201d. <em>&nbsp;<\/em><\/p>\n\n\n\n<p>Si se preguntan en qu\u00e9 consisten todas esas tropel\u00edas, la respuesta es simple. Ocurre que al Senado se le ocurri\u00f3 investigar cosas como los escandalosos cr\u00e9ditos concedidos por el Banco Naci\u00f3n en \u00e9pocas de Gonz\u00e1lez Fraga a la empresa Vicent\u00edn, o el espionaje en tiempos de Macri. Finalmente aparece el tema, pero para que don Joaqu\u00edn se pregunte \u201c<em>\u00bfPor qu\u00e9 no investigarla tambi\u00e9n a ella, adem\u00e1s de a Macri?<\/em>\u201d. Viene Luis Majul, ofendid\u00edsimo porque a muchos se les ocurri\u00f3 que a lo mejor, el <em>Pirincho<\/em> que espiaba desde Am\u00e9rica TV era \u00e9l, y entonces el 29\/06\/2020 vocifera que con la cuarentena sola no basta, y recurre a los servicios nada menos que de Jorge Lanata que en su habitual espacio de los domingos, fuente inagotable de veneno medi\u00e1tico, \u201c<em>no se refiri\u00f3 solo a la vicepresidenta, Cristina Fern\u00e1ndez, a Pata Medina, Luis D&#8217; Elia, Hebe de<\/em> <em>Bonafini y Hugo y Pablo Moyano. Habl\u00f3, directamente, del presidente Alberto Fern\u00e1ndez, quien cada vez parece menos moderado o un mediador, y cada vez se acerca m\u00e1s, con su silencio que aturde, a los talibanes del Frente de Todos<\/em>\u201d. Frases que le sirven a Majul para describir cosas como \u201c<em>llamadas telef\u00f3nicas amenazantes y acoso callejero, disfrazado de abordaje period\u00edstico. Herida narcisista abierta. Odio puro. Fogoneo de violencia verbal que cada vez est\u00e1 m\u00e1s cerca de la f\u00edsica<\/em>\u201d.&nbsp;<\/p>\n\n\n\n<p>Claro que no se refiere a los m\u00e9todos desplegados por el gobierno al que tanto defendi\u00f3 y por el cual comprometi\u00f3 sus mejores servicios.&nbsp;<\/p>\n\n\n\n<p>Tanto que existe una investigaci\u00f3n acerca del dinero que le habr\u00edan pagado (ver https:\/\/www.elancasti.com.ar\/nacionales\/2015\/12\/23\/denuncian-majulcobr-millonesgobierno-macri-283201.html). No, para Majul se trata de \u201c<em>una estrategia de demolici\u00f3n contra mi trabajo, que todav\u00eda no termin\u00f3, ya est\u00e1 en manos de la Justicia, y de las m\u00e1s organizaciones que defienden la libertad de prensa<\/em>\u201d.&nbsp;<\/p>\n\n\n\n<p>Aclaremos, cuando Majul dice la Justicia se refiere a los Tribunales, instituci\u00f3n cuyo cr\u00e9dito en la sociedad anda m\u00e1s bien por el subsuelo; y cuando habla de las m\u00e1s organizaciones que defienden la libertad de prensa (perd\u00f3n por la espantosa redacci\u00f3n, es cita textual\u2026), se refiere a entidades que nuclean a due\u00f1os de medios, como Adepa, o a los voceros del neoliberalismo en Am\u00e9rica, como la SIP. No es la libertad de prensa lo que defienden, Luisito, sino a las empresas, cuyos negocios no se extinguen en lo que definen como el mercado de la informaci\u00f3n sino que van mucho m\u00e1s all\u00e1. Como hacen <strong><em>LA NACI\u00d3N<\/em><\/strong> y sus primos del clarinete mentiroso con la Sociedad Rural y Expo Agro.&nbsp;<\/p>\n\n\n\n<p>Aclaro, para los que no lo saben, que el <em>Pirincho<\/em> es un p\u00e1jaro que habita desde el noreste de Brasil hasta Bolivia, Paraguay, Uruguay y centro de Argentina. No tiene la culpa de lo que hacen los que usan su nombre como cubierta.&nbsp;<\/p>\n\n\n\n<p>Escribo estas l\u00edneas el 30\/06\/2020, d\u00eda en el cual un Juez Federal orden\u00f3 veintid\u00f3s detenciones de personas involucradas&nbsp; en las actividades de espionaje ilegal, entre ellas una ex funcionaria de Mauricio Macri. Pero en la columna de Carlos Pagni no hay una sola referencia al tema. No, Pagni nos dice que vamos de regreso a 2001, y que la imagen de Alberto Fern\u00e1ndez viene en ca\u00edda por causa de \u201c<em>Una sociedad enloquecida porque est\u00e1 asustada y quiere m\u00e1s cuarentena, pero no tolera m\u00e1s recesi\u00f3n, y le critica al Gobierno la forma en que encar\u00f3 el coronavirus<\/em>\u201d.<\/p>\n\n\n\n<p>&nbsp;Por eso, nos cuenta que \u201c<em>Frente a todo ese cuadro que implica la ca\u00edda estrepitosa, un derrumbe hist\u00f3rico, nunca visto, de la actividad econ\u00f3mica, y el impacto de ese derrumbe sobre la figura de Fern\u00e1ndez, es evidente que el Gobierno necesita meter un gol. El acierto ser\u00eda el arreglo de la deuda<\/em>\u201d. Claro que \u201c<em>ac\u00e1 es donde falla el Presidente porque el acuerdo de la deuda lo envuelve en un discurso casi populista<\/em>\u201d. Entendamos lo dicho: la culpa de todo no es de quienes recibieron un pa\u00eds desendeudado y se ocuparon prolijamente de endeudarlo al infinito, mientras el dinero de esos pr\u00e9stamos se evaporaba hacia el exterior. No, es de los populistas que no quieren aceptar las recetas que les impone el capital trasnacional y que aplauden los especialistas de medios como <strong><em>LA NACI\u00d3N<\/em><\/strong>.&nbsp;<\/p>\n\n\n\n<p>De las cloacas del espionaje, del armado ilegal de causas por una mesa judicial experta en apretar jueces, arrepentir a cuantos se pudo prometi\u00e9ndoles lo que fuera por una denuncia contra Cristina y sus funcionarios, ama\u00f1ar sorteos y manipular expedientes, del pirinchaje de tantos periodistas que usaban las investigaciones ilegales y las magnificaban para que una sarta de denunciantes seriales vomitaran su odio, no hay ni una palabra.<\/p>\n\n\n\n<p>Vuelvo entonces a Alconada Mon. Que es un columnista de <strong><em>LA NACI\u00d3N<\/em><\/strong>, repito. Y que narra que \u201c<em>El espionaje argentino est\u00e1 disperso. Ni todos los que trabajan en la AFI son esp\u00edas, ni todos los esp\u00edas que deambulan por las calles o el ciberespacio trabajan para la AFI. Hay quienes husmean o han husmeado durante los \u00faltimos tiempos para otras fuerzas de seguridad \u2014sea la polic\u00eda federal, la Gendarmer\u00eda, la Prefectura o las polic\u00edas provinciales\u2014, los que fisgonean para las fuerzas armadas \u2014Ej\u00e9rcito y Armada, en particular\u2014 y los que ofrecen sus servicios en el sector privado. Pr\u00e1cticas de las que han dado cuenta varias investigaciones<\/em>\u201d. <em>&nbsp;<\/em><\/p>\n\n\n\n<p>Concluye diciendo que \u201c<em>Ning\u00fan periodista, opositor, juez o ciudadano debe mirar por encima del hombro para hacer su trabajo enplena vigencia del Estado de derecho. La inteligencia argentina debe servir a fortalecer la democracia y los derechos y garant\u00edas constitucionales, no a erosionarlos<\/em>\u201d. Que as\u00ed sea.<\/p>\n","protected":false},"excerpt":{"rendered":"<p>\u201cEste mecanismo delictivo integra una investigaci\u00f3n de la justicia que lleva ya meses y se&#8230;<\/p>\n","protected":false},"author":1,"featured_media":0,"comment_status":"open","ping_status":"open","sticky":false,"template":"","format":"standard","meta":{"footnotes":""},"categories":[17],"tags":[],"class_list":["post-291","post","type-post","status-publish","format-standard","hentry","category-contra-mitre"],"_links":{"self":[{"href":"https:\/\/luisalen.com\/index.php?rest_route=\/wp\/v2\/posts\/291","targetHints":{"allow":["GET"]}}],"collection":[{"href":"https:\/\/luisalen.com\/index.php?rest_route=\/wp\/v2\/posts"}],"about":[{"href":"https:\/\/luisalen.com\/index.php?rest_route=\/wp\/v2\/types\/post"}],"author":[{"embeddable":true,"href":"https:\/\/luisalen.com\/index.php?rest_route=\/wp\/v2\/users\/1"}],"replies":[{"embeddable":true,"href":"https:\/\/luisalen.com\/index.php?rest_route=%2Fwp%2Fv2%2Fcomments&post=291"}],"version-history":[{"count":2,"href":"https:\/\/luisalen.com\/index.php?rest_route=\/wp\/v2\/posts\/291\/revisions"}],"predecessor-version":[{"id":293,"href":"https:\/\/luisalen.com\/index.php?rest_route=\/wp\/v2\/posts\/291\/revisions\/293"}],"wp:attachment":[{"href":"https:\/\/luisalen.com\/index.php?rest_route=%2Fwp%2Fv2%2Fmedia&parent=291"}],"wp:term":[{"taxonomy":"category","embeddable":true,"href":"https:\/\/luisalen.com\/index.php?rest_route=%2Fwp%2Fv2%2Fcategories&post=291"},{"taxonomy":"post_tag","embeddable":true,"href":"https:\/\/luisalen.com\/index.php?rest_route=%2Fwp%2Fv2%2Ftags&post=291"}],"curies":[{"name":"wp","href":"https:\/\/api.w.org\/{rel}","templated":true}]}}