{"id":315,"date":"2020-09-15T23:14:00","date_gmt":"2020-09-15T23:14:00","guid":{"rendered":"https:\/\/luisalen.com\/?p=315"},"modified":"2023-02-07T20:54:56","modified_gmt":"2023-02-07T20:54:56","slug":"el-dueno-de-la-grieta","status":"publish","type":"post","link":"https:\/\/luisalen.com\/?p=315","title":{"rendered":"El due\u00f1o de la grieta"},"content":{"rendered":"\n<p>Esta semana fue, en t\u00e9rminos de las columnas de opini\u00f3n que venimos comentando, de las m\u00e1s claras de los \u00faltimos tiempos. Porque aparecieron, en los acontecimientos que se fueron desarrollando, con total claridad los intereses y las ideas que <em>LANACI\u00d3N <\/em>representa, as\u00ed como sus intenciones respecto de un gobierno que es la representaci\u00f3n de sus peores pesadillas. La de un peronismo que se niega a desaparecer y se reinventa una y otra vez, y encuentra respuestas a cada crisis que la derecha le inventa. Y vaya si es ducha en inventar crisis, la derecha vern\u00e1cula. Que no vacila en usar la mentira, la desinformaci\u00f3n, la manipulaci\u00f3n y cuanta artima\u00f1a le parezca \u00fatil, en su af\u00e1n de desplazar a los Fern\u00e1ndez del gobierno que ganaron en las urnas. Cierto que la soberan\u00eda popular, expresada en los comicios, nunca fue un tema de importancia para don Bartolo y sus seguidores. Empecemos por el 09\/09\/2020, cuando Joaqu\u00edn Morales Sol\u00e1 titulaba&nbsp; \u201c<em>L\u00e1zaro B\u00e1ez, como una met\u00e1fora<\/em>\u201d. Una columna en la que Morales no se priv\u00f3 de nada. Porque es dif\u00edcil suponer que a lo largo de todos estos a\u00f1os en los que se desempe\u00f1\u00f3 en distintos medios de comunicaci\u00f3n, desde aquellos inicios tucumanos en los que cubr\u00eda las tropel\u00edas criminales de los militares que llevaron adelante el <em>Operativo Independencia<\/em>, no haya logrado enterarse de la diferencia que existe entre una ley de fondo y una de forma. Para el caso de esta columna, entre el C\u00f3digo Penal (ley de fondo que establece qu\u00e9 conductas t\u00edpicas se consideran delitos, y las penas que les caben) y el C\u00f3digo Procesal Penal (ley de forma que indica c\u00f3mo se lleva adelante el juzgamiento de los imputados de cometer alguna de esas conductas t\u00edpicas). Sin preocuparse por tales diferencias, Morales se refiere al caso de L\u00e1zaro B\u00e1ez (al que reconoce que se encuentra procesado y detenido sin condena desde hace m\u00e1s de cuatro a\u00f1os) y se pregunta por qu\u00e9 tanta demora. Su contestaci\u00f3n es que \u201c<em>El C\u00f3digo Penal tiene una primera respuesta. Modificarlo para abreviar los tiempos judiciales ser\u00eda realmente una<\/em><a href=\"https:\/\/www.lanacion.com.ar\/politica\/los-juristas-expertos-tienen-ideas-cambios-procuracion-nid2440999\"><em> reforma judicial <\/em><\/a><em>propicia y necesaria. \u00bfPor qu\u00e9, por ejemplo, se permite que todos los acusados en una causa puedan hacer la misma apelaci\u00f3n ante instancias superiores cuando ya fue rechazada la primera apelaci\u00f3n? \u00bfPor qu\u00e9 el C\u00f3digo Penal abre tantas ventanas a las chicanas de los abogados<\/em>?\u201d. Ocurre que el C\u00f3digo Penal, ley de fondo como dijimos, no tiene ninguna respuesta para esto. Porque son temas netamente procesales, esto es, propios de la ley de forma. Del C\u00f3digo Procesal. Que, por otra parte, debe ser respetuoso de las garant\u00edas del debido proceso, garant\u00edas que son parte sustancial del derecho de acceso a la justicia, uno de los derechos humanos fundamentales en una sociedad democr\u00e1tica. Garant\u00edas que consagran, por ejemplo, la igualdad de posibilidades para las partes en un proceso. La apelaci\u00f3n de resoluciones con las que no se acuerda es una garant\u00eda, y es igual para todos los involucrados en un proceso. En el curso del mismo hay distintas instancias. Si una de ellas se pronunci\u00f3 de determinado modo, su resoluci\u00f3n puede ser revisada por una instancia superior. Si las dos instancias se pronunciaron respecto de una de las partes, esto no quiere decir que ese pronunciamiento sea aplicable a otros que no fueron parte del mismo, y que por lo tanto tienen derecho de interponer los recursos que sean pertinentes. Cuestiones b\u00e1sicas que cualquier abogado sabe, y que los periodistas experimentados no desconocen. Pero Morales sigue con sus dudas acerca de la situaci\u00f3n de B\u00e1ez. <em>\u201c\u00bfTen\u00eda derecho a estar en las puertas del country? S\u00ed, porque un tribunal de la Justicia le hab\u00eda otorgado la prisi\u00f3n domiciliaria. \u00bfLos que le impidieron el ingreso cometieron, entonces, un acto injusto e ilegal? Esta pregunta no puede responderse con un simple s\u00ed o no<\/em>\u201d. Pero qu\u00e9 cosa. Si B\u00e1ez ten\u00eda derecho, y quien sea que haya sido, le impidi\u00f3 ejercer ese derecho, pues claro que eso es injusto e ilegal. No importa contra qui\u00e9n haya sido cometido el acto, ll\u00e1mese B\u00e1ez o como se llame. Salvo que don Joaqu\u00edn crea que hay una \u201c<em>justicia<\/em>\u201d para unos y otra distinta para el resto\u2026 A Carlos Pagni le preocupan otras cosas. Generalmente, se cuida mucho de cometer <em>errores<\/em> tan groseros como los de otros columnistas de la <em>Tribuna de Doctrina<\/em>. Escribe el 10\/09\/2020, entonces, sobre \u201c<em>El mot\u00edn de los pitufos<\/em>\u201d. La cuesti\u00f3n de las movilizaciones de los polic\u00edas bonaerenses, primero contra la residencia del Gobernador Kiciloff y luego contra la quinta de Olivos, donde habita Alberto Fern\u00e1ndez, le sirve para lanzar sus dardos contra el gobierno. Para \u00e9l, \u201c<strong><em>el Presidente habilit\u00f3 el salariazo<\/em><\/strong><em> con la misma liviandad con que Scioli sum\u00f3 50.000 efectivos sin pensar en gastos.<\/em><a href=\"https:\/\/www.lanacion.com.ar\/politica\/fernandez-quita-1-coparticipacion-ciudad-transfiere-provincia-nid2445487\"><em> Anunci\u00f3 que quitar\u00eda a la Ciudad un punto de coparticipaci\u00f3n, <\/em><\/a><em>alrededor de 35.000 millones de pesos, para transferirlo a la provincia<\/em>\u201d. No es que Pagni desconozca la gravedad de los modos en los que se desarroll\u00f3 el alzamiento policial, que excedieron con mucho el reclamo salarial, por justo que este fuera. Lo que es central en su an\u00e1lisis es la pelea entre el gobierno nacional, la provincia de Buenos Aires y la Capital Federal. A la cual Mauricio Macri le hab\u00eda asignado por uno de sus tantos decretos, m\u00e1s fondos que los que necesitaba para cubrir los gastos de la polic\u00eda que se le hab\u00eda transferido desde el \u00e1mbito federal a los porte\u00f1os. Pagni sabe que uno de los objetivos de la empresa de medios para la que trabaja es apuntar contra la Vicepresidenta, y hacer quedar al Primer Mandatario como una marioneta que solo cumple \u00f3rdenes. Por eso agrega: \u201c<em>Misi\u00f3n cumplida: hace dos fines de semana, Cristina Kirchner le hab\u00eda reclamado que rompiera relaciones con Horacio Rodr\u00edguez Larreta. Ella ve en Larreta al eventual aliado de Fern\u00e1ndez para una irreverente emancipaci\u00f3n<\/em>\u201d. El que evidentemente cumpli\u00f3 su misi\u00f3n es Pagni. Alimentemos la grieta. No s\u00f3lo la que hist\u00f3ricamente dividi\u00f3 a la ciudad portuaria del resto del pa\u00eds, sino tambi\u00e9n las otras. Las que separan al oficialismo de la oposici\u00f3n. Y las que -se quiere- separar\u00e1n a Cristina de Alberto. Tema que reaparece en la columna que Claudio Jacquelin escribi\u00f3 el 11\/09\/2020, que nombr\u00f3 como \u201c<em>El arte de abrir nuevos conflictos sin cerrar ninguno<\/em>\u201d. Como si los m\u00faltiples problemas que existen fueran solo producto de la decisi\u00f3n de la coalici\u00f3n gobernante, y no existieran ni el desastre profundo que en lo econ\u00f3mico, lo pol\u00edtico y lo social causaron los cuatro a\u00f1os de macrismo, ni la crisis universal que desat\u00f3 el coronavirus. No. Crisis y resoluciones son siempre culpa del denostado populismo que gobierna. Por eso, Jacquelin detalla que \u201c<em>La urgencia, la improvisaci\u00f3n y el temor a contagios que se hab\u00eda adue\u00f1ado del entorno presidencial a medida que se profundizaba el conflicto permiten comprender la forma en la que se intent\u00f3 resolver el problema<\/em>\u201d. Ni una palabra sobre el desastre producido por la gesti\u00f3n de Mar\u00eda Eugenia Vidal (m\u00e1s cerca de <em>Mal\u00e9fica<\/em> que del <em>Hada Buena<\/em>, si de personajes de Disney se trata). Ni tampoco sobre el accionar cuasi mafioso de los que en lugar de custodiar la seguridad, exhibieron las armas que el Estado les asigna para una amenaza, si no expl\u00edcita, al menos latente, contra las autoridades democr\u00e1ticas. Por supuesto que la soluci\u00f3n encontrada por el gobierno tampoco lo conforma. Porque hay que incluir a la enemiga principal: \u201c<em>La explicaci\u00f3n estar\u00eda incompleta si no se incorporara al an\u00e1lisis la influencia ejercida por Cristina Kirchner, que incluye la obligaci\u00f3n de proteger y enjugar los problemas y deficiencias de su gran protegido, Axel Kicillof<\/em>\u201d. Otra vez, Cristina obligando a Alberto. En otra gala del pseudo humor rampl\u00f3n que lo caracteriza, el 12\/09\/2020 Carlos M. Reymundo Roberts descubri\u00f3 que \u201c<em>Al final, Duhalde no estaba tan loco<\/em>\u201d. Y para burlarse del detestado gobierno, cuenta que \u201c<em>Estaban distra\u00eddos y no escucharon a Florencia Arietto, una exasesora de Patricia Bullrich que el domingo dijo en TN que la bonaerense est\u00e1 viendo de hacer alg\u00fan tipo de movilizaci\u00f3n para pedir mejoras salariales<\/em>&#8220;. No se le ocurri\u00f3 preguntarse c\u00f3mo es que la asesora en cuesti\u00f3n sab\u00eda del tema, casi como si estuviera en contacto con quienes organizaron la protesta o al menos, trataron de usarla en su favor. Esas cosas no le causan gracia. Hay que crear la grieta en el seno del gobierno, como <strong><em>LA NACI\u00d3N<\/em><\/strong> viene tratando desde los comicios que dieron el triunfo al Frente de Todos. Por eso para el escriba \u201c<em>Los acontecimientos se precipitan. Cristina le ordena a Alberto que no se demore m\u00e1s, que ejecute; Alberto ejecuta a Larreta y a la opulenta ciudad con la quita de un punto de la coparticipaci\u00f3n<\/em>\u201d. Otra vez Cristina mandando a Alberto. Y el tema de la quita a la Capital, no de la recuperaci\u00f3n por el gobierno nacional de fondos asignados discrecionalmente por Macri. Tampoco ese an\u00e1lisis se presenta en la otra c\u00f3mica, Graciela Guadalupe, que el 12\/09\/2020 se queja de que \u201c<em>No tenemos paz<\/em>\u201d. Ojo, no es porque las patotas de la bonaerense exhiben sus armas frente a las residencias de Axel y de Alberto. No, es porque <strong>\u201c<\/strong><em>El profesor Alberto, en representaci\u00f3n de los \u2018argentinos de bien\u2019, les manote\u00f3 plata a los argentinos de la opulencia para repartir en el nuevo IFE (Ingreso para un Federalismo Extraviado)\u201d.<\/em> De nuevo, obviemos el decreto del ingeniero sin ingenio. Llega el turno del novelero Jorge Fern\u00e1ndez D\u00edaz, que el 13\/09\/2020 ofrece un nuevo cap\u00edtulo de su saga anti peronista:&nbsp; \u201c<em>El estrepitoso fracaso de la lideresa<\/em>\u201d. Uno sabe que los escritores mezclan la ficci\u00f3n con sus sue\u00f1os y hasta sus anhelos, y que lo que cuentan se parece las m\u00e1s de las veces a una ficci\u00f3n que no tiene demasiados puntos de contacto con la realidad. O ninguno, en muchos casos. El Fern\u00e1ndez anti Fern\u00e1ndez vuelve a garabatear lo mismo de siempre y dice que \u201c<em>El peronismo troncal, lejos de cualquier ideolog\u00eda perenne, ha practicado \u00fanicamente esa doctrina del camale\u00f3n, y su metodolog\u00eda siempre consisti\u00f3 en parecerse al l\u00edder de la hora<\/em>\u201d. Cu\u00e1les ser\u00e1n las ideolog\u00edas perennes del anti Fern\u00e1ndez, mejor ni mencionarlas. Uno las conoce por sus frutos: miseria, marginaci\u00f3n, pobreza. Claro que en el universo ficcional del tinterillo lo que ocurre es que \u201c<em>la lideresa no lidera, no conoce el territorio y comete gruesos errores; entroniz\u00f3 a un delegado provincial que no entiende nada y tiene la secreta idea de reemplazar a los barones para colocar en su lugar a los codiciosos advenedizos de La C\u00e1mpora<\/em>\u201d. Cosa extra\u00f1a, que con tantas equivocaciones cuando se celebran los comicios la gente sigue eligiendo a los mismos. Aunque el anti Fern\u00e1ndez los prefiera lejos. Supone el novelero en su mundo de ficci\u00f3n que \u201c<em>Los uniformados han recibido desde arriba se\u00f1ales inequ\u00edvocas de desprecio y han procesado el hecho cierto de que si hieren a un asaltante van presos, y que los delincuentes no solo ganan la libertad, sino que hasta gozan de cierta simpat\u00eda oficial; tambi\u00e9n que la toma de tierras es alentada por dirigentes del propio oficialismo. Visto desde esas atalayas de la carencia, el peronismo es una alianza de tribus: barones, camporistas, peronoides, movimientos sociales, piqueteros, barras, usurpadores<\/em>\u201d. Lo que todo integrante de las fuerzas de seguridad debe procesar es que el uso de la violencia, aunque el destinatario sea alguien que ha delinquido, es siempre el \u00faltimo recurso al que solo se debe recurrir cuando sea notorio e inminente el riesgo que otro sufre. Si hieren a cualquier persona en otro contexto, se les aplica la ley. Como debe ser para todos. Pero hay un fondo de desprecio latente en el antiperonismo, que sale a flote cada vez que a uno de sus cultores se le presenta la ocasi\u00f3n. Discriminar, menospreciar, es una constante. El peronismo como alianza de tribus\u2026 Lo que implica, tambi\u00e9n, esa misma mirada discriminadora contra los pueblos originarios y sus formas de agrupaci\u00f3n. Y eso no es una novela. Desde otra faceta de las mismas cosas, el siempre servicial Pablo Sirv\u00e9n contin\u00faa su saga iniciada una semana atr\u00e1s y el 13\/09\/2020 descubre \u201c<em>Una vacuna que puede fortalecer a Larreta<\/em>\u201d. \u00bfExpresi\u00f3n de deseos, en la b\u00fasqueda de un liderazgo que ponga en peligro el predominio populista? Sirv\u00e9n no ve, en la soluci\u00f3n que el gobierno nacional debi\u00f3 adoptar frente a la crisis desatada por las patotas de la bonaerense, otra cosa que \u201c<em>el presidente Alberto Fern\u00e1ndez descubri\u00f3 en forma fulminante su vacuna contra Larreta y la Ciudad<\/em>&#8220;. Cuesti\u00f3n que termina enganchada con la obsesi\u00f3n marcada a todo columnista del pasqu\u00edn de los Mitre-Saguier: \u201c<em>La mentora de que Fern\u00e1ndez sea presidente y autora intelectual de la ofensiva contra el jefe de gobierno porte\u00f1o estuvo ausente, pero habl\u00f3 por medio de su traductor atemperado en que se convirti\u00f3 finalmente la garganta presidencial<\/em>\u201d. Cristina, siempre Cristina, y Alberto como t\u00edtere. En la misma senda, vuelve Joaqu\u00edn Morales Sol\u00e1, y el 13\/09\/2020 habla de \u201c<em>Una coalici\u00f3n peronista que no funciona<\/em>\u201d. \u00bfTambi\u00e9n aqu\u00ed se confunden los deseos imaginarios con la realidad detestada? Otra andanada de palabras que ocultan que lo que dicen est\u00e1 lejos de la verdad. Insiste Morales con que \u201c<em>La vicepresidenta prepara al Senado para remover en la semana que se inicia a dos jueces que la condenaron y a un juez que todav\u00eda debe juzgarla por la pornogr\u00e1fica causa de los cuadernos de las coimas<\/em>\u201d. Nadie ha dictado todav\u00eda una condena a Cristina Fern\u00e1ndez de Kirchner, ni despu\u00e9s de tanta persecuci\u00f3n y tanta causa inventada. Por lo tanto, lo que dice la nota es nada m\u00e1s que otra mentira. Que la disfracen como quieran. Por las dudas, Morales vuelve sobre la cuesti\u00f3n de los recursos dados a la provincia de Buenos Aires, y una vez m\u00e1s, sin ning\u00fan dato fehaciente que corrobore sus dichos, manifiesta que \u201c<em>El decreto que saque\u00f3 las arcas de la Capital lo inspir\u00f3 Cristina, seg\u00fan la un\u00e1nime certeza de oficialistas y opositores, pero \u00e9l lo firm\u00f3. Es una violaci\u00f3n en toda la regla a los principios del pa\u00eds federal que consagra la Constituci\u00f3n<\/em>\u201d. Si la certeza es un\u00e1nime, podr\u00eda haber citado sus fuentes, cosa que nunca hace. Es que los escribas del mitrismo se acostumbraron a que su palabra sea tomada como el verbo divino, una verdad incuestionable. Aunque la realidad los desmienta una y otra vez. \u00bfY cu\u00e1les son los principios del pa\u00eds federal supuestamente violados? \u00bfD\u00f3nde dice la Constituci\u00f3n que la ciudad de Buenos Aires debe ser privilegiada en el reparto de fondos? \u00bfQu\u00e9 cl\u00e1usula de la Carta Magna le prohibe al ejecutivo disponer de sus fondos y retrotraer un reparto a todas luces inequitativo, para reasignar partidas a donde s\u00ed resultan necesarias? No hay respuesta a esos interrogantes, que surja de las p\u00e1ginas de <strong><em>LA NACI\u00d3N<\/em><\/strong>. Otras son las desventuras que sus columnistas avizoran. Por caso, el 14\/09\/2020 Mart\u00edn Rodr\u00edguez Yebra cuenta que <strong>\u201c<\/strong><em>El Frankenstein del conurbano inquieta a Cristina Kirchner, Alberto Fern\u00e1ndez y Axel Kicillof<\/em>\u201d. Claro que seg\u00fan \u00e9l, al monstruo lo cre\u00f3\u2026 el peronismo, claro! Y como consecuencia de esa inquietud, se ahonda la grieta, porque \u201c<em>el zarpazo sin aviso a los porte\u00f1os pulveriz\u00f3 la confianza entre Fern\u00e1ndez y Horacio Rodr\u00edguez Larreta (y la oposici\u00f3n entera). El<\/em> <em>Presidente del di\u00e1logo, despojado de su rasgo distintivo. El Frente es cada vez menos de Todos y m\u00e1s de Ella<\/em>\u201d. Dif\u00edcilmente los porte\u00f1os vean agravada su situaci\u00f3n por el nuevo reparto de fondos. Y si la confianza del mandam\u00e1s porte\u00f1o se basa en que no le toquen el bolsillo, no parece estar fundada en buenas razones. Culpa de Cristina, insiste el columnista. \u201c<em>Ella<\/em>\u201d, s\u00edntesis de todo lo malo. Pero me permitir\u00e1n ustedes que altere el recorrido temporal y vuelva unos d\u00edas atr\u00e1s, m\u00e1s precisamente al 13 de septiembre de 2020, d\u00eda en que <strong><em>LA NACI\u00d3N<\/em><\/strong> se torna transparente, al celebrar a un columnista especial. Nada menos que el ingeniero sin ingenio. El due\u00f1o de la grieta. Mauricio Macri, tan desentendido de la realidad como siempre, con otro discurso vac\u00edo de contenidos, plagado de consignas a las que su falta de argumentos despoja de todo significado que no sea la ret\u00f3rica vana de una Rep\u00fablica inexistente que en su diatriba aparece agraviada por el gobierno que lo venci\u00f3 en la contienda electoral, herida narcisista que no cierra.\u201dPara defender el presente y ganar el futuro\u201d dice su columna. Ni siquiera vale la pena dudar de su autor\u00eda, dada la escasa habilidad que ha demostrado en el uso de un discurso coherente, a lo largo de su vida p\u00fablica. \u201c<em>Las autoridades al frente del Poder Ejecutivo Nacional vienen desplegando una serie de medidas que consisten en el ataque sistem\u00e1tico y permanente a nuestra Constituci\u00f3n<\/em>\u201d, dice el sujeto que us\u00f3 al Poder Judicial para perseguir a sus enemigos, que mont\u00f3 un aparato de espionaje ilegal para seguir a propios y extra\u00f1os y hasta a su propia familia, que favoreci\u00f3 los turbios negocios de sus amigos y socios, que endeud\u00f3 hasta lo indecible al pa\u00eds, para permitir la fuga m\u00e1s colosal de divisas, que destruy\u00f3 a la peque\u00f1a y mediana empresa, que priv\u00f3 de trabajo a centenares de miles de argentinas y argentinos, que desvaloriz\u00f3 al trabajo y a la salud a punto tal de reducir lo que antes y con todo tipo de gobiernos hab\u00edan sido ministerios, a secretar\u00edas sin poder de decisi\u00f3n. Que desfinanci\u00f3 a la educaci\u00f3n p\u00fablica, a la que nunca quiso porque los pobres no son, en su mirada, sujetos de derechos. Que quit\u00f3 sus recursos a los hospitales y a los profesionales de la salud. Que someti\u00f3 la pol\u00edtica y la econom\u00eda a los designios de los centros del poder financiero internacional. Que se empecin\u00f3 en el negacionismo m\u00e1s p\u00e9rfido respecto de los derechos humanos y la historia de las violaciones a los mismos. Que hizo gala de una vocaci\u00f3n patriarcal y retr\u00f3grada, en cuesti\u00f3n de g\u00e9neros. Que no dud\u00f3 en se\u00f1alar a su padre reci\u00e9n muerto como un delincuente, pero sin pensar en devolver los frutos de esos delitos. Y podr\u00edamos seguir en una larga lista de tropel\u00edas de todo tipo, de abusos de poder, de heridas al cuerpo social, que son de una hondura tan profunda que costar\u00e1 mucho tiempo y muchos esfuerzos tratar de subsanarlas. El personaje que nunca pens\u00f3 en cumplir con los mandatos de la Constituci\u00f3n, ahora pretende defenderla. El que atropell\u00f3 los derechos de los habitantes de la patria, ahora habla de abusos y restricciones cuando se busca defender la salud de los argentinos. El que someti\u00f3 a los poderes del Estado al designio de las grandes corporaciones, el que nunca escuch\u00f3 a quienes no lo hab\u00edan votado, el que incumpli\u00f3 puntualmente todas y cada una de las promesas que hab\u00eda hecho en el debate previo a su elecci\u00f3n, ahora habla de falta de equilibrio en esos poderes que despreci\u00f3 durante su mandato. El que hech\u00f3 jueces que no fallaban como \u00e9l pretend\u00eda, y design\u00f3 ilegalmente a otros para que cumplieran sus designios persecutorios, ahora habla de seguridad jur\u00eddica. El que consolid\u00f3 el monopolio de un grupo para negar la pluralidad de voces en los medios, ahora clama por la libertad de expresi\u00f3n que nunca le interes\u00f3. Y amenaza sin disfrazar demasiado sus atropellos, cuando dice que la opci\u00f3n es \u201c<em>la Rep\u00fablica o la republiqueta; es Democracia o demagogia; es elecciones libres o no habr\u00e1 transparencia en los resultados; es seguridad o vivir con miedo; es el Estado de Derecho o es la jungla; es la propiedad o es la apropiaci\u00f3n; es libertad de expresi\u00f3n o censura; es educaci\u00f3n o adoctrinamiento.Es verdadero o es falso. Es luz o es oscuridad<\/em>\u201d. Cuidado, Mauricio. Que si todas esas cosas se dieran en la realidad, habr\u00eda llegado el momento de empezar a cerrar la grieta que desde hace tantos a\u00f1os divide a los argentinos, haciendo que los que la crearon, la mantuvieron, la profundizaron y buscan agrandarla respondan por sus actos. Porque tarde o temprano el pueblo, el mismo menospreciado e ignorado tantas veces, se har\u00e1 due\u00f1o de su destino. Porque no hay ni impunidades ni injusticias eternas.<\/p>\n","protected":false},"excerpt":{"rendered":"<p>Esta semana fue, en t\u00e9rminos de las columnas de opini\u00f3n que venimos comentando, de las&#8230;<\/p>\n","protected":false},"author":1,"featured_media":0,"comment_status":"open","ping_status":"open","sticky":false,"template":"","format":"standard","meta":{"footnotes":""},"categories":[17],"tags":[],"class_list":["post-315","post","type-post","status-publish","format-standard","hentry","category-contra-mitre"],"_links":{"self":[{"href":"https:\/\/luisalen.com\/index.php?rest_route=\/wp\/v2\/posts\/315","targetHints":{"allow":["GET"]}}],"collection":[{"href":"https:\/\/luisalen.com\/index.php?rest_route=\/wp\/v2\/posts"}],"about":[{"href":"https:\/\/luisalen.com\/index.php?rest_route=\/wp\/v2\/types\/post"}],"author":[{"embeddable":true,"href":"https:\/\/luisalen.com\/index.php?rest_route=\/wp\/v2\/users\/1"}],"replies":[{"embeddable":true,"href":"https:\/\/luisalen.com\/index.php?rest_route=%2Fwp%2Fv2%2Fcomments&post=315"}],"version-history":[{"count":2,"href":"https:\/\/luisalen.com\/index.php?rest_route=\/wp\/v2\/posts\/315\/revisions"}],"predecessor-version":[{"id":317,"href":"https:\/\/luisalen.com\/index.php?rest_route=\/wp\/v2\/posts\/315\/revisions\/317"}],"wp:attachment":[{"href":"https:\/\/luisalen.com\/index.php?rest_route=%2Fwp%2Fv2%2Fmedia&parent=315"}],"wp:term":[{"taxonomy":"category","embeddable":true,"href":"https:\/\/luisalen.com\/index.php?rest_route=%2Fwp%2Fv2%2Fcategories&post=315"},{"taxonomy":"post_tag","embeddable":true,"href":"https:\/\/luisalen.com\/index.php?rest_route=%2Fwp%2Fv2%2Ftags&post=315"}],"curies":[{"name":"wp","href":"https:\/\/api.w.org\/{rel}","templated":true}]}}