{"id":318,"date":"2020-09-23T23:23:00","date_gmt":"2020-09-23T23:23:00","guid":{"rendered":"https:\/\/luisalen.com\/?p=318"},"modified":"2023-02-07T20:54:35","modified_gmt":"2023-02-07T20:54:35","slug":"las-puertas-del-infierno","status":"publish","type":"post","link":"https:\/\/luisalen.com\/?p=318","title":{"rendered":"Las puertas del infierno"},"content":{"rendered":"\n<p>La Argentina transita, una vez m\u00e1s, un escenario donde el discurso del odio se ense\u00f1orea de la escena p\u00fablica.Y una vez m\u00e1s los responsables son los mismos. Nuestra historia abunda en ejemplos. Apenas producidos los eventos de Mayo, Saavedra se refer\u00eda a Mariano Moreno como &#8220;imp\u00edo, malvado, maquiav\u00e9lico&#8221;, \u201cde baja esfera\u201d, \u201csoberbio\u201d, un \u201cdemonio del infierno\u201d. Moreno tuvo que marchar al exilio disfrazado de misi\u00f3n diplom\u00e1tica. Guadalupe Cuenca, su esposa, recibi\u00f3 entonces una caja con guantes, un abanico, un velo y otras prendas de luto, y estas palabras: &#8220;<em>Estimada se\u00f1ora: como se que va a ser viuda, me tomo la confianza de remitir estos art\u00edculos que pronto corresponder\u00e1n a su estado<\/em>&#8220;. Moreno falleci\u00f3 en alta mar; el capit\u00e1n ingl\u00e9s del barco que lo llevaba, le administr\u00f3 un remedio con altas dosis de ars\u00e9nico que le produjo la muerte.&nbsp; Juan Jos\u00e9 Castelli, el <em>orador de la revoluci\u00f3n<\/em>, fue sometido a juicio y falleci\u00f3, v\u00edctima de un c\u00e1ncer de lengua. Antes escribi\u00f3 sus \u00faltimas palabras:<em> Si ves al futuro, dile<\/em> <em>que no venga<\/em>. La revoluci\u00f3n se devoraba a sus mejores hijos, v\u00edctimas de un discurso plet\u00f3rico de un odio casi irracional. El mismo Libertador, Jos\u00e9 de San Mart\u00edn, se ver\u00eda perseguido por los seguidores de Rivadavia, y escribir\u00eda a Martiniano Chilavert que \u201c<em>En <em>medio de esos planes lisonjeros, he aqu\u00ed que el espantoso \u2018Centinela\u2019 principia<\/em><\/em> a <em>hostilizarme; sus carn\u00edvoras falanges se destacan y bloquean mi pac\u00edfico retiro. Entonces fue cuando se me manifest\u00f3 una verdad que no hab\u00eda previsto a saber: que yo hab\u00eda figurado demasiado en la revoluci\u00f3n para que se me dejara vivir tranquilamente\u201d<\/em>. <em>\u2018Centinela\u2019<\/em> era un pasqu\u00edn rivadaviano. San Mart\u00edn march\u00f3 al exilio, donde morir\u00eda lejos de la tierra que hab\u00eda liberado. El mismo Chilavert, que pese a ser unitario combati\u00f3 en Caseros a las \u00f3rdenes de Juan Manuel de Rosas, fue ejecutado tras la batalla por orden de Urquiza, quien tambi\u00e9n hizo fusilar a todos los sobrevivientes de la divisi\u00f3n Aquino, un cuerpo de soldados que hab\u00edan desertado de su ej\u00e9rcito para sumarse al de la Confederaci\u00f3n. Sus cad\u00e1veres fueron colgados en las alamedas de Palermo. Su pecado, como el de Chilavert, hab\u00eda sido preferir las filas federales, que eran las de la patria, a las del <em>Ej\u00e9rcito Libertador<\/em> de Urquiza, plagado de los mercenarios al servicio del Imperio del Brasil. Podr\u00edamos seguir con los ejemplos hist\u00f3ricos que muestran c\u00f3mo un discurso pertinaz instal\u00f3 el odio como raz\u00f3n pol\u00edtica en nuestra historia. Un odio que siempre naci\u00f3, creci\u00f3 y se aliment\u00f3 en las mismas filas, las de la tradici\u00f3n europeizante y liberal de los <em>hombres de las luces<\/em>, aquellos cuya conducta mereci\u00f3 la condena de San Mart\u00edn: <em>una tal felon\u00eda ni el sepulcro la puede hacer desaparecer<\/em>. Configurada la rep\u00fablica liberal de Mitre y Sarmiento, este justificar\u00eda el asesinato del Chacho Pe\u00f1aloza escribiendo que<em> \u201cfueron ejecutados cuantos cayeron en poder de las partidas en el lugar de su<\/em> <em>aprehensi\u00f3n, i por el jefe que los tom\u00f3, como lo fu\u00e9 el Chacho, en las mismas condiciones, i por las mismas \u00f3rdenes del gobierno, dadas desde el principio de la guerra de polic\u00eda, sin los honores de guerra civil, castig\u00e1ndolos como a salteadores\u201d. Y agregaba \u201cLos guerrillas desde que obran fuera de la protecci\u00f3n de gobiernos i ej\u00e9rcitos, est\u00e1n fuera de la lei i pueden ser ejecutados por los jefes en campa\u00f1a.Los salteadores notorios est\u00e1n fuera de la lei de las naciones i de la lei municipal, i sus cabezas deben ser espuestas en los lugares de sus fechor\u00edas. Este es el uso que hace, no la Rep\u00fablica mas celosa de las garant\u00edas, sino todo Estado, todo soberano, de los privilejios que las naciones se han reservado a s\u00ed mismas para proveer a su preservaci\u00f3n i conservaci\u00f3n<\/em>\u201d (<em>Vida del Chacho, \u00faltimo caudillo de la montonera de Los Llanos, incluida en la edici\u00f3n norteamericana<\/em> de <em>Facundo; o <\/em>civilizaci\u00f3n y barbarie en las pampas argentinas, 1868) (se ha respetado la<em> escritura original). <\/em>El odio justificante. El mismo que reaparecer\u00eda contra los anarquistas en 1919 y 1921, contra el yrigoyenismo despu\u00e9s de 1930, contra el peronismo derrocado por la revoluci\u00f3n fusiladora de Aramburu y Rojas, contra los revolucionarios de los \u201960 y \u201970, el odio de la dictadura genocida. Odio que toma otros nombres y otros disfraces pero que es siempre el mismo. Odio al que piensa distinto, al que propone un pa\u00eds de iguales, al que tiene la osad\u00eda de reclamar por sus derechos. Odio alimentado por una prensa canalla que se especializa en sembrar de demonios la vida cotidiana, que no vacila en usar la mentira, la calumnia, la desinformaci\u00f3n m\u00e1s artera, para servir a sus patrones. El problema es que ese odio termina por abrir las puertas del infierno. Y se sabe, del infierno solo salen los demonios para ejercer el terror. Ya lo hemos vivido. Por eso hay que alentar sobre ese discurso. Y miren ustedes: el 18\/09\/2020 Sergio (el que no) Suppo escribe en <strong><em>LA NACI\u00d3N <\/em><\/strong>(d\u00f3nde, si no) encontrando en \u201c<em>La Argentina, muchos ejemplos para una misma decadencia<\/em>\u201d. Pero no se refiere a los mercaderes del odio. Por el contrario, para \u00e9l \u201c<em>Las ideas de la divisi\u00f3n de poderes y el germen republicano planteado a fines del siglo XVIII en Francia fueron declarados perimidos por Cristina Kirchner y sus seguidores. Perduran, sin embargo, en los manifestantes que con frecuencia salen a las calles a protestar contra los barquinazos del Gobierno, que expresan ese desd\u00e9n por la democracia<\/em>\u201d. \u00bfEso es lo que ocurre hoy en la Argentina? La Revoluci\u00f3n Francesa vino a terminar con los privilegios del <em>Ancien Regime<\/em>, los mismos que la <em>Tribuna de Doctrina<\/em> ans\u00eda ver restaurados. Los que arrasaron con toda forma republicana fueron los mismos que defiende el columnista. Ellos derrocaron gobiernos constitucionales, derogaron constituciones, proscribieron fuerzas pol\u00edticas, ama\u00f1aron elecciones, armaron causas para perseguir a sus opositores contando con un conglomerado de jueces, esp\u00edas, seudo periodistas y legisladores cuyas bancas nunca estuvieron al servicio del pueblo. Y los manfestantes salen a las calles a reclamar contra <em>la vacuna que nos va a cambiar el adn<\/em>; a reivindicar la forma plana de la tierra; a proclamar las virtudes del patriarcado; a insultar y agredir a los cronistas de un canal que no dice lo que ellos quieren escuchar. Y por obra y gracia de los medios hegem\u00f3nicos, los dislates de unos pocos que montan en sus veh\u00edculos de alta gama para desga\u00f1itarse, desbarbijados, contra toda forma de cuidado de la salud, porque para ellos la pandemia es un invento de los bolcheviques para instaurar la infectadura comunista, se transforman en ciudadanos que claman por la salvaci\u00f3n de la Rep\u00fablica. Por las dudas, el 19\/09\/2020 H\u00e9ctor M. Guyot se pregunta si \u00bf<em>Reaccionar\u00e1n los anticuerpos del sistema<\/em>? Habla, claro est\u00e1, en contra de la m\u00e1s odiada de todas: Cristina Fern\u00e1ndez de Kirchner. Y se horroriza porque supone que \u201c<em>En una vuelta campana fruto de un ardid electoral, la acusada ahora juzga y condena a aquellos que, en su rol de jueces de la Rep\u00fablica, la estaban juzgando a ella como cabeza de una asociaci\u00f3n il\u00edcita<\/em>\u201d. Mentira, por supuesto. La Vicepresidenta solo cumple su rol, conduciendo las sesiones del Senado. Que no ha juzgado ni condenado a nadie, sino que se limit\u00f3 a poner las cosas en el lugar que la Constituci\u00f3n previ\u00f3. S\u00ed, la Constituci\u00f3n. Que no dice nada de lo que los energ\u00famenos que aullan consignas anti todo suponen que dice. Guyot se recuesta en los mismos de siempre. \u201c<em>Parece evidente que la condena moral sin eufemismos de los representantes de la pol\u00edtica, la empresa, el periodismo y la academia, aunque contundente en muchos casos, no ha alcanzado a\u00fan una fuerza de conjunto suficiente como para detener el avasallamiento de la democracia republicana que lleva adelante el Gobierno<\/em>\u201d. Para hablar de condenas morales, el escriba deber\u00eda haber recordado las palabras de alguien citado frecuentemente por sus empleadores: dec\u00eda Jos\u00e9 Ingenieros que <em>la moral no se predica, se act\u00faa con moral<\/em>. Con lo que el varipinto arco descrito por Guyot se queda sin palabras: como pol\u00edticos, el pueblo los rechaz\u00f3 en las urnas de octubre de 2019, como empresarios solo se han preocupado por servir intereses de otros y no los de su patria, como periodistas no cumplen una sola de las reglas de \u00e9tica profesional, como academia solo se han preocupado por poner el saber lejos de los intereses de la gente. Ojo. Guyot reclama por <em>una fuerza de conjunto suficiente<\/em>. Solo le falta (por ahora) el reclamo a las fuerzas armadas. Ya cada vez presume menos de su \u201c<em>humor<\/em>\u201d Carlos M. Reymundo Roberts, y el 19\/09\/2020 pide \u201c<em>Che, no se r\u00edan que esto se puso fulero<\/em>\u201d. Y arremete contra el gobierno y sin mucho disimulo, contra el Presidente, porque \u201c<em>Las cosas que hace, o deshace, y las que no hace provocan malestar y rechazos, dan lugar a reflexiones, an\u00e1lisis, editoriales, pero sobre todo son tomadas para el lado de la broma o del escarnio<\/em>\u201d. Provocan malestar en sus mandantes, y las reflexiones, an\u00e1lisis, editoriales se escriben en la misma usina del odio que representan <strong><em>LA NACI\u00d3N<\/em><\/strong> y su primo el clarinete mentiroso. Por las dudas recalca que \u201c<em>el principal promotor de este clima de viva la Pepa es el propio Gobierno, con el profesor a la cabeza<\/em>\u201d. No sea cosa de que a alguien se le ocurra responsabilizar a los que largan a la gente a la calle, provocando el aumento de los contagios por el virus con su secuela terrible de muertes. La otra <em>humorista<\/em>, Graciela Guadalupe, alerta el 20\/09\/2020 contra la <em>Gente Brava <\/em>y enumera una serie de cuestiones que la irritan<em>. \u201cCon la no cuarentena vinieron excarcelaci\u00f3n de presos y de amigos presos, la fallida expropiaci\u00f3n de<\/em><a href=\"https:\/\/www.lanacion.com.ar\/tema\/vicentin-tid67960\"><em> Vicentin y<\/em><\/a><em> el embate contra Edesur. Se produjo la declaraci\u00f3n de servicios p\u00fablicos a la telefon\u00eda, internet y la TV prepaga; nacieron los IFE, los ATP y el plan Ahora 12<\/em>\u201d. De las excarcelaciones que no fueron ya nos hemos ocupado; los datos de la realidad han desmentido a los cronistas del apocalipsis. Y de todo el resto lo \u00fanico para lamentar es que no se haya resuelto, todav\u00eda, la cuesti\u00f3n de Vicent\u00edn, la firma que fue beneficiada con millones de pesos por el gobierno macrista en una gesti\u00f3n que los tribunales deber\u00e1n esclarecer tarde o temprano. El resto fueron buenas medidas que el gobierno debi\u00f3 adoptar frente a la pandemia. Pero los fogoneros del odio no descansan, y el 20\/09\/2020 Jorge Fern\u00e1ndez D\u00edaz arremete contra \u201c<em>La alarmante ineptitud del Gobierno<\/em>\u201d. Como se cree literato, disfraza sus agravios con figuras que tal vez crea dignas de la pluma de un escritor de fuste. Pero no, son sus diatribas discriminatorias de siempre. \u201c <em>La familia kirchnerista, que apenas balbucea apotegmas selectivos de Per\u00f3n y que masculla vetustas oraciones de Jauretche, cuenta sin embargo con su propio fantasma ilustre<\/em>\u201d. Nunca sus palabras tendr\u00e1n la repercusi\u00f3n de las del mayor l\u00edder popular que tuvo el pa\u00eds en el siglo XX, ni la hondura del pensamiento de quien supo anatemizar a los mercaderes del odio. Ocurre que para el Fern\u00e1ndez que no quiere a los de su apellido \u201c<em>Los argentinos llevamos 180 d\u00edas de confinamiento, y nos sentimos encerrados en una celda herm\u00e9tica, dentro de una c\u00e1rcel rigurosamente vigilada, que se ubica en una naci\u00f3n tomada por desquiciados y decadentes<\/em>\u201d. No, Fern\u00e1ndez. Los desquiciados y decadentes toman las calles siguiendo las consignas que ustedes les marcan, y se lanzan a poner en riesgo a cuanto vecino tengan cerca. Insiste el tinterillo en sus proclamas ofensivas: \u201c<em>Los dirigentes que forman el cuarto gobierno kirchnerista, salvo honrosas excepciones, no laburaron nunca en el mundo verdadero. Creyeron incluso que pod\u00edan apropiarse de los juzgados y las fiscal\u00edas, perpetrar indultos solapados y destruir la seguridad jur\u00eddica sin que la econom\u00eda sufriera esos percances<\/em>\u201d. El mundo verdadero del novelero ser\u00eda aquel en que los trabajadores se resignaran a no tener derechos, los peque\u00f1os y medianos empresarios a someterse a los grandes capitalistas, los jueces y fiscales a dictar las sentencias que sus due\u00f1os les soplen. Un mundo a la medida de <strong><em>LA NACI\u00d3N<\/em><\/strong><em>.<\/em> Que no se priva de nada, por cierto. Ni siquiera de darle espacio a Esteban Bullrich, que escondido detr\u00e1s de alguna foto masculla el 20\/09\/2020 que \u201cEl Gobierno olvida lo esencial para ocuparse de sus intereses personales\u201d. Nada menos que \u00e9l, que como Ministro de Educaci\u00f3n maltrat\u00f3 con el mismo \u00e1nimo a docentes, estudiantes, alumnos y familiares, y ahora como senador quiere hacernos creer que est\u00e1 donde no est\u00e1. Pero que se atreve a decirnos que \u201c<em>el Gobierno est\u00e1 m\u00e1s preocupado en poner el foco en los problemas personales de algunos dirigentes que en resolver las dificultades urgentes que est\u00e1n atravesando los argentinos a causa de la<\/em><a href=\"https:\/\/www.lanacion.com.ar\/sociedad\/en-detalle-infectados-fallecidos-coronavirus-argentina-nid2350330#\/\"><em> pandemia <\/em><\/a><em>y la cuarentena<\/em>\u201d. Habr\u00eda que recordarle que para instrumentar esas soluciones deber\u00edan prestarse, \u00e9l y sus c\u00f3mplices, a que el Congreso funcionara, sancionara leyes, promoviera debates. Y no tratar de obstaculizar el desempe\u00f1o de los representantes que la gente eligi\u00f3 para que plasmen en ordenamientos jur\u00eddicos esas soluciones que le preocupan. Como si todo fuera poco, el 20\/09\/2020 Joaqu\u00edn Morales Sol\u00e1 intenta hacernos creer que vivimos en \u201c<em>Un pa\u00eds al borde del abismo<\/em>\u201d. Lo que en realidad ocurre es que hay quienes buscan empujarnos hacia el abismo. Y son los mandantes del columnista. Son los que no se resignan a la derrota sufrida en las urnas, cuando cre\u00edan que por fin los argentinos hab\u00edan decidido dejar atr\u00e1s sus sue\u00f1os de independencia, justicia y soberan\u00eda y se hab\u00edan resignado a aceptar el dominio de sus explotadores. Morales Sol\u00e1 sabe que hay que inyectar el miedo, y por eso anuncia que \u201c<em>el pa\u00eds est\u00e1 ingresando ahora en la fase m\u00e1s profunda de la crisis econ\u00f3mica. El pa\u00eds vacila ante el abismo<\/em>\u201d. Y lo dice aunque los datos de la realidad lo desmientan, m\u00e1s cuando el gobierno logr\u00f3 reestructurar la infame deuda contra\u00edda por el macrismo, con el resultado de hacer bajar el riesgo pa\u00eds a niveles muy inferiores de los que nos hab\u00eda conseguido el neoliberalismo. Igual, a Morales no se le escapan los objetivos fijados por sus empleadores, y entonces cuenta que <a href=\"https:\/\/www.lanacion.com.ar\/tema\/cristina-kirchner-tid988\">\u201c<em>Cristina Kirchner s<\/em><\/a><em>e dio el lujo pol\u00edtico de destituir a tres jueces que la juzgaron o la juzgar\u00e1n con el voto de 41 senadores de los 72 que hay en total. La rendici\u00f3n de la dirigencia peronista es tan alarmante como la decadencia econ\u00f3mica. Ayud\u00f3 a Cristina no solo ese n\u00famero incre\u00edble de senadores, sino tambi\u00e9n la deserci\u00f3n de la<\/em><a href=\"https:\/\/www.lanacion.com.ar\/tema\/corte-suprema-de-justicia-tid48110\"><em> Corte Suprema f<\/em><\/a><em>rente a un grave conflicto institucional, la complicidad de la C\u00e1mara de Casaci\u00f3n Penal (que aprob\u00f3 las destituciones) y las insoportables dilaciones de la C\u00e1mara en lo Contencioso Administrativo, que no resuelve nada sobre el planteo de los jueces damnificados<\/em>\u201d. En tantos a\u00f1os de trabajo en los medios Morales algo debe de haber aprendido, como para no ignorar que nadie destituy\u00f3 a ning\u00fan juez, cosa que por otra parte nunca podr\u00eda haber hecho el Senado. Que Bruglia, Bertuzzi y Castelli fueron devueltos a los tribunales para los cuales oportunamente se les hab\u00eda dado el acuerdo, y siguen por lo tanto siendo jueces. Los senadores no se rindieron, cumplieron con la tarea que constitucionalmente les compete. Y es claro que lo que busca la nota es presionar a la Corte, para que satisfaga los deseos de los due\u00f1os del poder. Eso s\u00ed, Morales sigue narrando una realidad m\u00e1s virtual que todo lo que provoca la pandemia: \u201c<em>La oposici\u00f3n est\u00e1 acorralada. Los senadores opositores debieron abandonar la sesi\u00f3n en la que los peronistas destituyeron a los tres jueces. A Macri le allanaron la quinta solo porque se hab\u00eda difundido que el expresidente tuvo una reuni\u00f3n con tres intendentes de Buenos Aires que pidieron verlo<\/em>\u201d. Si los senadores de Juntos por el Cambio se fueron de la sesi\u00f3n, decidiendo no dar debate ni cumplir con la tarea que sus votantes les encomendaron, no fue porque est\u00e9n acorralados sino porque se niegan a aceptar las reglas de la democracia. Y basta de mentir: no hubo destituci\u00f3n de ning\u00fan juez. No es que el escriba no lo sepa. Es que hay que condicionar a la Corte para obligarla a defender lo indefendible: \u201c<em>El paisaje es yermo, se lo mire desde donde se lo mire. La Corte Suprema huy\u00f3 de su responsabilidad institucional, que la obliga a tomar una decisi\u00f3n en el caso de los tres jueces destituidos de hecho por el Senado que gobierna Cristina. Leopoldo Bruglia, Pablo Bertuzzi y Germ\u00e1n Castelli son jueces que procesaron a la vicepresidenta o la juzgar\u00e1n por la causa de los cuadernos de las coimas. Los tres recurrieron desesperadamente a la Corte. La Corte calla. La culpa no es de su presidente,<\/em><a href=\"https:\/\/www.lanacion.com.ar\/tema\/carlos-rosenkrantz-tid57415\"><em> Carlos Rosenkrantz, p<\/em><\/a><em>orque este est\u00e1 sometido a las decisiones de la mayor\u00eda hasta para escribir una agenda<\/em>\u201d. Salvemos al delegado de Clar\u00edn ante la Corte y veamos si los dem\u00e1s se le suman. Para seguir la t\u00f3nica, el 22\/09\/2020 Fernando Laborda habla de \u201cLa estrepitosa ca\u00edda de la imagen presidencial\u201d. Hay que desgastar a Alberto Fern\u00e1ndez. SI fallaron las previsiones del default, si no se vino abajo con la rebeli\u00f3n policial, si la pandemia no termina de condicionarlo, habr\u00e1 que instalar la imagen de alguien que no tiene m\u00e1s fuerzas para desempe\u00f1ar su cargo. Culpa, claro est\u00e1, de la odiada Vicepresidenta. Por que estamos frente a \u201c<em>un Presidente que se ha debilitado, tanto por el papel preponderante de Cristina Kirchner como por las contradicciones que viene exhibiendo su discurso p\u00fablico<\/em>\u201d. Es curioso como por un lado los escribas de los Mitre-Saguier dicen que Cristina no aparece y por el otro le endilgan un rol preponderante. Todo sea para crear el clima deseado. Por eso insiste: \u201c<em>Lentamente, la relaci\u00f3n entre el presidente de la Naci\u00f3n y su vicepresidenta tiende a convertirse en t\u00f3xica, como se cataloga a las relaciones de pareja donde al menos una de las partes sufren m\u00e1s de lo que gozan y experimenta un creciente desgaste emocional intentando persuadirse de que se puede salvar esa uni\u00f3n<\/em>\u201d. O Alberto se pelea con Cristina (y se entrega en brazos del enemigo) o habr\u00e1 que convencer a los que sea necesario de que ya est\u00e1 tan d\u00e9bil e intoxicado que no puede ejercer su cargo. Porque como dice el 22\/09\/2020 Carlos Pagni, vivimos bajo \u201c<em>La monarqu\u00eda de Cristina Kirchner<\/em>\u201d. Pagni es astuto. Maneja mejor las formas que sus compa\u00f1eros de gesta, no pretende ser un humorista chabacano ni un literato frustrado. Sabe que el exceso de brulotes no asegura el \u00e9xito. As\u00ed que cuenta que \u201c<em>Pertenecemos a una tradici\u00f3n que, desde hace tres o cuatro siglos, est\u00e1 basada en la siguiente idea: somos personas libres que cedemos parte de nuestra libertad para constituir un Estado que nos administre mejor, pero que preserve m\u00e1s nuestra libertad, que nos permita ser m\u00e1s libres. Para eso delegamos parte de nuestro libre albedr\u00edo para tener una Justicia en com\u00fan, una seguridad, un sistema de salud, un sistema educativo. Pero, como sabemos que ese Estado puede desbordarse y venirse en contra de nosotros, caer sobre nuestras libertades, establecemos una cantidad de dispositivos que nos salven de eso. Uno es la libertad de prensa, la posibilidad de criticar libremente al poder; la otra, una serie de garant\u00edas sobre la libertad econ\u00f3mica; y otro de los dispositivos que invent\u00f3 la sociedad occidental para preservarse es la independencia del Poder Judicial<\/em>\u201d. Parcialmente cierto, lo que cuenta esconde con sutileza sus prop\u00f3sitos. Porque Pagni sabe que el Poder Judicial no es <em>la Justicia en com\u00fan<\/em>; que un sistema de medios hegem\u00f3nicos es lo contrario a <em>la posibilidad de criticar libremente al poder;<\/em> que las supuestas <em>garant\u00edas sobre la libertad econ\u00f3mica<\/em> lo que garantizan es el privilegio de unos pocos sobre los m\u00e1s; y que la independencia del Poder Judicial no es tal cuando sus jueces son seleccionados de entre los que se consideran como los due\u00f1os de la tierra y act\u00faan en consecuencia. Que es lo que hist\u00f3ricamente, y con pocas excepciones, ha venido ocurriendo en la Argentina. Bajo un discurso de verdades a medias y mentiras ocultas pero completas, se instala en la gente la desesperanza, la creencia en conspiraciones y persecuciones que solo son el fruto de la acci\u00f3n de quienes no saben otra cosa que servir a sus intereses, y el odio contra quienes son se\u00f1alados como los culpables de ese orden de cosas. Ni siquiera es necesario que sean las grandes mayor\u00edas populares las que crean en ese discurso perverso: basta con que lo sean los factores de poder. Y en este caso la apuntada es la Corte Suprema: \u201c<em>Es como si en un hecho anecd\u00f3tico se concentrara el destino de toda la sociedad: me refiero<\/em><a href=\"https:\/\/www.lanacion.com.ar\/politica\/los-camaristas-desplazados-no-fueron-trabajar-piden-nid2456944\"><em> al caso de los jueces Pablo Bertuzzi, Leopoldo Bruglia y Germ\u00e1n Castelli. <\/em><\/a><em>Cristina Kirchner como presidenta del Senado y como l\u00edder inapelable de la mayor\u00eda los desplaz\u00f3, siguiendo un procedimiento que est\u00e1 cuestionado en la Justicia pero, adem\u00e1s, desobedeciendo una acordada de la Corte, de 2018. Cuando aparecen estas anomal\u00edas institucionales ocurren rarezas. Cuando una sociedad sabe acordadas de la Corte con nombre y n\u00famero se trata de una sociedad bastante enferma, porque quiere decir que se est\u00e1n cuestionando cosas muy elementales, que en otros lugares se desconocen, porque no se discuten. La presidenta del Senado, el Consejo de la Magistratura, la ministra de Justicia y el Presidente ignoraron una acordada de la Corte y<\/em><a href=\"https:\/\/www.ambito.com\/politica\/senado\/el-revoco-el-traslado-los-jueces-bruglia-bertuzzi-y-castelli-n5133295\"><em> los reemplazaron<\/em>\u201d.<em> <\/em><\/a>Pero lo que Pagni no cuenta es que las cosas son al rev\u00e9s. En alg\u00fan momento se decidi\u00f3 dejar de lado lo que ordena la Constituci\u00f3n, y en lugar de seleccionar los jueces por medio de los concursos del Consejo de la Magistratura, y la posterior propuesta del Ejecutivo y el acuerdo del Senado, se trastoc\u00f3 el sistema y se traslad\u00f3 a gusto y placer del Ejecutivo a jueces que hab\u00edan sido seleccionado para unas funciones para que cumplieran otras, y en otras jurisdicciones que no aquellas para las que hab\u00edan sido designados. En todo caso, aquella acordada de la Corte pas\u00f3 por encima del sistema constitucional. Nuestro sistema no prev\u00e9 el gobierno de los jueces; tales funciones les son ajenas. No pueden, por la mera virtud de sus fallos, tirar abajo el andamiaje constitucional que conf\u00eda a otros poderes la selecci\u00f3n y nombramiento de los magistrados. Es hora de volver a poner las cosas en el orden debido. Cosa que, se ve, preocupa a Pagni y sus mandantes. Por eso insiste \u201c<em>La pretensi\u00f3n de remover al Procurador General de la Naci\u00f3n, al jefe de los fiscales, que es el que da instrucciones o puede dar instrucciones a los fiscales que van a acusar al kirchnerismo, a Cristina, o a cualquier otro funcionario tambi\u00e9n del gobierno de Macri en los tribunales orales. El Procurador puede reemplazar fiscales, les puede decir \u2018esta acusaci\u00f3n la mantenemos o la bajamos\u2019, ejerce un enorme poder sobre los que acusan<\/em>\u201d. Seamos claros. Si no se ha designado al Procurador General, es porque la oposici\u00f3n se niega a posibilitar que el candidato elegido por el gobierno obtenga los votos suficientes. Sin ninguna otra raz\u00f3n que la negativa cerrada, ya que el candidato seleccionado no fue cuestionado por esa misma oposici\u00f3n que hoy le niega sus votos cuando fue seleccionado como posible integrante de la C\u00e1mara de Casaci\u00f3n Penal de la Ciudad Aut\u00f3noma de Buenos Aires. Sin que nada haya cambiado, el que ayer era bueno hoy no lo es. Y adem\u00e1s es falso que el Procurador General tenga esos poderes: no da instrucciones sobre c\u00f3mo actuar en los casos en los que los fiscales se desempe\u00f1an ni puede ordenarles que desistan de una acusaci\u00f3n. Pagni no lo ignora: dice lo contrario porque sirve a sus prop\u00f3sitos. Que quedan claros cuando se queja de que <em>\u201c\u00bfFrente a toda esta crisis la \u00fanica que hace pol\u00edtica es Cristina? \u00bfO la sociedad argentina tiene recursos como para equilibrar al poder? Justamente este interrogante es el que est\u00e1 detr\u00e1s de la coparticipaci\u00f3n de la ciudad y de la situaci\u00f3n de los tres jueces, Bruglia, Bertuzzi y Castelli<\/em>\u201d. Raro ser\u00eda que la Vicepresidenta no haga pol\u00edtica, que al fin y al cabo es su vocaci\u00f3n y su funci\u00f3n. Pero hilemos m\u00e1s fino: y pregunt\u00e9monos nosotros a qu\u00e9 <em>recursos de la sociedad<\/em> est\u00e1 llamando Pagni en auxilio de sus mandantes. Para que quede todav\u00eda m\u00e1s claro de a d\u00f3nde dirige sus reclamos, termina por decirnos que \u201c<em>Cristina Kirchner ya se llev\u00f3 puesto al Poder Ejecutivo, y ahora vemos que desde el Senado tambi\u00e9n lo hace con la Justicia. Esto es lo que est\u00e1 en discusi\u00f3n esta semana, por eso estamos mirando a la Corte<\/em>\u201d. Cuidado. Est\u00e1n buscando provocar un conflicto de poderes, quieren usar a la Corte para desestabilizar al gobierno. No descansan. Instalan el odio permanentemente. Buscan abrir las puertas del infierno. Que los demonios, ya sabemos, no fueron dos sino uno solo y trabajaron para sus intereses.<\/p>\n","protected":false},"excerpt":{"rendered":"<p>La Argentina transita, una vez m\u00e1s, un escenario donde el discurso del odio se ense\u00f1orea&#8230;<\/p>\n","protected":false},"author":1,"featured_media":0,"comment_status":"open","ping_status":"open","sticky":false,"template":"","format":"standard","meta":{"footnotes":""},"categories":[17],"tags":[],"class_list":["post-318","post","type-post","status-publish","format-standard","hentry","category-contra-mitre"],"_links":{"self":[{"href":"https:\/\/luisalen.com\/index.php?rest_route=\/wp\/v2\/posts\/318","targetHints":{"allow":["GET"]}}],"collection":[{"href":"https:\/\/luisalen.com\/index.php?rest_route=\/wp\/v2\/posts"}],"about":[{"href":"https:\/\/luisalen.com\/index.php?rest_route=\/wp\/v2\/types\/post"}],"author":[{"embeddable":true,"href":"https:\/\/luisalen.com\/index.php?rest_route=\/wp\/v2\/users\/1"}],"replies":[{"embeddable":true,"href":"https:\/\/luisalen.com\/index.php?rest_route=%2Fwp%2Fv2%2Fcomments&post=318"}],"version-history":[{"count":2,"href":"https:\/\/luisalen.com\/index.php?rest_route=\/wp\/v2\/posts\/318\/revisions"}],"predecessor-version":[{"id":320,"href":"https:\/\/luisalen.com\/index.php?rest_route=\/wp\/v2\/posts\/318\/revisions\/320"}],"wp:attachment":[{"href":"https:\/\/luisalen.com\/index.php?rest_route=%2Fwp%2Fv2%2Fmedia&parent=318"}],"wp:term":[{"taxonomy":"category","embeddable":true,"href":"https:\/\/luisalen.com\/index.php?rest_route=%2Fwp%2Fv2%2Fcategories&post=318"},{"taxonomy":"post_tag","embeddable":true,"href":"https:\/\/luisalen.com\/index.php?rest_route=%2Fwp%2Fv2%2Ftags&post=318"}],"curies":[{"name":"wp","href":"https:\/\/api.w.org\/{rel}","templated":true}]}}