{"id":353,"date":"2021-03-04T19:14:00","date_gmt":"2021-03-04T19:14:00","guid":{"rendered":"https:\/\/luisalen.com\/?p=353"},"modified":"2023-02-07T21:08:23","modified_gmt":"2023-02-07T21:08:23","slug":"viva-la-muerte","status":"publish","type":"post","link":"https:\/\/luisalen.com\/?p=353","title":{"rendered":"Viva la muerte"},"content":{"rendered":"\n<p>Cuentan que, al principio de la guerra civil espa\u00f1ola, Jos\u00e9 Mill\u00e1n-Astray, un general falangista que oficiaba de jefe de la Oficina de Prensa y Propaganda para el franquismo, en un acto del 12 de octubre de 1936 en la Universidad de Salamanca, mientras pronunciaba un discurso Miguel de Unamuno, prorrumpi\u00f3 en gritos vociferando \u201c<em>Muera la inteligencia\u2026 \u00a1Viva la Muerte!<\/em>\u201d El fil\u00f3sofo le respondi\u00f3 \u201c<em>Vencer\u00e9is porque ten\u00e9is sobrada fuerza bruta. Pero no convencer\u00e9is. Para convencer hay que persuadir. Y para persuadir necesitar\u00edais algo que os falta: raz\u00f3n y derecho en la lucha<\/em>\u201d. Imposible no recordar el episodio, frente a lo ocurrido este fin de semana, cuando un grupo de militantes de la derecha reaccionaria sembr\u00f3 de bolsas de residuos que simulaban contener cad\u00e1veres la Plaza de Mayo. Un hecho que se inscribe en la l\u00f3gica que se desprende de las acciones que esa derecha viene desplegando desde los principios de nuestra historia. Y que tiene como vocera principal a la <em>Tribuna de Doctrina<\/em>. Que por cierto no conden\u00f3 el suceso ni mucho menos a sus autores, sino que prefiri\u00f3 reproducir las reacciones que el arco opositor vomit\u00f3 con su odio y su falta de inteligencia de costumbre frente al discurso con que Alberto Fern\u00e1ndez inici\u00f3 las sesiones legislativas de este a\u00f1o. No faltaron los dichos de Sandra Pitta, convertida en referente de <em>Juntos por el Cambio<\/em> no precisamente por la agudeza de sus investigaciones sino por la violencia de sus manifestaciones. Continuando una saga iniciada en 2019, cuando dijo que la dictadura genocida hab\u00eda sido la que m\u00e1s invirti\u00f3 en el CONICET, y justific\u00f3 el desfinanciamiento de las universidades p\u00fablicas porque deb\u00edan limpiarlas de j\u00f3venes rebeldes, ahora proclam\u00f3 \u201c<em>hay que pisarlos cuando volvamos<\/em>\u201d, para aclarar m\u00e1s tarde que \u201c<em>Me rectifico por lo ayer. No hay que pisarlos. Hay que aplastarlos como cucarachas ro\u00f1osas que siempre reaparecen para hundirnos m\u00e1s en la anomia<\/em>\u201d. Toda una declaraci\u00f3n de principios, que seguramente hubiera merecido el aplauso de Mill\u00e1nAstray. Es que los anuncios del Presidente generaron el rechazo de los due\u00f1os del poder y sus sirvientes, que vieron amenazados sus intereses. Por eso <strong><em>LA NACI\u00d3N <\/em><\/strong>reprodujo los dichos de Carlos R\u00edvolo, titular de la Asociaci\u00f3n de Fiscales y Funcionarios de la Naci\u00f3n, que entrevistado por Radio Mitre (cu\u00e1l otra\u2026), dijo que la reforma judicial impulsada por el Ejecutivo \u201c<em>es casi un pelot\u00f3n de fusilamiento<\/em>\u201d. \u00bfDe d\u00f3nde sac\u00f3 tal conclusi\u00f3n el fiscal en cuesti\u00f3n? Vaya uno a saber. Por cierto que no de sus conocimientos jur\u00eddicos, que no le permiten advertir que es competencia del Poder Legislativo sancionar leyes que pueden reformar la composici\u00f3n de los tribunales, incluir nuevos y definir sus atribuciones, como ser\u00eda el caso del anunciado Tribunal de Garant\u00edas Federales. Por si acaso y antes de conocer siquiera el texto del proyecto que deber\u00eda tratar el Congreso, R\u00edvolo -apellido tan parecido a fr\u00edvolo que es una tentaci\u00f3n-, dice que \u201c<em>esa competencia ya la tiene la Corte<\/em>\u201d. De qu\u00e9 competencia habl\u00f3, ni \u00e9l mismo lo sabe. Lo que s\u00ed sabe es que hay que oponerse a cualquier iniciativa que intente conseguir que el sistema de administraci\u00f3n de justicia se ocupe de eso, de administrar justicia, en lugar de ser, como lo hacen ahora los tribunales federales de Comodoro Py, con sus C\u00e1maras de Apelaci\u00f3n y de Casaci\u00f3n (con alguna honrosa excepci\u00f3n), y la Corte Suprema (<em>El fiscal Carlos R\u00edvolo, contra la reforma del Ministerio P\u00fablico: &#8220;Es casi un pelot\u00f3n de fusilamiento<\/em>&#8220;, nota del 02\/03\/2021). Carlos Pagni pretende dar explicaciones un poco m\u00e1s fundamentadas en las que no duda en recurrir a Michel Foucault, pero desde el mismo t\u00edtulo de su nota sigue la ruta mortuoria: \u201c<em>Muri\u00f3 el albertismo, antes de nacer<\/em>\u201d (02\/03\/2021). Los escribas del mitrismo se la pasan anunciando la muerte de cualquier expresi\u00f3n del movimiento nacional y popular desde hace tiempo. Y no les importa que sus predicciones no se cumplan, insisten con la esperanza de que en alg\u00fan momento tanta muerte pronosticada se haga realidad. Pagni parte de definir a Alberto Fern\u00e1ndez como un presidente d\u00e9bil, \u201cun hombre que viene muy golpeado\u201d, y al que no le queda otro remedio que recostarse sobre quien lo puso en el poder: la siempre odiada Cristina. Pagni no vacila en mentir -otra caracter\u00edstica de los columnistas del pasqu\u00edn de los MitreSaguier-, y escribe que \u201c<em>en un momento crucial que tiene que ver nada m\u00e1s y nada menos que con las vacunas en medio de una pandemia el pueblo fue dejado de lado y la \u00e9lite (el Gobierno) se qued\u00f3 con el beneficio<\/em>\u201d. Nadie discute que lo que ocurri\u00f3 en el Ministerio de Salud fue una falta \u00e9tica imperdonable. Que ocasion\u00f3 la salida del gobierno del Ministro Gonz\u00e1lez Garc\u00eda. Y que benefici\u00f3 a un n\u00famero muy limitado de personas, muchas de ellas que no solo no forman parte del gobierno sino que no ahorran cr\u00edticas en su contra, como el caso de Eduardo Alberto Duhalde y su familia. Falta que aparece como inexplicable a poco que se advierta que los que fueron vacunados integraban los grupos de riesgo o desempe\u00f1aban funciones que los autorizaban a recibir lo que en su momento la inefable Elisa Carri\u00f3 defini\u00f3 como un <em>veneno<\/em>. Y que ahora es reclamado a voz en cuello por quienes primero rechazaban cualquier posibilidad de recibir la ayuda rusa. Pero lo cierto es que el gobierno ha repartido a todas las provincias y a la Ciudad Aut\u00f3noma de Buenos Aires, equitativamente, las vacunas recibidas, sean las Sputnik V, las de Oxford-AstraZeneca o las de Sinopharm. Lo que est\u00e1 claro es que esa falta \u00e9tica fue resuelta con la renuncia del Ministro, y que mal que les pese a los escribas de <strong><em>LA NACI\u00d3N<\/em><\/strong> no constituye delito alguno, como bien lo se\u00f1al\u00f3 oportunamente el Presidente. El diario no se priv\u00f3 de publicar que un grupo de estudiantes de derecho retaba a Alberto Fern\u00e1ndez a sostener sus dichos en un aula de la Facultad. Noticia enga\u00f1osa, ya que no era \u201c<em>un grupo de estudiantes<\/em>\u201d el n\u00facleo cuestionador sino una organizaci\u00f3n pol\u00edtica estudiantil, Franja Morada, que responde a uno de los partidos que conforman la alianza opositora. En realidad, lo que debi\u00f3 ocurrir tras ese comunicado era la revisi\u00f3n de los legajos de sus firmantes, para ver si hab\u00edan aprobado Derecho Penal porque lo que sosten\u00edan iba en contra de principios elementales de dicha disciplina y demostraba su desconocimiento de la materia. Las faltas \u00e9ticas, ha dicho pac\u00edficamente la jurisprudencia nacional desde siempre, por repudiables que sean est\u00e1n exentas del castigo penal. Claro que nuestros jueces y fiscales han demostrado ser muy creativos y no atarse a la letra fr\u00eda de la ley sino a los dictados de sus mandantes. Volviendo a Pagni, sostiene que \u201c<em>Todo este enredo hace que Fern\u00e1ndez vuelva sobre los propios y se subordine a Cristina. \u00bfQu\u00e9 significa esto? Adoptar una serie de conflictos a trav\u00e9s de los cuales ella delimita los contornos del oficialismo y separa entre \u2018nosotros\u2019 y \u2018ellos\u2019. Estos son las disputas con la prensa, la Justicia, la oposici\u00f3n, el Fondo Monetario Internacional y el empresariado<\/em>\u201d. Uno se pregunta si estos escribas no se cansan de repetir, semana a semana, columna a columna, la misma cantinela del sometimiento del Presidente a su Vice, cuesti\u00f3n que vienen reiterando desde la misma conformaci\u00f3n de la f\u00f3rmula del Frente de Todos. Cada vez que alguno de los dos habla, saltan los herederos de don Bartolo a tratar de convencer a sus lectores de esa perversa relaci\u00f3n. De la cual nunca pudieron ofrecer una prueba concreta, lo cual no constituye un obst\u00e1culo para que Pagni insista: \u201c<em>\u00bfQu\u00e9 significa el d\u00eda de hoy con esta subordinaci\u00f3n? Que el albertismo muri\u00f3. Un albertismo que nunca hab\u00eda nacido, pero hoy termin\u00f3 de morir. Aquello que nunca hab\u00eda visto la luz. Sindicalistas, gobernadores, intendentes del conurbano y empresarios que pensaron que Alberto Fern\u00e1ndez les daba una plataforma para entrar en tensi\u00f3n con el kirchnerismo, hoy dan de baja esa expectativa definitivamente con el discurso del Congreso. Y qued\u00f3 claro lo que todos sab\u00edamos: manda Cristina<\/em>\u201d. Habr\u00eda que preguntarle al columnista c\u00f3mo es posible que algo que, en sus palabras, nunca hab\u00eda visto la luz, de repente muere. Una imposibilidad f\u00e1ctica que no puede escap\u00e1rsele a alguien sagaz como Pagni, pero que le sirve para volver sobre lo mismo: la que manda es Cristina. Algo es algo, el columnista nos cuenta que \u201c<em>ha habido una err\u00f3nea judicializaci\u00f3n de temas que no son susceptibles de ser judicializados<\/em>\u201d. Ser\u00eda bueno que se lo cuente a sus compa\u00f1eros de pasqu\u00edn y a los jueces y fiscales que no lo saben. Cita como ejemplos de ese error al entendimiento con Ir\u00e1n, la pol\u00edtica monetaria, la pol\u00edtica cambiaria y el d\u00f3lar futuro. Es cierto que todos esos casos fueron producto de la inventiva de magistrados siempre dispuestos a satisfacer los deseos de los poderosos, pero tambi\u00e9n lo fueron muchos otros que no merecen el repudio de Pagni. Que si hace esta cita es porque quiere arremeter contra el anuncio de Alberto de la presentaci\u00f3n como querellantes en la investigaci\u00f3n de los acuerdos con el FMI. Para lo cual no vacila en volver a mentir, y a equiparar lo actuado por Macri y sus secuaces con el desempe\u00f1o de Mart\u00edn Guzm\u00e1n. Porque no es cierto que \u201c<em>con la misma l\u00f3gica que habr\u00eda que hacerle una denuncia penal a Macri por el endeudamiento con el Fondo habr\u00eda que hacer una denuncia por este endeudamiento de su propio gobierno, contra Fern\u00e1ndez<\/em>\u201d. Macri y su pandilla no cumplieron con el marco regulatorio que impera en relaci\u00f3n a la toma de deuda con los organismos internacionales, obviando la necesaria intervenci\u00f3n de organismos de control y del Poder Legislativo, y aplicaron los d\u00f3lares recibidos a facilitar la fuga de divisas perpetrada por sus amigos. Guzm\u00e1n intenta reparar los destrozos causados por el macrismo y los que intenta perpetrar ahora nuestra derecha, con sus maniobras en los mercados. Que no cesa en sus intentos de crear el caos en la coalici\u00f3n gobernante, por eso Pagni dice que Guzm\u00e1n enfrenta la oposici\u00f3n del kirchnerismo, y que \u201c<em>Cristina le est\u00e1 dinamitando su acuerdo con el Fondo<\/em>\u201d. Y que Massa prepara un regalo en forma de subsidio multimillonario para sus amigos ahora a cargo de Edenor, Manzano, Vila y Filiberti, los intendentes del conurbano buscan saltearse la ley que prohibe una segunda reelecci\u00f3n y para eso cuentan con los servicios del Defensor del Pueblo bonaerense, Guido Lorenzino, quien deber\u00eda conseguirles el juez que legalice su deseo, lo que para Pagni es \u201c<em>otra prueba de fuego de si estamos ante un grupo de representantes pol\u00edticos o ante una casta, que convierte al Defensor del Pueblo en defensor de sus intereses corporativos<\/em>\u201d. Pagni no es el \u00fanico escriba preocupado. Tambi\u00e9n el 02\/03\/2021, Joaqu\u00edn Morales Sol\u00e1 nos cuenta el \u201c<em>Adi\u00f3s a la promesa de abandonar la grieta<\/em>\u201d consumado con el discurso de Alberto en el Congreso, que \u201c<em>fue un boceto perfecto de las posiciones de Cristina Kirchner<\/em>\u201d a quien, como sabe todo lector del pasqu\u00edn mitrista, \u201c<em>sigue reconociendo como su jefa<\/em>\u201d. Al escriba que inici\u00f3 sus actividades cubriendo en Tucum\u00e1n el Operativo Independencia, que se despleg\u00f3 a trav\u00e9s de las m\u00e1s aberrantes violaciones masivas de los derechos humanos, sin que conste que haya hecho ninguna denuncia de esos hechos aberrantes que no pod\u00eda ignorar, s\u00ed le molest\u00f3 que el Presidente se haya referido al Ingeniero sin ingenio y sus secuaces. \u201c<em>Desde el primero hasta el \u00faltimo p\u00e1rrafo de su interminable discurso, el Presidente se encarg\u00f3 de flagelar al gobierno de Macri<\/em>\u201d. De lo que se encarg\u00f3 Alberto Fern\u00e1ndez fue de puntualizar algunas de las muchas tropel\u00edas que esa banda de delincuentes comandada por el domador de reposeras cometi\u00f3 en contra de los intereses del pueblo. Seguramente a Morales le molestaron mucho m\u00e1s las iniciativas detalladas por el Presidente, y la posibilidad de que las mismas se concreten en poco tiempo m\u00e1s. Aunque no lo diga. El escriba reconoce algo: \u201c<em>Alberto Fern\u00e1ndez no es un ne\u00f3fito en pol\u00edtica, y menos en pol\u00edtica electoral. Sab\u00eda lo que estaba haciendo. Estaba mostr\u00e1ndole al p\u00fablico antikirchnerista qui\u00e9n es el referente de ese sector de la sociedad<\/em>\u201d. Reconocimiento que a continuaci\u00f3n desmereci\u00f3, al se\u00f1alar que \u201c<em>sus palabras chocaron de frente con su promesa de abandonar la grieta. Profundiz\u00f3 todav\u00eda m\u00e1s lo que ya es un abismo que separa a cerca del 40 por ciento de la sociedad, si se juntan los dos bandos enfrentados<\/em>\u201d. Morales Sol\u00e1 no puede desconocer que esa grieta es producto de la acci\u00f3n continuada en el tiempo que el sector para el que trabaja ha desarrollado, para someter a sus intereses a las grandes mayor\u00edas populares y recurriendo a cualquier m\u00e9todo que les fue \u00fatil, incluyendo las m\u00faltiples dictaduras y sus cr\u00edmenes horrendos. Mal puede, entonces, culpar de la grieta a Alberto Fern\u00e1ndez. En todo caso, deber\u00eda reconocer que son sus mandantes los que se obstinan en mantener las diferencias insalvables que dividen a quienes, desde sus distintas posturas pol\u00edticas, pretenden un pa\u00eds que viva en democracia, de los que hist\u00f3ricamente la atropellaron y siguen haci\u00e9ndolo.&nbsp; Una cuesti\u00f3n que tiene un claro olor a la defensa de intereses, no precisamente los del com\u00fan de la gente, es la que Morales plante\u00f3 luego, cuando dijo que \u201c<em>Deteng\u00e1monos con todo en<\/em><a href=\"https:\/\/www.lanacion.com.ar\/politica\/apertura-sesiones-legislativas-2021-nid2611035\"><em> el tema de la Justicia.<\/em><\/a><em> El objetivo est\u00e1 claro: vaciar de poder a la Corte Suprema de Justicia, a la que zamarre\u00f3 como pocas veces se vio ni se escuch\u00f3<\/em>\u201d. Era hora de que alguien lo hiciera. Lo que es claro es que lo planteado por el Presidente, como la creaci\u00f3n de un <em>Tribunal de Garant\u00edas Constitucionales<\/em>, entra dentro de los atributos del Congreso. Es falso que \u201c<em>la idea tiene un problema insalvable de origen: es inconstitucional<\/em>\u201d. Nada en el texto de la Ley Fundamental se opone a la creaci\u00f3n de este tipo de Tribunal. Se puede pensar que el mismo ser\u00e1 bueno o no, pero lo cierto es que no es inconstitucional. Tambi\u00e9n es falso que la puesta en marcha de una nueva serie de disposiciones del C\u00f3digo Procesal Penal aprobado hace a\u00f1os pero que solo rige en un par de provincias constituya \u201c<em>un indulto encubierto a Cristina Kirchner, que requerir\u00e1 del paso del tiempo<\/em>\u201d. Es mentira, simplemente porque el indulto es una facultad exclusiva del Poder Ejecutivo. No la puede ejercer el Legislativo, ni puede ser consecuencia de la aplicaci\u00f3n de las leyes de procedimiento que rigen el accionar de los tribunales. Y Morales lo sabe. Como sabe que las alusiones a Carlos Stornelli no son difamatorias, sino que se corresponden con una realidad judicial, su procesamiento dispuesto por el Juzgado Federal de Dolores y confirmado por la C\u00e1mara Federal de Mar del Plata. Decir algo que responde a la realidad no constituye difamaci\u00f3n alguna. Morales deber\u00eda indignarse, si le preocupa tanto la salud de las instituciones de la Rep\u00fablica, porque Stornelli siga siendo fiscal. Al final de su libelo, el escriba no se priva de defender a sus patrones, y se ofende porque \u201c<em>En la panoplia de enemigos no pod\u00eda faltar (y no falt\u00f3) la alusi\u00f3n a los medios period\u00edsticos. Ya sea porque informan mal sobre una pobre estirpe gobernante o porque ocultan verdades que son definitivas y \u00fanicas<\/em>\u201d. No son <em>medios period\u00edsticos<\/em>. Son conglomerados econ\u00f3micos que entre otras cosas son propietarios de medios de comunicaci\u00f3n. Leyendo bien a don Joaqu\u00edn, se le escaparon, una vez m\u00e1s, algunas cosas ciertas, como que esos medios -para los que \u00e9l trabaja- informan mal y ocultan verdades. Como ha hecho <strong><em>LA NACI\u00d3N<\/em><\/strong> a lo largo de su historia, siempre fiel a los mandatos de su fundador. El 1 de marzo se cumplieron 151 a\u00f1os de la muerte en Cerro Cor\u00e1, en desigual combate, defendiendo la libertad de su pueblo, del Mariscal Francisco Solano L\u00f3pez, junto a su hijo de tan solo 14 a\u00f1os, Panchito. De ese crimen, como de tantos otros que sufrieron los verdaderos pr\u00f3ceres de nuestra Patria Grande, fue responsable Bartolom\u00e9 Mitre. Quienes siguen las ideas del funesto fundador de la <em>Tribuna de Doctrina<\/em>, \u00f3rgano de la derecha vende patria, manifestaron su odio con la exhibici\u00f3n de simulacros de cad\u00e1veres en la Plaza de Mayo. Como a lo largo de la historia, glorificaron el terror y gritaron viva la muerte. Contra ellos debemos defender una vida en democracia, libre y plena de derechos. No olvidemos, no perdonemos, no nos reconciliemos nunca con los pregoneros del odio y la muerte.<\/p>\n","protected":false},"excerpt":{"rendered":"<p>Cuentan que, al principio de la guerra civil espa\u00f1ola, Jos\u00e9 Mill\u00e1n-Astray, un general falangista que&#8230;<\/p>\n","protected":false},"author":1,"featured_media":0,"comment_status":"open","ping_status":"open","sticky":false,"template":"","format":"standard","meta":{"footnotes":""},"categories":[17],"tags":[],"class_list":["post-353","post","type-post","status-publish","format-standard","hentry","category-contra-mitre"],"_links":{"self":[{"href":"https:\/\/luisalen.com\/index.php?rest_route=\/wp\/v2\/posts\/353","targetHints":{"allow":["GET"]}}],"collection":[{"href":"https:\/\/luisalen.com\/index.php?rest_route=\/wp\/v2\/posts"}],"about":[{"href":"https:\/\/luisalen.com\/index.php?rest_route=\/wp\/v2\/types\/post"}],"author":[{"embeddable":true,"href":"https:\/\/luisalen.com\/index.php?rest_route=\/wp\/v2\/users\/1"}],"replies":[{"embeddable":true,"href":"https:\/\/luisalen.com\/index.php?rest_route=%2Fwp%2Fv2%2Fcomments&post=353"}],"version-history":[{"count":2,"href":"https:\/\/luisalen.com\/index.php?rest_route=\/wp\/v2\/posts\/353\/revisions"}],"predecessor-version":[{"id":355,"href":"https:\/\/luisalen.com\/index.php?rest_route=\/wp\/v2\/posts\/353\/revisions\/355"}],"wp:attachment":[{"href":"https:\/\/luisalen.com\/index.php?rest_route=%2Fwp%2Fv2%2Fmedia&parent=353"}],"wp:term":[{"taxonomy":"category","embeddable":true,"href":"https:\/\/luisalen.com\/index.php?rest_route=%2Fwp%2Fv2%2Fcategories&post=353"},{"taxonomy":"post_tag","embeddable":true,"href":"https:\/\/luisalen.com\/index.php?rest_route=%2Fwp%2Fv2%2Ftags&post=353"}],"curies":[{"name":"wp","href":"https:\/\/api.w.org\/{rel}","templated":true}]}}