{"id":359,"date":"2021-03-17T19:19:00","date_gmt":"2021-03-17T19:19:00","guid":{"rendered":"https:\/\/luisalen.com\/?p=359"},"modified":"2023-02-07T21:06:43","modified_gmt":"2023-02-07T21:06:43","slug":"inventores","status":"publish","type":"post","link":"https:\/\/luisalen.com\/?p=359","title":{"rendered":"Inventores"},"content":{"rendered":"\n<p>No se crean que voy a ponerme a discurrir acerca de aquellos que usaron su ingenio para crear cosas que mejoraron la vida de la humanidad. Por el contrario, como estas l\u00edneas se dedican a escrutar las p\u00e1ginas de <strong><em>LA NACI\u00d3N<\/em><\/strong>, de lo que voy a hablar es de una serie de personajes que se dedican a inventar noticias para empeorar la vida de los argentinos. Por suerte, estos inventores carecen del ingenio de los verdaderos y solamente pueden desplegar mentiras que se reiteran y que no pueden llegar muy lejos porque, como todos sabemos, tienen patas muy cortas. Como son de corto alcance las ideas del novelero Jorge Fern\u00e1ndez D\u00edaz, que el 13\/03\/2021 imagina que \u201c<em>Cunde el extrav\u00edo en el avispero kirchnerista<\/em>\u201d, y como no se le ocurre ni uno solo de sus pobres argumentos recurre a lo que escriben otros (tan inventores como \u00e9l, pero que tienen un par de ideas m\u00e1s). Y cita: \u201c<em>Est\u00e1n los ciegos y est\u00e1n los c\u00ednicos, distingue el fil\u00f3sofo Santiago Kovadloff: \u2018Los c\u00ednicos saben qu\u00e9 hacer para sostenerse en la cresta de la ola, y los ciegos, para so\u00f1ar que no sucede lo que pasa, idealizando un pasado que dej\u00f3 de existir hace mucho\u2019. Alude as\u00ed a las dos formas cl\u00e1sicas de ser kirchnerista; se podr\u00eda arriesgar que existe al menos una tercera categor\u00eda, donde se combinan esquizofr\u00e9nicamente esos dos temperamentos antag\u00f3nicos<\/em>\u201d. Qu\u00e9 pensamiento filos\u00f3fico! Sobre todo proveniente de alguien que desconoce que el cinismo fue una escuela de pensamiento que influy\u00f3, por ejemplo, en pensadores como Jean Jacques Rousseau o Friedrich Nietszche. Y que celebra una frase que, bien le\u00edda, discrimina a quienes padecen la p\u00e9rdida del sentido de la visi\u00f3n. Claro que al novelero nada de eso le preocupa. S\u00ed se\u00f1alar que \u201c<em>El gran interlocutor de Kovadloff es esta vez un veterano articulista y editor de ideas; H\u00e9ctor Guyot<\/em>\u201d. Otro de los que inventan falsedades da\u00f1inas para la <em>Tribuna de Doctrina<\/em>. Que las disfracen de pensamientos profundos no les quita su car\u00e1cter de invenciones que sirven solo a los poderes que mandan sobre los escribas del mitrismo. El novelero nos aclara que \u201c<em>Todas estas meditaciones suceden en \u00a1Rep\u00fablica urgente!, flamante libro que adem\u00e1s es un alegato c\u00edvico, que se inscribe en la larga tradici\u00f3n de los ensayos dialogados y que est\u00e1 edificado sobre las largas sesiones que el fil\u00f3sofo y el periodista, en plano de igualdad, tuvieron durante cuatro meses intensos<\/em>\u201d. Meditaciones que muestran la falta de capacidad para meditar sobre cosas importantes. Urgencia que solo tienen para atacar todo lo que tenga olor a pueblo. Que sigan ensayando largamente, a ver si por milagro se les ocurre algo que sea para el bien. Cosa que no es posible esperar de Fern\u00e1ndez D\u00edaz, que nos dice que \u201c<em>El populismo ilustrado convierte a la lideresa en una santa inmaculada y a su causa en un credo m\u00edstico. Persuadidos por ella de que los jueces son los nuevos enemigos del pueblo, ya hablan de las Fuerzas Armadas de la Justicia<\/em>\u201d. Populismo ilustrado. Por cierto que el populismo al cual se refiere el novelero es a\u00f1os luz m\u00e1s ilustrado que el columnista y sus admirados. Se equivoca al decir que los jueces son los nuevos enemigos del pueblo. Hace tiempo ya que muchos de los encargados de administrar justicia hacen todo lo contrario, y como lo hicieron los uniformados en tiempos no tan lejanos, combaten ferozmente contra todo lo que sea en beneficio de las grandes mayor\u00edas. Fern\u00e1ndez D\u00edaz atribuye todo a \u201c<em>el nivel de extrav\u00edo existente en ese avispero, donde personas sin experiencia en la vida real difunden pavadas te\u00f3ricas, y donde abundan un estatismo de opereta, una mentalidad de repartici\u00f3n p\u00fablica, una idea de prebendarismo generalizado y una divinizaci\u00f3n creciente de la doctora. Que tiene por costumbre interpretar arbitrariamente el voto: si ella es vicepresidenta y Axel es gobernador quiere decir que el pueblo aprob\u00f3 hasta el \u00faltimo documento de La C\u00e1mpora: qu\u00e9 precisi\u00f3n por el detalle tienen las grandes mayor\u00edas, compa\u00f1eros<\/em>\u201d. La vida real. Algo que el novelero, perdido en la bruma de sus folletos b\u00e1sicos, desconoce profundamente. Y si bien es cierto que a veces los electores se equivocan (recuerden el gobierno de 2015 a 2019), son las menos. Cristina fue, por obra y gracia del voto, legisladora provincial y nacional, dos veces Presidenta y ahora Presidenta. Y Axel Kiciloff gan\u00f3 la gobernaci\u00f3n de la Provincia m\u00e1s poblada del pa\u00eds por una ampl\u00edsima mayor\u00eda. Ojo que para Joaqu\u00edn Morales Sol\u00e1, en su nota del 14\/03\/2021, eso solo significa que \u201c<em>Cristina quiere una monarqu\u00eda electiva<\/em>\u201d. Columna en la que vuelve a plantear las supuestas diferencias entre el Presidente y su vice: \u201c<em>Una colisi\u00f3n oculta en este \u00faltimo caso por la insistencia argumental de Alberto Fern\u00e1ndez, que repite que no pasa nada entre ellos. Cristina Kirchner lo desmiente siempre con el silencio, con los trascendidos que surgen del Instituto Patria o con sus propios discursos y cartas p\u00fablicas<\/em>\u201d. Si no habla porque no habla, y si lo hace porque lo hace. Qu\u00e9 claridad en la argumentaci\u00f3n. La misma que lo lleva a decir que \u201c<em>La cesant\u00eda de Losardo no pudo ser jam\u00e1s una decisi\u00f3n del Presidente. Losardo y Vilma Ibarra son las dos \u00fanicas personas en las que Alberto Fern\u00e1ndez conf\u00eda ciegamente<\/em>\u201d. Como el Presidente lo explic\u00f3, fue Losardo la que decidi\u00f3 renunciar, porque se sent\u00eda agobiada. Lo que ocurre es que don Joaqu\u00edn precisa llegar al punto que le interesa: \u201c<em>El conflicto es m\u00e1s grave de lo que parece porque Cristina Kirchner se est\u00e1 metiendo en dos sectores de la administraci\u00f3n, la Justicia y la econom\u00eda, que el Presidente cre\u00eda que controlar\u00eda siempre \u00e9l<\/em>\u201d. Otra vez el cuentito de la discordia. Que adem\u00e1s se alimenta con mentiras como cuando insiste en decir que las intimaciones de la Anses a los jueces que dijeron querer jubilarse -procedimiento normal en estos casos- y los traslados de los jueces Leopoldo Bruglia y Pablo Bertuzzi -en realidad, regresarlos al lugar para el que fueron designados- son provocaciones kirchneristas. Sol\u00e1 no puede desconocer el funcionamiento institucional, pero s\u00ed te\u00f1irlo de su visi\u00f3n, siempre alineada con la derecha reaccionaria. Por eso dice que: \u201c<em>El Gobierno no puede prescindir de la vicepresidenta, pero su desmesurada participaci\u00f3n en la administraci\u00f3n del pa\u00eds debilita a Alberto Fern\u00e1ndez<\/em>\u201d. Y cierra esta columna explicando que \u201c<em>El proyecto de Cristina es un proyecto de poder, pol\u00edtico y familiar. Son pocos los pa\u00edses en el mundo gobernados por una monarqu\u00eda electiva, pero existen. En todos esos casos, la democracia es solo una vaga noci\u00f3n o una nostalgia<\/em>\u201d. Siguiendo con la l\u00f3gica de inventar noticias y divulgar falsas opiniones como si fueran verdades consagradas, Jonatan Viale el 15\/03\/2021 descubre que Mart\u00edn Soria, designado Ministro de Justicia y Derechos Humanos, \u201c<em>Evidentemente era el elegido de Cristina<\/em>\u201d. Algo que antes no parec\u00eda tan claro para sus colegas en la invenci\u00f3n de falsedades, que cuando Soria fue nombrado por Alberto (pero no designado inmediatamente) supusieron que era porque Cristina no lo quer\u00eda. Como si con Viale no alcanzara, el nuevo canal de <strong><em>LA NACI\u00d3N <\/em><\/strong>incorpor\u00f3 a otro personaje de la misma cala\u00f1a, nada menos que Eduardo Feinmann, que descubri\u00f3 que \u201c<em>Mart\u00edn Soria es el creador de la frase Comodoro PRO, hijo de un exgobernador muy importante de R\u00edo Negro, Carlos Soria, que supo ser titular de la SIDE<\/em>\u201d. Y Viale cerr\u00f3 aportando su opini\u00f3n personal sobre el por qu\u00e9 de la elecci\u00f3n de Soria por sobre los otros candidatos. \u201c\u00bf<em>Qu\u00e9 lo consagra como ministro a Mart\u00edn Soria? Haber denunciado a Mauricio Macri<\/em>, <em>sostuvo,<a href=\"https:\/\/www.lanacion.com.ar\/politica\/martin-soria-candidato-a-suceder-a-marcelo-losardo-tiene-un-largo-historial-de-denuncias-contra-nid09032021\/\"> en relaci\u00f3n a la presunta mesa judicial q<\/a>ue, seg\u00fan el kirchnerismo, impulsaba el entonces oficialismo<\/em>\u201d. Si fuera por las denuncias contra el domador de reposeras, tendr\u00edamos sobrepoblaci\u00f3n de Ministros de Justicia. Y que la mesa judicial con la que el macrismo infect\u00f3 los Tribunales exist\u00eda no es un delirio del kirchnerismo, sino algo tan evidente y de tanto mal olor que hasta la profetisa de Exaltaci\u00f3n de la Cruz la repudi\u00f3. Cambiando un poco el tema, pero siempre dentro de la tendencia a arremeter contra el kirchnerismo y a acusarlo de todos los males, el 15\/03\/2021 aparece Alfredo Leuco, otro que conoce de los saltos de un lado a otro del universo pol\u00edtico, y nos habla de \u201c<em>El mausoleo de la corrupci\u00f3n K<\/em>\u201d. Por si se nos hab\u00eda olvidado, se refiere al que guarda los restos de N\u00e9stor Kirchner, el detestado Presidente que trajo a la pol\u00edtica el aire puro del sur. Leuco nos cuenta que \u201c<em>Ya conoc\u00eda ese verdadero monumento a la corrupci\u00f3n K, pero la toma desde el aire sintetiza y muestra en toda su dimensi\u00f3n lo peor de ese ladri progresismo feudal<\/em>\u201d. Vale aclarar que en esta nueva etapa del columnista, todo lo que sea progresista es malo. Y si es populismo mucho peor. As\u00ed sostiene que el mausoleo \u201c<em>pol\u00edticamente es la radiograf\u00eda obscena del verdadero pensamiento de los Kirchner. Ah\u00ed, en esa desmesura y en esas diferencias abismales se nota cu\u00e1l es su verdadera idea de equidad y justicia social. Pobreza para todos y riqueza solo para ellos. Nacional populismo cleptocr\u00e1tico. Insisto: se llenaron la boca diciendo que iban a redistribuir la riqueza y cumplieron: la redistribuyeron entre ellos. Todos enriquecidos ilegalmente. La familia entera. N\u00e9stor, Cristina, M\u00e1ximo, Florencia y hasta el primero Carlos Santiago. El gabinete entero<\/em>\u201d. R\u00e1pidamente en sinton\u00eda con las mentiras vomitadas por el pasqu\u00edn de don Bartolo, no trepida en mentir y difamar. Y por las dudas no se detiene en la familia Kirchner sino que se las toma contra todo el gabinete. No, Leuco. El gabinete entero que se enriqueci\u00f3 es el que lo tiene contratado para decir las mentiras que ahora dice. Y que lo llevan a escribir que \u201c<em>es algo que tambi\u00e9n est\u00e1 fuera de tiempo y de toda l\u00f3gica. Solo los dictadores construyen sepulcros suntuosos como Lenin, Mao o Hugo Ch\u00e1vez. Tambi\u00e9n personajes hist\u00f3ricos como Napole\u00f3n o el emperador Adriano. En este caso, el \u2018ping\u00fcino emperador\u2019 tiene esa megaestructura que parece una mansi\u00f3n berlusconiana, en medio de una necr\u00f3polis de gente sencilla<\/em>\u201d. Revisen la historia de lo que escrib\u00eda y sosten\u00eda en otras \u00e9pocas, no tan distantes, el nuevo encargado de difamar gente. Si su antigua devoci\u00f3n a alguno de los mencionados valiera alg\u00fan reclamo, m\u00e1s de uno de sus camaradas de anta\u00f1o estar\u00edan m\u00e1s que gustosos en hacerlos. A la nueva pluma no le interesa arremeter contra N\u00e9stor, que ya se muri\u00f3, sino contra la bestia negra de la derecha. As\u00ed que ah\u00ed va al cierre de su nota diciendo que \u201c<em>es Cristina la que no se conforma con lo sencillo o lo cotidiano. Ella s\u00ed le da mucho valor a la elegancia y la majestuosidad. Ella milita desde siempre en la agrupaci\u00f3n Luis Vuitton para la Liberaci\u00f3n y Rolex o muerte<\/em>\u201d. Cosas como las que en otros d\u00edas se dec\u00edan de la inmortal Evita y que no valen m\u00e1s comentarios. Ni siquiera puede ser original, el nuevo escriba.Fernando Laborda el 16\/03\/2021 nos habla de \u201c<em>La profec\u00eda autocumplida de Alberto Fern\u00e1ndez: gan\u00f3 Cristina Kirchner<\/em>\u201d. Y explica, como siempre sin dar raz\u00f3n de sus dichos ni citar fuentes confiables, que \u201c<em>Con el ascenso del rionegrino<a href=\"https:\/\/www.lanacion.com.ar\/politica\/quien-es-martin-soria-el-diputado-que-se-perfila-para-reemplazar-a-marcela-losardo-en-justicia-nid09032021\/\"> Soria,<\/a> un dirigente que en los \u00faltimos tiempos se acerc\u00f3 al cristinismo y que puede ser considerado un denunciador serial que ha embestido contra jueces y contra el gobierno de Mauricio Macri, qued\u00f3 ratificada la completa tercerizaci\u00f3n del Ministerio de Justicia en la vicepresidenta<\/em>\u201d. Es as\u00ed porque nos lo cuenta Laborda. Que no se conforma con eso s\u00f3lo, tambi\u00e9n advierte que \u201c<em>La posibilidad de que el temor y la incomodidad se est\u00e9n adue\u00f1ando de no pocos integrantes del gabinete de ministros plantea el peligro de que la propia gesti\u00f3n sufra los efectos de una par\u00e1lisis. Se le terminar\u00eda as\u00ed d\u00e1ndole la raz\u00f3n a la propia Cristina Kirchner sobre los funcionarios que no funcionan, reptando timoratos en medio de un gobierno donde no est\u00e1 claro qui\u00e9n gobierna, pero donde todos perciben d\u00f3nde habita el poder real<\/em>\u201d. Laborda, todos sabemos cu\u00e1l es el poder real al que usted sirve. El mismo que desde los mismos comienzos de la historia patria no quiere saber nada con la felicidad del pueblo, que no se conforma con el rol de subordinados perpetuos sin posibilidad de futuro al cual sus mandantes, don Fernando, los quieren condenar. El que le hace escribir que \u201c<em>La imagen del primer mandatario no ha dejado de caer en las \u00faltimas semanas, de acuerdo con distintos sondeos de opini\u00f3n p\u00fablica. Pero m\u00e1s preocupante todav\u00eda es la percepci\u00f3n sobre la p\u00e9rdida de su autoridad<\/em>\u201d. Otra vez, las cosas son as\u00ed porque las publica <strong><em>LA NACI\u00d3N<\/em><\/strong>. Cuya relaci\u00f3n hist\u00f3rica con la opini\u00f3n p\u00fablica es su constante decisi\u00f3n de moldearla de tal forma que los argentinos acepten resignados su destino de sometimiento. Fiel a esa consigna, Laborda dice que \u201c<em>Cristina necesitaba, en cambio, un hombre consustanciado con las reformas radicalizadas inspiradas desde el Instituto Patria para cambiar la estructura org\u00e1nica del Poder Judicial y someterlo al poder pol\u00edtico<\/em>\u201d. Agrega luego que \u201c<em>No hay dudas. Cristina les gan\u00f3 la pulseada a los moderados, ante la pasividad del devaluado profesor de Derecho que ha sido elegido para regir los destinos de la Argentina<\/em>\u201d. Y cierra diciendo que \u201c<em>Alberto Fern\u00e1ndez ha sido presa de su propio temor original. Es v\u00edctima de su profec\u00eda autocumplida<\/em>\u201d. Todo lo que los columnistas del pasqu\u00edn de los Mitre-Saguier vienen repitiendo desde los albores del gobierno del Frente de Todos. Carlos Pagni siempre parece estar un poco por encima de sus colegas del sesquicentenario pasqu\u00edn. Al menos se preocupa por escribir mejor y disfrazar las falsedades con algunos toques de realismo. As\u00ed, el 16\/03\/2021 habla de \u201c<em>La estrategia de poner un ministro que parece suyo y no de ella<\/em>\u201d. T\u00edtulo que parece descubrir que el Presidente tiene ideas que van m\u00e1s all\u00e1 de las de su Vicepresidenta. Claro que a continuaci\u00f3n, Pagni cae en la met\u00e1fora para rebatir esa idea, y dice que \u201c<em>Si imagin\u00e1ramos que Alberto Fern\u00e1ndez es un barrilete, pareciera que necesita, para tener un rumbo, una cola, algo que lo estabilice desde atr\u00e1s. En la vida real se llama Cristina Kirchner<\/em>\u201d. Es claro que no somete al Presidente a los designios de la Vice sino que los imagina como un sistema complementario. Al cual le descubre r\u00e1pidamente una falla: \u201c<em>\u00bfPor qu\u00e9 se demor\u00f3 una semana el Presidente en identificar al sucesor de Marcela Losardo? Porque Cristina Kirchner no le provey\u00f3 una referencia. Se abstuvo de opinar. Lo dej\u00f3 sin cola<\/em>\u201d. N\u00f3tese que Pagni est\u00e1 diciendo que Soria no es una imposici\u00f3n de Cristina. Es una decisi\u00f3n a la que Alberto se vio obligado justamente porque Cristina no le dio ninguna opci\u00f3n. Ni a favor ni en contra del rionegrino o de cualquiera de los otros candidatos que se voceaban en los mundillos de las redacciones. Pagni entiende que \u201c<em>En materia de pol\u00edtica judicial, Fern\u00e1ndez tiene un problema de muy dif\u00edcil soluci\u00f3n. \u00c9l quiere dar satisfacci\u00f3n a un clima de \u00e9poca, que se expresa sobre todo en el voto opositor, m\u00e1s que nada en sectores muy recalcitrantes de Juntos por el Cambio que tienen en el centro de su visi\u00f3n de la vida p\u00fablica los problemas de calidad institucional, en especial los que hay con la Justicia<\/em>\u201d. Bien le\u00edda, la frase reconoce que la reforma judicial es algo que reclama todo el mundo. Incluso los m\u00e1s conservadores de la oposici\u00f3n. Cuesti\u00f3n que se refuerza cuando leemos que Pagni cree que \u201c<em>es posible que a Fern\u00e1ndez le pase algo, que seguramente sea injusto: cada vez que quiera tocar un tema de reforma judicial, a\u00fan con la mejor buena fe, desde la oposici\u00f3n le van a decir que est\u00e1 buscando la impunidad de Cristina<\/em>\u201d. Tambi\u00e9n se lo van a decir desde las p\u00e1ginas de <strong><em>LA NACI\u00d3N<\/em><\/strong>, agrego yo. Pagni completa sus reflexiones sobre la decisi\u00f3n de Alberto: \u201c<em>\u00e9l decidi\u00f3 seguir con la misma estrategia: poniendo un ministro que parezca que es suyo y no de ella, pero que sirve de careta a un aparato de poder que controla la vicepresidenta y que opera en la Justicia con mucha intensidad<\/em>\u201d. Y como consecuencia de esa decisi\u00f3n, \u201c<em>empieza a funcionar de nuevo la m\u00e1quina de modificaciones del kirchnerismo sobre el Poder Judicial<\/em>\u201d. Pagni atribuye a Alberto lo que \u00e9l hace: parece que lo que dice es una cosa distinta pero al final es lo mismo. Eso s\u00ed, advierte a sus mandantes que \u201c<em>Empieza a haber un debate pol\u00edtico dentro de la oposici\u00f3n. Empieza en el radicalismo y est\u00e1 destinado a modificar las relaciones entre el radicalismo y el Pro, y por lo tanto, todo el juego de Juntos por el Cambio<\/em>\u201d. Me permito meter un poco la cuchara en este tema del radicalismo. Al cual la editorial de la <em>Tribuna de Doctrina<\/em> del 13\/03\/2021 (<em>La oposici\u00f3n y los principios alberdianos<\/em>) le reclama que \u201c<em>El radicalismo debiera afirmarse en el pensamiento de Alem y abandonar definitivamente los \u00faltimos rastros \u2013si es que alguno est\u00e1 a\u00fan en pie\u2013 de la Declaraci\u00f3n de Avellaneda de los a\u00f1os cuarenta y, m\u00e1s moderno en el tiempo, del estructuralismo econ\u00f3mico de la Cepal<\/em>\u201d. Algo contradictoria la exigencia, ya que don Leandro, el que no acept\u00f3 pactar con el mitrismo y el r\u00e9gimen porque se sent\u00eda <em>radical e intransigente, <\/em>proclamaba que \u201c<em>Nuestra causa es la causa de los despose\u00eddos<\/em>\u201d. Desde su alianza con el Pro, la causa de estos radicales es la de los desposeedores. Para terminar, otra vez aparece Joaqu\u00edn Morales Sol\u00e1, que el 16\/03\/2021 y en tono apocal\u00edptico titula: \u201c<em>Mart\u00edn Soria: una guerra ha comenzado<\/em>\u201d. No nos enga\u00f1a, don Joaqu\u00edn. Ustedes siempre han estado en guerra con el pueblo. Desde la misma creaci\u00f3n de <strong><em>LA NACI\u00d3N<\/em><\/strong>. \u00bfA qu\u00e9 atribuye Morales Sol\u00e1 el inicio de las hostilidades? Empieza diciendo que \u201c<em>Durante una semana, el Presidente imagin\u00f3 f\u00f3rmulas diversas para resolver un problema que carec\u00eda de una soluci\u00f3n buena. Desde el momento en que entreg\u00f3 la cabeza de su exministra de Justicia Marcela Losardo, ya no le fue posible jugar con los matices<\/em>\u201d. Otra vez, la idea de un Alberto entregado por haber tenido que entregar a Losardo. Y m\u00e1s de lo mismo a continuaci\u00f3n: \u201c<em>El<a href=\"https:\/\/www.lanacion.com.ar\/politica\/martin-soria-el-poder-judicial-y-la-corte-suprema-como-su-cabeza-nos-preocupan-nid16032021\/\"> Ministerio de Justicia <\/a>es ya un lugar colonizado absolutamente por Cristina Kirchner. Sus enemigos son los jueces y los periodistas independientes. La guerra ha comenzado<\/em>\u201d. Los que Morales llama \u201cjueces y periodistas independientes\u201d son todo lo contrario. Son los jueces que desataron el lawfare para perseguir a los opositores a las pol\u00edticas de entrega del macrismo. Son los empleados de los medios hegem\u00f3nicos, siempre dispuestos a mentir y a difamar como les mandan sus patrones. Y son, esos jueces y esos escribas, los que est\u00e1n en guerra contra todo lo que no se les someta. Morales Sol\u00e1 sentencia: \u201c<em><a href=\"https:\/\/www.lanacion.com.ar\/politica\/martin-soria-el-poder-judicial-y-la-corte-suprema-como-su-cabeza-nos-preocupan-nid16032021\/\">La elecci\u00f3n de Mart\u00edn Soria e<\/a>s una mala decisi\u00f3n pol\u00edtica, que lo desfigurar\u00e1 aun m\u00e1s al Presidente. Ya hab\u00eda profundizado su debilidad cuando dej\u00f3 caer a Losardo, pero con Soria se ver\u00e1 obligado a suscribir posiciones radicalizadas propias de la expresidenta<\/em>\u201d. Para sustentar tal cosa, dice que \u201c<em>Mucho m\u00e1s importante es lo que hizo el nuevo ministro en tiempos m\u00e1s recientes. Hurg\u00f3 en el libro de entradas de la Casa de Gobierno o en el de las audiencias del entonces presidente Mauricio Macri para sacar absurdas conclusiones sobre el lawfare. Encontr\u00f3 los nombres de periodistas y de jueces, que ingresaron en d\u00edas o en horas distintas, y sac\u00f3 conclusiones desopilantes<\/em>\u201d. Deteng\u00e1monos aqu\u00ed. Lo que molesta a Morales es que Soria sac\u00f3 a la luz las visitas del camarista de Casaci\u00f3n Gustavo Hornos y del Fiscal procesado Carlos Stornelli, entre otros guerreros de la causa judicial, a la Casa Rosada. Visitas que fueron seguidas de pronunciamientos judiciales aplaudidos por el macrismo. Tampoco le gusta a don Joaqu\u00edn que \u201c<em>Soria ya dio nombres de periodistas porque simplemente ingresaron a la Casa de Gobierno en tiempos de Macri. En un ejercicio de cristinismo expl\u00edcito, vincul\u00f3 esos ingresos con decisiones pol\u00edticas que luego tom\u00f3 el gobierno de Macri o con publicaciones que despu\u00e9s hicieron medios period\u00edsticos<\/em>\u201d. Como en el caso de los operadores judiciales, est\u00e1 muy claro que a las visitas de los escribas siguieron notas en los medios hegem\u00f3nicos -incluida <strong><em>LA NACI\u00d3N<\/em><\/strong>, claro est\u00e1- dando instrucciones a los jueces o dict\u00e1ndoles anticipadamente sus resoluciones, o aplaudiendo las pol\u00edticas de entrega del ingeniero sin ingenio y sus secuaces. Basta fijarse en qu\u00e9 fechas fueron las visitas y qu\u00e9 resoluciones o notas las siguieron. Morales vuelve con sus obsesiones, con foco en Cristina: \u201c<em>La vicepresidente tiene ahora en el Ministerio de Justicia a un ej\u00e9rcito propio. El viceministro, Juan Mart\u00edn Mena; el secretario de Derechos Humanos, Horacio Pietragalla, y la titular del Servicio Penitenciario Federal, Mar\u00eda Garrig\u00f3s de R\u00e9bori, quien como jueza fue una de las fundadoras de la agrupaci\u00f3n judicial kirchnerista Justicia Leg\u00edtima, responden directamente al Instituto Patria, sancta sanctorum del cristinismo, no a la Casa de Gobierno<\/em>\u201d. Todos son funcionarios designados por Alberto Fern\u00e1ndez, y no se sabe, a estas horas en las que la asunci\u00f3n del cargo de Ministro por parte de Soria todav\u00eda no ocurri\u00f3, si quedar\u00e1n o no en sus puestos. Si lo hacen, ser\u00e1 porque la alianza establecida entre los distintos sectores provenientes del peronismo que dio lugar al Frente de Todos conserva su vigencia. Buena noticia para muchos, p\u00e9sima para Morales Sol\u00e1 y sus mandantes. El columnista termina diciendo que \u201c<em>El Presidente lidera una sociedad angustiada por otros asuntos, como la lent\u00edsima evoluci\u00f3n de la vacunaci\u00f3n contra el Covid-19 o la crisis econ\u00f3mica que ahond\u00f3 la pandemia, que ya devast\u00f3 el comercio y la peque\u00f1a y mediana empresa. Su prioridad es, sin embargo, la Justicia, porque esa es la prioridad de Cristina Kirchner. Alberto Fern\u00e1ndez eligi\u00f3 comenzar una guerra in\u00fatil en su momento de mayor debilidad pol\u00edtica. Si esas son sus opciones, cerca de Cristina y lejos de la sociedad, el Presidente no podr\u00e1 atribuirle su mala hora a la adversidad ni a sus enemigos<\/em>\u201d. Sin darse cuenta de que lo hace, el que fuera cronista del Operativo Independencia est\u00e1 elogiando al Presidente y su Vice. Porque si la prioridad de ambos es la justicia, est\u00e1n en el sendero correcto. Lo malo ser\u00eda que hubieran optado por darle la espalda.<\/p>\n","protected":false},"excerpt":{"rendered":"<p>No se crean que voy a ponerme a discurrir acerca de aquellos que usaron su&#8230;<\/p>\n","protected":false},"author":1,"featured_media":0,"comment_status":"open","ping_status":"open","sticky":false,"template":"","format":"standard","meta":{"footnotes":""},"categories":[17],"tags":[],"class_list":["post-359","post","type-post","status-publish","format-standard","hentry","category-contra-mitre"],"_links":{"self":[{"href":"https:\/\/luisalen.com\/index.php?rest_route=\/wp\/v2\/posts\/359","targetHints":{"allow":["GET"]}}],"collection":[{"href":"https:\/\/luisalen.com\/index.php?rest_route=\/wp\/v2\/posts"}],"about":[{"href":"https:\/\/luisalen.com\/index.php?rest_route=\/wp\/v2\/types\/post"}],"author":[{"embeddable":true,"href":"https:\/\/luisalen.com\/index.php?rest_route=\/wp\/v2\/users\/1"}],"replies":[{"embeddable":true,"href":"https:\/\/luisalen.com\/index.php?rest_route=%2Fwp%2Fv2%2Fcomments&post=359"}],"version-history":[{"count":1,"href":"https:\/\/luisalen.com\/index.php?rest_route=\/wp\/v2\/posts\/359\/revisions"}],"predecessor-version":[{"id":360,"href":"https:\/\/luisalen.com\/index.php?rest_route=\/wp\/v2\/posts\/359\/revisions\/360"}],"wp:attachment":[{"href":"https:\/\/luisalen.com\/index.php?rest_route=%2Fwp%2Fv2%2Fmedia&parent=359"}],"wp:term":[{"taxonomy":"category","embeddable":true,"href":"https:\/\/luisalen.com\/index.php?rest_route=%2Fwp%2Fv2%2Fcategories&post=359"},{"taxonomy":"post_tag","embeddable":true,"href":"https:\/\/luisalen.com\/index.php?rest_route=%2Fwp%2Fv2%2Ftags&post=359"}],"curies":[{"name":"wp","href":"https:\/\/api.w.org\/{rel}","templated":true}]}}