{"id":361,"date":"2021-03-25T19:23:00","date_gmt":"2021-03-25T19:23:00","guid":{"rendered":"https:\/\/luisalen.com\/?p=361"},"modified":"2023-02-07T21:06:03","modified_gmt":"2023-02-07T21:06:03","slug":"dormilones","status":"publish","type":"post","link":"https:\/\/luisalen.com\/?p=361","title":{"rendered":"Dormilones"},"content":{"rendered":"\n<p>La payasesca imagen del domador de reposeras, sorprendido en su nueva vocaci\u00f3n por domar colchones, reproducida una y mil veces en medios y redes sociales, solo demuestra cu\u00e1l es el verdadero rostro del tipo que comand\u00f3 una banda que destruy\u00f3 todo lo que pudo y se apropi\u00f3 de lo que era de todos. Esa es la cara de la derecha, despreciativa con la pol\u00edtica (incluso cuando se trata de reuniones de sus propios dirigentes) y siempre dispuesta a dormirnos a todos en un sue\u00f1o narc\u00f3tico para poder ejercer mejor su dominio. Un dominio que se construy\u00f3 a partir del exterminio de toda disidencia, all\u00e1 por la d\u00e9cada de 1860, cuando Faustino Valent\u00edn Quiroga Sarmiento, que se hac\u00eda llamar Domingo Faustino, aconsejaba al fundador de la <em>Tribuna de Doctrina<\/em> \u201c<em>no escatime sangre de gauchos. Es un abono que es preciso hacer \u00fatil a esta tierra<\/em>\u201d (<em>Carta de Domingo F. Sarmiento a Bartolom\u00e9 Mitre del 20 de septiembre de 1861, en Galasso, Norberto, \u201cSarmiento, \u00bfcivilizado o b\u00e1rbaro?\u201d en Cuadernos para la otra Historia, Buenos Aires: Centro Cultural Enrique S. Disc\u00e9polo, 2003<\/em>). A ese Sarmiento acuden los escribas del mitrismo actual, privados del ingenio que pose\u00eda el sanjuanino, junto a su brutal convicci\u00f3n de la necesidad de la violencia contra el disidente como base necesaria para la construcci\u00f3n de su modelo de pa\u00eds. Sobre esa matriz se iba a construir el EstadoNaci\u00f3n luego de la derrota de Rosas en Caseros. Ese Estado que <em>LA NACI\u00d3N<\/em> reivindica y pretende revivir. Ese Estado construido por Sarmiento junto con don Bartolo. Hay que recordar que la \u00e9poca del gobierno de Mitre se caracteriz\u00f3 por el despliegue de la violencia estatal en contra de sus adversarios, presos en barcos anclados en el R\u00edo de la Plata, exiliados, perseguidos, difamados mientras la prensa era sometida a una rigurosa censura. El pensamiento de Sarmiento fue determinante en la ideolog\u00eda de las clases dominantes. Dos editoriales del pasqu\u00edn mitrista lo recuerdan: \u201c<em>Sarmiento y un sue\u00f1o que vuelve a convocarnos<\/em>\u201d (21\/03\/2021), donde nos dicen que \u201c<em>Sarmiento, que fue el padre del progreso de las clases m\u00e1s pobres a fuerza de educaci\u00f3n p\u00fablica de calidad, promoci\u00f3n de la inmigraci\u00f3n, del empleo privado y de la construcci\u00f3n del Estado nacional fuerte y eficaz, tendr\u00eda que ser evocado<\/em>\u201d. Agregan que \u201c<em>es que hoy la Rep\u00fablica, de la que fue destacado arquitecto, es desafiada. Aquella que no pod\u00eda nacer en 1845 est\u00e1 en peligro en los albores del siglo XXI y es otra vez atacada por quienes pisotean los valores de la libertad, la divisi\u00f3n de poderes y la cultura del m\u00e9rito y del trabajo<\/em>\u201d. Lo definen as\u00ed: \u201c<em>Sarmiento era un intelectual, hacedor, pol\u00e9mico y apasionado, comprometido con la construcci\u00f3n de la Republica y la formaci\u00f3n de la ciudadan\u00eda que ella necesita para funcionar y desarrollarse<\/em>\u201d.&nbsp; Todav\u00eda nos dicen que \u201c<em>Tambi\u00e9n en materia de ampliaci\u00f3n de derechos es pr\u00e1cticamente inagotable el legado de nuestro pr\u00f3cer<\/em>\u201d. Claro que para ejemplificar ese concepto recuerdan que al referirse a Juana Manso y su designaci\u00f3n como funcionaria, dijo que \u201c<em>Juana es el \u00fanico hombre que me entiende<\/em>\u201d. Nombrada no por mujer sino por <em>hombre<\/em>. Gran amplitud. El 22\/03\/2021 una nueva editorial reclama \u201c<em>Volver a Sarmiento cuando la rep\u00fablica est\u00e1 en peligro<\/em>\u201d. M\u00e1s reivindicaciones del sanjuanino: \u201c<em>Fue un gran estadista que organiz\u00f3 el primer censo nacional, para entender el punto de partida. Pens\u00f3 un plan a largo plazo, el secreto de sus \u00e9xitos, y lo llev\u00f3 adelante<\/em>\u201d. Y nos cuentan, como en un librito para la ni\u00f1ez, que \u201c<em>Sarmiento dedic\u00f3 su vida a construir un pa\u00eds con igualdad de oportunidades para todos sus habitantes<\/em>\u201d. Parafrasean a Jorge Luis Borges: \u201c&#8230;<em>Abstra\u00eddo en su larga visi\u00f3n como en un m\u00e1gico cristal que a un tiempo encierra las tres caras del tiempo que es despu\u00e9s, antes, ahora, Sarmiento el so\u00f1ador sigue so\u00f1\u00e1ndonos<\/em>\u201d (<em>El otro, el mismo<\/em>. Jorge Luis Borges, 1989: 222-223). Y rematan \u201c<em>si Sarmiento siguiera so\u00f1\u00e1ndonos, seguramente hoy, en pleno siglo XXI, nos so\u00f1ar\u00eda defendiendo la Rep\u00fablica como lo hizo \u00e9l hace 150 a\u00f1os<\/em>\u201d. Es muy probable que Sarmiento no so\u00f1ara como el dormil\u00f3n que citamos al principio. Pero es muy cierto que su forma de defender al Rep\u00fablica recuerda, o mejor dicho precede, al terrorismo de Estado del que se cumplen cuarenta y cinco a\u00f1os: \u201c<em>Las guerrillas, desde que obran fuera de la protecci\u00f3n de gobiernos y ej\u00e9rcitos, est\u00e1n fuera de la ley y pueden ser ejecutadas por los jefes en campa\u00f1a. Los salteadores notorios est\u00e1n fuera de la ley de las naciones y de la ley municipal, y sus cabezas deben ser expuestas en los lugares de sus fechor\u00edas. Este es el uso que hace, no la Rep\u00fablica m\u00e1s celosa de las garant\u00edas, sino todo Estado, todo soberano, de los privilegios que las naciones se han reservado a s\u00ed mismas para proveer a su preservaci\u00f3n y conservaci\u00f3n, atacadas por quienquiera que sea\u2026 Pueden sobrevenir tiempos, dice un constitucionalista ingl\u00e9s, de gran peligro, cuando la conservaci\u00f3n de todos exige el sacrificio de los derechos de unos pocos; circunstancias que no s\u00f3lo justifican sino que fuerzan al temporario abandono de las formas constitucionales<\/em>\u201d. (Sarmiento, Domingo F., \u201c<em>El Chacho, \u00faltimo caudillo de la montonera de los llanos.Episodio de 1863<\/em>\u201d, en \u201c<em>Facundo; o civilizacion i barbarie en las pampas argentinas<\/em>\u201d, Nueva York: D. Appleton y Cia. 1868). Para defender su modelo de Rep\u00fablica, Sarmiento no vacil\u00f3 en abandonar el derecho y recurrir a la violencia m\u00e1s extrema. Sacrificar los derechos de los adversarios, abandonar las formas constitucionales. Tal la manera en que Sarmiento se defend\u00eda y la que <strong><em>LA NACI\u00d3N<\/em><\/strong> reclama hoy. En ese camino anda H\u00e9ctor M.Guyot cuando el 20\/03\/2021 titula \u201c<em>La fase superadora del relato<\/em>\u201d. Como si nos contara los primeros d\u00edas del macrismo, dice que \u201c<em>A partir de ahora, el embate contra<\/em><a href=\"https:\/\/www.lanacion.com.ar\/opinion\/el-viaje-a-ninguna-parte-de-un-pais-marginado-nid19032021\/\"><\/a><a href=\"https:\/\/www.lanacion.com.ar\/opinion\/el-viaje-a-ninguna-parte-de-un-pais-marginado-nid19032021\/\"><em>el<\/em><\/a><a href=\"https:\/\/www.lanacion.com.ar\/opinion\/el-viaje-a-ninguna-parte-de-un-pais-marginado-nid19032021\/\"><\/a><a href=\"https:\/\/www.lanacion.com.ar\/opinion\/el-viaje-a-ninguna-parte-de-un-pais-marginado-nid19032021\/\"><em>Poder<\/em><\/a><a href=\"https:\/\/www.lanacion.com.ar\/opinion\/el-viaje-a-ninguna-parte-de-un-pais-marginado-nid19032021\/\"><\/a><a href=\"https:\/\/www.lanacion.com.ar\/opinion\/el-viaje-a-ninguna-parte-de-un-pais-marginado-nid19032021\/\"><em>Judicial<\/em><\/a><a href=\"https:\/\/www.lanacion.com.ar\/opinion\/el-viaje-a-ninguna-parte-de-un-pais-marginado-nid19032021\/\"><\/a><em>ser\u00e1 tan virulento que resultar\u00e1 dif\u00edcil darles a los hechos dirigidos a consagrar la impunidad otra interpretaci\u00f3n que la literal<\/em>\u201d. Pero no, est\u00e1 combatiendo contra el gobierno elegido por las mayor\u00edas populares en 2019. Sigue expresando que \u201c<em>El asedio a la Justicia comenz\u00f3 no bien un presidente que posaba como moderado se calz\u00f3 la banda presidencial<\/em>\u201d. Otra vez, la confusi\u00f3n entre Poder Judicial y Justicia, premeditada para moldear una opini\u00f3n p\u00fablica que se escandalice. Guyot celebra que los jueces ejerzan lo que \u00e9l llama resistencia (y nosotros, el deseo e perpetuarse en sus sillones y no rendir cuentas de sus actos). \u201c<em>Esta resistencia parte esencialmente de jueces que no se allanan a las pretensiones del poder, de la oposici\u00f3n (ahora fortalecida por la reaparici\u00f3n de Mauricio Macri), del periodismo independiente y sobre todo de una parte muy importante de la sociedad que no se resigna a soslayar la prueba reunida en los tribunales ni a ver al pa\u00eds convertido en un feudo<\/em>\u201d. Las fuerzas que celebra el columnista cuentan con la invaluable participaci\u00f3n del ingeniero sin ingenio y sus pijamas. Tal vez lo vea so\u00f1ando los sue\u00f1os de Sarmiento. Lo cierto es que la falsa imagen de la realidad que intenta construir Guyot lo lleva a sostener que <em>\u201cLa radicalizaci\u00f3n del asedio, de cualquier modo, pondr\u00e1 en una disyuntiva a los c\u00ednicos que hasta aqu\u00ed la han jugado de democr\u00e1ticos y dialoguistas mientras acompa\u00f1aban de forma activa el avance del proyecto hegem\u00f3nico de Cristina Kirchner<\/em>\u201d. Uno debe leer que para el columnista, ser democr\u00e1tico y dialoguista equivale a ser c\u00ednico. Acostumbrado a convivir con mentirosos, tal vez crea que todos lo son. El 21\/03\/2021 el inefable servidor Pablo Sirv\u00e9n llama: \u201c<em>Adelante radicales: hora de entrenar<\/em>\u201d. Y comparando las internas de los socios del Pro con las recientes aventuras de Pichetto y compa\u00f1\u00eda, se pregunta si <em>\u201c\u00bfel \u2018peronismo republicano\u2019 no est\u00e1 ya inventado? \u00bf\u2018Derechos+Rep\u00fablica\u2019 no ser\u00eda acaso una buena s\u00edntesis del ideario de la Uni\u00f3n C\u00edvica Radical?<\/em>\u201d. Si Sirv\u00e9n se tomara el trabajo de entender los t\u00e9rminos que usa, sabr\u00eda que en el sentido estricto de la palabra <em>rep\u00fablica<\/em> est\u00e1 presente en el peronismo desde su nacimiento. Porque con todos sus matices fue y es un movimiento convencido de que la <em>cosa p\u00fablica<\/em> debe ser usada en favor de todos y no la propiedad privada de unos pocos. Lo que deber\u00eda haber se\u00f1alado es que Pichetto poco tiene que ver con ese concepto de <em>rep\u00fablica<\/em> y menos con la historia del peronismo. Hablando de historia, la de la Uni\u00f3n C\u00edvica Radical poco tiene que ver con su actualidad. Para Leandro N. Alem su causa era la causa de los despose\u00eddos. Hip\u00f3lito Yrigoyen dec\u00eda que los hombres eran sagrados para los hombres, como los pueblos sagrados para los pueblos. Y combat\u00eda contra <em>el r\u00e9gimen falaz y descre\u00eddo<\/em>. Nada que hagan los que hoy se proclaman radicales y pervierten ese legado. El servicial Sirv\u00e9n se ilusiona pensando que \u201c<em>como el sol, que siempre est\u00e1 aunque est\u00e9 nublado, los radicales tambi\u00e9n est\u00e1n, aunque a veces no hagan suficiente bandera con sus logros<\/em>\u201d. Si de estos que se autodenominan radicales habla, deber\u00eda explicar de qu\u00e9 logros se trata. \u00bfDe los delirios separatistas de Rodolfo Su\u00e1rez, el gobernador que pretende independizar a Mendoza? \u00bfDe las represiones brutales que practica asiduamente Gerardo Morales, el pretenso emperador juje\u00f1o que someti\u00f3 al Poder Judicial a sus designios y mantiene en injusta prisi\u00f3n a Milagro Sala y sus compa\u00f1eros? \u00bfO de las andanzas del Ministro de Salud correntino y las novecientas vacunas que llevaba con destino incierto? No, los radicales que celebra Sirv\u00e9n son los que \u201c<em>a\u00fan no perdonan que Rogelio Frigerio y Emilio Monz\u00f3 le hayan concedido a Sergio Massa introducir a su gente en el Consejo de la Magistratura y en la Auditor\u00eda General de la Naci\u00f3n, facilitando as\u00ed los planes actuales del ultrakirchnerismo, que busca arrasar con todo con tal de dejar \u2018libre de culpa y cargo\u2019 (dixit Mart\u00edn Soria, flamante ministro de Justicia) a la supervicepresidenta Cristina Kirchner<\/em>\u201d. O sea, los radicales que no saben que seg\u00fan las leyes que rigen sus funcionamientos, en el Consejo de la Magistratura y en la Auditor\u00eda General de la Naci\u00f3n debe haber representaci\u00f3n de las distintas fuerzas pol\u00edticas, cosa que nada tiene que ver con los supuestos planes del ultrakirchnerismo y que se produjo mucho antes de la designaci\u00f3n de Mart\u00edn Soria como futuro Ministro de Justicia y Derechos Humanos. Joaqu\u00edn Morales Sol\u00e1 el 21\/03\/2021 cree que \u201c<em>Triunf\u00f3 la pol\u00edtica de la patota<\/em>\u201d. Diciendo una y otra vez las mismas cosas, vuelve a contar que \u201c<em>La guerra con la Justicia se despliega en distintos espacios y niveles, aunque en todos lados el objetivo es el mismo: acobardar a los jueces independientes para que estos opten por la renuncia o la jubilaci\u00f3n<\/em>\u201d. Ni guerra ni Justicia. Ni mucho menos jueces independientes. Lo que preocupa a Morales Sol\u00e1 es que el avance de distintas investigaciones que complican a jueces, ex funcionarios y esp\u00edas y empleados de los medios, va dejando a la luz las maniobras llevadas a cabo por la mesa judicial macrista para perseguir a sus opositores, los mismos para los que escribe el cronista de los genocidas que asolaron Tucum\u00e1n durante el terrorismo de Estado. Contra toda l\u00f3gica, Sol\u00e1 defiende al Procurador ante la Corte Suprema de Justicia de las fundadas cr\u00edticas que se le hacen. \u201c<em>Casal no est\u00e1 \u2018atornillado\u2019 al sill\u00f3n, seg\u00fan la despectiva descripci\u00f3n de Soria. Est\u00e1 haciendo interinamente el trabajo de procurador general porque su larga carrera judicial lo coloc\u00f3 en ese lugar cuando renunci\u00f3 Alejandra Gils Carb\u00f3<\/em>\u201d. Desconf\u00eden de las largas carreras judiciales. Casal ingres\u00f3 al Poder Judicial de la Naci\u00f3n, en la justicia penal ordinaria de la Ciudad de Buenos Aires, en 1977, \u00e9poca de la dictadura genocida. Y en 1992 Carlos Menem lo design\u00f3 procurador fiscal ante la Corte Suprema de Justicia de la Naci\u00f3n. Lindos antecedentes. Para el columnista, \u201c<em>Casal es una de las obsesiones del cristinismo, tal vez porque no decapit\u00f3 a su otra obsesi\u00f3n, el fiscal Carlos Stornelli, que fue quien tom\u00f3 las declaraciones como arrepentidos de los secretarios del matrimonio Kirchner y del propio contador de esa familia. Los delitos de corrupci\u00f3n de la familia Kirchner est\u00e1n m\u00e1s respaldados por esos testimonios que por los de los empresarios<\/em>\u201d. El cristinismo, fantasma que agita don Joaqu\u00edn con obstinada preocupaci\u00f3n. Casal protege al procesado Stornelli, denunciado por exigir a los presuntos <em>arrepentidos<\/em> que denunciaran a Cristina Fern\u00e1ndez de Kirchner para no ir presos. No son testimonios, sino declaraciones de imputados que las prestaron en ese contexto y sin que quede el registro fidedigno de las mismas. Proceder nada republicano, por cierto. Morales cierra su columna con nuevas falsedades, como cuando dice, en relaci\u00f3n a la persecuci\u00f3n desatada contra el Grupo Indalo durante el macrismo, que \u201c<em>todo comenz\u00f3 cuando la AFIP descubri\u00f3 que L\u00f3pez y De Sousa se hab\u00edan quedado con 8000 millones de pesos (cuyo valor era diez veces superior al actual) que recaudaron mientras vend\u00edan naftas<\/em>\u201d. Las pericias practicadas en la causa seguida a esos empresarios demostraron que esa cifra es un invento sin m\u00e1s base que rumores o versiones sin sustento real alguno, divulgadas por los empleados de los medios hegem\u00f3nicos. Falta de sustento que tuvo que reconocer otro columnista de<strong><em> LA NACI\u00d3N<\/em><\/strong>, Hugo Alconada Mon, cuando lo convocaron a prestar declaraci\u00f3n como testigo. Y Morales incurre en una nueva falsedad cuando sostiene que \u201c<em>Es extra\u00f1o que la magistrada haya entregado solo los cruces telef\u00f3nicos de Rodr\u00edguez Sim\u00f3n (o que la defensa de los empresarios kirchneristas haya pedido solo los de ese exfuncionario) cuando en la causa est\u00e1n imputados otros funcionarios de la era Macri y el propio Macri<\/em>\u201d. Se refiere a la informaci\u00f3n que surge del an\u00e1lisis de las llamadas del prohombre de la mesa judicial macrista, pero omite decir que no es cierto que sean las \u00fanicas que se hayan reclamado, sino que por la tenaz oposici\u00f3n del jefe de la banda y otros secuaces los an\u00e1lisis de otros tel\u00e9fonos esa cuesti\u00f3n est\u00e1 frenada en la C\u00e1mara Federal de Casaci\u00f3n Penal, cosa que don Joaqu\u00edn no puede ignorar. Ya el 23\/03\/2021, Carlos Pagni sostiene que \u201c<em>Aparecieron los partidos, pero no las vacunas<\/em>\u201d. Cuando habla de las internas de los radicales pro, dice que \u201c<em>Pareciera que hubiera una especie de inter\u00e9s por participar que se expresa no solamente en los oficialistas, sino m\u00e1s bien en cuanto son los opositores los que participan<\/em>\u201d. Nos cuenta que \u201c<em>Empieza a haber un debate con distintos niveles de inter\u00e9s. Este fen\u00f3meno es interesante porque este lunes el hecho m\u00e1s importante en la vida de Alberto Fern\u00e1ndez es que qued\u00f3<\/em><a href=\"https:\/\/www.lanacion.com.ar\/politica\/pj-fernandez-vacunamos-a-los-argentinos-mientras-otros-hacen-zoom-en-la-cama-nid22032021\/\"><\/a><a href=\"https:\/\/www.lanacion.com.ar\/politica\/pj-fernandez-vacunamos-a-los-argentinos-mientras-otros-hacen-zoom-en-la-cama-nid22032021\/\"><em>al<\/em><\/a><a href=\"https:\/\/www.lanacion.com.ar\/politica\/pj-fernandez-vacunamos-a-los-argentinos-mientras-otros-hacen-zoom-en-la-cama-nid22032021\/\"><\/a><a href=\"https:\/\/www.lanacion.com.ar\/politica\/pj-fernandez-vacunamos-a-los-argentinos-mientras-otros-hacen-zoom-en-la-cama-nid22032021\/\"><em>frente<\/em><\/a><a href=\"https:\/\/www.lanacion.com.ar\/politica\/pj-fernandez-vacunamos-a-los-argentinos-mientras-otros-hacen-zoom-en-la-cama-nid22032021\/\"><\/a><a href=\"https:\/\/www.lanacion.com.ar\/politica\/pj-fernandez-vacunamos-a-los-argentinos-mientras-otros-hacen-zoom-en-la-cama-nid22032021\/\"><em>del<\/em><\/a><a href=\"https:\/\/www.lanacion.com.ar\/politica\/pj-fernandez-vacunamos-a-los-argentinos-mientras-otros-hacen-zoom-en-la-cama-nid22032021\/\"><\/a><a href=\"https:\/\/www.lanacion.com.ar\/politica\/pj-fernandez-vacunamos-a-los-argentinos-mientras-otros-hacen-zoom-en-la-cama-nid22032021\/\"><em>Partido<\/em><\/a><a href=\"https:\/\/www.lanacion.com.ar\/politica\/pj-fernandez-vacunamos-a-los-argentinos-mientras-otros-hacen-zoom-en-la-cama-nid22032021\/\"><\/a><a href=\"https:\/\/www.lanacion.com.ar\/politica\/pj-fernandez-vacunamos-a-los-argentinos-mientras-otros-hacen-zoom-en-la-cama-nid22032021\/\"><em>Justicialista.<\/em><\/a><a href=\"https:\/\/www.lanacion.com.ar\/politica\/pj-fernandez-vacunamos-a-los-argentinos-mientras-otros-hacen-zoom-en-la-cama-nid22032021\/\"><\/a><em>M\u00e1ximo Kirchner est\u00e1 peleando por conducir el PJ de la provincia de Buenos Aires. A lo mejor uno no entiende qu\u00e9 significan esos instrumentos. Ellos, s\u00ed<\/em>\u201d. En su pensamiento, \u201c<em>en la provincia no hay tensi\u00f3n pol\u00edtica desde hace 30 a\u00f1os. Los niveles de pobreza, el colapso de la infraestructura, el avance de las mafias y la inseguridad y la presencia del narcotr\u00e1fico se explican en parte porque la dirigencia de la provincia de Buenos Aires renunci\u00f3 a la discusi\u00f3n pol\u00edtica<\/em>\u201d. Cosas que le preocupan porque \u201c<em>Ah\u00ed est\u00e1 la gran pelea, entre otras cosas, porque el kirchnerismo basa su poder pol\u00edtico, sobre todo su poder sobre el PJ, en la representatividad del conurbano bonaerense, de los conurbanos en general. Basa ese poder en el arraigo que tiene Cristina Kirchner entre los pobres. Eso es lo que le permite a M\u00e1ximo Kirchner llegar a la conducci\u00f3n del PJ bonaerense en un proceso que arranca con su padre, N\u00e9stor Kirchner, y que tiene que ver con la colonizaci\u00f3n lenta pero persistente por parte de los Kirchner. Ellos eran santacruce\u00f1os y ahora se vuelven bonaerenses para controlar las salas de m\u00e1quinas del PJ<\/em>\u201d. Desfilan por la nota figuras de la derecha como Facundo Manes, Diego Santilli, Horacio Rodr\u00edguez Larreta, Jorge Macri, Patricia Bullrich, Diego Valenzuela y Mar\u00eda Eugenia Vidal, entre los que imagina futuros candidatos. Le adjudica a Alberto Fern\u00e1ndez \u201c<em>el problema de los l\u00edmites que le impone el partido<\/em>\u201d. Menciona el libro publicado como de la autor\u00eda del domador de reposeras, que ostenta el record de haber perdido en el <em>Primer Tiempo<\/em> no solo un partido sino varios campeonatos. Y lentamente va llegando a lo que para \u00e9l es el n\u00facleo del problema: \u201c<em>que Cristina Kirchner, y el oficialismo en general, quieren llegar a los dos tercios del Senado, y para eso est\u00e1n pensando en distritos donde el peronismo, estrat\u00e9gicamente y astutamente dividido pueda llevarse las dos bancas de la mayor\u00eda y una por la minor\u00eda. Es la \u00fanica forma que tendr\u00edan de aproximarse a un n\u00famero imposible, que son los dos tercios del Congreso para cambiar la Corte<\/em>\u201d. En seguida nos dice que la verdadera pelea de la Justicia (l\u00e9ase: Poder Judicial), es la que tiene en el centro a las investigaciones sobre la persecuci\u00f3n al Grupo Indalo y a sus directivos Crist\u00f3bal L\u00f3pez y Fabi\u00e1n de Sousa. \u201c<em>La investigaci\u00f3n que se segu\u00eda sobre ellos es presentada ahora por ellos mismos como una especie de lawfare, detr\u00e1s del cual estar\u00eda la extorsi\u00f3n de Mauricio Macri y su gobierno. \u00bfQu\u00e9 es lo interesante? Que ponen el foco en una persona muy ligada a Macri, Fabi\u00e1n \u201cPep\u00edn\u201d Rodr\u00edguez Sim\u00f3n, a quien le investigan el tel\u00e9fono para ver cu\u00e1les eran sus contactos. \u00bfQui\u00e9n hace esta investigaci\u00f3n? La jueza Servini de Cubr\u00eda. La investigaci\u00f3n est\u00e1 destinada a que aparezcan en los contactos de Rodr\u00edguez Sim\u00f3n comunicaciones con un viejo amigo, el juez Carlos Rosenkrantz, presidente de la Corte. Al acceder y mirar la lista de llamados el kirchnerismo descubri\u00f3 ahora que Rodr\u00edguez Sim\u00f3n cometi\u00f3 un pecado capital: aparecen conversaciones con periodistas de <strong>LA NACION<\/strong> y de Clar\u00edn, convenientemente exhumadas por la jueza Servini de Cubr\u00eda<\/em>\u201d. Las quejas encubiertas de Pagni por la investigaci\u00f3n, que lo llevan a sostener cosas inveros\u00edmiles como que el <em>lawfare<\/em> naci\u00f3 en el Juzgado de Mar\u00eda Romilda Servini de Cubr\u00eda, no alcanzan a desmentir o a poder negar lo que es un hecho irrebatible: los cruces telef\u00f3nicos entre <em>Pep\u00edn<\/em>, los cortesanos, otros personajes del mundillo judicial y de la mesa que el abogado de las m\u00faltiples llamadas integraba, son reales. No se pueden negar, est\u00e1n ah\u00ed, son la muestra palpable de las relaciones entre los protagonistas de la guerra judicial desatada por el macrismo contra Cristina Fern\u00e1ndez de Kirchner y quienes fueran sus funcionarios. Eso es lo que tanto le molesta. Para derivar la atenci\u00f3n p\u00fablica de esas revelaciones, sostiene que Alberto, al hablar del problema del Poder Judicial, \u201c<em>pretend\u00eda sacar de la tapa de los diarios el gran problema que tiene hoy el Gobierno: las vacunas y la vacunaci\u00f3n<\/em>\u201d. Se preocupa porque \u201c<em>Estamos esperando que lleguen las vacunas rusas<\/em>\u201d. Entonces habla como ejemplo de Chile y de las vacunas chinas, olvidando algunos detalles esenciales, como que en Chile hay ya \u201c<em>un n\u00famero total de casos que lleg\u00f3 a los 942.958<\/em>\u201d;&nbsp; que a contar del jueves 25 de marzo, a las 05:00 de la ma\u00f1ana, 13,7 millones de chilenos van a encontrarse en cuarentena; que 38 de las 52 comunas de la Regi\u00f3n Metropolitana se ubicar\u00e1n en Fase 1; que se decret\u00f3&nbsp; la suspensi\u00f3n del Permiso Temporal Individual de Desplazamiento General durante los fines de semana y festivos; que hay toque de queda a nivel nacional desde las 22 horas; que est\u00e1n prohibidos los eventos, el funcionamiento de gimnasios y el de casinos; y que el comercio minorista, los restaurantes y la atenci\u00f3n al p\u00fablico cierran a las 20 horas. <em>Infectadura<\/em>, vociferar\u00eda nuestra derecha si estas medidas las tomara el gobierno de Alberto Fern\u00e1ndez. Tampoco se refiere Pagni a que la vacuna m\u00e1s usada en Chile, la Sinovac elaborada por los laboratorios chinos, tiene una eficacia que ronda entre un 65 y un 78%, muy inferior a la de la Sputnik V. Datos que demuestran que Chile no es el mejor ejemplo para hablar de vacunas y virus. Pero ya se sabe, todo vale para atacar al gobierno. Volvamos a Sarmiento, bajo cuyo gobierno apareci\u00f3 la fiebre amarilla en Buenos Aires, que ocasion\u00f3 500 muertos por d\u00eda y setenta mil personas huyendo de sus casas, mientras el sanjuanino y el presidente del Consejo Municipal Mart\u00ednez de Hoz, negaban la fiebre amarilla, y dec\u00edan que era una \u201c<em>ictericia<\/em>\u201d, al tiempo que un decreto presidencial y otro provincial extend\u00edan el feriado desde abril hasta mayo. Esa epidemia caus\u00f3 que se inaugurara el cementerio de la Chacarita, y puso al descubierto las peores miserias de la \u00e9poca:&nbsp; los que aprovecharon la crisis para hacer negocios dando rienda suelta a su codicia, los que se dedicaron al hurto, el saqueo y la rapi\u00f1a, los que ejercieron la xenofobia culpando de la epidemia a los inmigrantes, y la incompetencia del gobierno como para enfrentar la situaci\u00f3n. Como suele ocurrir, si la crisis pas\u00f3 y las consecuencias no fueron todav\u00eda m\u00e1s tr\u00e1gicas, fue por el trabajo de vecinos que fueron los verdaderos h\u00e9roes de esa historia. \u00bfEl Presidente? Tambi\u00e9n hab\u00eda abandonado la ciudad.<\/p>\n","protected":false},"excerpt":{"rendered":"<p>La payasesca imagen del domador de reposeras, sorprendido en su nueva vocaci\u00f3n por domar colchones,&#8230;<\/p>\n","protected":false},"author":1,"featured_media":0,"comment_status":"open","ping_status":"open","sticky":false,"template":"","format":"standard","meta":{"footnotes":""},"categories":[17],"tags":[],"class_list":["post-361","post","type-post","status-publish","format-standard","hentry","category-contra-mitre"],"_links":{"self":[{"href":"https:\/\/luisalen.com\/index.php?rest_route=\/wp\/v2\/posts\/361","targetHints":{"allow":["GET"]}}],"collection":[{"href":"https:\/\/luisalen.com\/index.php?rest_route=\/wp\/v2\/posts"}],"about":[{"href":"https:\/\/luisalen.com\/index.php?rest_route=\/wp\/v2\/types\/post"}],"author":[{"embeddable":true,"href":"https:\/\/luisalen.com\/index.php?rest_route=\/wp\/v2\/users\/1"}],"replies":[{"embeddable":true,"href":"https:\/\/luisalen.com\/index.php?rest_route=%2Fwp%2Fv2%2Fcomments&post=361"}],"version-history":[{"count":2,"href":"https:\/\/luisalen.com\/index.php?rest_route=\/wp\/v2\/posts\/361\/revisions"}],"predecessor-version":[{"id":363,"href":"https:\/\/luisalen.com\/index.php?rest_route=\/wp\/v2\/posts\/361\/revisions\/363"}],"wp:attachment":[{"href":"https:\/\/luisalen.com\/index.php?rest_route=%2Fwp%2Fv2%2Fmedia&parent=361"}],"wp:term":[{"taxonomy":"category","embeddable":true,"href":"https:\/\/luisalen.com\/index.php?rest_route=%2Fwp%2Fv2%2Fcategories&post=361"},{"taxonomy":"post_tag","embeddable":true,"href":"https:\/\/luisalen.com\/index.php?rest_route=%2Fwp%2Fv2%2Ftags&post=361"}],"curies":[{"name":"wp","href":"https:\/\/api.w.org\/{rel}","templated":true}]}}