{"id":364,"date":"2021-04-04T19:26:00","date_gmt":"2021-04-04T19:26:00","guid":{"rendered":"https:\/\/luisalen.com\/?p=364"},"modified":"2023-02-07T21:09:34","modified_gmt":"2023-02-07T21:09:34","slug":"vale-todo","status":"publish","type":"post","link":"https:\/\/luisalen.com\/?p=364","title":{"rendered":"Vale todo"},"content":{"rendered":"\n<p>En los duros tiempos de la pandemia, hay quienes usan cuanto espacio se les presenta para tratar de sembrar obst\u00e1culos a la acci\u00f3n del gobierno, aunque dicen hacerlo en nombre de la democracia y de un posibilitar el arribo de un futuro venturoso que en realidad no es m\u00e1s que el retorno de la derecha al poder. Vieja costumbre esta, la de decir una cosa pero significar otra, que inaugurara el fundador del diario, Bartolom\u00e9 Mitre. En tono de elogio a don Bartolo, los historiadores del derecho suelen mencionar como un ejemplo a seguir la forma en que se eligieron los integrantes de la primera Corte Suprema de Justicia de la Naci\u00f3n. Vale recordar que tras el \u00e9xito del primer golpe de estado de nuestra \u00e9poca constitucional, producido por Mitre contra Santiago Derqui, el 15 de enero de 1863 asum\u00edan los primeros ministros del tribunal. Mitre se gloriaba de su designaci\u00f3n diciendo: \u201c<em>Como Presidente de la Naci\u00f3n busqu\u00e9 a los hombres que en la Corte Suprema fueran un contralor imparcial e insospechado de las demas\u00edas de los otros poderes del Estado, y que viniendo de la oposici\u00f3n dieran a sus conciudadanos la mayor seguridad de la amplia protecci\u00f3n de sus derechos y la garant\u00eda de una total y absoluta independencia del Poder Judicial<\/em>\u201d. Lo que ocultaban sus palabras es que hab\u00eda algo que unificaba a los elegidos para ejercer la m\u00e1s alta judicatura: todos hab\u00edan sido opositores a Juan Manuel de Rosas. Es decir, que la <em>oposici\u00f3n<\/em> de la que supuestamente proven\u00edan los magistrados electos era en realidad una diferencia dentro de un acuerdo mucho m\u00e1s f\u00e9rreo: impedir el regreso de los federales al poder. El Estado-Naci\u00f3n que Mitre y Sarmiento construyeron en la d\u00e9cada de 1860 fue cualquier cosa menos democr\u00e1tico: la persecuci\u00f3n de los opositores, la censura de la prensa, la \u201c<em>guerra de polic\u00eda<\/em>\u201d tan similar al terrorismo de Estado de m\u00e1s de un siglo despu\u00e9s, con la que fue asesinado \u00c1ngel Vicente Pe\u00f1aloza y destruidos los sue\u00f1os de igualdad y progreso de quienes siguieron las banderas de la Uni\u00f3n Americana enarboladas por Felipe Varela, y la infame alianza formada contra la Rep\u00fablica del Paraguay y su heroico l\u00edder Francisco Solano L\u00f3pez, son claros signos del prop\u00f3sito de impedir de cualquier manera que los sectores populares que se hab\u00edan encolumnado detr\u00e1s de los jefes federales pudieran tener alguna esperanza de ver satisfechos sus reclamos<em>. <\/em>La construcci\u00f3n de una rep\u00fablica para pocos, alineada con los deseos e intereses de la potencia hegem\u00f3nica de la \u00e9poca (el Reino Unido), no hubiera sido posible sin su correlato en el Poder Judicial. Se\u00f1al\u00f3 Eduardo Luis Duhalde que \u201c<em>El<\/em> <em>Poder<\/em> <em>Ejecutivo<\/em> <em>ejercido<\/em> <em>por<\/em> <em>Bartolom\u00e9<\/em> <em>Mitre<\/em> <em>hac\u00eda<\/em> <em>de<\/em> <em>la<\/em> <em>arbitrariedad<\/em> <em>un<\/em> <em>m\u00e9todo<\/em> <em>y<\/em> <em>la<\/em> <em>justicia<\/em> <em>\u2013ya<\/em> <em>desde<\/em> <em>entonces<\/em> <em>subordinada<\/em> <em>pol\u00edticamente\u2013<\/em> <em>acumulaba<\/em> <em>los<\/em> <em>escritos<\/em> <em>con<\/em> <em>morosa<\/em> <em>indiferencia<\/em>\u201d (<em>Contra<\/em> <em>Mitre.<\/em> <em>Los<\/em> <em>intelectuales<\/em> <em>y<\/em> <em>el<\/em> <em>poder:<\/em> <em>de<\/em> <em>Caseros<\/em> <em>al<\/em> <em>80<\/em>. Editorial Punto Cr\u00edtico, Buenos Aires 2005). Los escribas del mitrismo actual siguen el viejo ejemplo: se dicen independientes y objetivos pero juegan sin ning\u00fan disimulo a favor de la derecha y sus proyectos. Ejemplos sobran. Pablo Sirv\u00e9n, el 28\/03\/2021, se refiere al Canal 7 y advierte que hay \u201c<em>Otro basti\u00f3n albertista que se cristiniza<\/em>\u201d. Como si Alberto y Cristina no formaran parte de la misma coalici\u00f3n gobernante. Pero es sabido, desde el anuncio de la f\u00f3rmula, que <strong><em>LA NACI\u00d3N<\/em><\/strong> busca por cualquier forma sembrar el desencuentro entre el Presidente y la Vice. Sirv\u00e9n sirve a este prop\u00f3sito escribiendo que \u201c<em>Si el ultracristinismo permea al albertismo nonato en varias \u00e1reas, es inevitable que comiencen a constatarse deslizamientos en la misma direcci\u00f3n en un organismo clave como la TV P\u00fablica<\/em>\u201d. Como un experto en medios que dice ser, analiza los programas del canal estatal y advierte que \u201c<em>En la pantalla, las dos palabras m\u00e1s repetidas oralmente y en videograph en estos d\u00edas fueron \u2018golpe genocida\u2019. La TV P\u00fablica encaden\u00f3 varios programas alusivos al 45\u00ba aniversario del inicio de la \u00faltima dictadura militar<\/em>\u201d. No es una advertencia inocente ni la simple descripci\u00f3n de algo que sucedi\u00f3. Lo que pretende establecer el servicial Sirv\u00e9n es que los seguidores de Cristina impusieron su visi\u00f3n y su terminolog\u00eda. Seguramente, el columnista no hubiera hablado de genocidio, y es notable que solo califique como <em>militar<\/em> a la \u00faltima dictadura que fue civil, militar y otras muchas cosas m\u00e1s, que le valieron el apoyo de la Sociedad Rural y sus aliados, y de los sectores financieros concentrados. <strong><em>LA NACI\u00d3N<\/em><\/strong> puede admitir el juzgamiento de los militares y de los integrantes de las fuerzas de seguridad, en relaci\u00f3n a los cr\u00edmenes de lesa humanidad (y eso tampoco con convicci\u00f3n, vale recordar las numerosas editoriales que van en contra del proceso de Memoria, Verdad y Justicia), pero lo que nunca va a admitir es la responsabilidad de los sectores civiles y empresariales que impusieron el modelo econ\u00f3mico desarrollado por Mart\u00ednez de Hoz y sus seguidores. Claudio Jacquelin analiza los \u00faltimos movimientos de las fuerzas pol\u00edticas y el 29\/03\/2021 encuentra que estamos \u201c<em>Enredados en el pasado mientras llega el futuro<\/em>\u201d. Mucho m\u00e1s entusiasta con la oposici\u00f3n que con el oficialismo, se\u00f1ala que \u201c<em>Las elecciones internas del radicalismo en los tres principales distritos del pa\u00eds movilizaron un n\u00famero nada despreciable de afiliados para revitalizar a ese partido, que alimenta con hechos sus deseos de ser algo m\u00e1s que un mero acompa\u00f1ante en la alianza opositor<\/em>\u201d. Esta versi\u00f3n ultraliberal del radicalismo entusiasma al pasqu\u00edn de los MitreSaguier, que sin embargo no pierden de vista al causante del desastre ocurrido entre 2015 y 2019, y encuentra que \u201c<em>El expresidente reafirm\u00f3 que su liderazgo dentro de Pro no tiene todav\u00eda quien se anime a discutirlo y a desafiarlo p\u00fablicamente<\/em>\u201d. El hombre que no puede recordar ni siquiera la fecha de la muerte de su padre quiere recuperar espacios. Aunque el escriba advierte que \u201c<em>Larreta considera beneficiosa la reaparici\u00f3n de Macri: empieza a tener la funci\u00f3n de pararrayos<\/em>\u201d. El mandam\u00e1s porte\u00f1o, sin embargo, tampoco navega en aguas tranquilas: \u201c<em>Mientras tanto, Patricia Bullrich no duda y avanza sin l\u00edmites territoriales<\/em>\u201d. Casi que en tono elogioso, Jacquelin cuenta que \u201c<em>La exministra, que amenaza con complicarle a Larreta el distrito que cre\u00eda tener alambrado, comparte con el expresidente la convicci\u00f3n de que solo hay lugar para la confrontaci\u00f3n con el kirchnerismo<\/em>\u201d. Est\u00e1 claro que la batalla electoral de este a\u00f1o tiene actores ya conocidos. Por eso el escriba dice que \u201c<em>La impactante reaparici\u00f3n p\u00fablica de Cristina Kirchner el 24 de marzo fue tan rica en se\u00f1ales, gestos y mensajes que algunos detalles no tuvieron toda la atenci\u00f3n que merec\u00edan<\/em>\u201d. En ese sentido, y casi como encendiendo la se\u00f1al de peligro, Jacquelin se ocupa de Axel Kiciloff y M\u00e1ximo Kirchner, las amenazas del futuro, y explica que \u201c<em>el gobernador y su hijo son las apuestas de mediano y largo plazo de Cristina Kirchner<\/em>\u201d. Lejos del an\u00e1lisis pol\u00edtico y con su habitual tono de novelero mediocre, Jorge Fern\u00e1ndez D\u00edaz el 28\/03\/2021 habla de \u201c<em>Simbolog\u00eda fr\u00edvola y muertos reales<\/em>\u201d. Detr\u00e1s de su terminolog\u00eda de literato barato, se esconde la visi\u00f3n ideol\u00f3gica propia del pasqu\u00edn mitrista: \u201c<em>Toda esta alegor\u00eda cinematogr\u00e1fica me salt\u00f3 a la cara el 24 de marzo, cuando a los necesarios rituales del luto y el repudio, se sum\u00f3 una catarata de demagogia barat\u00edsima y puerilmente identitaria. Y un humanismo meramente simb\u00f3lico: mientras se evocaba la lucha por los derechos humanos del remoto pasado se sustra\u00eda del presente la denuncia de los probados cr\u00edmenes de lesa humanidad que cometen a diario los \u201chermanos\u201d chavistas<\/em>\u201d. A Fern\u00e1ndez D\u00edaz le parece que los actos con los cuales se busca mantener viva la memoria, como una manera clara de prevenirse contra cualquier ataque futuro contra la democracia, son solo demagogia barat\u00edsima. Los derechos humanos en nuestro pa\u00eds son cosa del remoto pasado, nos dice, mientras arremete en contra de la pol\u00edtica oficial respecto de la bloqueada Venezuela. Todo es atribuible, por supuesto, a la nefasta influencia de la Vicepresidenta. \u201c<em>Cristina Kirchner despleg\u00f3 su panoplia de simbolog\u00eda impostada (la feligres\u00eda segu\u00eda sus gestos ampulosos como si estuvieran en misa) y neg\u00f3 poseer anteojeras ideol\u00f3gicas, aunque su propia narraci\u00f3n se encarg\u00f3 de desmentirla. Porque r\u00e1pidamente se regocij\u00f3 de que no fuera Occidente sino Rusia y China \u2013dos potencias autoritarias que nos dedican sus migajas\u2013 los proveedores a cuentagotas de las vacunas contra el Covid-19, ufan\u00e1ndose al fin de ser lo que es: la ide\u00f3loga de un programa que, precisamente, no funciona<\/em>\u201d. El odio gorila del escriba lo traiciona, porque acusar a quien desde el gobierno&nbsp; impuls\u00f3 fuertemente el proceso de Memoria, Verdad y Justicia de usar una \u201c<em>simbolog\u00eda impostada<\/em>\u201d es una muestra clara del resentimiento que la derecha siente contra la figura de la Vicepresidenta, probablemente por ese impulso fundamental. Y como fracasaron las diatribas antivacuna, ahora van contra los pa\u00edses que las producen y con los que Argentina ha firmado convenios. Le falt\u00f3 decir <em>vacunas bolcheviques<\/em>, aunque es claro que ese es el esp\u00edritu de sus palabras. Por las dudas, tambi\u00e9n arremete contra los organismos de derechos humanos y sus referentes, y dice:&nbsp; \u201c<em>Abusando una vez m\u00e1s del juego de los signos, y mientras el ministro de Econom\u00eda intentaba llegar a un acuerdo con el FMI para que no seamos \u2018parias\u2019, el Instituto Patria dispuso que su vocera para todo servicio, Hebe de Bonafini, manifestara su indignaci\u00f3n por esas gestiones \u2018deshonrosas\u2019, practicadas de \u2018rodillas\u2019 frente al poder financiero, y a Estela de Carlotto para que reclamara c\u00e1rcel inmediata al principal l\u00edder de la oposici\u00f3n. El uso de las dos sacerdotisas de los antiguos derechos humanos en asuntos tan dom\u00e9sticos y desdorosos hiere profundamente la representaci\u00f3n sagrada de estas dos damas: nadie nunca, ni el m\u00e1s reaccionario de los sectores sociales, les hizo tanto da\u00f1o reputacional como los kirchneristas<\/em>\u201d. Qu\u00e9 poco entiende de la lucha de esas mujeres, como para creer que son usadas. No, simplemente ponen en su boca cuestiones que otros muchos comparten pero que no pueden expresar con la repercusi\u00f3n que adquieren los dichos de Hebe y Estela. Ataque rastrero con la miserabilidad de tantos otros que buscan desacreditar la lucha por la plena vigencia de los derechos humanos. Y ah\u00ed viene Joaqu\u00edn Morales Sol\u00e1, que el 28\/03\/2021 se alarma por \u201c<em>Las palabras destituyentes de Cristina<\/em>\u201d. Caramba, el mismo que no se alarm\u00f3 por los ataques de las entidades del capitalismo agrario en el 2008, ni por las marchas de los caceroleros, ni por tantos otros ataques contra los gobiernos constitucionales, encuentra que las palabras de Cristina son <em>destituyentes<\/em>. \u201c<em>Pobre Guzm\u00e1n. Un d\u00eda antes de que tuviera una reuni\u00f3n clave con el Fondo Monetario, Cristina Kirchner se le adelant\u00f3 y anunci\u00f3 que no pagar\u00e1n la deuda con el organismo<\/em>\u201d. Miente, como siempre. Cristina dijo lo que Alberto Fern\u00e1ndez, y tambi\u00e9n su Ministro de Econom\u00eda vienen repitiendo desde hace mucho: que en las condiciones que el macrismo pact\u00f3 es imposible el pago al FMI. Cosa que hasta el propio organismo internacional sabe. Morales insiste: \u201c<em>No fueron palabras ingenuas o inocentes. Con ese discurso, ella salt\u00f3 el cerco hacia la indiferencia absoluta sobre la suerte de Alberto Fern\u00e1ndez. Est\u00e1 claro: ya no le importa si le va bien o mal<\/em>\u201d. El propio Alberto lo desminti\u00f3, al ratificar las palabras de Cristina. Los escribas del bartolismo ya no saben c\u00f3mo hacer para enfrentarlos. Por eso, si no logran que los Fern\u00e1ndez se pelen, buscan otros adversarios. El cronista del operativo genocida en el Tucum\u00e1n de 1975 dice entonces que \u201c<em>El viernes, el Gobierno se qued\u00f3 en conmovedora minor\u00eda en la cumbre de presidentes del Mercosur. Los presidentes de los otros tres pa\u00edses miembros (Brasil, Uruguay y Paraguay) promovieron una mayor apertura al mundo o, en todo caso, una modificaci\u00f3n de los estatutos para que cada pa\u00eds pudiera hacer las alianzas comerciales que quisiera. El presidente argentino reaccion\u00f3 mal<\/em>\u201d. No, Joaqu\u00edn. Alberto Fern\u00e1ndez reaccion\u00f3 bien. Si los otros presidentes son felices someti\u00e9ndose a los pa\u00edses centrales y sus intereses, es su problema. Que corran con sus colores. Por \u00faltimo, Sol\u00e1 se pregunta y se responde:&nbsp; \u201c<em>El gobierno argentino se pele\u00f3 tambi\u00e9n con el secretario general de la OEA, Luis Almagro, en nombre de Evo Morales. \u00bfD\u00f3nde est\u00e1 la Argentina? Tal vez en ninguna parte. Sola y aislada<\/em>\u201d. El Morales mitrista no entiende que la pelea con Almagro no es s\u00f3lo en nombre del Morales bueno. Es en nombre de la democracia y en defensa del derecho de los pueblos a elegir su destino. Argentina est\u00e1 donde debe estar. Volvemos a la arena pol\u00edtica, donde Daniel Santa Cruz, el 30\/03\/2021, duda pero no tanto y dice \u201c<em>\u00bfMacri 2023? No, pero\u2026\u201d. <\/em>Es que el periplo del domador de reposeras, presentando el libro que aparece como de su autor\u00eda, ha revuelto el avispero derechista. Cuenta Santa Cruz que <em>\u201cEn esta reaparici\u00f3n p\u00fablica, motivada por la presentaci\u00f3n de su libro, Primer Tiempo, el expresidente dej\u00f3 en claro en cada entrevista otorgada que no ser\u00e1 candidato en las elecciones de medio t\u00e9rmino de este a\u00f1o, elecciones que considera demasiado importantes al recalcar que no hay 2023 sin 2021 y que hay que frenar a Cristina Kirchner que se quiere llevar puestas a las instituciones\u201d.<\/em> Ojo. No hay un solo comentario respecto de estas afirmaciones, tal vez porque el columnista las comparte y piensa que el jefe de la banda que saque\u00f3 la Argentina hasta hace poco \u201c<em>puede aportar para la construcci\u00f3n de una alternativa de gobierno desde su propia experiencia ahora plasmada en su libro donde hay de todo, desde reconocimientos de errores, autocriticas, hasta negaciones, omisiones y dardos punzantes hacia figuras pol\u00edticas como Sergio Massa<\/em>\u201d. Y le parece digna de menci\u00f3n la alusi\u00f3n del endeudador serial al jefe de los cat\u00f3licos,&nbsp; cuando expres\u00f3 \u201c<em>No s\u00e9 por qu\u00e9 la Iglesia agit\u00f3 el tema del hambre en plena campa\u00f1a electoral o cu\u00e1l fue el objetivo de sus hombres al hacerlo. Tampoco s\u00e9 si desde el Vaticano esto fue estimulado en las numerosas reuniones que el papa Francisco mantuvo con sindicalistas y opositores. Hay quienes dicen que s\u00ed<\/em>\u201d. Eso s\u00ed, como la realidad es muy distinta a los deseos del escriba, no le queda otra que reconocer que Macri \u201c<em>es consciente de que su imagen a\u00fan sigue golpeada por el desgaste de su gesti\u00f3n, si bien su reaparici\u00f3n le dio envi\u00f3n, sigue lejos de ser una opci\u00f3n ganadora. Sabe muy bien que hoy no es por ah\u00ed su camino, pero tambi\u00e9n est\u00e1 convencido de no mantenerse ajeno a las decisiones del espacio<\/em>\u201d. Ocurre que Santa Cruz entiende que el ex presidente \u201c<em>est\u00e1 activo pol\u00edticamente y tiene sus delfines en la cancha, como Patricia Bullrich y Miguel \u00c1ngel Pichetto, a quien considera un \u2018patriota\u2019 por animarse a dar un salto desde el peronismo para combatir al populismo<\/em>\u201d. Lo \u00fanico parecido a los delfines que tienen esos personajes es su capacidad de saltar de un lado a otro, dando muestras de una ausencia total de \u00e9tica y de principios. Pero no importa. El cronista cree que \u201c<em>la inercia del momento pol\u00edtico, la endeblez y los reiterados fracasos en los que incurre el gobierno de los Fern\u00e1ndez, de alg\u00fan modo aportan a que se instale como una alternativa firme<\/em>\u201d. No es cuesti\u00f3n de negar que el gobierno puede haber incurrido en errores (seguramente no los que Santa Cruz imagina) pero de ah\u00ed a atribuirle endeblez y reiterados fracasos es confundir deseo y realidad. Luciano Rom\u00e1n, el 30\/03\/2021, habla sobte \u201c<em>El abandono de los viejos y la vacunaci\u00f3n militante<\/em>\u201d. Y comienza su nota con algunas preguntas que uno puede f\u00e1cilmente compartir: \u201c\u00bf<em>C\u00f3mo se explica que la vacunaci\u00f3n no haya empezado por los geri\u00e1tricos? \u00bfC\u00f3mo se entiende que no hayan ido a vacunarlos sin obligarlos, en el mejor de los casos, a trasladarse, hacer colas, caminar largos trayectos?\u201d<\/em>. El problema es que no se refiere al destrato que el gobierno de Horacio Rodr\u00edguez Larreta aplic\u00f3 a los adultos mayores. No, eso es nada m\u00e1s que una excusa para atacar al gobierno y decir que \u201c<em>La cuesti\u00f3n revela la ineficacia y la desidia de un Estado cada vez menos confiable. En medio de la pandemia se ha desarticulado una de las pocas cosas que, desde hace d\u00e9cadas, funcionaban bien en la Argentina: el sistema p\u00fablico de vacunaci\u00f3n. Con esa vocaci\u00f3n por destruir lo que anda bien, se han metido actores extra\u00f1os (desde las organizaciones pol\u00edticas hasta sindicatos y universidades) para sacar provecho de la vacuna y administrarla con la opacidad que caracteriza a la Argentina<\/em>\u201d. Falseando la realidad, como es norma en el pasqu\u00edn, ignora que si alguien trat\u00f3 de destruir el sistema de salud p\u00fablica fue justamente la alianza pol\u00edtica a la que responde el gobierno no de la ciudad. No es verdad, y seguramente Rom\u00e1n lo sabe, que organizaciones pol\u00edticas, sindicatos y universidades hayan sacado provecho de la vacuna. Lo que hicieron, y es digno de ser destacado, es poner sus espacios al servicio de la tarea de vacunaci\u00f3n p\u00fablica. Ninguna opacidad hay en ello. \u201c<em>Abandonar a los viejos mientras se reparten vacunas entre militantes juveniles es algo que excede el l\u00edmite de la picard\u00eda y hasta de la corrupci\u00f3n pol\u00edtica para ingresar en una anomal\u00eda \u00e9tica dif\u00edcil de clasificar<\/em>\u201d. Otra mentira m\u00e1s. Hubo un solo caso de una militante juvenil, que se inscribi\u00f3 para ser vacunada y lo logr\u00f3, y que al quedar al descubierto lo que hab\u00eda hecho fue despedida de su trabajo y repudiada por sus compa\u00f1eros. Una sola, no muchas, y sin que fuera un abandono de los adultos mayores. M\u00e1s falsedades pueblan la nota. \u201c<em>El PAMI no responde los pedidos de los geri\u00e1tricos para que vayan a vacunarlos al lugar. En realidad, no les responde nadie. La vacunaci\u00f3n \u2018a domicilio\u2019 solo ha funcionado en el circuito vip. Buena parte del personal de cuidado y enfermer\u00eda que trabaja en residencias geri\u00e1tricas tampoco ha recibido todav\u00eda la vacuna<\/em>\u201d. El PAMI no es el encargado de vacunar, pero sus autoridades han reclamado al gobierno de Rodr\u00edguez Larreta la entrega de vacunas, sin obtener respuesta alguna, como tampoco la hubo cuando sus autoridades pusieron sus sedes y sus trabajadores al servicio de una vacunaci\u00f3n eficaz para los mayores de ochenta a\u00f1os. Y ni siquiera en el caso de los vacunados en el Ministerio de Salud, hecho que ocasion\u00f3 la salida del gabinete de Gin\u00e9s Gonz\u00e1lez Garc\u00eda, hubo vacunaci\u00f3n a domicilio. Todo vale para el cronista, cuyo \u00fanico objetivo es atacar a los j\u00f3venes que han decidido incursionar en la pol\u00edtica pero defendiendo los valores de la democracia, la solidaridad y la inclusi\u00f3n social y no aquellos a los que responde Rom\u00e1n. Que ofendido agrede: \u201c<em>Es al menos parad\u00f3jico que esta exhibici\u00f3n de indolencia la hagan j\u00f3venes que se dicen \u2018comprometidos\u2019 y que repiten, con toda soltura, que \u2018la patria es el otro\u2019. A la luz de las pruebas, el eslogan deber\u00eda ser completado: \u2018La patria es el otro\u2026 salvo que el otro se interponga en mi camino\u2019. \u00bfQu\u00e9 valores han incorporado esos j\u00f3venes que, bajo la coartada de la militancia, acaparan salvavidas en medio del naufragio? Descuidar a nuestros viejos es quedarnos sin pasado, pero tambi\u00e9n sin futuro<\/em>\u201d. Descuide, Rom\u00e1n, los j\u00f3venes tienen bien claro sus valores, que por suerte para la patria y su futuro no son los suyos. Y una \u00faltima aclaraci\u00f3n, viejos son los trapos. Los nuestros son adultos mayores y son parte de nuestro presente. Carlos Pagni el 30\/03\/2021 se hace una \u201c<em>Pregunta urgente: qu\u00e9 democracia queremos ser<\/em>\u201d. Le podr\u00edamos responder que no es la que \u00e9l pretende. Porque en su nota se\u00f1ala que \u201c<em>El s\u00e1bado, el Secretario de Estado de EE.UU. emiti\u00f3 una declaraci\u00f3n de prensa manifestando la preocupaci\u00f3n de los Estados Unidos por los agravios al Estado de Derecho que hay hoy en Bolivia por haber arrestado y puesto bajo<\/em><a href=\"https:\/\/www.lanacion.com.ar\/el-mundo\/bolivia-en-una-carta-jeanine-anez-denuncio-que-es-victima-de-abusos-en-la-carcel-nid23032021\/\"><em> <\/em><\/a><a href=\"https:\/\/www.lanacion.com.ar\/el-mundo\/bolivia-en-una-carta-jeanine-anez-denuncio-que-es-victima-de-abusos-en-la-carcel-nid23032021\/\"><em>prisi\u00f3n<\/em><\/a><a href=\"https:\/\/www.lanacion.com.ar\/el-mundo\/bolivia-en-una-carta-jeanine-anez-denuncio-que-es-victima-de-abusos-en-la-carcel-nid23032021\/\"><em> <\/em><\/a><a href=\"https:\/\/www.lanacion.com.ar\/el-mundo\/bolivia-en-una-carta-jeanine-anez-denuncio-que-es-victima-de-abusos-en-la-carcel-nid23032021\/\"><em>preventiva<\/em><\/a><a href=\"https:\/\/www.lanacion.com.ar\/el-mundo\/bolivia-en-una-carta-jeanine-anez-denuncio-que-es-victima-de-abusos-en-la-carcel-nid23032021\/\"><em> <\/em><\/a><a href=\"https:\/\/www.lanacion.com.ar\/el-mundo\/bolivia-en-una-carta-jeanine-anez-denuncio-que-es-victima-de-abusos-en-la-carcel-nid23032021\/\"><em>a<\/em><\/a><a href=\"https:\/\/www.lanacion.com.ar\/el-mundo\/bolivia-en-una-carta-jeanine-anez-denuncio-que-es-victima-de-abusos-en-la-carcel-nid23032021\/\"><em> <\/em><\/a><a href=\"https:\/\/www.lanacion.com.ar\/el-mundo\/bolivia-en-una-carta-jeanine-anez-denuncio-que-es-victima-de-abusos-en-la-carcel-nid23032021\/\"><em>Jeanine<\/em><\/a><a href=\"https:\/\/www.lanacion.com.ar\/el-mundo\/bolivia-en-una-carta-jeanine-anez-denuncio-que-es-victima-de-abusos-en-la-carcel-nid23032021\/\"><em> <\/em><\/a><a href=\"https:\/\/www.lanacion.com.ar\/el-mundo\/bolivia-en-una-carta-jeanine-anez-denuncio-que-es-victima-de-abusos-en-la-carcel-nid23032021\/\"><em>\u00c1\u00f1ez,<\/em><\/a><a href=\"https:\/\/www.lanacion.com.ar\/el-mundo\/bolivia-en-una-carta-jeanine-anez-denuncio-que-es-victima-de-abusos-en-la-carcel-nid23032021\/\"><em> <\/em><\/a><em>que es la presidenta interina que precedi\u00f3 al gobierno actual de Luis Arce, con un grupo de ministros y colaboradores. No solamente est\u00e1n con prisi\u00f3n preventiva sino que una justicia muy dominada por Evo Morales le agrav\u00f3 la pena en las \u00faltimas horas<\/em>\u201d. Estados Unidos no s\u00f3lo no se preocup\u00f3 por el golpe de Estado que derroc\u00f3 al gobierno constitucional de Evo Morales sino que apoy\u00f3 sin disimulos a los golpistas. No es raro entonces que se preocupe porque sus lacayos est\u00e1n hoy siendo sometidos a proceso. No hubo todav\u00eda condena para ninguno de los golpistas, por lo que es falso que se les haya agravado la pena. Lo que se estableci\u00f3 fue la duraci\u00f3n de su prisi\u00f3n preventiva, porque es claro que si estuvieran en libertad podr\u00edan entorpecer la marcha de las investigaciones y obstaculizar la acci\u00f3n de los tribunales. Su actividad y sus lazos con militares y fuerzas de seguridad son elementos que deben tenerse en cuenta. Cosa que, en nuestro pa\u00eds, no se aplic\u00f3 a los perseguidos por los jueces que, de acuerdo con los dictados de la mesa judicial macrista, detuvieron y encarcelaron a opositores por el solo hecho de serlos. Insiste Pagni: \u201c<em>Lo que est\u00e1 viendo Blinken, y por eso se\u00f1ala lo de Bolivia, es esta serie de episodios electorales que pueden llevar en poco tiempo a la regi\u00f3n a un proceso de inestabilidad democr\u00e1tica justamente por la judicializaci\u00f3n de la pol\u00edtica, que siempre revierte en politizaci\u00f3n de la Justicia. Es una dial\u00e9ctica casi inevitable<\/em>\u201d. Esa dial\u00e9ctica oper\u00f3 durante el macrismo. Con el apoyo internacional de los Estados Unidos. Como antes lo hicieran promoviendo las dictaduras militares que asolaron nuestro continente en las d\u00e9cadas de 1960 a 1980, ahora promovieron a los magistrados del<em> lawfare<\/em>. Correa, Dilma, Lula, Cristina, son solo algunos ejemplos del accionar de los jueces formados en la escuela norteamericana, cuya estrella en el sur fue Sergio Moro, el brasile\u00f1o que encarcel\u00f3 a Lula y cuyos procedimientos acaban de ser declarados nulos. A Pagni no le importa y no se le cae la cara de verg\u00fcenza al afirmar que <strong>\u201c<\/strong><em>El gobierno de Estados Unidos desde el punto de vista pol\u00edtico, no solamente desde el punto de vista filos\u00f3fico-moral, aspira a producir un alineamiento detr\u00e1s de un determinado tipo de democracia, frente al cual queden los sistemas no liberales, los reg\u00edmenes opacos, autoritarios: Rusia, China<\/em>\u201d. \u00bfDemocracia? Un sistema basado en la explotaci\u00f3n, la marginaci\u00f3n, la discriminaci\u00f3n y la insolidaridad no puede sino ser condenado desde todo punto de vista, sea pol\u00edtico o filos\u00f3fico moral. \u00bfQu\u00e9 autoridad tiene un pa\u00eds que impone sus intereses por la fuerza de las armas sobre cualquier pa\u00eds que se le opone? Pero Pagni concluye con aquello que realmente preocupa a los due\u00f1os del poder: \u201c<em>Habr\u00e1 que ver si el Gobierno no empieza a cambiar de discurso y solo se limita a decir que la deuda es impagable. Y es verdad: es impagable. Todas las deudas son impagables y por eso los pa\u00edses normales las renegocian<\/em>\u201d. Alguna verdad se le ten\u00eda que escapar. Para terminar las reflexiones de esta semana, vale citar el reportaje que el propio Pagni hiciera a Jos\u00e9 Claudio Escribano, por muchos a\u00f1os editorialista de <strong><em>LA NACI\u00d3N<\/em><\/strong>, y que el pasqu\u00edn mitrista publicara el 30\/03\/2021 bajo el t\u00edtulo \u201c<em>Nos hemos convertido en la Argentina, pa\u00eds de \u00e9xodo y expulsi\u00f3n<\/em>\u201d. Rescato una pregunta y su respuesta, porque resumen el esp\u00edritu que desde hace tiempo impera en la <em>Tribuna de Doctrina<\/em>. Dice Pagni \u201c<em>Para alguien como usted, tan identificado con un medio tan enfrentado al peronismo y tan cr\u00edtico del peronismo, \u00bfqu\u00e9 signific\u00f3, en 1983, la primera derrota del peronismo en la Argentina?<\/em>\u201d Y responde Escribano: \u201c<em>Debe haber sido uno de los momentos de mayor satisfacci\u00f3n c\u00edvica que yo haya sentido en la vida<\/em>\u201d. Nada que agregar\u2026<\/p>\n","protected":false},"excerpt":{"rendered":"<p>En los duros tiempos de la pandemia, hay quienes usan cuanto espacio se les presenta&#8230;<\/p>\n","protected":false},"author":1,"featured_media":0,"comment_status":"open","ping_status":"open","sticky":false,"template":"","format":"standard","meta":{"footnotes":""},"categories":[17],"tags":[],"class_list":["post-364","post","type-post","status-publish","format-standard","hentry","category-contra-mitre"],"_links":{"self":[{"href":"https:\/\/luisalen.com\/index.php?rest_route=\/wp\/v2\/posts\/364","targetHints":{"allow":["GET"]}}],"collection":[{"href":"https:\/\/luisalen.com\/index.php?rest_route=\/wp\/v2\/posts"}],"about":[{"href":"https:\/\/luisalen.com\/index.php?rest_route=\/wp\/v2\/types\/post"}],"author":[{"embeddable":true,"href":"https:\/\/luisalen.com\/index.php?rest_route=\/wp\/v2\/users\/1"}],"replies":[{"embeddable":true,"href":"https:\/\/luisalen.com\/index.php?rest_route=%2Fwp%2Fv2%2Fcomments&post=364"}],"version-history":[{"count":1,"href":"https:\/\/luisalen.com\/index.php?rest_route=\/wp\/v2\/posts\/364\/revisions"}],"predecessor-version":[{"id":365,"href":"https:\/\/luisalen.com\/index.php?rest_route=\/wp\/v2\/posts\/364\/revisions\/365"}],"wp:attachment":[{"href":"https:\/\/luisalen.com\/index.php?rest_route=%2Fwp%2Fv2%2Fmedia&parent=364"}],"wp:term":[{"taxonomy":"category","embeddable":true,"href":"https:\/\/luisalen.com\/index.php?rest_route=%2Fwp%2Fv2%2Fcategories&post=364"},{"taxonomy":"post_tag","embeddable":true,"href":"https:\/\/luisalen.com\/index.php?rest_route=%2Fwp%2Fv2%2Ftags&post=364"}],"curies":[{"name":"wp","href":"https:\/\/api.w.org\/{rel}","templated":true}]}}