{"id":369,"date":"2021-04-21T19:35:00","date_gmt":"2021-04-21T19:35:00","guid":{"rendered":"https:\/\/luisalen.com\/?p=369"},"modified":"2023-02-07T21:11:21","modified_gmt":"2023-02-07T21:11:21","slug":"unitarios","status":"publish","type":"post","link":"https:\/\/luisalen.com\/?p=369","title":{"rendered":"Unitarios"},"content":{"rendered":"\n<p>Como si su fundador continuara su lucha por someter al pa\u00eds a la supremac\u00eda porte\u00f1a, para desde all\u00ed entregar la soberan\u00eda a sus patrones (ingleses en aquellos tiempos, multinacionales hoy) la <em>Tribuna de Doctrina<\/em> se entusiasma hoy con la rebeld\u00eda del alcalde de la ciudad aut\u00f3noma, que parece creer que en realidad gobierna un territorio independiente. \u00bfCreer\u00e1n acaso que volvieron los tiempos en que la ciudad-puerto -y la provincia tras ella- se escindieron del resto de la Confederaci\u00f3n y so\u00f1aron con fundar un pa\u00eds a su medida? \u00bfEstar\u00e1n prepar\u00e1ndose para una nueva batalla de Pav\u00f3n? Una banda de irresponsables que juegan con la vida de millones se ha empe\u00f1ado en desconocer la autoridad del Presidente de la Naci\u00f3n, bajo el pretexto insostenible de que quieren sostener la educaci\u00f3n p\u00fablica. Y para sostener sus absurdas y criminales pretensiones, acuden a los jueces que han designado justamente para eso. Para servir a sus designios, no para hacer justicia. Alberto Fern\u00e1ndez dict\u00f3, el 15 de abril de 2021, un decreto de necesidad y urgencia (241\/21), que por mucho que pueda disgustar a los que prefieren una norma producto de la actividad del Congreso, es absolutamente constitucional. Ese decreto, claramente de contenido de pol\u00edtica sanitaria, en medio del recrudecimiento de la pandemia que sacude al mundo entero, establec\u00eda una serie de restricciones, pensadas para al menos lograr frenar la curva ascendente de contagios. Entre esas medidas estaba la suspensi\u00f3n, por quince d\u00edas, de las clases presenciales en el \u00e1rea metropolitana. El alcalde porte\u00f1o, el mismo que redujo el presupuesto para la educaci\u00f3n p\u00fablica, el mismo que habilit\u00f3 contenedores para que funcionen como aulas, el mismo que dej\u00f3 fuera del sistema educativo al menos a diecisiete mil ni\u00f1xs, anunci\u00f3 que no iba a acatar la medida, arguyendo, entre otras cosas, que no hab\u00eda sido consultado. Al d\u00eda siguiente y satisfaciendo su pedido, fue recibido por el Presidente. Claro que no hab\u00eda ninguna vocaci\u00f3n de di\u00e1logo en su actitud. Antes de ingresar a la entrevista con Alberto Fern\u00e1ndez, Rodr\u00edguez Larreta hab\u00eda presentado una acci\u00f3n de amparo ante la Corte Suprema de Justicia de la Naci\u00f3n, pidiendo la inconstitucionalidad del decreto. \u00bfDe qu\u00e9 iba a dialogar, entonces, si ya hab\u00eda manifestado su intenci\u00f3n de no acatar la norma ante los tribunales? Por las dudas, organizaciones privadas plantearon otra acci\u00f3n de amparo, ante los tribunales de la ciudad, para que se impidiera la suspensi\u00f3n de la presencialidad. Reclamo este manifiestamente improcedente, como podr\u00eda decir cualquier estudiante de derecho, puesto que no pueden los tribunales porte\u00f1os resolver una cuesti\u00f3n que ata\u00f1e al estado federal. Sin embargo, el previsible rechazo del amparo en primera instancia fue revocado por los jueces Nieves Macchiavelli, Marcelo L\u00f3pez Alfons\u00edn y Laura Perugini, de la Sala IV de la C\u00e1mara en lo Contencioso Administrativo, conocida en los pasillos tribunalicios como <em>la sala amarilla<\/em>. Como datos de color r\u00e1pidamente desparramados por las redes sociales (y por los pocos medios que escapan a los dictados de las empresas hegem\u00f3nicas) se descubri\u00f3 que la jueza Macchiavelli es hermana del Secretario de Ambiente del gobierno porte\u00f1o; y se difundi\u00f3 una foto en la que L\u00f3pez Alfons\u00edn se mostraba exultante junto a la inefable Laura Alonso, que todav\u00eda no pudo explicar de qu\u00e9 hablaba con Natalio Alberto Nisman antes de que se suicidara. Con tama\u00f1os antecedentes, lo m\u00ednimo que cab\u00eda esperar de tales magistrados era que se excusaran de intervenir. No lo hicieron y sostuvieron en una esperp\u00e9ntica resoluci\u00f3n, carente por completo de asidero jur\u00eddico, la primac\u00eda de las normas e instituciones porte\u00f1as por sobre el decreto presidencial. Entre tanto, los escribas <strong>de <em>LA NACI\u00d3N<\/em><\/strong> ya hab\u00edan tomado partido. El 18\/04\/2021 Joaqu\u00edn Morales Sol\u00e1, siempre listo para este tipo de mandados, sostuvo que el Presidente hab\u00eda violado la Constituci\u00f3n al tratar de imponer su voluntad por sobre la autonom\u00eda porte\u00f1a. Vaya uno a saber de d\u00f3nde sac\u00f3 el vocero del Operativo Independencia sus conocimientos sobre la normativa constitucional y la cuesti\u00f3n de las facultades de las provincias y las de la ciudad aut\u00f3noma, pero lo cierto es que en esta cuesti\u00f3n, como en pr\u00e1cticamente todas las que publica, sostuvo una falsedad. Ni la Constituci\u00f3n ni la ley 24.588 (conocida como <em>ley Cafiero<\/em>) ponen a la educaci\u00f3n bajo la jurisdicci\u00f3n de la ciudad de Buenos Aires. La que rige en la materia es la ley 26.206, que establece las competencias en sus art\u00edculos 4\u00ba, 5\u00ba y 6\u00ba, de los que surge que quien fija la pol\u00edtica educativa y controla su cumplimiento es el Estado Nacional, que es asimismo responsable de las acciones educativas junto con las provincias y la ciudad aut\u00f3noma. Para saberlo tampoco es necesario ser un experto jurisconsulto, basta con hacer una m\u00ednima b\u00fasqueda en internet. Claro que es m\u00e1s f\u00e1cil mentir, y m\u00e1s \u00fatil a los prop\u00f3sitos de la derecha a la que Morales Sol\u00e1 sirve tan fielmente. Tambi\u00e9n es falso que \u00c1ngela Merkel, la primera ministra de Alemania, no haya cerrado las escuelas. Las tuvo cerradas al menos hasta el 7 de marzo de 2021. Macron cerr\u00f3 los colegios franceses por el mes de abril de 2021. Lacalle Pou, el presidente uruguayo tan alabado en las p\u00e1ginas del pasqu\u00edn de los Mitre-Saguier, cerr\u00f3 las escuelas hasta fines de abril de 2021. Ocurre que Morales Sol\u00e1 no pretende decir la verdad, sino convencer a sus lectores de que \u201c<em>El cierre de escuelas es una idea de Kicillof, que cuenta con el aval de Cristina Kirchner<\/em>\u201d. Como siempre, las cosas ocurren por las mal\u00e9volas conspiraciones del aprendiz de Marx y su jefa Mal\u00e9fica. El mismo 18\/04\/2021, Gustavo Menna hablaba de \u201c<em>El d\u00eda que la autonom\u00eda de la ciudad de Buenos Aires fue negada por un porte\u00f1o<\/em>\u201d. El columnista se sinti\u00f3 sorprendido por la afirmaci\u00f3n de Alberto Fern\u00e1ndez de que la ciudad de Buenos Aires no es una provincia. Entonces recurri\u00f3 qui\u00e9n sabe a qu\u00e9 textos para buscar argumentos que contradijeran los dichos del profesor de derecho que ejerce el Poder Ejecutivo por voluntad de los votantes de nuestro pa\u00eds. Seg\u00fan sus dichos, el art\u00edculo 129 de la Constituci\u00f3n otorg\u00f3 a la ciudad de Buenos Aires \u201c<em>todos los atributos propios de un Estado federado. Con las caracter\u00edsticas y propiedades de una provincia, solo que con la particularidad de constituir una entidad geogr\u00e1fica enteramente urbana<\/em>\u201d. L\u00e1stima que no es as\u00ed. El citado art\u00edculo de nuestra ley fundamental reconoci\u00f3 a la ciudad de Buenos Aires <em>&nbsp;\u201cun r\u00e9gimen de Gobierno aut\u00f3nomo con facultades propias de legislaci\u00f3n y jurisdicci\u00f3n\u201d, <\/em>&nbsp;y la elecci\u00f3n de su jefe de gobierno por el pueblo de la ciudad, al tiempo que aclaraba que los intereses del Estado nacional ser\u00edan garantizados por una ley, mientras Buenos Aires siga siendo la capital federal. Eso es lo que hizo la ya nombrada <em>ley Cafiero<\/em>. Menna se disgusta porque Alberto Fern\u00e1ndez es porte\u00f1o, y por ende cree que \u201c<em>como vecino y habitante del distrito que adquiri\u00f3 su emancipaci\u00f3n pol\u00edtica en 1994, ser\u00eda esperable que reivindique y defienda el car\u00e1cter plenamente aut\u00f3nomo de la ciudad y de sus derechos igualitarios respecto de las dem\u00e1s provincias<\/em>\u201d. Pero es que Buenos Aires no es una provincia. La Constituci\u00f3n es sumamente clara al respecto. Dice el art\u00edculo 13 que podr\u00e1n admitirse nuevas provincias, siempre que no se erija una en el territorio de otra u otras, sin el consentimiento del Congreso federal y de la legislatura provincial que correspondiere. Buenos Aires es un distrito federal mientras sea la Capital de la Rep\u00fablica, status que le otorg\u00f3 una ley y que por ende, podr\u00eda ser revocado por otra ley, en cuyo caso volver\u00eda a integrar el territorio de la provincia de Buenos Aires. Para ser declarada provincia, por lo tanto, tendr\u00eda que haber existido una ley que lo dispusiera -y la <em>ley Cafiero<\/em> no lo hace-, y contarse con el aval de la Legislatura de la provincia, cosa que tampoco ocurri\u00f3. No goza, por lo tanto, de la reserva de facultades que las provincias hicieron frente al Estado federal, al decidir constituirse como Naci\u00f3n, reserva que en virtud del mandato del art\u00edculo 13 de la ley fundamental se extiende a las nuevas provincias que sean reconocidas, la \u00faltima de las cuales fue la de&nbsp; Tierra del Fuego, Ant\u00e1rtida e Islas del Atl\u00e1ntico Sur, creada por la ley 23.775. Ser\u00eda deseable que antes de despacharse con semejantes declaraciones, un legislador como Menna se cuidara de incurrir en dislates que no se corresponden con la normativa constitucional vigente, que deber\u00eda conocer. El 19\/04\/2021 Diego Cabot, el redactor de cuadernos, se alegr\u00f3 porque \u201c<em>El profesor de derecho anot\u00f3 un aplazo en Constitucional<\/em>\u201d, cosa que crey\u00f3 que ocurr\u00eda gracias al fallo de la <em>sala amarilla<\/em> de los tribunales en lo Contencioso Administrativo y Tributario, sin reparar en que quienes sacaron un aplazo en tal materia fueron los jueces que dictaron un pronunciamiento para el que no eran competentes. No les daba raz\u00f3n para entender sobre el decreto el argumento de que quienes interpusieron la acci\u00f3n de amparo buscaban garantizar el derecho a la educaci\u00f3n, porque como ya se explic\u00f3 quien es responsable de esa garant\u00eda es, en primer lugar, el Estado federal; y porque ese derecho no fue negado al suspenderse la presencialidad -que por cierto no abarcaba los quince d\u00edas a los que se refiere el decreto 241\/21-, sino que fue asegurado por los mecanismos de la virtualidad que vienen aplic\u00e1ndose desde el inicio de la pandemia. Para que quede claro lo repito: los procesos educativos no se suspendieron, solo las clases presenciales. Contin\u00faan vigentes las que responden al sistema de educaci\u00f3n mediada por tecnolog\u00edas al que se recurri\u00f3 desde marzo de 2020. Como eso no estaba en los dictados que el escriba le hiciera al agente de inteligencia del ej\u00e9rcito Oscar Bernardo Centeno, parece que no se enter\u00f3. Por eso termin\u00f3 diciendo que \u201c<em>la autonom\u00eda porte\u00f1a, que si bien fue recortada por la ley Cafiero en 1995, mantiene las escuelas dentro de su gesti\u00f3n. Algo que luce obvio, m\u00e1s a\u00fan para un profesor de derecho<\/em>\u201d. M\u00e1s all\u00e1 de su discrepancia con los otros columnistas, fieles sostenedores de atribuciones que la ley 24.588 nunca otorg\u00f3 a la ciudad-puerto, lo que Cabot no entiende es que el derecho a la educaci\u00f3n es mucho m\u00e1s que la gesti\u00f3n por parte de las autoridades porte\u00f1as de las escuelas, gesti\u00f3n que solo puede calificarse como catastr\u00f3fica, y que si no destruye las posibilidades de aprendizaje de lxs ni\u00f1xs de Buenos Aires es gracias al trabajo de los docentes, tantas veces denostados por esas mismas autoridades. El derecho a la educaci\u00f3n, que solo puede ejercerse si se aseguran primero el derecho a la vida y el derecho a la salud, puede tambi\u00e9n ser ejercido fuera de las escuelas y por otros mecanismos. Como viene ocurriendo, gracias a maestros y profesores. Luciano Rom\u00e1n nos habla el 20\/04\/2021 de \u201c<em>Los aprendizajes de la rebeli\u00f3n de los padres<\/em>\u201d. Lo primero que hay que aclararle al escriba de marras es que los padres que supuestamente se rebelaron no son la inmensa mayor\u00eda que \u00e9l pretende ver, desplegada en las redes sociales. Son los padres que aprobaron a un gobierno como el de Cambiemos, que durante cuatro a\u00f1os se preocup\u00f3 en destruir la educaci\u00f3n p\u00fablica a nivel nacional. Son los que apoyan al gobierno porte\u00f1o que viene haciendo lo propio desde 2007. \u00bfSe rebelaron esos padres cuando en lugar de los tres mil jardines de infantes que prometi\u00f3 el domador de reposeras no se construyeron ni cincuenta? \u00bfSe ofendieron cuando Mar\u00eda Eugenia Vidal&nbsp; se quej\u00f3 de las universidades porque los pobres no deben llegar a ellas? \u00bfHicieron saber su indignaci\u00f3n frente a la rebaja del presupuesto educativo dispuesta por Rodr\u00edguez Larreta para el 2021? \u00bfForman parte de los progenitores de los diecisiete mil ni\u00f1xs sin vacantes en el sistema educativo de la Capital Federal? Seguro que no. En todo caso, son los que pueden enviar a sus hijxs a los colegios privados que llamaron a resistir el decreto presidencial. De ellos, si se puede aprender algo, es a no adoptar las mismas decisiones, a no comulgar con su ideolog\u00eda individualista y discriminatoria, a no privilegiar sus intereses econ\u00f3micos por sobre el derecho a la vida y a la salud. Rom\u00e1n pretende que existe un gran malestar social, producto de que los argentinos han aprendido que \u201c<em>no podemos, para salvarnos del coronavirus, descuidar otros aspectos de nuestra salud, ni sacrificar la educaci\u00f3n de varias generaciones, ni resignarnos a perder nuestros empleos y, con ellos, nuestra libertad y nuestra dignidad<\/em>\u201d. La salud la descuid\u00f3 la gesti\u00f3n de los que no quer\u00edan construir hospitales, los que no reconocen los derechos de los enfermeros profesionales, los que condenaron a perder sus empleos a miles de argentinos, los que deterioraron al m\u00e1ximo al sistema educativo al tiempo que endeudaron groseramente a varias generaciones de argentinos. Los mismos a los que sirve Rom\u00e1n. Los mismos a los que est\u00e1n dirigidas las columnas de <strong><em>LA NACI\u00d3N<\/em><\/strong>. Como la que el 20\/04\/2021 escribe Carlos Pagni, que advierte sobre \u201c<em>La educaci\u00f3n en un pa\u00eds pobre: un conflicto estrat\u00e9gico<\/em>\u201d. Pagni es, generalmente, un poco m\u00e1s astuto que sus compa\u00f1eros de ruta. Elige entonces contarnos que Ra\u00fal Alfons\u00edn, para hacer frente a la crisis desatada por los alzamientos carapintadas, recurri\u00f3 a la unidad de la pol\u00edtica, e ilustra sus dichos record\u00e1ndonos que quien fue convocado era el l\u00edder de la oposici\u00f3n, nada menos que Antonio Cafiero, abuelo del actual jefe de gabinete y mentor de la ley 24.588. Lo que omite decir es que lo que aquella crisis mostr\u00f3, a diferencia de lo que ocurre hoy, fue a una oposici\u00f3n que supo deponer sus intereses partidarios para poner por delante de los mismos la defensa de la democracia que aparec\u00eda amenazada. Todo lo contrario de lo que ocurre hoy, con una oposici\u00f3n que defiende la muerte frente a los intentos del gobierno por garantizar el derecho a la vida y a la salud. Menuda diferencia, que Pagni ni siquiera roza en su columna. Por el contrario, atribuye a Alberto Fern\u00e1ndez \u201c<em>dejar el rol del estadista para convertirse en el jefe de un bando. Y esto termina ordenando a todo el oficialismo que hoy elige la adversidad, el conflicto y la contradicci\u00f3n como el camino en medio de una crisis sanitaria que tiene muchas manifestaciones<\/em>\u201d. \u00bfEs el oficialismo el que hace tales elecciones? \u00bfO la oposici\u00f3n, empe\u00f1ada en sabotear todo esfuerzo por construir barricadas que detengan el avance del coronavirus? No, Pagni no ve nada de eso, empe\u00f1ado como est\u00e1 en parecer m\u00e1s un visitador m\u00e9dico que trabaja para Pfizer que en asemejarse a un periodista serio. Pagni hace aseveraciones que a primera vista parecen razonables, como cuando dice que \u201c<em>la \u00fanica manera de pedirle a la sociedad que se progrese por el m\u00e9rito es fijando un piso de igualdad de oportunidades en materia educativa. Si el pobre no recibe educaci\u00f3n no se le puede pedir que compita en el mercado. De esta manera, el primer bien que necesita un pobre es el de la educaci\u00f3n<\/em>\u201d. Ocurre que es falsa la idea del progreso por el m\u00e9rito, tan cara al pensamiento neoliberal. Porque el piso de igualdad al que menciona Pagni se construye con pol\u00edticas que aseguren la distribuci\u00f3n equitativa de la riqueza, el crecimiento del empleo, el sostenimiento de pol\u00edticas de inclusi\u00f3n social, la presencia de un Estado fuerte y decidido a combatir contra quienes sostienen solo los intereses de los grandes grupos econ\u00f3micos. Para los cuales trabaja Pagni. Quien, siguiendo la l\u00ednea que hace unas semanas viene desplegando la empresa que le paga, dice que \u201c<em>Habr\u00eda que volver a leer a Sarmiento para ver c\u00f3mo pensaba \u00e9l la educaci\u00f3n. No la ve\u00eda solamente como una forma de habilitaci\u00f3n de derechos para el individuo, sino como organizador de la vida colectiva. Y del capitalismo<\/em>\u201d. Con esa frase, y seguramente sin que haya sido su intenci\u00f3n, se le escapa una verdad, cosa dif\u00edcil de encontrar en las p\u00e1ginas de la <em>Tribuna de Doctrina<\/em>. Porque est\u00e1 diciendo que para Sarmiento importaba m\u00e1s que la habilitaci\u00f3n de derechos, la organizaci\u00f3n de la vida colectiva conforme al modelo capitalista. Tarea que el sanjuanino y su compinche don Bartolo cumplieron sometiendo al gauchaje a sangre y fuego, persiguiendo toda forma de oposici\u00f3n, construyendo un Poder Judicial c\u00f3mplice y subordinando los intereses no solo nacionales sino los de la patria grande al deseo de la potencia hegem\u00f3nica de aquellos tiempos, sangrienta labor que destruy\u00f3 al Paraguay pujante del Mariscal Solano L\u00f3pez, lo mismo que hab\u00eda destruido al interior argentino. Sarmiento y Mitre, impulsores primero de la secesi\u00f3n del Estado de Buenos Aires del resto de la Confederaci\u00f3n, y luego, tras la traici\u00f3n de Urquiza en Pav\u00f3n, los que construyeron el Estado-Naci\u00f3n de la dependencia y la frustraci\u00f3n de un federalismo proclamado por la Constituci\u00f3n pero incumplido por los gobernantes, fieles devotos de la causa unitaria que entonces como ahora, antepuso los intereses de la ciudad de la Sant\u00edsima Trinidad y puerto de Santa Mar\u00eda de los Buenos Aires a los del resto del pa\u00eds.<\/p>\n","protected":false},"excerpt":{"rendered":"<p>Como si su fundador continuara su lucha por someter al pa\u00eds a la supremac\u00eda porte\u00f1a,&#8230;<\/p>\n","protected":false},"author":1,"featured_media":0,"comment_status":"open","ping_status":"open","sticky":false,"template":"","format":"standard","meta":{"footnotes":""},"categories":[17],"tags":[],"class_list":["post-369","post","type-post","status-publish","format-standard","hentry","category-contra-mitre"],"_links":{"self":[{"href":"https:\/\/luisalen.com\/index.php?rest_route=\/wp\/v2\/posts\/369","targetHints":{"allow":["GET"]}}],"collection":[{"href":"https:\/\/luisalen.com\/index.php?rest_route=\/wp\/v2\/posts"}],"about":[{"href":"https:\/\/luisalen.com\/index.php?rest_route=\/wp\/v2\/types\/post"}],"author":[{"embeddable":true,"href":"https:\/\/luisalen.com\/index.php?rest_route=\/wp\/v2\/users\/1"}],"replies":[{"embeddable":true,"href":"https:\/\/luisalen.com\/index.php?rest_route=%2Fwp%2Fv2%2Fcomments&post=369"}],"version-history":[{"count":2,"href":"https:\/\/luisalen.com\/index.php?rest_route=\/wp\/v2\/posts\/369\/revisions"}],"predecessor-version":[{"id":371,"href":"https:\/\/luisalen.com\/index.php?rest_route=\/wp\/v2\/posts\/369\/revisions\/371"}],"wp:attachment":[{"href":"https:\/\/luisalen.com\/index.php?rest_route=%2Fwp%2Fv2%2Fmedia&parent=369"}],"wp:term":[{"taxonomy":"category","embeddable":true,"href":"https:\/\/luisalen.com\/index.php?rest_route=%2Fwp%2Fv2%2Fcategories&post=369"},{"taxonomy":"post_tag","embeddable":true,"href":"https:\/\/luisalen.com\/index.php?rest_route=%2Fwp%2Fv2%2Ftags&post=369"}],"curies":[{"name":"wp","href":"https:\/\/api.w.org\/{rel}","templated":true}]}}