{"id":372,"date":"2021-04-28T19:46:00","date_gmt":"2021-04-28T19:46:00","guid":{"rendered":"https:\/\/luisalen.com\/?p=372"},"modified":"2023-02-07T21:09:53","modified_gmt":"2023-02-07T21:09:53","slug":"enrevesados","status":"publish","type":"post","link":"https:\/\/luisalen.com\/?p=372","title":{"rendered":"Enrevesados"},"content":{"rendered":"\n<p>Seg\u00fan los diccionarios, algo enrevesado es algo dif\u00edcil de entender, intrincado, oscuro, o en un segundo significado, algo que tiene muchos entrecruzamientos. Los momentos que estamos viviendo, los hechos que se van sucediendo tienen mucho de enrevesados. Porque es dif\u00edcil de entender el empecinamiento de muchos en oponerse a cualquier medida que se tome para tratar de frenar el crecimiento de contagios y muertes que se producen por causa de la expansi\u00f3n del COVID-19. \u00bfQu\u00e9 sentido puede tener el no cumplir con los protocolos que imponen el distanciamiento social, o el uso de barbijos, celebrados como si se tratara de una lucha revolucionaria que pretende cambiar la realidad, cuando se trata de conductas que ponen en riesgo la salud y la vida, no solo de quienes las despliegan sino tambi\u00e9n del resto de la sociedad? \u00bfC\u00f3mo entender un comportamiento que se presenta como absolutamente irracional? Podr\u00edamos ofrecer muchos ejemplos que dan fe de lo enrevesado que est\u00e1 todo en esta bendita patria nuestra. Como que los que m\u00e1s demostraron despreciar la educaci\u00f3n p\u00fablica, desfinanci\u00e1ndola y proclamando las virtudes de la ense\u00f1anza privada, ahora se presenten como defensores de esa misma educaci\u00f3n que intentaron destruir. Y que para hacerlo sostengan, contra toda evidencia, que en los establecimientos educativos se cumplen a rajatabla las medidas sanitarias, como ser el no ingreso en las burbujas que se formaron para separar los contingentes de ni\u00f1xs y adolescentes de nadie que no sea docente o estudiante. Cosa que es incumplida por el propio alcalde de Buenos Aires, y su ministra de educaci\u00f3n, que muestran alegremente c\u00f3mo se meten en las burbujas, sin respetar distancia ni protocolo. Los mismos que adoptan estas actitudes enrevesadas, son los que se proclaman custodios de la rep\u00fablica y sus instituciones, al tiempo que las degradan en cuanta ocasi\u00f3n se les presenta, como en la triste fantochada protagonizada por quien preside el principal partido de la oposici\u00f3n, dando rienda suelta a sus peores instintos en un presunto escrache a la residencia presidencial que lo \u00fanico que demuestra es la infinita vocaci\u00f3n por el rid\u00edculo que caracteriza a la saltimbanqui de la pol\u00edtica. Que lo es tanto que el propio novelero en jefe de la <em>Tribuna de Doctrina<\/em>, Jorge Fern\u00e1ndez D\u00edaz, en su nota del 24\/04\/2021 la define como \u201c<em>Una mujer con una historia inc\u00f3moda<\/em>\u201d, y luego de describir su periplo por distintas expresiones de la pol\u00edtica vern\u00e1cula, nos diga \u201c<em>Que esta misma persona sea hoy un referente pol\u00edtico de las distintas tropas de seguridad, un paradigma del orden, una defensora de la institucionalidad, la reina de los \u2018halcones\u2019, la acompa\u00f1ante terap\u00e9utica de los banderazos, la ascendente figura de Cambiemos y, parafraseando a Cooke, el hecho maldito del pa\u00eds republicano, resulta toda una iron\u00eda del destino<\/em>\u201d. Lo que no le impide al escriba de marras terminar defendiendo a esa figura inc\u00f3moda, porque \u201c<em>No existen, en la vereda de enfrente, posiciones equivalentes; solo voces que denuncian atropellos y que buscan, desde distintos partidos y desde la ciudadan\u00eda independiente, una democracia de alternancias, divisi\u00f3n de poderes y acuerdos verdaderos. Este art\u00edculo ha cedido a la tentaci\u00f3n biogr\u00e1fica solo por af\u00e1n narrativo, y al final para advertir a puristas y c\u00e1ndidos: la vida te da sorpresas y el kirchnerismo se regocija con tu infinita ingenuidad<\/em>\u201d. Lo que justifica los desmanes de la nueva estrella de la derecha reaccionaria, que ocupa de hecho la jefatura de una oposici\u00f3n que carece por completo de escr\u00fapulos. Cosa que tampoco poseen los columnistas de <strong><em>LA NACI\u00d3N<\/em><\/strong>, como Joaqu\u00edn Morales Sol\u00e1, que se espanta el 25\/04\/2021 porque cree que \u201c<em>A una comisi\u00f3n solo le falta la guillotina<\/em>\u201d. El vocero del Operativo Independencia siente temor porque \u201c<em>Las revoluciones son crueles. Y lo son m\u00e1s a\u00fan cuando se trata de revoluciones que solo existen en la fantas\u00eda, cuando son una creaci\u00f3n imaginaria de los que se benefician de ellas. El ejemplo hist\u00f3rico m\u00e1s cl\u00e1sico es el que protagoniz\u00f3 Robespierre durante los a\u00f1os del Terror de la Revoluci\u00f3n Francesa. Ejecut\u00f3 en la guillotina a una cantidad enorme de supuestos enemigos de la revoluci\u00f3n, incluidos viejos amigos y compa\u00f1eros suyos<\/em>\u201d. No llega a aclararnos por qu\u00e9 caminos llega a comparar la Argentina actual con la Francia de 1789. Uno sabe que el proceso franc\u00e9s que conmovi\u00f3 la historia mundial se inici\u00f3 bajo los bellos auspicios de la libertad, la igualdad y la fraternidad. Tal vez esas palabras sean para Morales una \u201c<em>creaci\u00f3n imaginaria<\/em>\u201d, ya que ha dado sobradas muestras de que ni cree en ellas ni le conmueve en lo m\u00e1s m\u00ednimo la tragedia que tantas veces sacudi\u00f3 a los que s\u00ed las enarbolan como consignas que merecen ser cumplidas. Habr\u00eda que recordarle que el terror se descarg\u00f3, en los a\u00f1os \u201970 y \u201980, sobre aquellos que quisieron ver un mundo libre, igualitario y fraternal. Que eso ocurri\u00f3 en nuestro pa\u00eds, y que lo desataron quienes comandaban las tropas genocidas que desarrollaban ese operativo del cual \u00e9l era cronista, sin que se le conozca ni una sola menci\u00f3n de las crueldades perpetradas por Acdel Vila, Domingo Bussi y sus secuaces. Ahora s\u00ed, descubre que en esos d\u00edas hubo un <em>plan sistem\u00e1tico<\/em>. Lo dice horrorizado porque en un dictamen de la comisi\u00f3n bicameral de control de los servicios de inteligencia se se\u00f1al\u00f3 que jueces, fiscales y periodistas fueron parte, durante los a\u00f1os del macrismo, de \u201c<em>un plan sistem\u00e1tico de espionaje pol\u00edtico ilegal como m\u00e9todo de dominaci\u00f3n y extorsi\u00f3n, al mejor estilo de las pr\u00e1cticas mafiosas<\/em>\u201d, cosa que va quedando clara con cada nueva investigaci\u00f3n que se efect\u00fae sobre lo actuado por los soldados del <em>lawfare<\/em>. Igual, Morales no puede con su genio y nos aclara que \u201c<em>es incre\u00edble que el t\u00e9rmino \u2018plan sistem\u00e1tico\u2019 haya sido usado por dirigentes de la democracia argentina. As\u00ed se calific\u00f3 el plan del \u00faltimo r\u00e9gimen militar para exterminar a la insurgencia armada<\/em>\u201d. Afirmaci\u00f3n falaz como las que acostumbra a hacer Morales, puesto que el plan sistem\u00e1tico desplegado por los terroristas de Estado no fue \u201c<em>para exterminar a la insurgencia armada<\/em>\u201d sino para disciplinar mediante el terror a la sociedad toda y reorganizar a la Naci\u00f3n conforme los deseos de los due\u00f1os del poder. Morales dice que \u201c<em>Tanto ADEPA, que nuclea a los medios period\u00edsticos de todo el pa\u00eds, como Fopea, que agrupa a cientos de periodistas argentinos, denunciaron con duros t\u00e9rminos la alusi\u00f3n de la comisi\u00f3n Moreau a los medios y a los periodistas<\/em>\u201d. ADEPA no nuclea a los medios period\u00edsticos sino a las empresas propietarias de medios, y Fopea agrupa a los sumisos escribas de esos medios, que lejos est\u00e1n de merecer el nombre de periodistas. Empleados como los que defiende en la misma nota Morales, al nombrar a Daniel Santoro, el publicista de los aprietes de los agentes de inteligencia, que usaban a sus columnas como m\u00e9todo extorsivo contra sus v\u00edctimas, o a Marcelo Longobardi, al que se le escap\u00f3 en un <em>lapsus linguae<\/em> que desnud\u00f3 su pensamiento real, que habr\u00eda que formatear autoritariamente a nuestra sociedad. Como se hizo en ese pasado donde Morales hac\u00eda sus primeras armas en los medios. <strong><em>LA NACI\u00d3N<\/em><\/strong>, se sabe, abre sus espacios a cualquiera que tenga algo que decir en contra de las expresiones populares. Lejos ya de aquellos d\u00edas en los que sus p\u00e1ginas cobijaban art\u00edculos escritos por Borges o Bioy Casares, capaces de detestar al peronismo pero con buena pluma, hoy por hoy se conforma con Adriana Amado, presidenta de una organizaci\u00f3n denominada<em> Infociudadana<\/em> que se dedica, seg\u00fan su sitio web, a la investigaci\u00f3n y capacitaci\u00f3n del periodismo, tarea en la que cuenta con el apoyo de distintas universidades privadas, quien se entusiasma y el 25\/04\/2021 proclama: \u201c<em>Signo de los tiempos: una defensa encendida de los chats de mamis<\/em>\u201d, cuesti\u00f3n que desde el t\u00edtulo hace saber que nada tiene que ver con los fines de la empresa que preside, pero a la que adjudica vital importancia porque cree que alumbra una nueva forma de protesta, distinta a las marchas callejeras. Amado cree que \u201c<em>el mundo empez\u00f3 a pensar otros rituales ajenos a punteros o jerarcas. Esas onerosas marchas sincronizadas van siendo desplazadas por el ritmo asincr\u00f3nico de pulgares que, en lugar de bombos, baten teclas y pantallas<\/em>\u201d. Protestas sin presencia popular, reemplazada por identidades digitales imposibles, en su mayor\u00eda, de ser constatadas. A la escriba le parece que \u201c<em>La lucha por los derechos cambi\u00f3 de plaza y, sin picas ni guillotinas, descabez\u00f3 la monarqu\u00eda que detentaba la defensa ciudadana, esa que consolid\u00f3 sindicatos poderosos para una ciudadan\u00eda menoscabada<\/em>\u201d. Uno dir\u00eda que pese a los entrecruzamientos que aparecen en su nota, donde yace no muy oculta una manifestaci\u00f3n de desprecio por lo masivo y popular y por los sitios y maneras emblem\u00e1ticos de los reclamos ciudadanos, puede encontrarse un hilo conductor que pretende reemplazar las formas tradicionales de cuestionamiento del poder por una nueva forma de activismo, que para la autora se expresa \u201c<em>en los memes, esos catalizadores del inconsciente colectivo contempor\u00e1neo. Es que lo que la sociedad disimula con pudor a los encuestadores, lo expresa con libertad en el anonimato de las vi\u00f1etas virales<\/em>\u201d. Hasta se permite una cr\u00edtica a las expresiones feministas: \u201c<em>En tiempos donde la perspectiva de g\u00e9nero tiene rango de ministerio, estas mujeres no reclamaron por la estigmatizaci\u00f3n impl\u00edcita en el colectivo \u2018mamis\u2019. Tampoco tuvieron que escudarse en leyes de cupo para imponer su nombre a esos grupos, sin objeci\u00f3n de la minor\u00eda de tutores y encargados<\/em>\u201d. No hay, en toda la nota, una sola informaci\u00f3n de c\u00f3mo estar\u00edan integrados los grupos que se dedican al <em>chat de mamis<\/em>, ni de cu\u00e1l ser\u00eda su pertenencia social. Sabedora de ello, Amado se defiende y dice que \u201c<em>Si a los viejos ojos parecen improvisadas, artesanas, desorganizadas, es que lo son. Son las mutaciones virales que dan al cuerpo social una flexibilidad y un impacto que no tienen los dinosaurios pol\u00edticos y sindicales<\/em>\u201d. Otra vez, la idea de que las organizaciones pol\u00edticas y sindicales son parte del pasado. Parece que a la escriba le causa una cierta fascinaci\u00f3n el hecho de una comunidad que ni se define como tal ni expresa una ideolog\u00eda concreta, en el sentido gramsciano de una cosmovisi\u00f3n que se expresa en todas las actividades humanas. No, lo bueno es, para Amado, que \u201c<em>Este contacto sin relaci\u00f3n hace ver estas comunidades como fragmentadas, indiferentes, desentonadas, hasta que la nota del inter\u00e9s com\u00fan las pone a vibrar en sinton\u00eda. Y aqu\u00ed vienen las mamis para la liberaci\u00f3n<\/em>\u201d. \u00bfLiberaci\u00f3n? \u00bfEs liberador ir a la escuela en un contexto de pandemia universal, de circulaci\u00f3n sin l\u00edmites de un virus potencialmente mortal, del contagio muy probable no s\u00f3lo ya de los adultos en contacto con lxs alumnxs que concurren a las escuelas sino de los propios ni\u00f1xs y adolescentes, como lo marca la curva ascendente de infectados de esa franja etaria, desde que se regres\u00f3 a las clases presenciales? \u00bfDe qu\u00e9 quieren liberarse las <em>mamis<\/em>? \u00bfQu\u00e9 es la liberaci\u00f3n para Amado? Vaya uno a saber. Tan enrevesado se presenta su pensamiento. Como lo es el de Fernando Laborda, para quien el 27\/04\/2021 cerrar las escuelas es \u201c<em>un debate m\u00e1s pol\u00edtico que t\u00e9cnico<\/em>\u201d. Laborda no es para nada neutral en ese debate. Si bien comienza citando que \u201c<em>Desde sectores cercanos a Alberto Fern\u00e1ndez se ha lanzado una ofensiva, que se pretende sustentar en datos t\u00e9cnicos, para forzar al gobierno de Horacio Rodr\u00edguez Larreta a dar marcha atr\u00e1s con su intenci\u00f3n de mantener la educaci\u00f3n presencial. Concretamente, han se\u00f1alado que en algunos pa\u00edses del mundo, como Alemania, se decidi\u00f3 suspender las clases presenciales cuando la tasa de incidencia del coronavirus supere los 200 contagiados por cada 100.000 habitantes por semana en determinada \u00e1rea geogr\u00e1fica. Y precisan que en toda la ciudad de Buenos Aires, se ha superado largamente ese promedio en las \u00faltimas semanas<\/em>\u201d, su presunta objetividad se desbarranca a poco de seguir leyendo su columna. R\u00e1pidamente aclara que \u201c<em>Funcionarios de Rodr\u00edguez Larreta, en sinton\u00eda con la posici\u00f3n de las organizaciones de padres movilizados por las escuelas abiertas, insisten en que la presencialidad escolar no provoca contagios si se cumplen correctamente los protocolos<\/em>\u201d. Falta decir que la sinton\u00eda es con un sector, no necesariamente mayoritario, de padres de ni\u00f1xs y adolescentes en edad escolar de la ciudad de Buenos Aires, y que el incumplimiento de los protocolos m\u00e1s visible lo protagoniz\u00f3, como ya se dijo, el propio Rodr\u00edguez Larreta. Pero lo que es materia de informaci\u00f3n, para Laborda, es que seg\u00fan funcionarios porte\u00f1os que no individualiza \u201c<em>el costo de cerrar las escuelas ser\u00e1 m\u00e1s grande que el de dejarlas abiertas y recuerdan que, durante 2020, gracias a la prolongada suspensi\u00f3n de las clases presenciales en toda la Argentina, alrededor de un mill\u00f3n de chicos dejaron de recibir educaci\u00f3n o la abandonaron<\/em>\u201d. De d\u00f3nde obtuvieron los desconocidos funcionarios esas cifras, no se sabe. Tal vez partieron de la inmensa cantidad de alumnxs que no recibieron las computadoras que el gobierno de Larreta no reparti\u00f3, y sumaron a quienes no obtuvieron vacantes en el sistema educativo porte\u00f1o, y redondearon la cifra en una cantidad que aparezca como apabullante. Eso s\u00ed, ninguna posibilidad de comprobar sus dichos. Uno que sabe entrecruzar datos de tal manera que uno llegue a creer que dicen lo que no dicen es Carlos Pagni, que el 27\/04\/2021 habla de \u201c<em>Vacunas, negocios y pol\u00edtica<\/em>\u201d. Arranca contando algo que aparece como irrebatible, como que \u201c<em>El tema de la peste, de la pandemia, sigue siendo un ordenador de todo lo que pasa<\/em>\u201d. Lo que casi es una verdad de Perogrullo, dada la universalidad del problema. Ahora que de ello se desprenda, como pretende Pagni, que \u201c<em>sobre esa realidad, se monta un segundo problema que es la catastr\u00f3fica gesti\u00f3n del Gobierno en materia de vacunas. Catastr\u00f3fica no solo por la impericia, sino porque adem\u00e1s la impericia viene mezclada con negocios<\/em>\u201d. Ahora bien, mirando los datos de la cantidad de vacunados en el pa\u00eds, que al 27\/04\/2021 ascienden a 7.386.650, la situaci\u00f3n, si bien dista de ser una maravilla, tampoco es una cat\u00e1strofe. Por supuesto que el aumento de casos, en una curva ascendente en el mes de abril, enciende una se\u00f1al de alerta que se potencia ante las denuncias de saturaci\u00f3n del sistema sanitario. Esa situaci\u00f3n es la que hizo que el gobierno nacional adoptara una serie de medidas restrictivas, que ten\u00edan como norte la reducci\u00f3n del n\u00famero de contagios para posibilitar al sistema sanitario su recomposici\u00f3n, al mismo tiempo que avanza la vacunaci\u00f3n. Contra esas medidas se alz\u00f3 el alcalde porte\u00f1o, sin que ese alzamiento produzca alg\u00fan escozor en Pagni. No, el escriba de los Mitre-Saguier se preocupa por las presuntas luchas desatadas entre empresarios del sector farmac\u00e9utico -Hugo Sigman y Marcelo Figueiras-, a los que asocia con dirigentes del Frente de Todos, como para sembrar la idea de que en realidad no tenemos vacunas porque los amigos del gobierno se pelean por obtener beneficios, mientras que reci\u00e9n ahora el Presidente se acuerda de Pfitzer, el laboratorio preferido por <strong><em>LA NACI\u00d3N<\/em><\/strong> del que Pagni es entusiasta defensor. Lo curioso es que Pagni dice, pocos renglones despu\u00e9s de haber hablado de la amistad de Sigman con el Presidente y de Figueiras con Amado Boudou, que \u201c<em>Hay un chat de empresarios que se arm\u00f3 en el clima ideol\u00f3gico de Mauricio Macri. Se llama \u2018Nuestra voz\u2019. Son empresarios que se hab\u00edan reunido para \u2018alentar el cambio\u2019, es decir, sostener a Macri. Y en ese chat de empresarios empezaron las felicitaciones a Figueiras. En determinado momento, alguien dijo: \u2018Esto estuvo muy lindo, cumpli\u00f3 una gran tarea, pero yo vivo en Madrid y me voy\u2019. Era Hugo Sigman<\/em>\u201d. \u00bfEn qu\u00e9 quedamos? \u00bfEran empresarios ligados al gobierno pero que buscaban sostener a Macri? M\u00e1s enrevesado imposible. A todo esto, el columnista suma la situaci\u00f3n econ\u00f3mica, olvidando -u obviando-, la responsabilidad que le cabe al gobierno de Cambiemos en esa situaci\u00f3n, pese a que reconoce que los problemas tuvieron inicio en \u201c<em>La corrida que empez\u00f3 el 24 de abril del 2018. La Argentina est\u00e1 atrapada en esa crisis desde hace tres a\u00f1os, sin salida<\/em>\u201d. Pero, \u00bfqui\u00e9n gobernaba el 24 de abril de 2018? El domador de reposeras, dato que Pagni omite. Y se suman m\u00e1s informaciones contradictorias. Por un lado, el columnista advierte que \u201c<em>para que el Gobierno gane la elecci\u00f3n tendr\u00eda que producirse un milagro<\/em>\u201d. Pero a continuaci\u00f3n, en un rapto de sinceridad admite que \u201c<em>todo indica que las va a ganar<\/em>\u201d, cuesti\u00f3n que obliga a Pagni a hacer aparecer a los dirigentes de la oposici\u00f3n, aunque se\u00f1alando que \u201c<em>La divisi\u00f3n por gobiernos opaca o impide pensar el ciclo de la crisis econ\u00f3mica, que tiene una l\u00f3gica propia y en la cual est\u00e1n como corresponsables el Gobierno y la oposici\u00f3n. Esta es la raz\u00f3n por la cual muchos dirigentes de la oposici\u00f3n, como Mauricio Macri y Mar\u00eda Eugenia Vidal, est\u00e9n lanzando sus libros tratando de explicar qu\u00e9 tuvieron que ver con todo eso<\/em>\u201d. A uno le parece una tarea imposible, que dos de los mayores responsables del desastre econ\u00f3mico en que se sumergi\u00f3 a la Argentina entre los diciembres de 2015 y 2019 puedan dar alguna explicaci\u00f3n plausible, pero se ve que Pagni lo cree posible. Tanto que al final, ignorando los esfuerzos que el gobierno ha desplegado para acordar con la oposici\u00f3n una soluci\u00f3n al tema de las pr\u00f3ximas elecciones, a celebrarse en tiempos de pandemia seg\u00fan todos los datos parecen indicar, vuelve a traer al tapete uno de los temas favoritos de la derecha vern\u00e1cula, y dice que \u201c<em>Ser\u00eda la primera vez desde el a\u00f1o 83 que un Gobierno toca las reglas electorales sin un acuerdo con la oposici\u00f3n. Es un antecedente horrible, porque el \u00faltimo consenso que hay en democracia es sobre la pureza del sufragio y la calidad de la representaci\u00f3n. Si empezamos a dudar sobre eso, vamos a empezar a parecernos a algo que a\u00fan en muchas otras cosas no nos parecemos: Venezuela<\/em>\u201d. Con tanto tema que trajo la pandemia, casi que se estaban olvidando del fantasma del chavismo. Es hora de reflotarlo, parece pensar Pagni. Lo realmente curioso de estos d\u00edas se present\u00f3 en forma de una serie de situaciones que parecen propias de una pel\u00edcula de ciencia ficci\u00f3n, de esas clase B que anta\u00f1o poblaban las pantallas de la televisi\u00f3n de los s\u00e1bados. Porque el ingeniero sin ingenio se declar\u00f3 <em>fan\u00e1tico de Sarmiento<\/em>, manifestaci\u00f3n que origin\u00f3 una serie de esos memes que tanto mencionaba la columnista Amado, de los cuales pueden rescatarse algunas ideas bastante acertadas, como ser que lo \u00fanico que podr\u00eda gustarle al dormil\u00f3n del sanjuanino es que se llamaba Domingo (aunque no fuera ese su nombre), o que del relato que el impulsor del asesinato del Chacho Pe\u00f1aloza hizo de sus viajes buscaba ver la justificaci\u00f3n de las org\u00edas. Igual, no es eso lo que m\u00e1s sorprende, sino que haya dicho que estaba tomando clases con Laura Alonso. Muy pero muy enrevesado todo\u2026 Aunque m\u00e1s se parezca al mundo del rev\u00e9s que tan genialmente describiera Mar\u00eda Elena Walsh, aquel donde el ladr\u00f3n persigue al juez.<\/p>\n","protected":false},"excerpt":{"rendered":"<p>Seg\u00fan los diccionarios, algo enrevesado es algo dif\u00edcil de entender, intrincado, oscuro, o en un&#8230;<\/p>\n","protected":false},"author":1,"featured_media":0,"comment_status":"open","ping_status":"open","sticky":false,"template":"","format":"standard","meta":{"footnotes":""},"categories":[17],"tags":[],"class_list":["post-372","post","type-post","status-publish","format-standard","hentry","category-contra-mitre"],"_links":{"self":[{"href":"https:\/\/luisalen.com\/index.php?rest_route=\/wp\/v2\/posts\/372","targetHints":{"allow":["GET"]}}],"collection":[{"href":"https:\/\/luisalen.com\/index.php?rest_route=\/wp\/v2\/posts"}],"about":[{"href":"https:\/\/luisalen.com\/index.php?rest_route=\/wp\/v2\/types\/post"}],"author":[{"embeddable":true,"href":"https:\/\/luisalen.com\/index.php?rest_route=\/wp\/v2\/users\/1"}],"replies":[{"embeddable":true,"href":"https:\/\/luisalen.com\/index.php?rest_route=%2Fwp%2Fv2%2Fcomments&post=372"}],"version-history":[{"count":1,"href":"https:\/\/luisalen.com\/index.php?rest_route=\/wp\/v2\/posts\/372\/revisions"}],"predecessor-version":[{"id":373,"href":"https:\/\/luisalen.com\/index.php?rest_route=\/wp\/v2\/posts\/372\/revisions\/373"}],"wp:attachment":[{"href":"https:\/\/luisalen.com\/index.php?rest_route=%2Fwp%2Fv2%2Fmedia&parent=372"}],"wp:term":[{"taxonomy":"category","embeddable":true,"href":"https:\/\/luisalen.com\/index.php?rest_route=%2Fwp%2Fv2%2Fcategories&post=372"},{"taxonomy":"post_tag","embeddable":true,"href":"https:\/\/luisalen.com\/index.php?rest_route=%2Fwp%2Fv2%2Ftags&post=372"}],"curies":[{"name":"wp","href":"https:\/\/api.w.org\/{rel}","templated":true}]}}