{"id":377,"date":"2021-05-12T20:28:00","date_gmt":"2021-05-12T20:28:00","guid":{"rendered":"https:\/\/luisalen.com\/?p=377"},"modified":"2023-02-07T21:13:59","modified_gmt":"2023-02-07T21:13:59","slug":"farsantes","status":"publish","type":"post","link":"https:\/\/luisalen.com\/?p=377","title":{"rendered":"Farsantes"},"content":{"rendered":"\n<p>Seg\u00fan los diccionarios, <em>farsante <\/em>&nbsp;es el que miente o enga\u00f1a, especialmente el que finge sentimientos u opiniones que no siente o se hace pasar por lo que no es para obtener alg\u00fan provecho de ello; o el tramposo, embaucador. Leyendo las definiciones, se hace bastante f\u00e1cil descubrir que los farsantes se meten en todos los aspectos de nuestras vidas. Los encontramos en los medios, en la pol\u00edtica, en los tribunales. Tranquilos y como si nada nos viven mintiendo, enga\u00f1ando, fingen lo que no sienten, se hacen pasar por lo que no son y sacan provecho de eso, en perjuicio de todos nosotros. Son tramposos y embaucadores por vocaci\u00f3n y con perseverancia digna de mejores causas. Lo peor es que desde las posiciones de poder que ostentan, los farsantes logran que mucha gente termine por creer en sus mentiras. <em>Miente, miente, que algo queda<\/em>, dicen que dec\u00eda Goebbels. Que era un gran farsante. Farsantes hubo en todos los tiempos. En nuestra historia, los libros de la academia oficial nos suelen contar como ciertas cosas que no lo son. Nos enga\u00f1an por acci\u00f3n y por omisi\u00f3n. Por ejemplo, la historia oficial nos dice que la construcci\u00f3n de un estado moderno fue obra de grandes pr\u00f3ceres, a la cabeza de los cuales se ubica don Bartolom\u00e9 Mitre. Que no por casualidad es considerado el padre de la historia oficial, y tambi\u00e9n es el fundador de <strong><em>LA NACI\u00d3N<\/em><\/strong>. Y fue un gran farsante. Que estuvo en la batalla de la Vuelta de Obligado, pero no combatiendo por nuestra soberan\u00eda agredida sino como <em>observador<\/em> a bordo de un buque ingl\u00e9s. Presumi\u00f3 siempre de su participaci\u00f3n como artillero en la batalla de Caseros, pero hay otras versiones sobre el hecho: \u201c<em>Vive en Entre R\u00edos un<\/em> a<em>nciano coronel Esp\u00edndola, a quien en otro tiempo le o\u00ed decir que en Caseros encontr\u00f3 al<\/em> <em>comandante Mitre, con su bater\u00eda, detr\u00e1s de un monte y que habi\u00e9ndole preguntado por lo que all\u00ed hacia, Mitre le contest\u00f3: Estoy economizando sangre<\/em>\u201d (Alfredo F. de Urquiza. \u201c<em>Campa\u00f1as de Urquiza. Rectificaciones y ratificaciones hist\u00f3ricas<\/em>\u201d. Buenos Aires, J. Lajouane &amp; C\u00eda. 1924). Ya en la rebelde Buenos Aires, separada de la Confederaci\u00f3n, decidi\u00f3 acometer contra los abor\u00edgenes que defend\u00edan sus tierras. Claro que al informar a Pastor Obligado, por entonces gobernador del estado separatista, tuvo que decir la verdad: \u201c<em>para ocultar la verg\u00fcenza de nuestras armas he debido decir que la fuerza de Calfucur\u00e1 ascend\u00eda a seiscientos, a\u00fan cuando toda ella no alcanzase a quinientos; as\u00ed como he dicho que la Divisi\u00f3n del Centro no pasaba de seiscientos, a\u00fan cuando tuviese m\u00e1s de novecientos\u2026<\/em>\u201d (James R. Scobie, \u201c<em>La lucha por la consolidaci\u00f3n de la nacionalidad argentina, 1852-1852<\/em>\u201d. Buenos Aires, Hachette, 1964). Eso no impidi\u00f3 que le ofrecieran un banquete en el que dijo una de sus frases c\u00e9lebres: \u201c<em>El desierto es inconquistable<\/em>\u201d. La puja entre Buenos Aires y la Confederaci\u00f3n condujo al enfrentamiento militar, que se produjo el 23 de octubre de 1859 en Cepeda, el mismo lugar donde Pancho Ram\u00edrez y Estanislao L\u00f3pez hab\u00edan terminado con el Directorio porte\u00f1o en 1820. Mitre dijo entonces: \u201c<em>Aqu\u00ed fue la cuna del caudillaje, aqu\u00ed ser\u00e1 su tumba<\/em>\u201d. Y fue derrotado en todas las l\u00edneas. Vencedor, Justo Jos\u00e9 de Urquiza lo definir\u00eda como \u201c<em>el farsante general en jefe<\/em>\u201d. Mitre entonces redact\u00f3 otro parte, dici\u00e9ndole a Obligado que si bien no hab\u00eda logrado un triunfo completo, s\u00ed pudo salvar el honor de las armas porte\u00f1as. Lo cierto fue que Buenos Aires termin\u00f3 por reintegrarse a la Confederaci\u00f3n, tras el pacto de San Jos\u00e9 de Flores. Reformada la Constituci\u00f3n en 1860,Mitre jur\u00f3 respetarla pero su lealtad dur\u00f3 muy poco. Santiago Derqui fue elegido ese a\u00f1o como Presidente y Mitre como gobernador de Buenos Aires. R\u00e1pidamente, la provincia se alz\u00f3 contra el gobierno nacional y declar\u00f3 caduco el Pacto de San Jos\u00e9 de Flores. Otra vez, Urquiza y Mitre se enfrentaban en el campo de batalla, esta vez el 17 de septiembre de 1861 en Pav\u00f3n, al sur de Santa Fe. Misteriosamente, cuando las tropas federales bat\u00edan a las porte\u00f1as, Urquiza orden\u00f3 la retirada, dejando la victoria a Mitre. \u00bfCumpl\u00eda el entrerriano con un acuerdo forjado en las logias mas\u00f3nicas? Hay versiones que cuentan que Mitre no se hab\u00eda enterado de su victoria y se daba a la fuga, cuando le lleg\u00f3 un parte que le ped\u00eda \u201c<em>no dispare, general, que ha ganado<\/em>\u201d. El primer golpe de Estado de la \u00e9poca constitucional se hab\u00eda consumado y Mitre ve\u00eda despejado su camino a la presidencia. Desde all\u00ed y con el auxilio de su asociado Sarmiento, desatar\u00eda primero la <em>guerra de polic\u00eda<\/em> contra el interior rebelde, antecedente del terrorismo de Estado durante el cual el General \u00c1ngel Vicente Pe\u00f1aloza ser\u00eda asesinado el 12 de noviembre de 1863 por una partida al mando del capit\u00e1n Ricardo Vera y el mayor Pablo Irraz\u00e1bal, que lancear\u00eda al \u201c<em>Chacho<\/em>\u201d, cuando este ya se hab\u00eda rendido. Los <em>civilizadores<\/em> exibir\u00edan su cabeza en la plaza de Olta. En 1864, Mitre se aliar\u00eda con Brasil para apoyar a Venancio Flores, un militar uruguayo que desconoc\u00eda a su gobierno y pretend\u00eda derrocarlo. Ese fue el germen de la guerra de la<em> Triple Infamia<\/em>, desatada en 1865 contra el Paraguay de Francisco Solano L\u00f3pez, en la que fue indiscutible el apoyo &#8211;<em>o la inspiraci\u00f3n<\/em>&#8211; del embajador ingl\u00e9s Edward Thornton. Claro, el 7 de marzo de 1864, al inaugurar las obras del <em>Ferrocarril del Sud<\/em>, don Bartolo exclamaba \u201c<em>D\u00e9monos cuenta de este triunfo pac\u00edfico, busquemos el nervio motor de estos progresos y veamos cu\u00e1l es la fuerza inicial que lo pone en movimiento<\/em>. <em>\u00bfCu\u00e1l es la fuerza que impulsa este progreso? \u00a1Se\u00f1ores, es el capital ingl\u00e9s!<\/em>\u201d (Bartolom\u00e9 Mitre, \u201c<em>Arengas. Colecci\u00f3n de discursos parlamentarios, pol\u00edticos, econ\u00f3micos y literarios, oraciones f\u00fanebres, alocuciones conmemorativas, proclamas y alegatos \u2018in voce\u2019 pronunciados desde 1848 hasta 1888<\/em>\u201d, Imprenta y Librer\u00eda de Mayo, Buenos Aires 1889). Ya lanzado a la contienda fratricida y siempre grandilocuente, Mitre profetiz\u00f3: \u201c<em>Tres d\u00edas en los cuarteles, tres semanas en campa\u00f1a, tres meses en Asunci\u00f3n\u201d.<\/em> La guerra dur\u00f3 hasta 1870 y mientras transcurr\u00eda, los pueblos del interior se alzaban contra la alianza con Brasil. Felipe Varela levantaba la bandera de la Uni\u00f3n Americana y reclamaba en vano la ayuda de Urquiza. Los levantamientos ser\u00edan ahogados en sangre. Varela terminar\u00eda sus d\u00edas en el exilio. En la guerra, el comportamiento de Mitre no era diferente al que mostraba contra sus adversarios del interior. L\u00f3pez se lo reprochar\u00eda, diciendo que mientras sus ej\u00e9rcitos obraban con estricta disciplina, las de Mitre respond\u00edan con excesos y atrocidades, y pon\u00eda como ejemplo&nbsp; \u201c<em>La b\u00e1rbara crueldad con que han sido pasados a cuchillo los heridos del combate de Yatay<\/em>\u201d (carta del Mariscal Francisco Solano L\u00f3pez fechada en Humait\u00e1 el 20 de noviembre de 1868). El 4 de enero de 1870, dos meses antes del fin de la guerra y cuando ya gobernaba en la Argentina Sarmiento, Mitre fundaba <strong><em>LA NACI\u00d3N<\/em><\/strong>, anunciando que ser\u00eda una <em>Tribuna de Doctrina.<\/em> Muchos a\u00f1os despu\u00e9s, Homero Manzi dir\u00eda certeramente que don Bartolo se hab\u00eda dejado <em>un diario como guardaespaldas<\/em>.&nbsp; Ese mismo 1870 Urquiza pagar\u00eda sus traiciones al ser asesinado en el Palacio San Jos\u00e9; las revueltas federales terminar\u00edan luego de que Ricardo L\u00f3pez Jord\u00e1n fuera derrotado en 1871 y 1873. Pero las farsas de don Bartolo no terminar\u00edan ah\u00ed: al terminar su presidencia Sarmiento, el mitrismo ten\u00eda como candidato a su jefe. Pero el electo result\u00f3 ser Nicol\u00e1s Avellaneda. Los seguidores de don Bartolo desconocieron la elecci\u00f3n, pese a que en otra de sus frases c\u00e9lebres Mitre hab\u00eda enunciado que &#8220;<em>La peor de las votaciones legales vale m\u00e1s que la mejor de las revoluciones<\/em>&#8220;. Y se lanz\u00f3 a la revoluci\u00f3n. El 26 de noviembre de 1874, al mando de una fuerza de aproximadamente cinco mil hombres, se enfrentaba en La Verde a los novecientos que mandaba el Teniente Coronel Jos\u00e9 Inocencio Arias. La victoria le fue nuevamente esquiva a don Bartolo, pese a su superioridad num\u00e9rica, y la revoluci\u00f3n termin\u00f3 derrotada. Sus andanzas pol\u00edticas no concluyeron entonces. En 1890 apareci\u00f3 denunciando al <em>Unicato<\/em>, iniciado en 1884 por Roca y continuado ese a\u00f1o por su cu\u00f1ado Ju\u00e1rez Celman. El clima de corrupci\u00f3n generalizada se vio agravado por la ca\u00edda del mercado de valores, que reflejaba las crisis del Reino Unido, al cual la oligarqu\u00eda vern\u00e1cula se hab\u00eda sometido. El 1 de septiembre de 1889, en el Jard\u00edn Florida, un multitudinario acto hab\u00eda dado nacimiento a la Uni\u00f3n C\u00edvica de la Juventud, que pocos meses despu\u00e9s, el 13 de abril de 1890 se transformar\u00eda como partido en la Uni\u00f3n C\u00edvica, congregando a figuras tan dis\u00edmiles como Jos\u00e9 Manuel Estrada, Miguel Navarro Viola, Pedro Goyena, Juan B. Justo, Francisco Barroetave\u00f1a, Vicente Fidel L\u00f3pez, Juan Andr\u00e9s Gelly y Obes, Mariano Billinghurst, Arist\u00f3bulo del Valle y Leandro N. Alem. Y don Bartolo. El 26 de julio de 1890 estallaba la revoluci\u00f3n. Su jefe militar, Manuel J. Campos, en lugar de marchar sobre la Casa Rosada y apoderarse del gobierno, fren\u00f3 toda actividad de los rebeldes hasta que el intento se frustr\u00f3. Los historiadores concuerdan en que Campos obr\u00f3 as\u00ed porque hab\u00eda acordado d\u00edas antes con Roca el fracaso del levantamiento. El 29 de julio de 1890, se firmaba la rendici\u00f3n de los revolucionarios. Mitre march\u00f3 a Europa y retorn\u00f3 el 18 de marzo de 1891, aceptando integrar una f\u00f3rmula junto a Bernardo de Irigoyen, ocasi\u00f3n que aprovech\u00f3 para otra de sus arengas: \u201c<em>Entrego mi nombre al pueblo, y si me tocase ser elegido por su libre y espont\u00e1nea voluntad\u2026<\/em>\u201d. Poco tiempo antes hab\u00eda despotricado contra Bernardo de Irigoyen, acus\u00e1ndolo de ser heredero de \u201c<em>una tradici\u00f3n condenada por la conciencia p\u00fablica<\/em>\u201d por su pasado federal y rosista. A los pocos d\u00edas, el 21 de marzo de 1891, se reun\u00eda con Roca y Pellegrini, ungido como presidente tras la renuncia de Ju\u00e1rez Celman, y renunciaba a su candidatura, explicando que el acuerdo alcanzado era una \u201c<em>soluci\u00f3n racional en las circunstancias en que se encuentra nuestro pa\u00eds<\/em>\u201d. Alem rechazar\u00eda el acuerdo, defini\u00e9ndose como <em>radical e intransigente<\/em>. Todav\u00eda quedar\u00eda tiempo para m\u00e1s farsas de don Bartolo pero bastan las se\u00f1aladas. Podr\u00e1n algunos preguntarse por qu\u00e9 tanta dedicaci\u00f3n a la figura de Mitre. La respuesta es simple: fue el gran farsante de aquella \u00e9poca, y prolong\u00f3 su ejemplo a trav\u00e9s de sus obras <em>hist\u00f3ricas<\/em> -que fundaron la historia oficial falsificada-, y del pasqu\u00edn que fundara. Iniciador de una pol\u00edtica de sumisi\u00f3n a los intereses extranjeros, a los que prefiri\u00f3 gerenciar antes que lanzarse a la epopeya de crear una patria solidaria, Bartolom\u00e9 Mitre fue tambi\u00e9n el modelo del porte\u00f1o despreciativo del interior, convencido de una supuesta superioridad que le permit\u00eda alzarse por sobre todo cuando le conven\u00eda, y mentir para justificarlo. Una tradici\u00f3n que muchos contin\u00faan. Basten unos pocos ejemplos. El 11\/05\/2021 <strong><em>LA NACI\u00d3N<\/em><\/strong> titula: \u201c<em>H\u00e1ganse cargo, se los digo con amor, la respuesta de Waldo Wolff a Carlos Bianco<\/em>\u201d. Wolff es el mismo que us\u00f3 al suicidio de Alberto Nisman casi como plataforma pol\u00edtica, y que no se priva de atacar en cuanta ocasi\u00f3n se le presente a todo lo que parezca kirchnerismo. Pero no se priva de decir que \u201c<em>La idea de querer siempre transformar al otro en el demonio es medieval y fascista<\/em>\u201d. Ocurre que quienes usaron esa idea fueron Wolff y sus compinches, capaces de asesinar al suicida para lograr acceder al poder, desde el cual persiguieron con sa\u00f1a a sus opositores, enriquecieron a amigos y socios y endeudaron a varias generaciones de argentinos. Por su parte, Fernando Laborda dice el mismo d\u00eda que \u201c<em>La \u00faltima palabra ya no la tiene el Presidente, sino Cristina Kirchner<\/em>\u201d, cuesti\u00f3n que seg\u00fan el queda demostrada porque antes del viaje presidencial a Europa los senadores nacionales que responden a la Vicepresidenta \u201c<em>firmaron un proyecto de declaraci\u00f3n propiciatorio de que los recursos que el Fondo Monetario le env\u00ede a la Argentina este a\u00f1o en derechos especiales de giro equivalentes a unos 4300 millones de d\u00f3lares no sean empleados para saldar con aquellos organismos las deudas que vencen pr\u00f3ximamente, sino que sean usados para los gastos sanitarios por la nueva ola de Covid19<\/em>\u201d. Laborda no puede ignorar que los proyectos de declaraci\u00f3n son estrictamente eso, no una pol\u00edtica que deba ser implementada. Por otra parte, qui\u00e9n podr\u00eda estar en desacuerdo en que el pa\u00eds use tales recursos para combatir a la pandemia que ataca impiadosa. Pero como debe lograr enga\u00f1ar a sus lectores, les dice que \u201c<em>Si la expresidenta de la Naci\u00f3n seguir\u00e1 siendo, en adelante, quien tenga la \u00faltima palabra dentro de la coalici\u00f3n gobernante en materia de pol\u00edtica econ\u00f3mica, tanto el gobierno de Alberto Fern\u00e1ndez como la Argentina estar\u00e1n en serios problemas<\/em>\u201d. Frase tramposa porque, primero, no da ninguna raz\u00f3n valedera como para tomar su advertencia como cierta, y porque los serios problemas econ\u00f3micos que atraviesa nuestro pa\u00eds no son culpa de Cristina sino del macrismo tan apoyado por el escriba. Otro enga\u00f1o es perpetrado por Luciana V\u00e1zquez, siempre el 11\/05\/2021, que en su columna \u201c<em>El momento expansivo de los privilegios kirchneristas<\/em>\u201d dice como si nada que \u201c<em>El legado de Cambiemos es que el d\u00e9ficit cero es un derecho humano, aunque no lo pudo concretar, pero es su mayor \u00e9pica<\/em>\u201d. Hablar de derechos humanos y de Cambiemos es pretender hacernos digerir un ox\u00edmoron imposible. El legado de los secuaces del dormil\u00f3n es la miseria creciente, el endeudamiento infernal, el cierre de f\u00e1bricas, los hospitales no construidos, los ni\u00f1xs y adolescentes sin vacantes en las escuelas, el negacionismo como pol\u00edtica oficial. \u201c<em>Fern\u00e1ndez y Fern\u00e1ndez contra la rep\u00fablica<\/em>\u201d, vocifera el 11\/05\/2021 la doctora en Ciencias Pol\u00edticas de la Universidad Cat\u00f3lica Argentina Elisa Goyenechea, haci\u00e9ndonos dudar de la rigurosidad con que se expiden los doctorados en esa casa de estudios privada. Y nos trata de convencer de que \u201c<em>el juez Rosenkrantz y los dem\u00e1s magistrados que integran la Corte Suprema conocen sus funciones establecidas por la Constituci\u00f3n. Ellos integran el tribunal supremo de justicia de la rep\u00fablica<\/em>\u201d. Tan a contrapelo del accionar de los cortesanos resulta su afirmaci\u00f3n que no merece mayores comentarios. Se queja de un comentario, tan \u00e1cido como certero, de la Vicepresidenta, cuando dijo que \u201c<em>para poder gobernar [\u2026] es mejor presentarse a concursar por un cargo de juez [\u2026] o que un presidente te proponga para ministro de la Corte<\/em>\u201d. Ocurre que mal que le pese a la doctora en cuesti\u00f3n, el gobierno es elegido por el voto popular. Lo mismo ocurre con los legisladores. Los que no se someten al escrutinio de las urnas son los integrantes del Poder Judicial, que sin embargo no se arredran a la hora de desconocer la autoridad presidencial o de dar \u00f3rdenes al Congreso, como hizo la C\u00e1mara de Apelaciones en lo Criminal y Correccional de la ciudad porte\u00f1a cuando pretendi\u00f3 fijar un plazo para que se dicte una ley. Nada de eso ofende a Goyenechea, que no se priv\u00f3 de definir a Alberto Fern\u00e1ndez como \u201c<em>el pr\u00edncipe consorte de una monarca con ambiciones de omnipotencia, cuya \u00fanico inter\u00e9s es su propia impunidad a cualquier precio<\/em>\u201d. Forma nada republicana de referirse a los titulares de los poderes del Estado que el pueblo eligi\u00f3 en 2019. Con su estilo presuntamente serio, Carlos Pagni dice el 11\/05\/2021 que \u201c<em>Alberto Fern\u00e1ndez busca apoyos en Europa para enfrentar a Cristina Kirchner<\/em>\u201d. No se vayan a creer que la gira es para encontrar respaldo en la pulseada con el FMI, no. Es para pelearse con la reina Mal\u00e9fica. A Pagni le parece curioso que un texto del diputado Leopoldo Moreau diga algo que es sabido por cualquiera, como que \u201c<em>la Argentina tuvo dos pandemias, no una: la del coronavirus y la de Macri<\/em>\u201c. Ocurre que hay una trampa en el texto. No tan solapadamente, lo que el columnista propugna es el acuerdo con el FMI, previa una concertaci\u00f3n con la oposici\u00f3n, sin ninguna condici\u00f3n que tenga que ver con la defensa de la soberan\u00eda o el privilegio de los sectores m\u00e1s desprotegidos de la sociedad por sobre los acreedores externos. Nada de eso. Como ense\u00f1ara don Bartolo hace tiempo, hay que someterse al extranjero y despreciar a los propios. Para el final dej\u00e9 al gran jefe de los mentirosos, enga\u00f1adores, embaucadores, que hace pocos meses, en febrero, dec\u00eda que no se iba a vacunar hasta que el \u00faltimo de los argentinos de riesgo y de los trabajadores esenciales no lo hubiera hecho. Y ahora, entre despertadas al mediod\u00eda y reposeras guardadas por el fin del verano se fue a Miami y en una farmacia se dio la monodosis de la vacuna de Johnson &amp; Johnson. Siempre fiel a su palabra, el ingeniero sin ingenio. Heredero de la mejor tradici\u00f3n mitrista. Un verdadero farsante.<\/p>\n","protected":false},"excerpt":{"rendered":"<p>Seg\u00fan los diccionarios, farsante &nbsp;es el que miente o enga\u00f1a, especialmente el que finge sentimientos&#8230;<\/p>\n","protected":false},"author":1,"featured_media":0,"comment_status":"open","ping_status":"open","sticky":false,"template":"","format":"standard","meta":{"footnotes":""},"categories":[17],"tags":[],"class_list":["post-377","post","type-post","status-publish","format-standard","hentry","category-contra-mitre"],"_links":{"self":[{"href":"https:\/\/luisalen.com\/index.php?rest_route=\/wp\/v2\/posts\/377","targetHints":{"allow":["GET"]}}],"collection":[{"href":"https:\/\/luisalen.com\/index.php?rest_route=\/wp\/v2\/posts"}],"about":[{"href":"https:\/\/luisalen.com\/index.php?rest_route=\/wp\/v2\/types\/post"}],"author":[{"embeddable":true,"href":"https:\/\/luisalen.com\/index.php?rest_route=\/wp\/v2\/users\/1"}],"replies":[{"embeddable":true,"href":"https:\/\/luisalen.com\/index.php?rest_route=%2Fwp%2Fv2%2Fcomments&post=377"}],"version-history":[{"count":2,"href":"https:\/\/luisalen.com\/index.php?rest_route=\/wp\/v2\/posts\/377\/revisions"}],"predecessor-version":[{"id":384,"href":"https:\/\/luisalen.com\/index.php?rest_route=\/wp\/v2\/posts\/377\/revisions\/384"}],"wp:attachment":[{"href":"https:\/\/luisalen.com\/index.php?rest_route=%2Fwp%2Fv2%2Fmedia&parent=377"}],"wp:term":[{"taxonomy":"category","embeddable":true,"href":"https:\/\/luisalen.com\/index.php?rest_route=%2Fwp%2Fv2%2Fcategories&post=377"},{"taxonomy":"post_tag","embeddable":true,"href":"https:\/\/luisalen.com\/index.php?rest_route=%2Fwp%2Fv2%2Ftags&post=377"}],"curies":[{"name":"wp","href":"https:\/\/api.w.org\/{rel}","templated":true}]}}