{"id":385,"date":"2021-05-20T20:42:00","date_gmt":"2021-05-20T20:42:00","guid":{"rendered":"https:\/\/luisalen.com\/?p=385"},"modified":"2023-02-07T21:13:44","modified_gmt":"2023-02-07T21:13:44","slug":"caraduras","status":"publish","type":"post","link":"https:\/\/luisalen.com\/?p=385","title":{"rendered":"Caraduras"},"content":{"rendered":"\n<p>El diccionario, al que siempre es bueno recurrir, define al <em>caradura <\/em>como la persona que tiende a aprovecharse de los dem\u00e1s, el que act\u00faa con desverg\u00fcenza, descaro o falta de respeto; sin\u00f3nimos de caradura son sinverg\u00fcenza, descarado, desfachatado, desvergonzado y atrevido. Viene a cuento porque la realidad de estos d\u00edas nos muestra a un conjunto de caraduras que se mueven como si nada en un entramado de medios de comunicaci\u00f3n que lo que menos hacen es informar, diputados y senadores que tienen como casi exclusiva preocupaci\u00f3n no legislar, magistrados y fiscales que hace rato han olvidado que su misi\u00f3n es hacer justicia, y podr\u00edamos seguir detallando muchos casos m\u00e1s. Porque, qu\u00e9 otra cosa se puede decir del cuarteto formado por la saltimbanqui, el gorila de apellido clerical, el actor que se olvid\u00f3 del personaje y el inventor de fiscalicidios? Circula por las redes un video en el que arranca el goril\u00f3n advirtiendo: \u201c<em>quieren cambiar la ley del Ministerio P\u00fablico Fiscal<\/em>\u201d; el diputado de la doble w suelta que \u201c<em>quieren impunidad para el kirchnerismo<\/em>\u201d&nbsp; la amante del gatillo f\u00e1cil, esta vez sin disfrazarse de presidiaria amenaza con que \u201c<em>No lo vamos a permitir de ninguna manera<\/em>\u201d y el ex actor, en sinton\u00eda, sostiene que \u201c<em>la gente no se va a dejar llevar por delante\u201d <\/em>y a d\u00fao con la saltimbanqui, aseguran \u201c<em>vamos a ganar<\/em>\u201d. Qu\u00e9 desfachatez. Porque si hay un grupo al que se le puede reprochar el avasallamiento del Ministerio P\u00fablico Fiscal es a la banda de cambiemitas que los cuatro integran. Que no vacil\u00f3 en usar a los medios de comunicaci\u00f3n que les responden para insultar, agraviar y amenazar de todas formas a Alejandra Gils Carb\u00f3, hasta llegar al extremo de publicar los tel\u00e9fonos de sus hijas para aumentar la presi\u00f3n sobre la Procuradora, hasta que lograron hacerla renunciar. Habr\u00eda que aclararles, por las dudas, que el proyecto de ley que tanto les molesta lo presentaron ellos y lo defendi\u00f3 Garavano en el congreso, all\u00e1 por noviembre de 2017. Eso s\u00ed, hoy se lo mejor\u00f3 bastante, por ejemplo en relaci\u00f3n a las mayor\u00edas necesarias para designar al Procurador General, antes con una simple alcanzaba y en el proyecto actual se pide una mayor\u00eda absoluta. \u00bfC\u00f3mo, el gobierno del dormil\u00f3n buscaba la impunidad de Cristina? Hay que ser desvergonzado para defender un d\u00eda un proyecto y olvidarlo al d\u00eda siguiente para atacarlo despu\u00e9s. La derecha tiene un nutrido elenco de atrevidos. En una mesa convocada la noche del 15\/05\/2021 bajo la admonici\u00f3n de una veterana anfitriona (que ya no la comanda) el <em>m\u00e1s liberal que los otros liberales<\/em> Jos\u00e9 Luis Espert se despach\u00f3 contando que \u201c<em>Axel <em>Kicillof, un bolchevique, que es un museo directamente, decide la pol\u00edtica sanitaria<\/em>\u201d, logrando que un sujeto que dice ser periodista y pasa por <em>marchand<\/em>, aunque se olvide de pagar por las obras de arte que se supone va a exponer, redoble la apuesta y diga \u201c<em>Yo fui bolchevique, este es un pelotudo<\/em><\/em>\u201d,  todo ante la sonrisa de la nieta entronizada. Que tres personas como ellas critiquen al gobernador de la provincia de Buenos Aires es cosa de atrevidos que no vacilan en decir lo primero que se les ocurre. No les vamos a pedir que sean inteligentes, racionales ni educados, tama\u00f1o esfuerzo excede sus posibilidades. Pero podr\u00edamos comentar que Kiciloff probablemente merezca estar en un museo alg\u00fan d\u00eda, en alg\u00fan lugar destacado. Y que la confesi\u00f3n del traficante de arte puede llegar a explicar la ca\u00edda de la Uni\u00f3n Sovi\u00e9tica, si le crey\u00e9ramos que fue bolchevique. Perd\u00f3n por nombrar de nuevo a Fernando Iglesias, pero es que da libreto a notas como esta. Por ejemplo, cuando le da la bienvenida a Chile al Tercer Mundo, despu\u00e9s de la derrota catastr\u00f3fica sufrida por el gobierno que tantas veces el goridiputado y sus compinches pusieron como ejemplo. Como dice una canci\u00f3n de Serrat, <em>estos no se han enterado que Carlos Marx est\u00e1 muerto y enterrado<\/em>\u2026 (Disculpe el se\u00f1or). Esas elecciones, vale la pena salirnos de tema y festejarlas, parecen traer un aire puro a esta parte del mundo. Ya lo predijo el gran Salvador Allende: \u201c<em>mucho m\u00e1s temprano que tarde, de nuevo se abrir\u00e1n las grandes alamedas por donde pase el hombre libre, para construir una sociedad mejor<\/em>\u201d. Pero volvamos a estos lares. En donde la falta de verg\u00fcenza es algo que hace rato caracteriza a los columnistas de <strong><em>LA NACI\u00d3N<\/em><\/strong>. Dicen que en el ranking de dureza de los metales, uno de los m\u00e1 altos lugares de la lista lo ocupa el acero inoxidable. Y uno imagina el rostro acerado de Jorge Fern\u00e1ndez D\u00edaz, mientras escrib\u00eda su columna del 16\/05\/2021, en la que nos cuenta \u201c<em>A qu\u00e9 le teme Cristina Kirchner<\/em>\u201d. Caramba. La dureza de su rostro le alcanza no s\u00f3lo para pretenderse literato sino asimismo adivino. Cultor de paralelismos sin raz\u00f3n, el novelero dice sin ponerse colorado (el acero no se lo permite), que \u201c<em>El justicialismo de Per\u00f3n amaba a la polic\u00eda; el camporismo de Cristina idolatra a los delincuentes. Y todo comenz\u00f3 cuando el peronismo post mortem, atravesado por las ideas de los escritores setentistas, confundi\u00f3 el durazno con la pelusa y los ministerios de Trabajo y Econom\u00eda con la Fundaci\u00f3n Evita, haciendo as\u00ed no una opci\u00f3n por los pobres y los obreros, sino por la d\u00e1diva y al final por el lumpen<\/em>\u201d. Como se ve, es tambi\u00e9n ex\u00e9geta del mayor movimiento popular que viera nuestro pa\u00eds, y que pese a todos los intentos de acabarlo, sigue fuerte, vigente y gobernando. Para desgracia de Fern\u00e1ndez D\u00edaz, que preferir\u00eda que fuera una verdad y no un invento de los suyos, que \u201c<em>Todo esto se combina con los vacunatorios clientelares de La C\u00e1mpora y sus sindicatos y asociaciones afines, y municipios con zonas de miseria desesperante que \u2018ahorran\u2019 presupuesto para regalar billetes a granel reci\u00e9n diez d\u00edas antes de los comicios. Pr\u00e1cticas abominables que se hacen a la vista de todos, y que est\u00e1n mellando la imagen de la Pasionaria del Calafate, a quien acusan por esta suma de pecados y desgracias<\/em>\u201d. L\u00e1stima que no pueda mostrar ni uno de esos vacunatorios, ni explicar por qu\u00e9 la miseria que ataca a grandes sectores de nuestra sociedad la trajo el macrismo, ni anticipar en qu\u00e9 municipios van a regalar billetes. Y que toda su pobre inventiva no le sirva para dar una raz\u00f3n plausible para el apoyo que sigue recibiendo Cristina Fern\u00e1ndez de Kirchner. A un te\u00f3rico de la derecha reaccionaria, con largos a\u00f1os de militancia antipopular como Alberto Benegas Lynch (h), uno lo ve m\u00e1s cerca del titanio. En su nota del 18\/05\/2021, nos advierte que \u201c<em>se insiste en el atrabiliario concepto de \u2018justicia social\u2019. Esta entelequia solo puede tener dos significados: por un lado, una grosera redundancia, puesto que la justicia no puede ser mineral, vegetal o animal, es solo social, y por otro lado la acepci\u00f3n m\u00e1s generalizada de sacarles a unos lo que les pertenece para darles a otros lo que no les pertenece, situaci\u00f3n que contradice la definici\u00f3n cl\u00e1sica de \u2018dar a cada uno lo suyo\u2019, y \u2018lo suyo\u2019 remite al derecho de propiedad, que es en este caso contradicho. Por eso es que el premio Nobel de Econom\u00eda Friedrich Hayek ha escrito que todo sustantivo seguido del adjetivo \u2018social\u2019 lo convierte en su ant\u00f3nimo: constitucionalismo social, derechos sociales, democracia social y naturalmente justicia social<\/em>\u201d. Maravilla de maravillas, el titanio le permite esfuerzos tit\u00e1nicos como para desmerecer en un solo p\u00e1rrafo al constitucionalismo social, los derechos sociales, la democracia social y la justicia social. Falt\u00f3 pedir la vuelta al <em>Ancien R\u00e9gime<\/em> que las guillotinas de la Revoluci\u00f3n Francesa dieron por terminado, pero que el dos veces doctor y acad\u00e9mico (condiciones que nos hacen dudar de la excelencia del sistema educativo que alguna vez lo cobij\u00f3) parece extra\u00f1ar. El granito puede servir para imaginar el rostro de Fabi\u00e1n Rodr\u00edguez Sim\u00f3n, tambi\u00e9n conocido como \u201c<em>Pep\u00edn<\/em>\u201d que ha decidido profugarse de los requerimientos de los tribunales argentinos y solicitar asilo pol\u00edtico en Uruguay, el nuevo para\u00edso de nuestros neoliberales. Sin ning\u00fan tipo de prejuicio, el tipo que se ocup\u00f3 de organizar una banda que se dedic\u00f3 a perseguir opositores pol\u00edticos desde los tribunales, banda denominada <em>mesa judicial<\/em> y que congregaba a esp\u00edas, empleados de los medios, jueces, fiscales y funcionarios, dijo que no volver\u00e1 al pa\u00eds hasta que \u201c<em>no cese la persecuci\u00f3n pol\u00edtica<\/em>\u201d y descubri\u00f3 que existe un \u201c<em>corrupto y deteriorado sistema judicial argentino<\/em>\u201d. Si hubo persecuci\u00f3n, cuyas consecuencias todav\u00eda se padecen, la desat\u00f3 la derecha con la gu\u00eda de \u201c<em>Pep\u00edn<\/em>\u201d y la participaci\u00f3n de un sistema judicial que alegremente se prest\u00f3 a ser corrompido y deteriorado por el macrismo. Uno podr\u00eda suponer que una aleaci\u00f3n de hierro, acero y n\u00edquel servir\u00eda para el rostro de Luciana V\u00e1zquez, para la cual el 18\/05\/2021 \u201c<em>La Tierra no es plana, pero tampoco kirchnerista<\/em>\u201d. Es una columna destinada a criticar la pol\u00edtica exterior del gobierno.&nbsp; Claro, desde la perspectiva del pensamiento neoliberal, que ni siquiera perdona a Joe Biden, cuyas medidas econ\u00f3micas lo vuelven sospechoso a los ojos de los economistas reaccionarios. Dice V\u00e1zquez que \u201c<em>El problema de reducir el mundo al alcance corto de los ojos peronistas y sobre todo kirchneristas es tensar relaciones internacionales innecesariamente y muy especialmente, hacer diagn\u00f3sticos anacr\u00f3nicos o equivocados del funcionamiento de las cosas en busca de evidencia internacional que corrobore los desaciertos patrios. Una suerte de terraplanismo pol\u00edtico en el que el mundo se quiere confirmaci\u00f3n de la visi\u00f3n sesgada de los problemas argentinos<\/em>\u201d. \u00bfEs nuestro pa\u00eds el que tensa relaciones internacionales? \u00bfO son otros los que al producir ataques contra cualquier sector que aparezca como populista o similar, arrasan con principios reconocidos desde siempre en el campo de la diplomacia? Para V\u00e1zquez, \u201c<em>El lawfare funciona para el Grupo de Puebla como el eje de una constituci\u00f3n de la<\/em> <em>Patria<\/em>  <em>Grande, es el territorio com\u00fan en el que se encuentran esos ciudadanos privilegiados, los expresidentes de corte populista en Am\u00e9rica Latina. El lawfare le da sentido a esa supuesta comunidad internacional<\/em>\u201d. \u00bfCiudadanos privilegiados? \u00bfSe refiere a Evo Morales, depuesto por un golpe de estado (aunque luego el pueblo boliviano volvi\u00f3 al cauce democr\u00e1tico)? \u00bfO piensa en Rafael Correa, exiliado de su pa\u00eds? \u00bfSer\u00e1 Dilma Rousseff, tambi\u00e9n v\u00edctima de un golpe institucional, el objeto de su pensamiento? \u00bfO Luiz Inacio Lula Da Silva, que estuvo largo tiempo encarcelado por una causa que termin\u00f3 derrumb\u00e1ndose por su falsedad intr\u00ednseca? \u00bfTal vez la privilegiada es Cristina Fern\u00e1ndez de Kirchner, sometida a innumerables procesos judiciales (de los que no se escap\u00f3, como \u201c<em>Pep\u00edn<\/em>\u201d)? No, V\u00e1zquez ve todo al rev\u00e9s. A ella le horroriza que <em>\u201cLas pol\u00edticas expansivas de apoyo social de Joe Biden en plena pandemia acarrean elogios de la vicepresidenta Cristina Fern\u00e1ndez y sinonimias ingeniosas por parte del presidente en eso de llamarlo \u2018Juan Domingo Biden\u2019. Algo as\u00ed como un vieron, Biden tambi\u00e9n es peronista y tenemos raz\u00f3n. En esa interpretaci\u00f3n, un plan expansivo es lo necesario y sus bondades opacan cualquier cuestionamiento\u201d.<\/em> Cualquier cosa que pueda parecerse a una pol\u00edtica social, a un intento aunque menos que tibio para reinstalar el estado de bienestar, es visto como algo retardatario para la escriba, que piensa que el kirchnerismo \u201c<em>insiste desde hace a\u00f1os en disfrazar de progreso lo que es atraso y acampar decididos en esos errores<\/em>\u201d. Un desvergonzado alineamiento con los que piensan que la soberan\u00eda es un invento in\u00fatil y que preconizan, con muy poco disimulo, el sometimiento a los intereses econ\u00f3micos trasnacionales en detrimento del progreso social de nuestro pueblo. Vaya uno a saber qui\u00e9n es el autor actual de las editoriales de la <em>Tribuna de Doctrina<\/em>. Lo que es seguro es que su cara, muy probablemente, tenga la consistencia y flexibilidad del m\u00e1rmol. Por eso, el 18\/05\/2021 titula \u201c<em>Hacia la colonizaci\u00f3n de la Procuraci\u00f3n General<\/em>\u201d y sostiene lo mismo que la banda de los cuatro mentada al principio, esto es que el proyecto de reforma del Ministerio P\u00fablico \u201c<em>es una iniciativa orientada a la colonizaci\u00f3n de la Procuraci\u00f3n General de la Naci\u00f3n<strong>,<\/strong> cuyo prop\u00f3sito, junto a otras reformas en la Justicia, no es otro que garantizar impunidad de la vicepresidenta de la Naci\u00f3n y de exfuncionarios implicados en casos de corrupci\u00f3n<\/em>\u201d. Si uno quisiera tomarse el trabajo de contestar jur\u00eddicamente tama\u00f1a afirmaci\u00f3n, dir\u00eda que mal podr\u00eda la reforma del Ministerio P\u00fablico, que no implica necesariamente el reemplazo de los fiscales que act\u00faan en las causas que involucran a la Vicepresidenta y a quienes fueran funcionarios de su gobierno, redundar en la impunidad de los mismos. En todo caso, si hay reemplazos ser\u00eda producto de procesos en los cuales se hubiera demostrado acabadamente alg\u00fan tipo de responsabilidad del o la representante del Ministerio P\u00fablico del que se tratare. Lo que es seguro es que no habr\u00eda protecci\u00f3n para fiscales que estuvieran procesados, que incluso permanecieron largo tiempo en situaci\u00f3n de rebeld\u00eda. O sea, es poco serio decir que la reforma -que, reitero, se basa en un proyecto del macrismo- fue pensada para la impunidad de Cristina. Hay que ser bastante descarado para sostenerlo. Tampoco es serio sostener que \u201c<em>Como la norma proyectada estipula tambi\u00e9n que, en caso de <\/em> <em>vacancia, hasta que se elija el procurador, una comisi\u00f3n bicameral podr\u00e1 nombrar al procurador interino, el sector oficialista que domine ese grupo legislativo podr\u00eda designar a un jefe de fiscales af\u00edn por un tiempo prolongado mientras no se proceda a la elecci\u00f3n de quien encabece el Ministerio P\u00fablico<\/em>\u201d. \u00bfNo es un tiempo m\u00e1s que prolongado el que lleva Eduardo Casal al frente de la Procuraci\u00f3n General, para la que no fue elegido? Para la editorial, \u201c<em>Actualmente, en caso de vacancia, el cargo de procurador general interino recae en el fiscal de mayor antig\u00fcedad, raz\u00f3n por la cual est\u00e1 al frente de la procuraci\u00f3n el doctor Eduardo Casal. Con la reforma propuesta, el oficialismo podr\u00eda proceder a nombrar como interino a cualquier fiscal con diez a\u00f1os de ejercicio<\/em>\u201d. Casal fue designado en su cargo de Procurador en 1992, cuando no exist\u00edan ni la reforma constitucional ni la ley de autonom\u00eda del Ministerio P\u00fablico. No tuvo que atravesar ning\u00fan proceso de selecci\u00f3n en el que tuviera que enfrentar impugnaciones o rendir pruebas de oposici\u00f3n. Cualquier fiscal actual de diez a\u00f1os de antig\u00fcedad s\u00ed tuvo que cumplir esos requisitos. La l\u00f3gica indica que ser\u00eda, seguramente, mejor un fiscal de diez a\u00f1os que los casi treinta de Casal. Pero la l\u00f3gica y los productos de la marm\u00f3rea cara que escribe las editoriales parecen no llevarse muy de acuerdo. La misma preocupaci\u00f3n por la suerte del Ministerio P\u00fablico atraviesa la columna de Carlos Pagni, del 18\/05\/2021, donde nos previene acerca de \u201c<em>El deslizamiento hacia un orden autoritario<\/em>\u201d. El metal m\u00e1s duro es el acero al carbono. \u00datil para esculpir las facciones del cronista que zaf\u00f3 del juicio oral y p\u00fablico que parec\u00eda esperarlo, junto a otros acusados de espiar gente para obtener beneficios. Este sistema judicial lo favoreci\u00f3. Pagni es lo suficientemente astuto como para decir que no es solamente el deseo de favorecer a Cristina Fern\u00e1ndez de Kirchner el motor que impulsa la reforma. Por eso dice que \u201c<em>Es verdad que estas reformas tienen que ver con eso, pero no se quedan s\u00f3lo all\u00ed. Del Procurador General y de los fiscales (es decir, de la independencia del Ministerio P\u00fablico) depende, entre otras cosas, que se investigue o no el narcotr\u00e1fico, el lavado de dinero y determinados delitos econ\u00f3micos, y que se persiga o no a ciertas empresas<\/em>\u201d. Tal vez sin quererlo, Pagni ofrece pistas sobre las verdaderas razones de la oposici\u00f3n al proyecto. Porque es este sistema, este conglomerado de fiscales a los que como Pagni reconoce removerlos es \u201c<em>un mecanismo bastante endiablado, dif\u00edcil de poner en marcha<\/em>\u201d, es el que protege a narcotraficantes pero sobre todo a lavadores de dinero, delincuentes econ\u00f3micos y <em>ciertas empresas<\/em>. Si el Ministerio P\u00fablico cumpliera a conciencia su misi\u00f3n, qui\u00e9n sabe cu\u00e1ntos de los poderosos de este pa\u00eds estar\u00edan purgando sus condenas. Para qu\u00e9 cambiarlo, entonces, parece pensar Pagni. Que no se caracteriza por ser un ardiente defensor de la democracia y de los debates parlamentarios, aunque parezca sostener esos principios en sus columnas. Pero en realidad, con modales m\u00e1s finos que algunos de sus compinches de los medios, se dedica a presionar a diputados que, sin ser del oficialismo, pueden votar de acuerdo con el Frente de Todos en este caso. As\u00ed que dice que \u201c<em>Existe adem\u00e1s un conjunto de diputados, muchos de ellos ignotos, que no est\u00e1n en la primera plana de la actividad parlamentaria habitualmente, pero que -en circunstancias como estas<\/em>&#8211; <em>se vuelven trascendentes. El oficialismo depende de ellos para consagrar este nuevo dise\u00f1o para el Ministerio P\u00fablico y, a partir de all\u00ed, generar un orden autoritario en el que los fiscales est\u00e9n disponibles para perseguir al adversario<\/em>\u201d. Y da los nombres de los dudosos, tal vez para <em>convencerlos<\/em> de que no apoyen el proyecto en cuesti\u00f3n. Tampoco se priva, Pagni, de sumar su apoyo a <em>\u201cPep\u00edn\u201d <\/em>Rodr\u00edguez Sim\u00f3n<em> \u201cquien es muy importante en el entorno institucional jur\u00eddico del expresidente. Est\u00e1 siendo v\u00edctima de una persecuci\u00f3n muy acentuada e insistente por parte de Crist\u00f3bal L\u00f3pez yFabi\u00e1n de Sousa<strong>,<\/strong> que son los titulares de un grupo econ\u00f3mico que ya, a esta altura, es parte del Gobierno, lo cual se nota si uno presta atenci\u00f3n a las leyes y decisiones que toma el oficialismo en beneficio suyo. A \u2018Pep\u00edn\u2019 lo persiguen por haber intentado -con \u00e9xito- cobrarle el impuesto a los Ingresos Brutos al juego (lo que l\u00f3gicamente afectaba a Crist\u00f3bal L\u00f3pez), cuando Macri era jefe de Gobierno porte\u00f1o<\/em>\u201d. Caramba, uno escuch\u00f3 y ley\u00f3 que en la causa lo que se investiga es el rol de Rodr\u00edguez Sim\u00f3n como jefe de una mesa judicial que persegu\u00eda opositores. Ahora resulta que es una pobre v\u00edctima de sus buenos oficios. Y hay que ser muy atrevido para decir que \u201c<em>Hoy, desde Uruguay, pide refugio pol\u00edtico porque la Argentina no le ofrece un sistema judicial id\u00f3neo para defenderse. En este caso, lo que pide remite a dos nombres: la jueza Mar\u00eda Servini de Cubr\u00eday el fiscal Guillermo Marijuan, que ser\u00edan el brazo ejecutor de L\u00f3pez y de De Sousa en esta persecuci\u00f3n que \u00e9l denuncia<\/em>\u201d. Probablemente, tales letrados sientan que es una falta total de respeto suponerlos al servicio de los empresarios tantas veces tildados de kirchneristas. Sobre todo Marijuan, protagonista de un largo show televisivo de excavaciones in\u00fatiles en la Patagonia. Acero al carbono, Pagni. Pero para caraduras, los dirigentes de Juntos por el Cambio, que tuitean \u201c<em>quieren quedarse con la libertad de los argentinos<\/em>\u201d. Que lo digan ellos, que llevaron adelante el ataque m\u00e1s feroz contra la libertad de tantos y tantos compatriotas, es un gesto de un descaro y una desfachatez sin igual. El gran Enrique Santos Disc\u00e9polo, al escribir en 1934 Cambalache, ya nos lo hab\u00eda dicho: caradura o poliz\u00f3n, da lo mismo. Y ya que estamos en el tango, encontr\u00e9 esta perfecta definici\u00f3n que le cabe a un personaje de nuestra pol\u00edtica, f\u00e1cilmente identificable: \u201c<em>Caradura inacabable, sos un \u2018orre\u2019 poligriyo, vos naciste un d\u00eda domingo como nace la hinchaz\u00f3n, sos amante del reposo y te gusta el apoliyo, m\u00e1s que yugarla seis horas, en cualquier ocupaci\u00f3n<\/em>\u201d. (<em>Caradura<\/em>, tango con letra de Enrique Cad\u00edcamo y M\u00fasica de Roberto Zerrillo). P\u00f3nganle ustedes el nombre, al personaje\u2026<\/p>\n","protected":false},"excerpt":{"rendered":"<p>El diccionario, al que siempre es bueno recurrir, define al caradura como la persona que&#8230;<\/p>\n","protected":false},"author":1,"featured_media":0,"comment_status":"open","ping_status":"open","sticky":false,"template":"","format":"standard","meta":{"footnotes":""},"categories":[17],"tags":[],"class_list":["post-385","post","type-post","status-publish","format-standard","hentry","category-contra-mitre"],"_links":{"self":[{"href":"https:\/\/luisalen.com\/index.php?rest_route=\/wp\/v2\/posts\/385","targetHints":{"allow":["GET"]}}],"collection":[{"href":"https:\/\/luisalen.com\/index.php?rest_route=\/wp\/v2\/posts"}],"about":[{"href":"https:\/\/luisalen.com\/index.php?rest_route=\/wp\/v2\/types\/post"}],"author":[{"embeddable":true,"href":"https:\/\/luisalen.com\/index.php?rest_route=\/wp\/v2\/users\/1"}],"replies":[{"embeddable":true,"href":"https:\/\/luisalen.com\/index.php?rest_route=%2Fwp%2Fv2%2Fcomments&post=385"}],"version-history":[{"count":2,"href":"https:\/\/luisalen.com\/index.php?rest_route=\/wp\/v2\/posts\/385\/revisions"}],"predecessor-version":[{"id":387,"href":"https:\/\/luisalen.com\/index.php?rest_route=\/wp\/v2\/posts\/385\/revisions\/387"}],"wp:attachment":[{"href":"https:\/\/luisalen.com\/index.php?rest_route=%2Fwp%2Fv2%2Fmedia&parent=385"}],"wp:term":[{"taxonomy":"category","embeddable":true,"href":"https:\/\/luisalen.com\/index.php?rest_route=%2Fwp%2Fv2%2Fcategories&post=385"},{"taxonomy":"post_tag","embeddable":true,"href":"https:\/\/luisalen.com\/index.php?rest_route=%2Fwp%2Fv2%2Ftags&post=385"}],"curies":[{"name":"wp","href":"https:\/\/api.w.org\/{rel}","templated":true}]}}