{"id":388,"date":"2021-05-26T20:48:00","date_gmt":"2021-05-26T20:48:00","guid":{"rendered":"https:\/\/luisalen.com\/?p=388"},"modified":"2023-02-07T21:12:58","modified_gmt":"2023-02-07T21:12:58","slug":"los-profetas-del-miedo","status":"publish","type":"post","link":"https:\/\/luisalen.com\/?p=388","title":{"rendered":"Los profetas del miedo"},"content":{"rendered":"\n<p>Hace 47 a\u00f1os, el 25 de mayo de 1974, mor\u00eda uno de los m\u00e1s grandes pensadores que tuvo este pa\u00eds. Arturo Jauretche fue tal vez quien con mayor precisi\u00f3n pudo desmenuzar las caracter\u00edsticas que configuran tanto a los sectores dominantes como a las capas medias de nuestra sociedad. Por ejemplo, a \u00e9l se le deben el <em>Manual de Zonceras Argentinas, El medio pelo en la sociedad argentina<\/em> y <em>Los Profetas del odio y la yapa<\/em>. De esta obra me permito apropiarme de una parte del t\u00edtulo para tratar de entender lo que est\u00e1 ocurriendo en este momento en nuestro pa\u00eds, y sobre todo, los motivos de esta oleada destructiva que protagonizan sin pudor alguno los dirigentes de la oposici\u00f3n. Dec\u00eda el maestro que \u201c<em>los poderosos grupos financieros \u2013y en nuestro pa\u00eds los servicios p\u00fablicos hasta su nacionalizaci\u00f3n-, obtienen del gran periodismo la orientaci\u00f3n que conviene a sus intereses, y por sobre todo los silencios correspondientes. As\u00ed el ojo de la direcci\u00f3n se\u00f1ala directivas a los \u2018cagatintas\u2019 y censura la informaci\u00f3n para adecuarla, pues act\u00faa con el o\u00eddo atento al timbre de la registradora<\/em>\u201d (Los profetas del odio y la yapa, p\u00e1g. 234\/235). Los medios de comunicaci\u00f3n, en la mirada de Jauretche, formaban parte esencial de los aparatos de colonizaci\u00f3n pedag\u00f3gica que las clases dominantes utilizan para sojuzgar a nuestro pueblo. Aunque ese trabajo fue escrito originalmente en 1957, conserva su plena vigencia. M\u00e1s all\u00e1 de los avances tecnol\u00f3gicos, poco y nada ha cambiado en el mundo de los grandes diarios. <strong><em>LA NACI\u00d3N<\/em><\/strong> sigue siendo, como en los m\u00e1s de 150 a\u00f1os que lleva public\u00e1ndose, un medio al servicio de la derecha reaccionaria. Como tal, no se preocupa por la verdad sino por la defensa de los intereses a los que pertenece y representa. Y si para Jauretche formaba parte de los profetas del odio, hoy podemos decir que su discurso en estos tiempos de pandemia constituye al pasqu\u00edn de los Mitre-Saguier en un profeta del miedo. Derrotada la derecha en las urnas en 2019, los herederos de don Bartolo se dedicaron a fomentar historias que inevitablemente terminan en el desastre nacional, consecuencia l\u00f3gica, para ellos, de los errores del odiado peronismo y de las luchas internas que pretenden inevitables entre quienes responden al Presidente Alberto Fern\u00e1ndez y los seguidores de la encarnaci\u00f3n del mal, la Vicepresidenta Cristina Fern\u00e1ndez de Kirchner.&nbsp; Hay que convencer a la poblaci\u00f3n de que todos los males que padecen los argentinos tienen ese origen. Si no fue posible lograrlo mediante los votos, habr\u00e1 que generar el temor a la cat\u00e1strofe que aleje al pueblo de su gobierno y consiga el estallido que termine de una vez y para siempre con los experimentos populistas. Profetas del miedo, entonces, sin que hayan dejado de ser los augures del odio que Jauretche describiera tan l\u00facidamente. Auxiliados por la pandemia universal, que ha puesto al mundo entero a la defensiva y de la cual no se avizora todav\u00eda el final, los columnistas de la <em>Tribuna de Doctrina<\/em> pasan de sostener que cualquier medida que se tome para preservar la salud de la poblaci\u00f3n es una restricci\u00f3n inaceptable de derechos que es consecuencia del autoritarismo gubernamental, a criticar \u00e1cidamente la falta de autoridad de ese mismo gobierno para frenar los desbandes de los sectores anticuarentena. Del mismo modo pueden oponerse un d\u00eda a las vacunas originadas en Rusia y China, por su presunta falta de eficacia, a reclamar por la falta de esas vacunas.&nbsp; Sembrar el miedo y echar culpas al enemigo kirchnerista. Jorge Fern\u00e1ndez D\u00edaz, desde su sitial autoconstruido de presunto literato, el 23\/05\/2021 nos habla de \u201c<em>La ir\u00f3nica maldici\u00f3n de Cristina<\/em>\u201d. Para ser un personaje dado por terminado en m\u00faltiples ocasiones, la Vicepresidenta ocupa gran parte de las preocupaciones de los herederos de don Bartolo. Tan lejos de la realidad como sus escritos noveleros, Fern\u00e1ndez D\u00edaz describe una serie de cuestiones que solo existen en su pobre imaginaci\u00f3n, y dice que Cristina sufre porque \u201c<em>El narcisismo herido (su gobierno estaba desacreditado), la acumulaci\u00f3n de causas (pruebas, arrepentidos y fallos lapidarios) y el s\u00edndrome de abstinencia de su tropa (fuera de la administraci\u00f3n p\u00fablica les agarran convulsiones) la llevaron a un triunfo parad\u00f3jico: los dioses escucharon sus oraciones, bendijeron su ocurrencia electoral (Alberto) y le regalaron esta nueva oportunidad, que comienza a ser una maldici\u00f3n no solo porque le toc\u00f3 la pandemia, sino tambi\u00e9n porque el regente no result\u00f3 ser ni la sombra de lo que imagin\u00f3, porque la caja de oxidadas herramientas del kirchnerismo no funcionan sin plata (y no hay un mango) y porque los acuerdos de la pol\u00edtica exterior dise\u00f1ados por ella misma no rinden frutos<\/em>\u201d. Vamos por partes. Que el gobierno de Cristina estaba desacreditado es una afirmaci\u00f3n desmentida por el triunfo electoral del Frente de Todos en 2019. La acumulaci\u00f3n de causas que produjo la mesa judicial del macrismo se va deshilachando en la misma medida que el principal operador se profug\u00f3 al Uruguay, tratando de escapar a la acci\u00f3n de los tribunales que antes manejaba a gusto y placer. La <em>tropa <\/em>de Cristina no parece estar sufriendo abstinencia alguna, sino que por el contrario se muestra diligente y constituye el n\u00facleo m\u00e1s activo de la coalici\u00f3n gobernante. El triunfo de 2019 est\u00e1 muy alejado de cualquier paradoja que suponga el novelero, porque demostr\u00f3 el acierto de la estrategia Cristinista. Ni la pandemia sanitaria ni la econ\u00f3mica que dej\u00f3 de regalo el domador de reposeras alejaron al Presidente de su Vice, y la pol\u00edtica exterior, atribuida vaya uno a saber por qu\u00e9 razones al kirchnerismo ofrece frutos palpables y exitosos: ah\u00ed est\u00e1n las dosis de la Sputnik V y de Sinopharm, las de AstraZeneca que llegan y las colaboraciones ya realizadas y en marcha para la fabricaci\u00f3n de vacunas en nuestro pa\u00eds. \u00bfEn qu\u00e9 planeta vivir\u00e1 Fern\u00e1ndez D\u00edaz? Seguramente, en uno donde hacer sentir el miedo a los dem\u00e1s es la manera natural de actuar de los empleados de los medios. El escriba insiste: \u201c<em>La palabra \u2018desgobierno\u2019 surge aqu\u00ed con una precisi\u00f3n absoluta y parece ins\u00f3lita y casi in\u00e9dita para la larga cronolog\u00eda del justicialismo, que aunque no se caracteriz\u00f3 por su inteligencia de fondo (no estar\u00edamos en tan prolongada y dolorosa decadencia si hubiera sido realmente inteligente), s\u00ed demostr\u00f3 astucia de ocasi\u00f3n en el manejo del poder<\/em>\u201d. El odio de clase (aunque el novelero lo tome prestado de sus patrones) y la verba discriminatoria lo llevan a menospreciar al movimiento pol\u00edtico m\u00e1s importante de la vida nacional, desde su aparici\u00f3n en 1945. Claro que lo que importa es que la gente crea que no hay gobierno, lo que conlleva la idea de caos, y que tema por su presente y su futuro, objetivo pretendido por los columnistas de <strong><em>LA NACI\u00d3N<\/em><\/strong> que tienen en Joaqu\u00edn Morales Sol\u00e1, el cronista del genocida Operativo Independencia, a una de sus figuras prominentes, que el 23\/05\/2021 descubre la \u201c<em>Furia y fracaso del kirchnerismo<\/em>\u201d. Por mil\u00e9sima vez, los columnistas del neomitrismo atribuyen a sus enemigos sus propios estados de \u00e1nimo. Que fracasaron lo demostr\u00f3 el resultado de los comicios del 2019. Y para ver que est\u00e1n furiosos basta con escuchar las barbaridades que dicen a diario. Morales dice que \u201c<em>la sociedad est\u00e1 fatigada. Ha perdido la vieja noci\u00f3n de la libertad; algunos argentinos (muchos) ya no tienen la capacidad de ganarse la vida por cuenta propia y otros padecen las consecuencias psicol\u00f3gicas del encierro. Tambi\u00e9n existe el miedo ante una nueva ola de la peste, m\u00e1s contagiosa y mortal<\/em>\u201d. Miedo y m\u00e1s miedo. Hay que atemorizar a los argentinos que todav\u00eda no lo sienten. Cualquier recurso es v\u00e1lido. Ah\u00ed est\u00e1n las cr\u00edticas a las vacunas de Rusia y China, aunque la realidad les haya dado la espalda a sus detractores.No importa, Morales sostiene contra toda evidencia que<em> \u201cNo son las mejores vacunas, pero tampoco es segura su provisi\u00f3n. La vacuna que promociona el d\u00e9spota Vladimir Putin no ha sido autorizada todav\u00eda por los organismos del mundo m\u00e1s prestigiosos en el control de medicamentos<\/em>\u201d. Que la revista cient\u00edfica m\u00e1s prestigiosa del occidente capitalista,<em> The Lancet<\/em>, le haya dado su aprobaci\u00f3n, no es un hecho que valga la pena mencionar. Morales sigue, y en sinton\u00eda con las mentiras que desparrama la saltimbanqui que preside el Pro, hace propaganda para Pfitzer y acusa sin fundamentos: \u201c<em>Solo se conoce que funcionarios del entonces ministro Gin\u00e9s Gonz\u00e1lez Garc\u00eda le reclamaron a Pfizer tener un socio local<\/em>\u201d. Como fracas\u00f3 la calumniosa afirmaci\u00f3n de un pedido de sobornos, que lo \u00fanico que logr\u00f3 fue la desmentida del laboratorio y un par de demandas contra la experta en disfraces, hay que volver sobre la rutina de atribuir corrupciones a los dem\u00e1s, cuando son propias de aquellos para los que trabaja el columnista. Tambi\u00e9n se permite Morales calificar de <em>inveros\u00edmil <\/em>a la causa judicial que tiene contra las sogas a <em>Pep\u00edn el pr\u00f3fugo <\/em>y sus c\u00f3mplices. Es que ese proceso est\u00e1 desnudando las pr\u00e1cticas del macrismo con las que persigui\u00f3 y encarcel\u00f3 a sus opositores, aplaudidas desde las columnas de <strong><em>LA NACI\u00d3N<\/em><\/strong>. Ocurre que, como lo cuenta Hern\u00e1n Cappiello en su columna \u201c<em>Uruguay comunic\u00f3 que acelerar\u00e1 la extradici\u00f3n de Rodr\u00edguez Sim\u00f3n<\/em>\u201d, las autoridades orientales no parecen dispuestas a comprarse un incidente diplom\u00e1tico por proteger al pr\u00f3fugo. Por el contrario, \u201c<em>El ministro de Educaci\u00f3n de Uruguay, Pablo da Silveira, de quien depende la cartera de Justicia, se comunic\u00f3 con el embajador argentino en Montevideo, Alberto Iribarne, para decirle que hab\u00edan recibido el exhorto con el pedido de captura y extradici\u00f3n de la canciller\u00eda y que le iban a dar prioridad al asunto, sin demoras. Le dijo incluso que segu\u00eda precisas instrucciones del presidente Luis Lacalle Pou, dijeron a <strong>LA NACION<\/strong> fuentes diplom\u00e1ticas argentinas<\/em>\u201d. Claro que el columnista no se priva de citar a otras fuentes m\u00e1s amistosas para su ideolog\u00eda, y dice que \u201c<em>En el escrito presentado para solicitar la calidad de refugiado, la defensa de Rodr\u00edguez Sim\u00f3n cit\u00f3 al excanciller Didier Opertti, que consider\u00f3 que el exasesor de Macri enfrenta \u2018la inminencia de procesos judiciales arbitrarios\u2019, que est\u00e1n \u2018sometidos a una contumaz presi\u00f3n medi\u00e1tica y oficial\u2019, seg\u00fan inform\u00f3 el sitio ladiaria.com.uy<\/em>\u201d. Los procesos judiciales arbitrarios, con su paralela presi\u00f3n medi\u00e1tica y oficial, fueron la caracter\u00edstica del gobierno del dormil\u00f3n. No es lo que ocurre en estos d\u00edas, donde la mayor\u00eda de los jueces federales hace dormir las denuncias contra quienes protagonizaron esa turbia alianza de esp\u00edas, jueces, fiscales, funcionarios y empleados de los medios que el macrismo mont\u00f3 para perseguir a Cristina y sus funcionarios. Pero Opertti es tan de derecha como sus amigos cambiemitas. Por eso acude presuroso a tratar de salvar al huidizo<em> Pep\u00edn<\/em>. Cappiello no se priva de deslizar un dato falso, sobre el final de su escrito. Porque es mentira que \u201c<em>Apenas supo del pedido de captura, \u2018Pep\u00edn\u2019 pidi\u00f3 asilo como refugiado al Estado uruguayo<\/em>\u201d. No. Rodr\u00edguez Sim\u00f3n fue citado a prestar declaraci\u00f3n indagatoria para el 26 de mayo de 2021, sin que se librara a su respecto orden de detenci\u00f3n. Prometi\u00f3 a la magistrada actuante que se presentar\u00eda pero pidi\u00f3 una pr\u00f3rroga, que le fue concedida y se le fij\u00f3 la fecha del 17 de junio de 2021 para que declarara. Ah\u00ed pidi\u00f3 el refugio, y como consecuencia de ese pedido, que implicaba su negativa a presentarse ante los tribunales argentinos y por ende, su voluntad manifiesta de eludir la acci\u00f3n de la justicia y entorpecer la marcha del proceso, la jueza Servini orden\u00f3 su captura. Que tiene tan nerviosos a sus compinches. La verdad y las columnas de opini\u00f3n de <strong><em>LA NACI\u00d3N<\/em><\/strong> no se llevan nada bien. Luciana V\u00e1zquez hace su an\u00e1lisis del 25\/05\/2021: \u201c<em>Alberto Fern\u00e1ndez en la encrucijada: vacunar m\u00e1s o construir enemigos<\/em>\u201d y muy suelta de cuerpo, hablando de las elecciones de 2009, se despacha diciendo que \u201c<em>La realizaci\u00f3n de elecciones en plena pandemia y el aumento de casos que se registr\u00f3 luego oblig\u00f3 al jefe de Gabinete de Cristina Kirchner en esos a\u00f1os, An\u00edbal Fern\u00e1ndez, a reconocer el error de no haber postergado las elecciones<\/em>\u201d. El Jefe de Gabinete durante las elecciones del 28 de junio de 2009 era Sergio Massa. An\u00edbal Fern\u00e1ndez reci\u00e9n asumi\u00f3 el cargo pasadas las elecciones, el 8 de julio de 2009. Bastaba con recurrir al archivo para no dar datos falsos. La realidad est\u00e1 a punto de darle otro golpe a la columnista, que sostiene que \u201c<em>Sin vacunas, el kirchnerismo sigue teniendo un problema, su concepci\u00f3n del poder, que es tambi\u00e9n un problema para Argentina. Hay una idea de poder del perokirchnerismo que se entrelaza con una concepci\u00f3n del enemigo, del aliado y del consenso<\/em>\u201d. Ocurre que las vacunas est\u00e1n llegando en cantidades cada vez mayores. Los que operan siempre desde la definici\u00f3n del adversario pol\u00edtico como <em>enemigo<\/em> y que creen que el <em>consenso<\/em> consiste en hacer lo que a ellos les gusta sin ceder ni una coma, aunque sean minor\u00eda, son los militantes de la derecha vern\u00e1cula a la que la <em>Tribuna de Doctrina<\/em> responde y alimenta. Y llega el columnista estrella, Carlos Pagni, que el 25\/05\/2021 titula \u201c<em>Vacunas por votos. El clientelismo de la pandemia<\/em>\u201d. Pagni habla del miedo. Que es lo que los escribas de <strong><em>LA NACI\u00d3N<\/em><\/strong> quieren instalar. Pero ojo, Pagni dice que el origen del miedo es otro. \u201c<em>La pandemia, que ya lleva tanto tiempo, tiene a la clase pol\u00edtica, sobre todo a la que gobierna, sometida a una presi\u00f3n permanente que genera, consciente o no, un monto de miedo que a su vez produce mucha torpeza. El miedo no nos vuelve m\u00e1s estrat\u00e9gicos, m\u00e1s racionales, normalmente nos repliega a conductas muy primitivas y, muchas veces, torpes. Uno preferir\u00eda imaginar que muchas de las incoherencias, irregularidades y torpezas que se ven en la escena oficial relacionada con la pol\u00edtica sanitaria se deben a ese miedo y no necesariamente a la calidad est\u00e1ndar del Gobierno<\/em>\u201d. El miedo est\u00e1 en el gobierno. Cualquiera que lea estas afirmaciones, y no est\u00e9 advertido de que la verdad y <strong><em>LA NACI\u00d3N<\/em> <\/strong>no son de la misma familia, lo que va a sentir es miedo. Porque la pandemia es una realidad que golpea d\u00eda a d\u00eda, que tiene a provincias enteras en situaci\u00f3n de crisis sanitaria, que ahora ataca a cualquiera sin fijarse en su edad, desmintiendo a quienes creyeron que los j\u00f3venes no se contagiaban. Y si el gobierno que debe arbitrar los medios para combatir a la pandemia y evitar esas crisis, est\u00e1 presa del miedo, es natural que el temor se apodere del lector desprevenido. Objetivo logrado, podr\u00eda decir el cronista. Que como es muy prolijo en el cumplimiento de la agenda que le fijan sus patrones, no se olvida de promocionar al laboratorio estadounidense y dice que \u201c<em>Est\u00e1 la enorme inc\u00f3gnita de qu\u00e9 pas\u00f3 con Pfizer. Patricia Bullrich dice que Pfizer fue obligada a tener que acordar con Sigman para producir las vacunas ac\u00e1, para poder venderlas. Hab\u00eda entre 12 y 14 millones de vacunas previstas para la Argentina por parte de ese laboratorio. Ahora Pfizer dice que eso no es verdad<\/em>\u201d. La desmentida no importa. Importa dejar al menos la duda sobre un hecho de corrupci\u00f3n que se habr\u00eda dado nada menos que contra la salud de los argentinos. Ya lo hab\u00eda dicho Jauretche y vale la pena repetirlo: \u201c<em>los poderosos grupos financieros obtienen del gran periodismo la orientaci\u00f3n que conviene a sus intereses\u201d<\/em>. Ocurre que Pagni quiere instalar otra cuesti\u00f3n. Que las vacunas se aplican solo con la exigencia de la contraprestaci\u00f3n del voto en las pr\u00f3ximas elecciones. \u201c<em>Vacunas por votos ser\u00eda el esquema de este nuevo clientelismo sanitario, que tiene una explicaci\u00f3n racional: cuanto m\u00e1s asustado est\u00e1 el pol\u00edtico, m\u00e1s preocupado est\u00e1 por el voto y por no perder el poder<\/em>\u201d. Pol\u00edticos asustados que exigen votos. Pagni no explica c\u00f3mo lograr\u00edan que esos votos llegaran, como contraprestaci\u00f3n de vacunas que ya habr\u00edan sido inyectadas. No es de su inter\u00e9s, lo que quiere significar es que las dosis de vacunas son utilizadas clientelarmente por el oficialismo. \u201c<em>Hay un alineamiento muy importante entre adhesi\u00f3n pol\u00edtica al Gobierno y evaluaci\u00f3n de las medidas del Gobierno en materia sanitaria<\/em>\u201d. Para graficar ese aserto, recurre incluso a la figura de la gran esperanza de la derecha que ve c\u00f3mo d\u00eda a d\u00eda la imagen del ingeniero experto en vacaciones y endeudamiento se derrumba sin remedio. As\u00ed que Pagni cuenta que \u201c<em>En la Capitalla imagen del gobierno mejor\u00f3 4 puntos porcentuales, mientras que en la provincia de Buenos Aires donde gobierna Axel Kicillof el aumento fue de 14 puntos.\u00bfSe entiende por qu\u00e9 Kicillof ha hecho de esta campa\u00f1a de encierro una bandera? Porque le va bien con los votos, en la medida en que no hay vacunas<\/em>\u201d. No vaya a ser que uno crea que el apoyo al gobernador de la provincia sea producto de lo acertado de sus pol\u00edticas. No, es consecuencia de sus artima\u00f1as clientelistas. Vacunas por votos, aunque no se sepa cu\u00e1ndo se va a votar ni qui\u00e9nes ser\u00e1n los candidatos. Hay que hacerle entender a la gente que el gobierno le esconde las vacunas, no garantiza la inmunidad de la poblaci\u00f3n, porque pretende usarlas como moneda de cambio para el sufragio. Aunque los datos de la realidad indiquen que en el territorio bonaerense es donde m\u00e1s vacunas se han aplicado. No es la \u00fanica preocupaci\u00f3n de Pagni. Hay que mantener vivo el miedo al supuesto desliz del pa\u00eds hacia una dictadura, frase repetida mil y una veces desde los cuarteles de <em>Juntos por el Cambio<\/em> y que la <em>Tribuna de Doctrina<\/em> recoge con fruici\u00f3n. Uno de los pasos que indicar\u00edan que ese deslizamiento est\u00e1 en marcha es el intento de reformar la ley del Ministerio P\u00fablico. Pagni alerta: \u201c<em>el Gobierno ahora tiene un dictamen para conseguir una ley que le permitir\u00eda -por distintas razones- controlar a los que investigan, sobre todo a los que investigan la corrupci\u00f3n. Ahora faltar\u00eda que, en alg\u00fan momento, el oficialismo logre dar quorum para aprobar ese dictamen que consigui\u00f3 el martes pasado<\/em>\u201d. El objetivo, claro est\u00e1, ser\u00eda lograr la impunidad para la siempre repudiada Vicepresidenta. Pagni dice que \u201c<em>para Cristina y su grupo, durante el gobierno anterior, se mont\u00f3 una maquinaria persecutoria, usando los servicios de inteligencia, para hostigar a la oposici\u00f3n. Es cierto que, durante el gobierno de Macri, el manejo de los servicios de inteligencia fue un desastre, que hicieron calamidades, que se est\u00e1n juzgando en la Justicia; es cierto que se persigui\u00f3 a opositores, periodistas e inclusive gente del propio gobierno. Sin embargo, lo que es un dislate es pensar que eso lo invent\u00f3 Macri<\/em>\u201d. H\u00e1bil, el columnista no pretende desmentir los dislates del macrismo. Los reduce a un desastroso manejo de los servicios de inteligencia, pero obvia mencionar que no fueron s\u00f3lo los esp\u00edas los que llevaron adelante las pol\u00edticas persecutorias, sino que contaron con la complicidad de jueces, fiscales, empleados de los medios y funcionarios del gobierno. Y atenci\u00f3n, luego nos dice que el inventor de todo esto no fue el gran dormil\u00f3n sino que resulta que \u201c<em>Macri fue un heredero ejemplar de N\u00e9stor Kirchner<\/em>\u201d. \u00bfC\u00f3mo se prueba tama\u00f1a afirmaci\u00f3n que aparece contraria a toda l\u00f3gica? Con los asistentes al festejo del cumplea\u00f1os de Lucas Nejamkis, sindicado como presunto secretario de Antonio Stiuso, el ex hombre fuerte de la SIDE. \u201c<em>Estaba el juez de Casaci\u00f3n Mariano Borinsky; el Camarista Federal Mariano Llorens; los jueces federales Ariel Lijo y Marcelo Mart\u00ednez de Giorgi; el fiscal Ignacio Mahiques junto con su hermano, el fiscal general de la Ciudad Juan Bautista Mahiques (hombre clave de la pol\u00edtica judicial de Macri en el Consejo de la Magistratura, que reporta en todo a Daniel Angelici, quien ha sido uno de los operadores m\u00e1s importantes que tuvo el expresidente en materia judicial)<\/em>\u201d. Caramba. Todos esos son parte del universo judicial del macrismo, operados por la mesa judicial que comandaba <em>Pep\u00edn el pr\u00f3fugo<\/em>. Y Pagni nos cuenta de qu\u00e9 se hablaba entre los asistentes al festejo: \u201c<em>Se habl\u00f3 mucho de Mar\u00eda Eugenia Vidal,de la posibilidad de que finalmente compita en la ciudad de Buenos Aires como diputada. Y alguien informado dijo: No sabemos si Vidal, pero la gente de Vidal quiere quedarse con el sector de Justicia y seguridad de la ciudad de Buenos Aires, desplaz\u00e1ndolo a Marcelo D\u2019Alessandro y poniendo a otro hombre de Angelici, Gustavo Ferrari, que fue ministro de Justicia de Vidal<\/em>\u201d. Preocupaciones que parecen muy lejanas al universo kirchnerista. Nada que explique por qu\u00e9 esa fiesta es la prueba de que Macri hered\u00f3 a N\u00e9stor Kirchner. M\u00e1s bien, todo lo contrario. Pagni cierra su nota contando que \u201c<em>El festejo y los comentarios ocurrieron en el restaurante del hotel. \u00bfC\u00f3mo se llama?\u2018Nuestro Secreto\u2019. Ideal para festejar el cumplea\u00f1os de un esp\u00eda. Tal vez los amigos de Cristina no tendr\u00edan que realizar la marcha del lawfare hacia la Corte. La tendr\u00edan que realizar hacia el hotel Four Seasons<\/em>\u201d. La gente com\u00fan que lea tanta cosa debe, por l\u00f3gica, sentirse atemorizada por la subsistencia de esos s\u00f3tanos oscuros en los que la democracia naufraga. Miedo y m\u00e1s miedo. Profetas del miedo que van logrando sus objetivos. <strong><em>LA NACI\u00d3N<\/em><\/strong> informa: \u201c<em>Un local de La C\u00e1mpora de la ciudad de Bah\u00eda Blanca fue parcialmente destruido este martes con material explosivo. Seg\u00fan inform\u00f3 el espacio pol\u00edtico en un comunicado, el ataque ocurri\u00f3 en horas de la madrugada y el estallido afect\u00f3 incluso a edificios vecinos. No se registraron v\u00edctimas<\/em>\u201d. Ninguna opini\u00f3n sobre el hecho. Solo la menci\u00f3n de las causas que motivaron el atentado: \u201c<em>los vecinos salieron de sus casas y encontraron en la vereda panfletos con amenazas a militantes de la agrupaci\u00f3n pol\u00edtica, periodistas, sindicalistas y jueces. Los mismos denuncian situaciones de corrupci\u00f3n, estafas y pr\u00e1cticas inconstitucionales. Y agregan<strong>: <\/strong>Y cu\u00e1ntas razones m\u00e1s para empezar la purga<\/em>\u201d. No hay una condena ni siquiera que exprese un repudio general al uso de la violencia. Nada. Tengamos cuidado. Hechos como este son los frutos del miedo y buscan generar todav\u00eda m\u00e1s miedo. Ese miedo que tiene sus profetas en los escribas de <strong><em>LA NACI\u00d3N<\/em><\/strong>.<\/p>\n","protected":false},"excerpt":{"rendered":"<p>Hace 47 a\u00f1os, el 25 de mayo de 1974, mor\u00eda uno de los m\u00e1s grandes&#8230;<\/p>\n","protected":false},"author":1,"featured_media":0,"comment_status":"open","ping_status":"open","sticky":false,"template":"","format":"standard","meta":{"footnotes":""},"categories":[17],"tags":[],"class_list":["post-388","post","type-post","status-publish","format-standard","hentry","category-contra-mitre"],"_links":{"self":[{"href":"https:\/\/luisalen.com\/index.php?rest_route=\/wp\/v2\/posts\/388","targetHints":{"allow":["GET"]}}],"collection":[{"href":"https:\/\/luisalen.com\/index.php?rest_route=\/wp\/v2\/posts"}],"about":[{"href":"https:\/\/luisalen.com\/index.php?rest_route=\/wp\/v2\/types\/post"}],"author":[{"embeddable":true,"href":"https:\/\/luisalen.com\/index.php?rest_route=\/wp\/v2\/users\/1"}],"replies":[{"embeddable":true,"href":"https:\/\/luisalen.com\/index.php?rest_route=%2Fwp%2Fv2%2Fcomments&post=388"}],"version-history":[{"count":2,"href":"https:\/\/luisalen.com\/index.php?rest_route=\/wp\/v2\/posts\/388\/revisions"}],"predecessor-version":[{"id":390,"href":"https:\/\/luisalen.com\/index.php?rest_route=\/wp\/v2\/posts\/388\/revisions\/390"}],"wp:attachment":[{"href":"https:\/\/luisalen.com\/index.php?rest_route=%2Fwp%2Fv2%2Fmedia&parent=388"}],"wp:term":[{"taxonomy":"category","embeddable":true,"href":"https:\/\/luisalen.com\/index.php?rest_route=%2Fwp%2Fv2%2Fcategories&post=388"},{"taxonomy":"post_tag","embeddable":true,"href":"https:\/\/luisalen.com\/index.php?rest_route=%2Fwp%2Fv2%2Ftags&post=388"}],"curies":[{"name":"wp","href":"https:\/\/api.w.org\/{rel}","templated":true}]}}