{"id":391,"date":"2021-06-02T20:53:00","date_gmt":"2021-06-02T20:53:00","guid":{"rendered":"https:\/\/luisalen.com\/?p=391"},"modified":"2023-02-07T21:16:02","modified_gmt":"2023-02-07T21:16:02","slug":"enfermos","status":"publish","type":"post","link":"https:\/\/luisalen.com\/?p=391","title":{"rendered":"Enfermos"},"content":{"rendered":"\n<p>La pandemia que acosa a la humanidad toda causa estragos en el mundo entero. El coronavirus parece reinventarse d\u00eda a d\u00eda, y lejos de avizorarse el d\u00eda en que pase a ser un mal recuerdo, avanza con nuevas olas y nuevas cepas, cada una m\u00e1s mort\u00edfera que las anteriores. La consecuencia es clara, un tendal de enfermos que ponen en riesgo los sistemas sanitarios tanto de los pa\u00edses centrales cuanto los de los perif\u00e9ricos. La pandemia ha demostrado la falacia de preferir el manejo privado de la salud por sobre el estatal: sin una presencia activa de los estados en la lucha contra el COVID 19, sus consecuencias, de por s\u00ed grav\u00edsimas, ser\u00edan a\u00fan peores. Pero tambi\u00e9n ha puesto de manifiesto que la enfermedad que produce el virus no es la \u00fanica que aqueja a la humanidad. Opiniones que parecen delirios y que se cre\u00edan superadas renacen con fuerza y se propagan por los continentes, repetidas por sujetos escapados de pel\u00edculas de horror de clase B que se creen los protagonistas de una nueva cruzada. Terraplanistas y paranoicos de todos los pa\u00edses, amantes de las conspiraciones, combatientes contra las vacunas, se \u00fanen para enfrentar cualquier medida que se intente adoptar para frenar el avance del virus. Los enfermos tienen, en general, un com\u00fan denominador que los congrega: una ideolog\u00eda reaccionaria y de derecha. Es cierto que la mayor\u00eda de la gente los mira con cierto asombro y algo de temor, al verlos proliferar. Pero no es menos cierto que otros los utilizan como fuerza de choque para sus oscuros prop\u00f3sitos. Lo vemos en nuestro pa\u00eds, donde a cada medida adoptada por el gobierno para tratar de combatir al COVID 19, le sigue una manifestaci\u00f3n de personajes estramb\u00f3ticos, que reclaman que las vacunas los transforman en imanes, que los aviones que traen las dosis son en realidad cargueros usados para la trata de personas, y disparates por el estilo. Claro que las p\u00e1ginas y los portales de los medios hegem\u00f3nicos les prestan su atenci\u00f3n y hacen aparecer a los pocos desquiciados que se manifiestan como si fueran multitudes que reclaman por sus derechos supuestamente pisoteados. Enfermos de odio, los columnistas tanto del clarinete mentiroso como los de la <em>Tribuna de Doctrina<\/em> desparraman sus frases insidiosas como si fueran verdades irrebatibles. Siempre con un objetivo claro: traer agua para el molino de la derecha, en la esperanza de que tanta falsedad arroje frutos en las pr\u00f3ximas elecciones. Pruebas al canto. Sin abandonar sus poses de literato, Jorge Fern\u00e1ndez D\u00edaz postula el 29\/05\/2021 que la disyuntiva pol\u00edtica es entre \u201c<em>Un pacto de p\u00edcaros o un acuerdo de honestos<\/em>\u201d. Como buen p\u00edcaro que pretende ser, ubica a las partes exactamente en sus lugares opuestos. Viejo truco que ya Sarmiento utilizara al plantear el dilema de <em>civilizaci\u00f3n o barbarie<\/em> para tratar de civilizados a los b\u00e1rbaros y acusar de b\u00e1rbaros a los que buscaban civilizar. Ojo, que en tren de comparaciones el sanjuanino era un mentiroso con m\u00e1s genio que su seguidor, y a\u00fan con su lenguaje plagado de horrores ortogr\u00e1ficos y de invenciones \u00fatiles a sus designios, era much\u00edsimo m\u00e1s profundo que el novelero actual, que sigue con sus obsesiones, propias de la enfermedad antipopulista que lo aqueja y que lo lleva a decir que \u201c<em>hace diez d\u00edas estuvimos a cinco horas de que la monarca de la calle Juncal se quedara con la voluntad de todos los fiscales y digitara desde su casa qu\u00e9 causas judiciales avanzan y cu\u00e1les expiran. El dictamen qued\u00f3 vivito y coleando, y solo<\/em> <em>falta que la oposici\u00f3n duerma un d\u00eda la siesta para que florezca el quorum y la ya deteriorada divisi\u00f3n de poderes vuele definitivamente por el aire<\/em>\u201d. Se refiere al proyecto de reforma a la ley del Ministerio P\u00fablico, y como siempre, escribe falsedades. Porque la pretendida reforma nada tiene que ver con la divisi\u00f3n de poderes que Fern\u00e1ndez D\u00edaz cree amenazada. Los poderes del Estado son tres, al menos en un sistema como el que nuestra Constituci\u00f3n estableci\u00f3 en 1853 y que con sus sucesivas reformas subsiste hasta la actualidad: el Ejecutivo, el Legislativo y el Judicial. Como dice el art\u00edculo 120 de la Ley Fundamental, \u201c<em>El ministerio P\u00fablico es un \u00f3rgano independiente con autonom\u00eda funcional y autarqu\u00eda financiera, que tiene por funci\u00f3n promover la actuaci\u00f3n de la justicia en defensa de la legalidad de los intereses generales de la sociedad, en coordinaci\u00f3n con las dem\u00e1s autoridades de la Rep\u00fablica<\/em>\u201d. Est\u00e1 claro que no integra ninguno de los tres poderes cl\u00e1sicos y que goza de independencia de los mismos. Lo que no quiere decir que el Congreso no pueda establecer la forma de elecci\u00f3n de sus autoridades y dem\u00e1s integrantes, y la duraci\u00f3n de los mismos, as\u00ed como otros aspectos que no impliquen privarlo de su autonom\u00eda funcional ni de su autarqu\u00eda financiera. El novelero no quiere, ni puede, explicar c\u00f3mo la divisi\u00f3n de poderes est\u00e1 al borde de volar por los aires por la posible sanci\u00f3n de una ley que nada tiene que ver con esa divisi\u00f3n. Lo que probablemente estallar\u00eda, de reformarse la ley del Ministerio P\u00fablico, es la coraza de impunidad con que la situaci\u00f3n actual pretende blindar a la banda integrada por esp\u00edas, funcionarios, fiscales, jueces y pseudo periodistas conducidos por <em>Pep\u00edn el fugitivo,<\/em> que estableci\u00f3 un sistema de persecuciones judiciales \u00fatiles para poder endeudar a generaciones futuras y fugar los dineros que as\u00ed se obten\u00edan. Cosa que para Fern\u00e1ndez D\u00edaz es exactamente al rev\u00e9s: la Argentina est\u00e1 en manos de \u201c<em>Un importante grupo antisistema que cop\u00f3 la cabina justicialista y que desde all\u00ed pretende \u2013como ense\u00f1a Laclau\u2013 dinamitar los acuerdos, acabar con el parlamentarismo, profundizar la divisi\u00f3n, generar enemigos simb\u00f3licos, coordinar y explotar todos los conflictos, concentrar todos los poderes y prevaler finalmente sobre la \u2018partidocracia\u2019. Quedarse con todo y para siempre<\/em>\u201d. El problema sin soluci\u00f3n para el novelero, y que probablemente sea la causa de su odio enfermizo, es que los que hicieron todo eso fueron sus mandantes. Cosa que est\u00e1 quedando cada vez m\u00e1s clara. Aunque no para todos. El 30\/05\/2021, Pablo Sirv\u00e9n descubre que \u201c<em>La militancia virtual cincela a un Alberto m\u00e1s amistoso<\/em>\u201d. De entrada nom\u00e1s, da muestras de su enfermedad anti-k, y desliza que \u201c<em>como buen kirchnerista que es, Pedro Rosemblat se ten\u00eda que llevar algo. Y se lo llev\u00f3. Con pesar, el presidente de la Naci\u00f3n se desanud\u00f3 la corbata, una de sus preferidas, y se la entreg\u00f3 como trofeo a su interlocutor para que la sortee entre sus seguidores y con lo recaudado siga adelante con su tarea evangelizadora por medios no tradicionales<\/em>\u201d. Se refiere a la entrevista que Alberto Fern\u00e1ndez dio al mencionado Rosemblat, que jam\u00e1s abjur\u00f3 de su pertenencia al peronismo, mal irremediable para los seguidores de <strong><em>LA NACI\u00d3N<\/em><\/strong>. En el transcurso de la conversaci\u00f3n, el Presidente desliz\u00f3 algunos conceptos que el servicial Sirv\u00e9n trata de usar para sus propios fines. Entonces, si Alberto dijo, refiri\u00e9ndose a su relaci\u00f3n con Cristina, que <em>no es tan sumiso<\/em>, Sirv\u00e9n se preocupa por el <em>tan<\/em> y no hace referencia a la otra parte de la frase, en la que el Presidente dijo que su Vice no es de pegar cuatro gritos. Eso no se repite porque va en contra de la versi\u00f3n oficial del neomitrismo. El servicial escriba est\u00e1 preocupado por lo que representa Rosemblat como fen\u00f3meno comunicacional alejado de los medios tradicionales, y dice que \u201c<em>Rosemblat aparece de atr\u00e1s (pero no tan atr\u00e1s) por el espejito retrovisor de los<\/em> <em>grandes medios, con su cajita de herramientas virtuales siglo XXl. Sus performances ya no resultan insignificantes ni, mucho menos, inofensivas. Hasta ayer al mediod\u00eda, su canal de YouTube ten\u00eda 96.900 suscriptores y su conversaci\u00f3n con el jefe del Estado ya hab\u00eda sido vista por 189.852 personas. El jueves a la noche en vivo la vieron varios miles m\u00e1s por esa red, pero adem\u00e1s por Facebook y Twich, la plataforma de Amazon esencialmente de videojuegos<\/em>\u201d. Que haya tanta gente atenta a un mensaje proveniente de alguien que se define como <em>peronista<\/em> y termina su entrevista gritando <em>Viva Per\u00f3n<\/em>, prende una se\u00f1al de alerta en nuestra derecha. En dos columnas sucesivas, \u201c<em>El dram\u00e1tico giro de Alberto y Cristina<\/em>\u201d, del 30\/05\/2021, y \u201c<em>M\u00e1s lejos del mundo, m\u00e1s cerca de Cristina<\/em>\u201d del 01\/06\/2021, Joaqu\u00edn Morales Sol\u00e1 sale en defensa de los intereses de sus viejos patrones y se enoja porque \u201c<em>Todo lo que la administraci\u00f3n de Alberto Fern\u00e1ndez hizo en la \u00faltima semana fue para desplazar al pa\u00eds hacia el rinc\u00f3n de las naciones desorbitadas y para acariciar pol\u00edticas contrarias a las posiciones de Biden. Desde el apoyo en las Naciones Unidas a una comisi\u00f3n investigadora de lo que hizo Israel cuando se defendi\u00f3 de los ataques del grupo Hamas hasta la renuncia a seguir denunciando en la Corte Penal de La Haya las violaciones de los derechos humanos en Venezuela, todo significa una adscripci\u00f3n absoluta de la Argentina a posiciones muy distintas de las que ha sostenido hist\u00f3ricamente<\/em>\u201d. Ay Joaqu\u00edn. Las posiciones que hist\u00f3ricamente estuvieron a favor de las pol\u00edticas de los Estados Unidos fueron las de <strong><em>LA NACI\u00d3N<\/em><\/strong>, por citar al \u00faltimo de tus empleadores conocidos, y no los de la Argentina. Ya en ocasi\u00f3n de hablar con Herbert Hoover, al inaugurarse las l\u00edneas telef\u00f3nicas entre nuestro pa\u00eds y el del norte, Hip\u00f3lito Yrigoyen le hab\u00eda dejado en claro su credo de que \u201c<em>los hombres deben ser sagrados para los hombres y los pueblos para los pueblos<\/em>\u201d. Vale recordar que para la <em>Tribuna de Doctrina<\/em>, el viejo caudillo radical estuvo<em> fuera de tono<\/em>. A qui\u00e9n se le ocurr\u00eda ponerle l\u00edmites al conquistador. Per\u00f3n sostendr\u00eda m\u00e1s tarde la <em>tercera posici\u00f3n<\/em>, y en a\u00f1os de democracias fr\u00e1giles y amenazadas nuestro pa\u00eds integr\u00f3 el <em>Movimiento de Pa\u00edses del Tercer Mundo<\/em>. Todas posturas alejadas de lo que Morales Sol\u00e1 sostiene. Quiz\u00e1s lo asuste que alguien lo crea unido al canciller por algo m\u00e1s que un apellido, y entonces retoma su desembozada propaganda a favor del laboratorio Pfitzer y reclama por un acuerdo con el mismo, que seg\u00fan su peculiar visi\u00f3n no comprometer\u00eda los intereses nacionales. \u201c<em>\u00bfO la dignidad nacional es, acaso, una pertenencia exclusiva del kirchnerismo?\u201d<\/em>, se pregunta indignado. No Morales, no es pertenencia exclusiva del kirchnerismo, pero lo que es claro es que defenderla nunca estuvo en los planes de la derecha a la que el cronista del Operativo Independencia reporta. Morales insiste: \u201c<em>El fanatismo ideol\u00f3gico termina siempre en el absurdo. \u00bfPueden Venezuela, Cuba y Nicaragua cuestionar al Estado democr\u00e1tico de Israel? No, pero esos tres pa\u00edses latinoamericanos (y Bolivia) fueron los que acompa\u00f1aron a la Argentina en el voto contra Israel en la Comisi\u00f3n de Derechos Humanos de las Naciones Unidas. Tambi\u00e9n M\u00e9xico, gobernado por un presidente populista que prefiri\u00f3 polarizar y confrontar a la sociedad de su pa\u00eds. La comisi\u00f3n que crearon investigar\u00e1 si Israel cometi\u00f3 cr\u00edmenes de guerra cuando les respondi\u00f3 a los 4000 misiles (la cifra es tambi\u00e9n de las Naciones Unidas) que Hamas lanz\u00f3 desde Gaza hacia ciudades israel\u00edes<\/em>\u201d. La primera cuesti\u00f3n a plantear es por qu\u00e9 supone Morales que Venezuela, Cuba, Bolivia, Nicaragua, M\u00e9xico y Argentina no pueden cuestionar al Estado de Israel, que muy lejos est\u00e1 de comportarse democr\u00e1ticamente con sus vecinos palestinos. Morales menciona a Michele Bachelet, Alta Comisionada para los Derechos Humanos de la ONU, diciendo que cuestion\u00f3 a Hamas, pero omite mencionar los dichos de la ex presidenta chilena cuando \u201c<em>hizo referencia a los ataques a\u00e9reos israel\u00edes en zonas densamente pobladas \u2018provocando un alto nivel de v\u00edctimas civiles y heridos, as\u00ed como la destrucci\u00f3n generalizada de la infraestructura civil\u2019. \u2018Dichos ataques pueden constituir cr\u00edmenes de guerra si se determina que son indiscriminados y desproporcionados en su impacto sobre civiles y bienes de car\u00e1cter civil\u2019, recalc\u00f3 Michelle Bachelet. La Alta Comisionada dijo que ambas partes tienen derecho a defender a sus ciudadanos y que los palestinos tienen derecho a vivir de manera segura y libre en sus hogares, algo que no han podido experimentar debido al bloqueo israel\u00ed<\/em>\u201d. (https:\/\/news.un.org\/es\/story\/2021\/05\/1492582). Como siempre, los columnistas del pasqu\u00edn de los Mitre-Saguier ocultan las verdades que no les gustan. Eso es una manera de mentir. Federico Villegas Beltr\u00e1n el embajador argentino ante las Naciones Unidas, en su discurso donde anunci\u00f3 el apoyo de la Argentina a la resoluci\u00f3n del Consejo de Derechos Humanos de la ONU que crea una comisi\u00f3n para investigar <em>las presuntas violaciones y abusos de las garant\u00edas fundamentales en el territorio ocupado palestino, incluida Jerusal\u00e9n Oriental, y en Israel, cometidas antes y despu\u00e9s del 13 de abril de 2021<\/em>, seg\u00fan informa el sitio de noticias de la ONU, dijo claramente que \u201c<em>la Rep\u00fablica Argentina da la bienvenida al alto al fuego anunciado el 20 de mayo pasado y hace un llamado a todos los actores a respetarlo. El sufrimiento causado por estas hostilidades es inmenso. Debemos lamentar al menos 269 v\u00edctimas fatales palestinas en Gaza, Cisjordania y Jerusal\u00e9n Este, incluidos 70 ni\u00f1os y ni\u00f1as, y 12 muertes israel\u00edes, entre ellos 2 ni\u00f1os, as\u00ed como miles de heridos<\/em>\u201d. Agreg\u00f3 que \u201c<em>Mi pa\u00eds sigui\u00f3 con enorme preocupaci\u00f3n el desarrollo de un nuevo ciclo de enfrentamientos armados entre Israel, Hamas y otras organizaciones palestinas de la Franja de Gaza<\/em>\u201d. Agreg\u00f3 que \u201c<em>hemos condenado todos los ataques contra civiles palestinos e israel\u00edes que se produjeron en los d\u00edas del conflicto<\/em>\u201d, y concluy\u00f3 sosteniendo que &#8220;<em>la \u00fanica soluci\u00f3n verdadera al conflicto se lograr\u00e1 con el surgimiento definitivo de un Estado palestino independiente, democr\u00e1tico, viable y territorialmente contiguo, que garantice el derecho de Israel a vivir en condiciones de paz y seguridad<\/em>\u201d. Lejos, muy lejos, de las preocupaciones sostenidas por Morales Sol\u00e1, cuando se pregunta \u201c <em>\u00bfQu\u00e9 velo misterioso protege a Hamas? \u00bfCon qui\u00e9n no quiere pelearse el gobierno de Alberto Fern\u00e1ndez (o Cristina Kirchner) para ocultar siempre a Hamas?\u201d<\/em>. Que se investiguen las violaciones a los derechos humanos cometidas por el Estado de Israel no significa proteger a Hamas, como queda claro en las palabras del embajador de nuestro pa\u00eds. Lo que ocurre es que los verdaderos temores del escriba quedan a la luz cuando se sincera y dice \u201c <em>En la Comisi\u00f3n de Derechos Humanos de la ONU, la Argentina no solo vot\u00f3 junto a pa\u00edses sin autoridad moral para valorar la vigencia de los derechos humanos; tambi\u00e9n vot\u00f3 contra los intereses de los Estados Unidos, donde existe una importante influencia de su comunidad jud\u00eda. Washington vot\u00f3 en contra de investigar a Israel<\/em>\u201d. Queda bien claro cu\u00e1les son los intereses que defiende Morales Sol\u00e1. Le falt\u00f3 decir c\u00f3mo se les ocurre a los populistas estos votar contra los Estados Unidos. Otra de sus falsedades fue cuando, en sinton\u00eda con la saltimbanqui que preside el Pro, tild\u00f3 a la posici\u00f3n adoptada por nuestro pa\u00eds como <em>antisemita<\/em>. Lean un poco, que la enfermedad del odio no les impida enterarse de que \u00e1rabes y palestinos son tan semitas como los israel\u00edes. <em>Agarren los libros que no muerden<\/em>, suele decir la sabidur\u00eda popular. Otro que se arriesga a enfermizas conclusiones acerca de los dichos del Presidente en su conversaci\u00f3n con Pedro Rosemblat es Fernando Laborda, que el 01\/06\/2021 cree descubrir \u201c<em>La \u00faltima confesi\u00f3n de Alberto Fern\u00e1ndez<\/em>\u201d y se pregunta \u201c<em>\u00bfpor qu\u00e9 no pensar, sencillamente, que la subordinaci\u00f3n respecto de Cristina Kirchner que exhibe y, en cierto modo, comienza a confesar el Presidente no es otra cosa que el resultado de un pacto secreto que arranc\u00f3 desde el mismo momento en que ella lo convirti\u00f3 en el candidato del Frente de Todos?<\/em>\u201d. Delirios paranoicos, podr\u00eda decir un observador imparcial, que llevan a suponer pactos secretos, subordinaciones y conspiraciones diversas. Pobre Laborda, supone que \u201c<em>No pas\u00f3 mucho tiempo para que se descubriera que el jefe del Estado hab\u00eda asumido el compromiso de garantizarle impunidad a su mentora frente a las numerosas causas judiciales en las que est\u00e1 procesada<\/em>\u201d. \u00bfY d\u00f3nde se descubri\u00f3 tal cosa? Al parecer, solo en la enfermiza obsesi\u00f3n de la derecha, plasmada una y otra vez en las columnas de <strong><em>LA NACI\u00d3N<\/em><\/strong>, siempre dando por verdadero aquello sobre lo que no ofrece prueba valedera alguna. Hay que creerlo porque est\u00e1 en el diario de don Bartolo, ese gran mentiroso. Vamos a Carlos Pagni, siempre un poco menos brutal en su tarea de desinformar que sus colegas del m\u00e1s que sesquicentenario pasqu\u00edn. Sus esfuerzos comienzan a dirigirse a crear una figura que parezca peronista, aunque sirva a los designios de los due\u00f1os del poder. Estrategia que rindi\u00f3 algunos beneficios mientras Sergio Massa result\u00f3 una oferta tentadora para alejar a las corrientes que hoy se nuclean en el Frente de Todos de los triunfos electorales, y posibilitar de esa manera el arribo del dormil\u00f3n saqueador y sus secuaces al gobierno. Ahora hay que ver si Florencio Randazzo cubre esas expectativas. Al menos en 2017 fue \u00fatil para que Cristina Fern\u00e1ndez de Kirchner perdiera por pocos votos las elecciones bonaerenses para el senado de la Naci\u00f3n. Ah\u00ed va el columnista que alguna vez fue procesado junto con esp\u00edas varios, hasta que una jueza federal volvi\u00f3 sobre sus propios pasos y resolvi\u00f3 todo lo contrario a lo que poco tiempo antes hab\u00eda resuelto. Y nos cuenta que hay \u201c<em>dos movimientos que no est\u00e1n en el oficialismo. Uno es del PJ disidente, que brumosamente se insin\u00faa en la provincia de Buenos Aires en la figura de Florencio Randazzo. Los n\u00fameros de los encuestadores son misteriosos porque dicen que con solo mencionar su posibilidad, un discurso peronista no kirchnerista concitar\u00eda la adhesi\u00f3n del 10% de la gente, de arranque<\/em>\u201d.&nbsp; Optimista el hombre. Randazzo con el sello del PJ y en pleno auge del macrismo solo ara\u00f1\u00f3 un 5%, \u00fatil para frenar a Cristina pero para nada m\u00e1s. Sigue Pagni, ahora despejando el camino para que la oposici\u00f3n tenga un candidato que no espante de movida: \u201c<em>El otro movimiento que tiene que ver con estos datos se da en Juntos por el Cambio. Lo que se discute, con gran resistencia por parte de Macri, es qu\u00e9 se hace con la experiencia Macri<\/em>\u201d. Se entiende clarito. Desunamos al peronismo, saquemos al domador de reposeras del medio y vamos perfilando un candidato potable, que venga a hacer lo mismo que hace siempre la derecha, esto es saquear al pa\u00eds y llenarse los bolsillos, pero sin que se note demasiado. Pagni presume que habr\u00e1 dos candidaturas que influir\u00e1n casi definitivamente en los pr\u00f3ximos comicios: las vacunas y el gasto p\u00fablico. Queda lugar para una m\u00e1s: \u201c<em>El otro candidato es el pragmatismo o si ustedes quieren la tregua interna. Se acab\u00f3 cualquier posibilidad de discusi\u00f3n dentro del oficialismo, hasta nuevo aviso, porque hay que ganar las elecciones<\/em>\u201d. Habr\u00eda poco que discutir, frente a la sensatez de esa premisa, salvo porque Pagni en su nota habla de los conflictos del ministro Guzm\u00e1n con el secretario Basualdo, de los gremialistas con los sanitaristas de Kiciloff, del kirchnerismo con todos los dem\u00e1s, y as\u00ed sucesivamente. Es decir, ojo, deber\u00edan hacer esto pero est\u00e1n haciendo esto otro. M\u00e1s sutil que los dem\u00e1s columnistas, Pagni maneja el arte de hacernos creer que dice una cosa cuando en realidad est\u00e1 convenci\u00e9ndonos de lo contrario. Para el final, el escriba no se priva de reflexionar, a su manera, sobre la cuesti\u00f3n internacional y la causa de los derechos humanos. La misma que nunca preocup\u00f3 a <strong><em>LA NACI\u00d3N<\/em><\/strong> ni a sus columnistas mientras la dictadura genocida llevaba a cabo los atropellos m\u00e1s crueles que registre nuestra historia. Ni una palabra sobre las desapariciones, las torturas, los asesinatos, las prisiones ilegales, los centros clandestinos de detenci\u00f3n y exterminio, los ni\u00f1os separados de sus familias y privados de su verdadera identidad, los miles de exiliados. Al contrario, el peri\u00f3dico mitrista se preocup\u00f3 por reclamar por las prisiones de los criminales de lesa humanidad, y no por sus v\u00edctimas. Ahora Pagni habla de derechos humanos. A su manera, que es la manera en que los escribas del neomitrismo toman las palabras m\u00e1s preciadas y las desnaturalizan. Y en relaci\u00f3n con la decisi\u00f3n Argentina de no prestarse m\u00e1s a la persecuci\u00f3n internacional contra Venezuela, dice que \u201c<em>ah\u00ed es donde la prestaci\u00f3n de Alberto Fern\u00e1ndez se vuelve invalorable, porque la Argentina est\u00e1 contribuyendo a que ese paso para investigar violaciones de derechos humanos no se produzca. Justamente, un servicio catastr\u00f3fico, producido por un gobierno que tambi\u00e9n, discursivamente, se envuelve en la bandera de algunos derechos humanos. O, menor dicho, en los derechos de algunos humanos<\/em>\u201d. Lo catastr\u00f3fico ser\u00eda que el gobierno siguiera encolumnado con los intereses de los Estados Unidos, siempre opuestos a los de esta regi\u00f3n que los norteamericanos creen su patio trasero. Hay que velar por los pueblos de Nuestra Am\u00e9rica, esa Patria Grande que so\u00f1aron Artigas, San Mart\u00edn, Bol\u00edvar y Mart\u00ed. No por las v\u00edctimas del gran garrote que esgrimieron Theodore Roosevelt y tantos otros gobernantes estadounidenses. Ya lo advert\u00eda Rub\u00e9n Dar\u00edo en su poema de 1904: \u201c<em>Eres los Estados Unidos, eres el futuro invasor de la Am\u00e9rica ingenua que tiene sangre ind\u00edgena, que a\u00fan reza a Jesucristo y a\u00fan habla en espa\u00f1ol<\/em>\u201d. Prof\u00e9ticas palabras. Solo la enfermedad del odio al populismo puede hacer pensar que eso ha cambiado. No, cuando la derecha se queja por la falta de vacunas no es porque se preocupe por la salud (por qu\u00e9, si no, las marchas anticuarentena, la recurrencia a la presencialidad en las escuelas, el desprecio por las medidas de cuidado). Lo que les preocupa es la lesi\u00f3n de los intereses de una empresa estadounidense. A no equivocarse. Y para terminar, mostremos un poco del grotesco de estos personajes que pueblan las p\u00e1ginas de <strong><em>LA NACI\u00d3N<\/em><\/strong> y que reciben sus elogios. Una cena entre una mujer cuyo mayor m\u00e9rito es ser la nieta de otra que dej\u00f3 olvidados junto a un antiguo tel\u00e9fono blanco sus sue\u00f1os de actriz, para convertirse en la anfitriona de cuanto poderoso o aspirante a serlo anduviera necesitado de una cuotita de pantalla, y el ejemplo vivo de los errores a los que pueden arrastrarnos la desinformaci\u00f3n, las falsas noticias, las mentiras tantas veces repetidas para que parezcan verdades, el ingeniero sin ingenio destacado por su invariable tendencia a descansar de sus descansos. Y una cuota de sinceridad. Nada de contar que se preocupaba por las f\u00e1bricas cerradas, por los miles de desempleados, por el gatillo f\u00e1cil de sus polic\u00edas, por el desastre econ\u00f3mico que estaba produciendo en el pa\u00eds. No, nada de eso. Lo que el sujeto hac\u00eda era llegar a su casa y prender la televisi\u00f3n para ver Netflix. Eso es la derecha, esa es la enfermedad que busca contagiar a todos. &nbsp;<\/p>\n","protected":false},"excerpt":{"rendered":"<p>La pandemia que acosa a la humanidad toda causa estragos en el mundo entero. El&#8230;<\/p>\n","protected":false},"author":1,"featured_media":0,"comment_status":"open","ping_status":"open","sticky":false,"template":"","format":"standard","meta":{"footnotes":""},"categories":[17],"tags":[],"class_list":["post-391","post","type-post","status-publish","format-standard","hentry","category-contra-mitre"],"_links":{"self":[{"href":"https:\/\/luisalen.com\/index.php?rest_route=\/wp\/v2\/posts\/391","targetHints":{"allow":["GET"]}}],"collection":[{"href":"https:\/\/luisalen.com\/index.php?rest_route=\/wp\/v2\/posts"}],"about":[{"href":"https:\/\/luisalen.com\/index.php?rest_route=\/wp\/v2\/types\/post"}],"author":[{"embeddable":true,"href":"https:\/\/luisalen.com\/index.php?rest_route=\/wp\/v2\/users\/1"}],"replies":[{"embeddable":true,"href":"https:\/\/luisalen.com\/index.php?rest_route=%2Fwp%2Fv2%2Fcomments&post=391"}],"version-history":[{"count":2,"href":"https:\/\/luisalen.com\/index.php?rest_route=\/wp\/v2\/posts\/391\/revisions"}],"predecessor-version":[{"id":393,"href":"https:\/\/luisalen.com\/index.php?rest_route=\/wp\/v2\/posts\/391\/revisions\/393"}],"wp:attachment":[{"href":"https:\/\/luisalen.com\/index.php?rest_route=%2Fwp%2Fv2%2Fmedia&parent=391"}],"wp:term":[{"taxonomy":"category","embeddable":true,"href":"https:\/\/luisalen.com\/index.php?rest_route=%2Fwp%2Fv2%2Fcategories&post=391"},{"taxonomy":"post_tag","embeddable":true,"href":"https:\/\/luisalen.com\/index.php?rest_route=%2Fwp%2Fv2%2Ftags&post=391"}],"curies":[{"name":"wp","href":"https:\/\/api.w.org\/{rel}","templated":true}]}}