{"id":406,"date":"2021-07-07T21:10:00","date_gmt":"2021-07-07T21:10:00","guid":{"rendered":"https:\/\/luisalen.com\/?p=406"},"modified":"2023-02-07T21:20:24","modified_gmt":"2023-02-07T21:20:24","slug":"mentira-mentira","status":"publish","type":"post","link":"https:\/\/luisalen.com\/?p=406","title":{"rendered":"Mentira&#8230; mentira"},"content":{"rendered":"\n<p>Entre los inolvidables tangos que compusieron Carlos Gardel y Alfredo Le Pera, uno viene al caso para alumbrar las columnas del pasqu\u00edn sesquicentenario: <em>Volvi\u00f3 una noche<\/em>. No porque una dama del pasado haya intentado volver a los brazos de la <em>Tribuna de Doctrina<\/em>, sino porque una frase repiquetea cada vez que se leen las columnas perge\u00f1adas por los herederos de don Bartolo: <em>Mentira, mentira, yo quise decirle\u2026<\/em> Porque con un empe\u00f1o digno de mejor causa, los escribas insisten en dar por cierto lo que no lo es y en elaborar rebuscadas explicaciones para decir que una cosa es exactamente la contraria. De modo que el novelero Jorge Fern\u00e1ndez D\u00edaz , tal vez presa de la emoci\u00f3n que le provoca la fecha, el 04\/07\/2021 cree que \u201c<em>Madura un cambio de piel en la oposici\u00f3n<\/em>\u201d. Uno no puede olvidar que en el reino animal, cambian de piel los reptiles. Pero los lectores de <strong><em>LA NACI\u00d3N<\/em><\/strong> no deben tener los mismos recuerdos. Que en el caso del escriba arrancan por el m\u00edtico combate entre Muhammad Al\u00ed y George Foreman, en el relato que del mismo hiciera Norman Mailer. Claro que usa a los boxeadores norteamericanos como figuras metaf\u00f3ricas para referirse al intendente de la ciudad aut\u00f3noma y al dormil\u00f3n quebrador serial de empresas, que mal que le pese al folletinero en cuesti\u00f3n est\u00e1n muy lejos de asemejarse a aquellos luchadores del ring. Al Fern\u00e1ndez a sueldo de los Mitre-Saguier le preocupa notoriamente lo que parece ser un conflicto interno en los cambiemitas. Piensa que \u201c<em>El crecimiento de Patricia Bullrich en los sondeos le fue generando a Rodr\u00edguez Larreta un problema may\u00fasculo; el capricho personal de Vidal \u2013negarse a regresar a su l\u00f3gico territorio a librar la madre de todas las batallas\u2013 tambi\u00e9n le complic\u00f3 el tablero. S\u00edntomas leves aunque inoportunamente desatendidos que derivaron en tumores<\/em>\u201d. Y siguen los lamentos:\u201c<em>Horacio podr\u00eda haber llamado el a\u00f1o pasado a Patricia, haberla contenido y haber acordado con ella una doble estrategia. Por incre\u00edble que parezca, esa duplicidad funcion\u00f3 a la bartola y fue alineando enconos en las dos orillas. Despu\u00e9s, pudo haber persuadido a su amiga Mariu, prenda de unidad de casi toda la oposici\u00f3n bonaerense, para que regresara al cuadril\u00e1tero en la peor encrucijada de la democracia<\/em>\u201d. Y hay lugar todav\u00eda para m\u00e1s quejas: \u201c<em>no hac\u00eda falta pagar a operadores para instalar que el ingeniero de Los Abrojos ten\u00eda que abdicar, bajo el burdo truco de proclamar que deb\u00edan jubilarse por igual Macri y Cristina. Ya se sabe que la dama toma esa sugerencia con hilarante desd\u00e9n, y que el dardo envenenado iba exclusivamente hacia el caballero<\/em>\u201d. Hay algo que debe se\u00f1alarse m\u00e1s all\u00e1 de los quejidos del novelero: cuando los tinterillos del pasqu\u00edn de don Bartolo hablan libremente, dan como normales cosas que est\u00e1n lejos de serlo. Porque lo primero que queda claro en estas frases es el modo artero, oscuro, propio del submundo de esp\u00edas y manipuladores que caracteriza a la forma de hacer pol\u00edtica de nuestra derecha. Fern\u00e1ndez lo dijo: Larreta paga operadores para pegarle al domador de reposeras, hoy refugiado en Europa para sentirse a salvo de los traspi\u00e9s que le est\u00e1n ocasionando los tribunales que parecen convencidos que su poder es cosa del pasado. Tampoco deja bien parado al intendente la caracterizaci\u00f3n de un bartolero que acumula enconos y usa burdos trucos. Si ese es el mejor candidato de la derecha, pobre oferta la que hace. La poca fe que tiene el escriba en las virtudes de su candidato hace que le env\u00ede sus consejos: \u201c<em>aun recibiendo un demoledor voto castigo el oficialismo podr\u00eda verse beneficiado por la balcanizaci\u00f3n opositora: los desesperados usan cualquier extremo como arma arrojadiza. Y es por eso que las palomas y los halcones deber\u00e1n ser m\u00e1s flexibles que nunca, a norte y a sur<\/em>\u201d. No sea cosa que el Frente de Todos consiga los siete diputados que le faltan para que seamos Venezuela. O Nicaragua. Joaqu\u00edn Morales Sol\u00e1, el 04\/07\/2021, cree que estamos \u201c<em>En el reino de la incompetencia y la arbitrariedad<\/em>\u201d. No es que la columna se haya publicado por error, a\u00f1os despu\u00e9s del desastre del macrismo. No, el corresponsal del genocida Operativo Independencia arranca con su repertorio de falsedades y nos dice que \u201c<em>La Argentina es hoy uno de los pa\u00edses con menos porcentaje de habitantes vacunados con las dos dosis, y la econom\u00eda apenas se despereza, imperceptiblemente, despu\u00e9s de una brutal ca\u00edda de su PBI de casi el 10 por ciento en 2020<\/em>\u201d. Vaya uno a saber de d\u00f3nde obtiene sus datos don Joaqu\u00edn, porque si bien es cierto que todav\u00eda falta mucho trecho por recorrer en materia de vacunaci\u00f3n, tambi\u00e9n lo es que nuestra posici\u00f3n en un hipot\u00e9tico ranking de pa\u00edses del mundo no ser\u00eda nada mala. Hay municipios de la provincia de Buenos Aires que ya han cumplido los objetivos de vacunar a la poblaci\u00f3n mayor de dieciocho a\u00f1os. La cantidad de vacunas de distintas procedencias que han ingresado al pa\u00eds es m\u00e1s que auspiciosa, y si le sumamos que en pocos d\u00edas se contar\u00e1 con las dosis fabricadas en la Argentina, el panorama es muy alentador. Morales est\u00e1 preocupado porque el mundo no ha derrotado al COVID 19. \u201c<em>El primer rasgo de la crisis que debe reconocerse es la existencia cierta de una nueva variante del coronavirus: la delta, que surgi\u00f3 en la India. Esa variante, que tendr\u00eda m\u00e1s contagiosidad y ser\u00eda m\u00e1s letal, est\u00e1 provocando una regresi\u00f3n en la virtual pospandemia que viv\u00edan Europa e Israel, por ejemplo. Se han elevado los contagios y las autoridades sanitarias debieron rever decisiones de apertura y distensi\u00f3n<\/em>\u201d. Caramba. As\u00ed que en el primer mundo&nbsp; se toman medidas que no son precisamente aperturistas. Claro que lo que est\u00e1 bien en aquellos lares pasa a ser un pecado de los de estos pagos. Sol\u00e1 lo proclama: \u201c<em>Alberto Fern\u00e1ndez viol\u00f3 varios art\u00edculos de la Constituci\u00f3n con una mera decisi\u00f3n administrativa, la que baj\u00f3 a solo un tercio el n\u00famero de personas que pueden llegar al pa\u00eds en avi\u00f3n. Desconoci\u00f3, as\u00ed, la libertad de los argentinos para circular y para entrar y salir del pa\u00eds, que son garant\u00edas constitucionales<\/em>\u201d. No es que el columnista tenga una serie de normas jur\u00eddicas distintas a las del resto de los argentinos. No, es que sus patrones le encomiendan la misi\u00f3n de atacar como sea a este gobierno populista. Entonces obvia que en el caso de un conflicto de intereses, corresponde optar por aquel que protege a las mayor\u00edas. A pesar de que reconoce que \u201c<em>Casi todos los gobiernos han tomado medidas excepcionales para enfrentar la pandemia y sus novedosas variantes. La diferencia consiste en que los pa\u00edses civilizados les dieron a sus ciudadanos (o a los extranjeros) previsibilidad y certidumbre. Entran o no entran. O entran y salen respetando algunas condiciones. Todos lo saben de antemano<\/em>\u201d. Es que en el mundo entero, la salud de todos est\u00e1 por encima del paseo de algunos. Seamos claros. Restricciones de este tipo las aplican Francia, Espa\u00f1a, Canad\u00e1, Australia, sin que sus gobiernos sean considerados como dictaduras por la <em>Tribuna de Doctrina.<\/em> Morales nada dice de estos pa\u00edses, solo se queja de Alberto Fern\u00e1ndez. No hay restricciones indebidas para quienes se encuentran en el extranjero, m\u00e1s cuando al salir del pa\u00eds firmaron documentos que les advert\u00edan que podr\u00edan serles aplicadas medidas que restringieran sus movimientos. Esa doble vara es com\u00fan en <strong><em>LA NACI\u00d3N<\/em><\/strong> para decir que la misma cosa es buena o mala seg\u00fan quien la haga: buena si es un pa\u00eds central, mala si es un pa\u00eds que no lo es, y mucho m\u00e1s mala si el gobierno no es de los sumisos a los estados hegem\u00f3nicos ante los cuales para nuestra derecha hay que someterse sin m\u00e1s. El tema de las vacunas le da m\u00e1s material para inventar supuestas noticias, sin mayores cuidados. Por eso, aunque nada habilite a decirlo, para Morales \u201c<em>Seguramente fue Cristina la que impidi\u00f3 un acuerdo con la oposici\u00f3n en el asunto m\u00e1s relevante para la sociedad y la salud p\u00fablica. Pfizer es m\u00eda, quiso decir sin decirlo<\/em>\u201d. No hay un dato que avale sus dichos, ni la Vicepresidenta apareci\u00f3 involucrada en las negociaciones con el laboratorio preferido de los neomitristas. No importa, a la reina malvada hay que mencionarla como autora de todos los males, reales o imaginarios, y Morales cumple. Para cerrar su columna, se permite largar frases como esta: \u201c<em>Las cosas suceden en el contexto que suceden<\/em>\u201d. Verdad de Perogrullo, que no necesita mayores comentarios, pero que le sirve al columnista para alertar sobre las nuevas preocupaciones que afectan a sus patrones. Porque los tribunales parecen haber tomado nota de que el macrismo ya no gobierna y parece un imposible que vuelva a hacerlo. Entonces advierte: \u201c<em>Algo que ocurri\u00f3 y que provoca tanta preocupaci\u00f3n como suspicacias es la designaci\u00f3n por parte del kirchnerismo de Juan Carlos Cubr\u00eda como nuevo secretario de la Comisi\u00f3n de Acusaci\u00f3n del Consejo de la Magistratura. Un lugar clave para acusar y remover a los jueces. La designaci\u00f3n atropellada y autoritaria provoc\u00f3 la renuncia del presidente de la Comisi\u00f3n, el juez Ricardo Recondo<\/em>\u201d. Vamos a poner las cosas en claro. Correspond\u00eda cubrir la vacante que exist\u00eda dentro del Consejo de la Magistratura. Como ocurre en cualquier parte del mundo, quienes tienen las mayor\u00edas dentro del cuerpo designan los funcionarios. Juan Carlos Cubr\u00eda tiene una extensa trayectoria dentro del Consejo. No le faltan antecedentes, por lo tanto, para ocupar el cargo en el que se lo design\u00f3. \u00bfPor qu\u00e9 la preocupaci\u00f3n de Morales Sol\u00e1? El columnista lo cuenta. Ocurre que \u201c<em>Cubr\u00eda es hijo de la jueza federal Mar\u00eda Servini, tambi\u00e9n con competencia electoral nacional. En adelante, la jueza Servini deber\u00eda excusarse en todas las causas contra el partido gobernante y sus dirigentes; tambi\u00e9n en las causas que juzgan a los opositores del Gobierno<\/em>\u201d. Es que la jueza en cuesti\u00f3n lleva adelante la causa contra la mesa judicial del macrismo, ese engendro en el que conviv\u00edan esp\u00edas con fiscales, jueces, ministros y funcionarios, y pseudo periodistas, bajo la conducci\u00f3n del ahora pr\u00f3fugo <em>Pep\u00edn<\/em> Rodr\u00edguez Sim\u00f3n. Una causa que preocupa y mucho al ex presidente y sus secuaces. Lo que no aclara Morales es por qu\u00e9 raz\u00f3n la jueza deber\u00eda apartarse de esas causas. Porque el hijo no es fiscal ni denunciante ni parte en tales expedientes, y no existe raz\u00f3n jur\u00eddica que permita suponer que existe un compromiso para la jueza por su nombramiento. Otra vez, las costumbres de la derecha obnubilan al escriba. Porque el cambio de nombramientos por favores es una constante de los gobiernos de ese signo, lo que hace que Morales suponga que todos hacen lo mismo. En todo caso, podr\u00eda haber recordado todos los antecedentes familiares del funcionario: su padre fue un brigadier de la Fuerza A\u00e9rea, amigo de otros brigadieres como Jes\u00fas Cappellini, que intent\u00f3 un golpe de estado a fines de 1975, o Julio G\u00f3mez, primer ministro de justicia de la dictadura genocida en 1976. Detalles que seguramente el escriba no ignora. Pero su preocupaci\u00f3n es otra: \u201c<em>Ya existen la incompetencia y la arbitrariedad. El privilegio y la persecuci\u00f3n est\u00e1n demasiado cerca<\/em>\u201d. En algo tiene raz\u00f3n. Existen la incompetencia y la arbitrariedad, y es m\u00e1s, gobernaron entre 2015 y 2019. Y el privilegio y la persecuci\u00f3n que tantos sufrieron en esos a\u00f1os est\u00e1n tan cerca que todav\u00eda hay presos pol\u00edticos. Como Milagro Sala, que lleva ilegalmente privada de su libertad ya m\u00e1s de dos mil d\u00edas. Sin que se vislumbre el fin de su calvario. Esa preocupaci\u00f3n, por supuesto, no est\u00e1 en los pensamientos de los escribas del pasqu\u00edn de don Bartolo. Como siempre y con esa obsesi\u00f3n que hace tantos a\u00f1os los consume, siguen pensando en Cristina Fern\u00e1ndez de Kirchner. Carlos Pagni, el 06\/07\/2021, habla de \u201c<em>Cristina Kirchner y el sue\u00f1o de 2023<\/em>\u201d. Aunque todav\u00eda no se hayan cumplido los comicios de medio t\u00e9rmino, previstos para noviembre de este a\u00f1o, Pagni piensa en las presidenciales de 2023. Aunque arranque hablando del rebrote de la pandemia en Europa: \u201c<em>Estamos en una encrucijada sanitaria a escala internacional extraordinariamente incierta. Nos estamos moviendo desde hace ya m\u00e1s de un a\u00f1o en arenas movedizas. Parece que lleg\u00e1ramos a situaciones que se configuran de manera estable y son espejismos. Este gr\u00e1fico nos muestra la situaci\u00f3n de Europa, ante un rebrote importante de casos en una tercera ola de Covid. La curva de Reino Unido, Portugal, Espa\u00f1a, es de nuevo muy inquietante. La curva de la Uni\u00f3n Europea, en general. Empieza a haber un rebrote. En la \u00faltima semana, los casos en la Uni\u00f3n Europea subieron 38%\u201d<\/em>. Ahora, esos datos le sirven para arremeter contra el gobierno, con un cl\u00e1sico de estos d\u00edas. Porque seg\u00fan el editorialista, \u201c<em>La clave de estos cuadros, de estas diferencias entre la segunda y tercera ola que se vive hoy, es la vacunaci\u00f3n. Y en la Argentina, la vacunaci\u00f3n sigue siendo un problema. Entra el oficialismo en la campa\u00f1a electoral y sigue con esa piedra en el zapato<\/em>\u201d. Contra toda evidencia, la oposici\u00f3n, sea la nucleada en (no tan) <em>Juntos por el Cambio<\/em> o la que pulula en <strong><em>LA NACI\u00d3N<\/em><\/strong> y su primo el clarinete mentiroso, y los canales que los siguen, habla del problema de las vacunas. Primero fue que se contrataban vacunas que no estaban probadas; incluso, se denunci\u00f3 al Presidente y otros funcionarios por el presunto envenenamiento al que condenaban a los argentinos. Despu\u00e9s fue que las vacunas eran elegidas por motivos ideol\u00f3gicos (Rusia y China, para el caso). Luego, que las que se iban a fabricar aqu\u00ed ir\u00edan para otros pa\u00edses. Y todo el tiempo, la cantinela por Pfitzer, que encontr\u00f3 en nuestros derechosos sus mejores propagandistas. Cuando todos esos argumentos se cayeron, se dijo entonces que las vacunas no alcanzaban. Cuando llegaron a montones, entonces se dijo que no hab\u00eda segundas dosis\u2026 Qu\u00e9 dir\u00e1n ahora, que incluso las segundas dosis se producen aqu\u00ed, lo que posiciona a la Argentina como uno de los pocos pa\u00edses que fabrica vacunas contra el coronavirus. Hay m\u00e1s tela para que Pagni la corte sobre el tema, en este caso en relaci\u00f3n al Decreto de Necesidad y Urgencia con el que Alberto Fern\u00e1ndez abri\u00f3 la posibilidad de contar con vacunas de laboratorios estadounidenses. Al contrario de lo que hab\u00eda supuesto Morales Sol\u00e1, para Pagni se opt\u00f3 por el decreto para que Cristina estuviera fuera de las discusiones. <strong><em>LA NACI\u00d3N<\/em><\/strong> suele ofrecer dos versiones por las dudas y este es un nuevo ejemplo. En las dos versiones, por supuesto, el gobierno queda mal. Sea porque la mal\u00e9fica vicepresidenta impuso su criterio, por sobre el presidente, o porque este decidi\u00f3 cubrirla. Ni aunque les compren su vacuna favorita est\u00e1n contentos. El columnista pasa a la cuesti\u00f3n electoral, y como a esta altura es imposible negar los problemas de la oposici\u00f3n, entonces mete a todos en la misma bolsa y dice que \u201c<em>Cae Alberto Fern\u00e1ndez, Cristina Kirchner, Axel Kicillof, Larreta, Vidal, Bullrich, caen todos. Hay como una especie de desencanto pasable, tampoco dram\u00e1tico, con la pol\u00edtica, seg\u00fan advierten quienes estudian opini\u00f3n p\u00fablica en las redes sociales<\/em>\u201d. No se salva nadie, parece decir. Pero a los que m\u00e1s golpea es a los posibles candidatos del <em>Frente de Todos<\/em>. \u201c<em>Miren las noticias de actos oficiales en el Gran Buenos Aires durante las semanas pasadas. Aparecen Sergio Berni, Axel Kicillof, Sergio Massa. Es un men\u00fa. Al que le gusta Bolsonaro le ofrecen Berni; si te gusta algo m\u00e1s de centro te ofrecen Massa; y si quer\u00e9s algo que bordea la izquierda stalinista ten\u00e9s a Kicillof. Es un lujo que se puede dar una fuerza pol\u00edtica con el liderazgo de Cristina Kirchner<\/em>\u201d. Berni gusta de presentarse como un hombre del orden, pero todav\u00eda dista de ser un Bolsonaro. Massa y el centro es una historia que hace a\u00f1os se intenta implantar, sin \u00e9xito hasta ahora. Y lo de Kiciloff y el stalinismo es un disparate sin ning\u00fan sost\u00e9n. Lo que pasa es que Pagni no puede evitar que la obsesi\u00f3n por Cristina lo lleve a creerla como la amalgama del todo. Tanto que despu\u00e9s de hacer desfilar como posibles candidatos a Berni, Daniel Gollan, Daniel Scioli; Malena Massa, Fernanda Vallejos y Santiago Cafiero, termina por decir que \u201c<em>Todo esto es un escenario donde en el centro reina Cristina Kirchner. No aparece Alberto Fern\u00e1ndez, lo vemos poco por el conurbano. Lo tienen escondido, como a Mauricio Macri en Juntos por el Cambio<\/em>\u201d. El presidente actual y el pasado, en un mismo nivel. Pero no. Siempre con Cristina como emblema, el an\u00e1lisis de Pagni lo lleva a las mismas preocupaciones que hoy por hoy cruzan por el horizonte derechoso: \u201c<em>En Juntos por el Cambio hay que mirar hasta d\u00f3nde la disputa interna que se est\u00e1 librando es un riesgo que puede producir fuga de votos. Un ejemplo: se va Bullrich de la campa\u00f1a en Capital Federal. \u00bfRetienen Larreta y Vidal estos votos? Cristina tiene la capacidad de ofrecer tres opciones arm\u00f3nicas a pesar de su diversidad en la provincia de Buenos Aires. Berni, Massa, Kicillof. Como un tr\u00edo que hace campa\u00f1a por el conurbano. \u00bfQu\u00e9 costo puede pagar Juntos por el Cambio por la disputa interna que est\u00e1 librando?\u201d<\/em>. A Pagni las figuras de la oposici\u00f3n no parecen entusiasmarlo, ni le generan un gran respeto. Porque dice que \u201c<em>Todo eso se discute entre Macri y Larreta. Otros pueden aspirar a esa discusi\u00f3n. Como Bullrich. Vidal aclar\u00f3 que no sabe qu\u00e9 quiere hacer de su vida, salvo candidata a Presidente. Es obvio que ser\u00e1 candidata a diputada en Capital Federal, y eso est\u00e1 decidido<\/em>\u201d. Eso s\u00ed, el columnista da por seguro que el nuevo l\u00edder, con poco margen para ser discutido, es el intendente porte\u00f1o. Tanto que dice que \u201c<em>Larreta le acaba de encargar una encuesta a Federico Aurelio, y seg\u00fan lo que resulte de ese an\u00e1lisis tomar\u00e1 decisiones en la provincia respecto de si darle pelea o no a<\/em><a href=\"https:\/\/www.lanacion.com.ar\/politica\/facundo-manes-confirmo-que-sera-candidato-por-la-ucr-en-la-provincia-decidi-aceptar-nid03072021\/\"><em> un radicalismo que lo est\u00e1 desafiando con Manes\u201d. <\/em><\/a>Larreta decide ya hasta fuera de su distrito. El problema, que Pagni no menciona, es que Macri, Larreta, Bullrich, Vidal y hasta estos deste\u00f1idos radicales son lo mismo, defienden un mismo proyecto basado en la exclusi\u00f3n de las mayor\u00edas, los beneficios para los poderosos, el sometimiento a las potencias hegem\u00f3nicas, el desprecio por la Patria Grande, el privilegio para pocos y la desgracia para muchos. Pagni le presta atenci\u00f3n a un encuentro en Madrid, al que asistir\u00e1 lo m\u00e1s granado de la derecha latinoamericana, incluido el ingeniero sin ingenio. Que aprovecha la ocasi\u00f3n para presentarse como un perseguido pol\u00edtico, por el fallo de los tribunales en lo comercial que acaban de dictar la quiebra de la empresa familiar que explot\u00f3 el Correo en otras \u00e9pocas. Hay que tener la cara m\u00e1s dura que cualquier material que se conozca, como para presentarse como una v\u00edctima de un proceso que ha batido todos los records en materia de demoras. Veinti\u00fan a\u00f1os pasaron desde que el gobierno de Fernando de la R\u00faa denunciara el incumplimiento de los Macri del contrato de concesi\u00f3n del correo, un contrato firmado en 1997 y que preve\u00eda una serie de pagos semestrales de los cuales solo se cumpli\u00f3 con el primero. Y est\u00e1n bien frescos los recuerdos del intento del gran dormil\u00f3n cuando ocupaba la presidencia, justo antes de irse a mirar series en&nbsp; Netflix. Se quiso condonar la deuda\u2026 y como ni el Procurador del Tesoro que hab\u00eda puesto se prest\u00f3 a tama\u00f1o dislate, lo ech\u00f3 y les orden\u00f3 a los magistrados intervinientes que volvieran todo a fojas cero. \u00bfPerseguido pol\u00edtico, el tipo que ech\u00f3 a la Procuradora General, a camaristas y jueces que no quisieron someterse a sus caprichos, y que arm\u00f3 una banda de delincuentes que inventaron causas y cuadernos, espiaron a propios y extra\u00f1os y privaron de su libertad a muchos? Mentira, mentira.<\/p>\n","protected":false},"excerpt":{"rendered":"<p>Entre los inolvidables tangos que compusieron Carlos Gardel y Alfredo Le Pera, uno viene al&#8230;<\/p>\n","protected":false},"author":1,"featured_media":0,"comment_status":"open","ping_status":"open","sticky":false,"template":"","format":"standard","meta":{"footnotes":""},"categories":[17],"tags":[],"class_list":["post-406","post","type-post","status-publish","format-standard","hentry","category-contra-mitre"],"_links":{"self":[{"href":"https:\/\/luisalen.com\/index.php?rest_route=\/wp\/v2\/posts\/406","targetHints":{"allow":["GET"]}}],"collection":[{"href":"https:\/\/luisalen.com\/index.php?rest_route=\/wp\/v2\/posts"}],"about":[{"href":"https:\/\/luisalen.com\/index.php?rest_route=\/wp\/v2\/types\/post"}],"author":[{"embeddable":true,"href":"https:\/\/luisalen.com\/index.php?rest_route=\/wp\/v2\/users\/1"}],"replies":[{"embeddable":true,"href":"https:\/\/luisalen.com\/index.php?rest_route=%2Fwp%2Fv2%2Fcomments&post=406"}],"version-history":[{"count":2,"href":"https:\/\/luisalen.com\/index.php?rest_route=\/wp\/v2\/posts\/406\/revisions"}],"predecessor-version":[{"id":408,"href":"https:\/\/luisalen.com\/index.php?rest_route=\/wp\/v2\/posts\/406\/revisions\/408"}],"wp:attachment":[{"href":"https:\/\/luisalen.com\/index.php?rest_route=%2Fwp%2Fv2%2Fmedia&parent=406"}],"wp:term":[{"taxonomy":"category","embeddable":true,"href":"https:\/\/luisalen.com\/index.php?rest_route=%2Fwp%2Fv2%2Fcategories&post=406"},{"taxonomy":"post_tag","embeddable":true,"href":"https:\/\/luisalen.com\/index.php?rest_route=%2Fwp%2Fv2%2Ftags&post=406"}],"curies":[{"name":"wp","href":"https:\/\/api.w.org\/{rel}","templated":true}]}}