{"id":416,"date":"2021-07-29T21:38:00","date_gmt":"2021-07-29T21:38:00","guid":{"rendered":"https:\/\/luisalen.com\/?p=416"},"modified":"2023-02-07T21:18:51","modified_gmt":"2023-02-07T21:18:51","slug":"demasiadas-maneras-de-mentir-y-odiar","status":"publish","type":"post","link":"https:\/\/luisalen.com\/?p=416","title":{"rendered":"Demasiadas maneras de mentir y odiar"},"content":{"rendered":"\n<p>Estos d\u00edas de julio son proclives a que uno recuerde. Especialmente el 26, una fecha que tiene tantos significados caros a la historia com\u00fan de Nuestra Am\u00e9rica. Porque en 1822 comenzaba la reuni\u00f3n entre San Mart\u00edn y Bol\u00edvar en Guayaquil, que marc\u00f3 de alguna forma el camino que tomar\u00eda el final de las guerras de la independencia contra las tropas espa\u00f1olas, que Antonio Jos\u00e9 de Sucre culminar\u00eda en Ayacucho. Bartolom\u00e9 Mitre escribi\u00f3 una cr\u00f3nica sobre el encuentro, en la que se preocup\u00f3 por reflejar a un Bol\u00edvar ambicioso y a un San Mart\u00edn derrotado de antemano. Ni una menci\u00f3n a la falta de apoyo que limitaba cualquier esfuerzo del Libertador del Sur, obra de sus enemigos porte\u00f1os, los unitarios que comandaba Bernardino Rivadavia y que se burlaban de su acento espa\u00f1ol y de sus ansias de libertad. No, claro que no, porque Mitre era el heredero natural de esos que San Mart\u00edn consideraba sus enemigos, por los que debi\u00f3 abandonar su proyecto de pasar sus a\u00f1os de retiro en un chacra mendocina y marchar al exilio. Esa parte de la historia est\u00e1 ausente de las palabras de Mitre. Otro 26, esta vez en 1952, llor\u00f3 el pase a la inmortalidad de Eva Per\u00f3n, aquella tan odiada por los lectores de <em>LA NACI\u00d3N<\/em>, porque seguramente le\u00edan al pasqu\u00edn de don Bartolo quienes escribieron en las paredes de Buenos Aires <em>viva el c\u00e1ncer<\/em>. A\u00fan reconociendo la impronta con la que Evita se\u00f1al\u00f3 a fuego en la vida de los argentinos, porque resulta imposible negar la trascendencia de quien prometi\u00f3 <em>volver\u00e9 y ser\u00e9 millones<\/em>, la <em>Tribuna de Doctrina<\/em> nunca dej\u00f3 de sentirla una enemiga que combat\u00eda con todo su ardor incluso muerta. Y el 26 de julio de 1953 Fidel Castro y un grupo de los suyos asaltaba el cuartel Moncada, dando inicio a la gesta que llevar\u00eda al triunfo revolucionario de enero de 1959. Otra herida en el alma de la derecha argentina, que encuentra en el diario de los Mitre-Saguier la confirmaci\u00f3n de sus desprecios y mezquindades. Julio, el mes que tambi\u00e9n vio la partida de Juan Per\u00f3n y de Hip\u00f3lito Yrigoyen, es un mes complicado para los que no creen en revoluciones ni en otras libertades que no sean las de apropiarse de las riquezas para beneficio de unos pocos. Si San Mart\u00edn hubiera vivido luego de fundada <em>LA NACI\u00d3N<\/em>, casi seguramente hubiera sido fustigado sin pausas y criticado sin piedad. Acusado tal vez como Bol\u00edvar, de ambiciones personales y sue\u00f1os autoritarios. Blanco de los dardos de la derecha, como lo son, incluso luego de sus muertes, Yrigoyen, Per\u00f3n, Evita y Fidel. Basta con recorrer las p\u00e1ginas del diario para ver que hay cosas que se mantienen inalterables desde los d\u00edas de Bartolo el fundador. Las mil y una formas de mentir, para formar una opini\u00f3n p\u00fablica sumisa y enga\u00f1ada, y de odiar a cualquiera que de un modo u otro pretenda trabajar por el bien de las mayor\u00edas, por reconocerles derechos, por darles lo que en justicia les corresponde. El novelero Jorge Fern\u00e1ndez D\u00edaz se preocupa, el 25\/07\/2021, por \u201c<em>El peligroso discurso que se va instalando<\/em>\u201d. Pero no se refiere al negacionismo que reverdece en los dichos de los candidatos de la derecha. No, habla como siempre contra el peronismo. Empieza con la quinta de San Vicente y dice: \u201c<em>un cartel recuerda que esa es la exclusiva morada de Evita y Per\u00f3n, y que su proyecto lleva una firma indeleble: Revoluci\u00f3n Nacional Justicialista. En esa primera palabra est\u00e1 precisamente cifrado el drama argentino \u2013revoluci\u00f3n y democracia son conceptos antit\u00e9ticos\u2013, y en la confesi\u00f3n imp\u00fadica de los gruesos escamoteos y la f\u00e1cil falsificaci\u00f3n hist\u00f3rica, est\u00e1 explicado asimismo su car\u00e1cter gen\u00e9ticamente farsesco. Un famoso aforismo borgiano abona este fen\u00f3meno: \u2018Los peronistas son gente que se hace pasar por peronistas para sacar ventaja\u2019. Borges intentaba decirnos que hab\u00eda oportunismo, y que este estaba basado en una incesante impostura: personas que fingen ser lo que no son y dicen lo que no hacen<\/em>\u201d. Primera mentira. Las democracias modernas nacieron de las revoluciones que terminaron con el antiguo r\u00e9gimen y los poderes autocr\u00e1ticos. Es algo tan conocido que ni siquiera Fern\u00e1ndez D\u00edaz lo puede ignorar. O ser\u00e1, tal vez, que en sus sue\u00f1os de follet\u00edn a\u00f1ora la monarqu\u00eda absoluta o las dominaciones coloniales. Y el odio encarnado en Borges. Que fue reconocido como escritor, lo que no lo transforma en un ejemplo a seguir ni en un modelo \u00e9tico que sirva de paradigma. El odio del eterno candidato frustrado al Nobel fue de tal magnitud que hasta <em>LA NACI\u00d3N<\/em> le dedic\u00f3 una nota. \u201c<em>Jorge Luis Borges: las razones de un antiperonismo feroz<\/em>\u201d, escribi\u00f3 Maximiliano Tomas el 02\/09\/2020, y cit\u00f3: \u201c<em>A la hora de hablar sobre Juan Domingo Per\u00f3n, Eva Duarte o el movimiento justicialista, Borges perd\u00eda toda modestia y moderaci\u00f3n. Era brillante en sus ep\u00edtetos, y no menos brutal. \u2018Estoy contra el fascismo, el marxismo y el peronismo porque esos movimientos son formas del fanatismo y la estupidez\u2019<\/em>&#8220;. Rara forma de expresar admiraci\u00f3n, si el autor reconoce que eran ep\u00edtetos brutales, sin modestia no moderaci\u00f3n. Un odio ancestral, porque \u201c<em>Borges ve\u00eda en Per\u00f3n una reencarnaci\u00f3n de Juan Manuel de Rosas, aquel \u2018tirano\u2019 al que le dedicara un temprano poema y al que la familia de su madre despreciaba desde mediados del siglo XIX. \u2018Per\u00f3n fue un enojo, un tormento que dur\u00f3 diez a\u00f1os. Fue una especie de segundo Rosas, otra calamidad\u2019<\/em>&#8220;. Una corriente de odio que va de siglo en siglo. Odio por aquellos que el pueblo elige como sus l\u00edderes, odio de tal magnitud que el autor de la nota no puede evitar mencionar \u201c<em>aquel fustigamiento, consignado sin ambages en un cuento escrito en 1947 a cuatro manos junto a Adolfo Bioy Casares (\u2018La fiesta del monstruo\u2019), y que se ha ganado el derecho a ocupar el trono del relato m\u00e1s racista de la literatura argentina<\/em>\u201d. Enti\u00e9ndase el hilo conductor del odio de Fern\u00e1ndez D\u00edaz: arranca de aquellos que escribieron <em>el relato m\u00e1s racista de la literatura argentina<\/em>. Obra que, probablemente, en sus delirios pretendidamente literarios el novelero pretende superar. De todas maneras el escriba sigue alerta, y advierte a sus lectores: \u201c<em>Lo falso, compa\u00f1eros, no quita lo valiente: Per\u00f3n ha sido el dirigente m\u00e1s impostor del siglo XX y eso no le ha impedido ser a la vez el m\u00e1s influyente y decisivo<\/em>\u201d. Qu\u00e9 ejercicio de ceguera notable, el que le impide entender que si Per\u00f3n fue el dirigente m\u00e1s influyente y decisivo del siglo XX no fue, precisamente, porque fuera un impostor, sino porque supo crear un lazo con el pueblo que perdura pese a todos los intentos que la derecha llev\u00f3 adelante para destruirlo. Y sigue el columnista desnudando sus miedos: \u201c<em>la historia tambi\u00e9n demuestra que una \u2018revoluci\u00f3n\u2019 resiste sucesivos hundimientos parciales, y que los apropiadores indebidos del Estado suelen tener siete vidas. El kirchnerismo es una cosa seria. Mejor tom\u00e9moslo en serio<\/em>\u201d. Mejor que lo hagan. Fernando Laborda se pregunta el 27\/07\/2021 \u201c<em>\u00bfPuede el peronismo ser derrotado en la provincia de Buenos Aires?<\/em>\u201d. No queda muy claro si es una duda o una esperanza del escriba, la pregunta en cuesti\u00f3n. Dice Laborda que \u201c<em>El mayor nivel de unidad que presenta hoy el peronismo es el principal argumento que esgrimen los kirchneristas para fundar su confianza en el triunfo en la provincia de Buenos Aires<\/em>\u201d. A esa frase sigue otra en sentido opuesto: \u201c<em>En contra de ese optimismo oficialista hay toda una corriente de opini\u00f3n que, a partir del an\u00e1lisis de no pocos sondeos de opini\u00f3n p\u00fablica, est\u00e1 persuadida de que las condiciones objetivas en materia socioecon\u00f3mica deber\u00edan ser suficientes para forzar una derrota de la coalici\u00f3n gobernante<\/em>\u201d. En apoyo de esa ilusi\u00f3n, el escriba recuerda que \u201c<em>casi todas las fuerzas gobernantes del mundo, en los presentes tiempos de pandemia, con sus secuelas econ\u00f3micas, experimentaron derrotas electorales en los \u00faltimos meses. Estados Unidos, Espa\u00f1a, Chile, Per\u00fa y hasta Israel son algunos ejemplos<\/em>\u201d. El problema es que en ese an\u00e1lisis, liviano y superficial, se omite decir que en los ejemplos m\u00e1s cercanos por la historia y la geograf\u00eda a nuestro pa\u00eds, esto es Chile y Per\u00fa, las fuerzas triunfantes expresaron ideas cercanas a las del gobierno de Alberto y Cristina. Igual, como hay que insuflar \u00e1nimo a los lectores, Laborda cierra su nota se\u00f1alando que \u201c<em>tanto Santilli como Manes tendr\u00edan hoy un nivel de imagen positiva mayor al de los primeros candidatos a diputado nacional del Frente de Todos<\/em>\u201d. Claro que no dice en qu\u00e9 datos basa tama\u00f1a afirmaci\u00f3n, que se contrapone con la mayor\u00eda de las encuestas de opini\u00f3n, incluso sabiendo que estas pueden estar equivocadas. La que no est\u00e1 equivocada es la percepci\u00f3n de la sociedad de que la oposici\u00f3n hace un cambio de figuritas y entonces&nbsp; Santilli pasa de la ciudad aut\u00f3noma a la provincia de Buenos Aires mientras el hada mala deja de ser orgullosamente bonaerense para volver a la capital. Miren c\u00f3mo son las cosas que de Santilli lo que mostraron las propagandas fue un mech\u00f3n de pelo, mientras que Vidal solo recorre los canales amigos pero no participa del acto de lanzamiento de las candidaturas de su sector. Porque la realidad es muy distinta a las falsedades que describe Carlos Pagni, cuando en su columna del 27\/07\/2021 se refiere a \u201c<em>La oferta electoral en una colonia rusa<\/em>\u201d. El t\u00edtulo pretende ser sarc\u00e1stico, jugando con la relaci\u00f3n del gobierno con el Instituto Gamaleya con relaci\u00f3n a las dosis de la vacuna Sputnik V. Pero el contenido de la nota est\u00e1 plagado de falsedades, sutilmente ocultas bajo datos que parecen demostrar que el gobierno no pudo manejar la crisis de la pandemia. Dice Pagni que \u201c<em>La Argentina est\u00e1 en una situaci\u00f3n muy mala en t\u00e9rminos<\/em><a href=\"https:\/\/www.lanacion.com.ar\/sociedad\/vacunas-lo-que-hay-que-saber-sobre-todas-las-que-se-aplican-en-el-mundo-nid01062021\/\"><em> de vacunaci\u00f3n. C<\/em><\/a><em>hile es inalcanzable, tiene m\u00e1s del 60% de su poblaci\u00f3n totalmente vacunada. Vamos muy detr\u00e1s de Colombia, muy detr\u00e1s de M\u00e9xico y hasta de Brasil, cuyo gobierno est\u00e1 impugnado por la p\u00e9sima pol\u00edtica frente al Covid. Estamos por debajo del promedio mundial. En otro gr\u00e1fico se puede ver una comparaci\u00f3n con Brasil. En donde se ve con claridad que es mucho m\u00e1s m\u00e9rito el 17% de Brasil que el 13% de la Argentina, debido a la cantidad de vacunas que debe conseguir dada su densidad poblacional<\/em>\u201d. Ocurre que Pagni toma datos parciales, que se refieren exclusivamente a quienes aplicaron dos dosis a su poblaci\u00f3n. Pero omite consignar los datos relativos al total de vacunados, con una y dos dosis. Veamos. Argentina vacun\u00f3 con la primera dosis al 39.74% de su poblaci\u00f3n, y con las dos dosis al 13,57%. Sumados ambos porcentajes, se llega al 53,31% de vacunados. En el caso de Brasil, las cifras son de 29,48 % con una sola dosis y 18,49% con las dos dosis. La suma da un 47,97%. Colombia tiene con una sola dosis al 9,69% y con dos dosis al 22,24%, lo que suma un 31,935. Para M\u00e9xico, las cifras son de 18,95% con dos dosis y 14,47% con una sola. El total es de 33,42%. Para no limitarnos al sur de Nuestra Am\u00e9rica, digamos que en Jap\u00f3n tiene dos dosis el 26,43% y una sola el 11,20%; el total es de 37,63%. Australia tiene el 13,51% con dos dosis y el 17,67% con una sola, lo que da la suma de 31,18%. Si medimos continentes, Norte Am\u00e9rica tiene un 37,19% de dos dosis y un 9,94% de una sola, o sea un 47,13%; y Europa tiene un 38,04 con dos dosis y un 9,88 con una sola, sumando un total de 47,92%. Claramente, toda vez que estos datos son de f\u00e1cil acceso, Pagni los oculta porque su intenci\u00f3n no es otra que golpear al gobierno, y para lograr ese fin no trepida en dar cifras que parecen ciertas pero que esconden la verdad. En fin, ya lo dec\u00eda don Juan Ruiz de Alarc\u00f3n en un cl\u00e1sico del teatro espa\u00f1ol: <em>en boca del mentiroso es la verdad sospechosa<\/em>. Y es todav\u00eda peor lo que sigue, porque Pagni parece preocupado cuando escribe que \u201c<a href=\"https:\/\/www.lanacion.com.ar\/sociedad\/vacuname-ninos-y-ninas-con-discapacidad-reclaman-dosis-de-pfizer-nid15062021\/\"><em>Hay que decirles a los chicos con comorbilidades que est\u00e1n esperando la vacuna Pfizer, <\/em><\/a><em>la \u00fanica pedi\u00e1trica, que tendr\u00e1n que seguir esperando porque tienen la desgracia de depender de una vacuna que no se fabrica en la Argentina; es decir que no hay ning\u00fan industrial argentino que la fabrique y que se beneficie con esa fabricaci\u00f3n<\/em>\u201d. Pero en el mismo diario, Fabiola Szubaj anuncia el 28\/07\/2021: \u201c<em>Moderna: estiman que la vacunaci\u00f3n a chicos de 12 a 17 a\u00f1os con comorbilidades comenzar\u00eda la semana pr\u00f3xima<\/em>\u201d e informa que \u201c<em>Con la distribuci\u00f3n de dosis que comenz\u00f3 hoy, las provincias podr\u00e1n organizar la log\u00edstica, el empadronamiento y la asignaci\u00f3n de turnos. En el Ministerio de Salud estiman que la vacunaci\u00f3n podr\u00eda arrancar la semana que viene: una vez que las provincias reciban las dosis, seg\u00fan se explic\u00f3, podr\u00e1n empezar a utilizarlas seg\u00fan dispongan de acuerdo con la lista de factores de riesgo difundida y orden m\u00e9dica<\/em><strong>\u201d. <\/strong>Pagni miente y en el mismo medio en que escribe queda al descubierto su mentira. Sin embargo, para Joaqu\u00edn Morales Sol\u00e1 en su nota del 28\/07\/2021 hay \u201c<em>Un gobierno que no dice la verdad<\/em>\u201d. El inefable vocero del genocida Operativo Independencia atribuye al Presidente Alberto Fern\u00e1ndez las conductas que lo caracterizan a \u00e9l y a sus colegas de la <em>Tribuna de Doctrina<\/em>: \u201c<em>Cada tanto, o a cada rato, se descubre que afirmaciones de \u00e9l o de sus funcionarios no son ciertas. Tambi\u00e9n hubo, en algunos casos, manifiestas manipulaciones de los datos para que estos coincidan con una supuesta realidad, que nunca es la realidad<\/em>\u201d. Hay quien sospecha que para motivar estas reflexiones don Joaqu\u00edn se mira en el espejo, pero otros refieren que mira a sus compa\u00f1eros de <strong><em>LA NACI\u00d3N<\/em><\/strong>. Sigue la lista de falsedades. Ahora para defender a los implicados en el contrabando de armas a Bolivia, no vacila en decir que en el Estado Plurinacional de Bolivia no hubo golpe de estado. \u201c<em>La denuncia contra Macri por su complicidad con el golpe contra Evo Morales encierra varias contradicciones. La primera de ellas es que Morales no cay\u00f3 como v\u00edctima de un golpe de Estado. Un sector importante de la sociedad se sublev\u00f3 cuando era evidente que se estaba cometiendo fraude en una elecci\u00f3n que perpetuar\u00eda a Morales en el poder. Despu\u00e9s de d\u00edas de violencia y represi\u00f3n (fueron violentos los sublevados y fue violenta la represi\u00f3n) los jefes militares le \u2018aconsejaron\u2019 a Morales que renunciara<\/em>\u201d. Lo dice justo cuando \u201c<em>un estudio de pericia de seguridad inform\u00e1tica realizado por la Universidad de Salamanca, Espa\u00f1a, determin\u00f3 que no hubo manipulaci\u00f3n de datos del c\u00f3mputo oficial de las elecciones generales de octubre de 2019<\/em>\u201d, dato divulgado por esa Alta Casa de Estudios y publicado por el gobierno de Luis Arce, a trav\u00e9s de su Ministro del Interior Juan Lanchipa Ponce. \u00bfSer\u00e1n kirchneristas embozados los peritos en cuesti\u00f3n? Sigue el relato mentiroso que pretende exculpar lo imperdonable, el atentado contra la democracia en un pa\u00eds hermano. Morales dice \u201c<em>El armamento de la Gendarmer\u00eda fue enviado a Bolivia, seg\u00fan explic\u00f3 siempre el gobierno de Macri, para proteger a la embajada argentina, en la que se encontraban refugiados familiares y exfuncionarios de Morales y estaba siendo asediada por seguidores del nuevo gobierno, presidido por la parlamentariaJeanine \u00c1\u00f1ez<\/em>\u201d. El gobierno de Macri nunca explic\u00f3 nada, Morales. Y si eso hubiera sido cierto, de todas maneras hab\u00eda tr\u00e1mites que deb\u00edan cumplirse sin posibilidad de esquivarlos por una pretensa urgencia. El material enviado -que fue exhibido por las autoridades bolivianas, lo que prueba que lleg\u00f3 a ese destino-, fue enviado de contrabando, esto es, al margen de las disposiciones legales vigentes. Para Morales Sol\u00e1, el origen de todo esto es claro: \u201c<em>El actual presidente de Bolivia, Luis Arce, le puso al asunto la coloratura que tiene: \u2018Es lamentable que un gobierno de derecha haya participado de un golpe de Estado\u2019, dijo. Apareci\u00f3 el elemento evidente que nadie nombraba: la ideolog\u00eda. Los gobiernos de Arce y de Alberto Fern\u00e1ndez son muy cercanos y tienen posiciones habitualmente comunes en asuntos de pol\u00edtica exterior<\/em>\u201d. Gobiernos populistas, herederos del castrismo, quiere decir Morales. Faltaron -aunque se adivinan- las menciones cotidianas a Venezuela y Nicaragua. Don Joaqu\u00edn pasa a otro caballito de batalla de los odiadores seriales, la cuesti\u00f3n de las vacunas de Pfizer. Y dice: \u201c<em>En las primeras conversaciones se convino, seg\u00fan se supo despu\u00e9s, que Pfizer enviar\u00eda al pa\u00eds desde diciembre del a\u00f1o pasado 13,2 millones de dosis. En diciembre pasado hubieran llegado m\u00e1s de 3 millones de dosis<\/em>\u201d. En las conversaciones no se conviene: cada parte establece sus pretensiones y solo hay convenio cuando se llega a un acuerdo. Cosa que en aquel momento no pas\u00f3. Como se sabe por las noticias que arriban de todo el mundo, Pfizer no ha podido cumplir con sus m\u00faltiples compromisos. Que llegaran esas dosis en diciembre de 2020 era imposible, m\u00e1s cuando se advierte que reci\u00e9n el 2 de diciembre de 2020 el Reino Unido aprobaba dicha vacuna. No hab\u00eda forma de que una vacuna que no estaba aprobada ni siquiera en pa\u00edses tan admirados por la Tribuna de Doctrina llegara primero a la Argentina que al resto del planeta. Mientras tanto, el gobierno acord\u00f3 con el gobierno ruso por la vacuna Sputnik V, con los chinos por las Sinopharm y Sinovac, y con el laboratorio anglo-sueco AstraZeneca para producir la vacuna en cuesti\u00f3n en nuestro pa\u00eds, conjuntamente con M\u00e9xico.\u201d<em>Fantasmas bajo la s\u00e1bana<\/em>\u201d, dice Claudio Jacquelin el 28\/07\/2021, en una nota que escapa a lo que com\u00fanmente encontramos en <strong><em>LA NACI\u00d3N<\/em><\/strong>. Es una nota corta, donde el autor se\u00f1ala que \u201c<em>Premios, pagos a cuenta, dedazos, traiciones, cancelaci\u00f3n de deudas, apuestas a futuro, caprichos personales, razones obvias y motivos inexplicables. El espect\u00e1culo vuelve a escena. As\u00ed es cada cierre de listas de candidatos<\/em>\u201d. Descripci\u00f3n con la que muchos estar\u00edan plenamente de acuerdo. Y sigue diciendo Jacquelin que \u201c<em>Los ciudadanos casi siempre eligen de lejos, sin poder acercarse mucho a la (empa\u00f1ada) vidriera de las ofertas. La gestaci\u00f3n est\u00e1 vedada al p\u00fablico. Mejor que no se sepa. No extra\u00f1a, entonces, que debajo de la (lista) s\u00e1bana puedan encontrarse muchas sorpresas. No necesariamente agradables. Incluso para los que comparten el lecho partidario que los cobija<\/em>\u201d. Es interesante partir de esta columna para destapar las s\u00e1banas de la derecha. En algunos casos no es preciso destapar mucho: Ricardo L\u00f3pez Murphy vuelve a la carga y presenta lista en la ciudad aut\u00f3noma. Arranca diciendo que los desaparecidos no fueron treinta mil. Negacionismo en estado puro, reforzado porque al levantar un poco nada m\u00e1s la s\u00e1bana aparece Dar\u00edo Lop\u00e9rfido, hombre fiel a su apellido que es ya un maestro en negaciones. Odio hacia lo que representan en nuestra sociedad los desaparecidos, v\u00edctimas de una dictadura feroz que fue auspiciada y apoyada por los mismos sectores que la oposici\u00f3n representa hoy, esto es los capitostes del capitalismo agr\u00edcola ganadero y de los grupos financieros concentrados, que no por casualidad fueron los beneficiarios del terror con que Videla, Mart\u00ednez de Hoz y compa\u00f1\u00eda buscaron disciplinar al pueblo. Odio a los organismos de derechos humanos, que lucharon con denuedo y sin desmayos para que en la Argentina existan la Memoria, la Verdad y la Justicia. Tambi\u00e9n la misma s\u00e1bana cobija a Franco Rinaldi, otro que escupe su odio hablando de \u201c<em>el verso de los 30.000 desaparecidos<\/em>\u201d, mientras no habla de su pasado como empleado (fantasma, bajo la s\u00e1bana) de la Auditor\u00eda General de la Naci\u00f3n pero s\u00ed muestra su desprecio por los <em>negros<\/em>, tanto los que reciben la ayuda alimentaria del Estado, como los de los Estados Unidos, a los que designa como <em>black lies matter<\/em>, por &#8220;<em>la ginecocracia<\/em>&#8221; atacando al movimiento feminista, y discrimina sin pudor cuando dice que hay &#8220;<em>un trans hombre que tuvo un hijo<\/em>&#8221; y concluye diciendo &#8220;<em>pobre pa\u00eds<\/em>&#8220;. Otra candidata que busca un lugar en el mismo sector es Sabrina Ajmechet, que se presenta como historiadora. Pobres los que aprendan historia con alguien que dice \u201c<em>Las Malvinas no existen. Las Falkland Islands son de los kelpers<\/em>\u201d y por las dudas reitera que \u201c<em>La creencia en que Las Malvinas son argentinas es irracional, es sentimental. Los datos hist\u00f3ricos no ayudan a creer eso<\/em>\u201d. Se burla as\u00ed de un sentimiento que lleva ciento ochenta y ocho a\u00f1os y que se manifiesta en un reclamo que excede los l\u00edmites de una elecci\u00f3n de medio tiempo porque, como la defensa de los derechos humanos, forma parte del contrato social de los argentinos. \u00bfQu\u00e9 ejemplo de docente es la que se lamenta por no haber atropellado a estudiantes del Pellegrini? Mentiras sobre las Malvinas, odio por los estudiantes. Deber\u00eda escribir en <strong><em>LA NACI\u00d3N<\/em><\/strong>.<\/p>\n","protected":false},"excerpt":{"rendered":"<p>Estos d\u00edas de julio son proclives a que uno recuerde. Especialmente el 26, una fecha&#8230;<\/p>\n","protected":false},"author":1,"featured_media":0,"comment_status":"open","ping_status":"open","sticky":false,"template":"","format":"standard","meta":{"footnotes":""},"categories":[17],"tags":[],"class_list":["post-416","post","type-post","status-publish","format-standard","hentry","category-contra-mitre"],"_links":{"self":[{"href":"https:\/\/luisalen.com\/index.php?rest_route=\/wp\/v2\/posts\/416","targetHints":{"allow":["GET"]}}],"collection":[{"href":"https:\/\/luisalen.com\/index.php?rest_route=\/wp\/v2\/posts"}],"about":[{"href":"https:\/\/luisalen.com\/index.php?rest_route=\/wp\/v2\/types\/post"}],"author":[{"embeddable":true,"href":"https:\/\/luisalen.com\/index.php?rest_route=\/wp\/v2\/users\/1"}],"replies":[{"embeddable":true,"href":"https:\/\/luisalen.com\/index.php?rest_route=%2Fwp%2Fv2%2Fcomments&post=416"}],"version-history":[{"count":2,"href":"https:\/\/luisalen.com\/index.php?rest_route=\/wp\/v2\/posts\/416\/revisions"}],"predecessor-version":[{"id":418,"href":"https:\/\/luisalen.com\/index.php?rest_route=\/wp\/v2\/posts\/416\/revisions\/418"}],"wp:attachment":[{"href":"https:\/\/luisalen.com\/index.php?rest_route=%2Fwp%2Fv2%2Fmedia&parent=416"}],"wp:term":[{"taxonomy":"category","embeddable":true,"href":"https:\/\/luisalen.com\/index.php?rest_route=%2Fwp%2Fv2%2Fcategories&post=416"},{"taxonomy":"post_tag","embeddable":true,"href":"https:\/\/luisalen.com\/index.php?rest_route=%2Fwp%2Fv2%2Ftags&post=416"}],"curies":[{"name":"wp","href":"https:\/\/api.w.org\/{rel}","templated":true}]}}