{"id":419,"date":"2021-08-05T21:41:00","date_gmt":"2021-08-05T21:41:00","guid":{"rendered":"https:\/\/luisalen.com\/?p=419"},"modified":"2023-02-07T21:22:18","modified_gmt":"2023-02-07T21:22:18","slug":"sin-etica-ni-moral","status":"publish","type":"post","link":"https:\/\/luisalen.com\/?p=419","title":{"rendered":"Sin \u00e9tica ni moral"},"content":{"rendered":"\n<p>En estos d\u00edas, como si la cercan\u00eda de las Primarias Abiertas Simult\u00e1neas y Obligatorias perturbara todav\u00eda m\u00e1s algunas mentes que no se caracterizan precisamente por la lucidez, se multiplicaron los disparates y las agresiones entre una oposici\u00f3n que no tiene m\u00e1s que ego\u00edsmos y miserias como programa y que solo ofrece un discurso degradante, retr\u00f3grado, que no puede generar m\u00e1s que repudios. Gente sin \u00e9tica ni moral. Hay que decirlo y explicarlo. \u00c9tica y moral son t\u00e9rminos que, aunque de or\u00edgenes etimol\u00f3gicos distintos se refieren a lo mismo. A la costumbre, dentro del marco comunitario de valoraci\u00f3n. \u00c9tica viene del griego <em>ethos<\/em>, moral del lat\u00edn <em>mores<\/em>. Son t\u00e9rminos que significan lo mismo, sin\u00f3nimos. Sin embargo, en el marco social \u00e9tica y moral se han ido diferenciando a lo largo del tiempo, porque mientras que se habla de <em>moral<\/em> cuando se hace referencia a la conducta que se enmarca en valores sustentados en creencias esenciales, en una fe, en convicciones o en una determinada concepci\u00f3n del mundo. Tambi\u00e9n se usa el t\u00e9rmino <em>moral<\/em> para hablar del bien en general y de las acciones humanas en orden a su bondad o malicia. En cambio, cuando hablamos de <em>\u00e9tica<\/em> nos referimos al comportamiento de los seres humanos en sociedad. Porque la <em>moral<\/em> y la <em>\u00e9tica<\/em> son productos sociales, forman parte de la conciencia social, emergen de la existencia social y son hist\u00f3ricas y concretas. La <em>\u00e9tica<\/em> no es inmutable, var\u00eda seg\u00fan el tiempo, el espacio y la concepci\u00f3n del mundo que se tengan. Tambi\u00e9n se habla de <em>\u00e9tica<\/em> cuando nos referimos al conjunto de obligaciones de aquellas personas que tienen una actividad profesional en com\u00fan, o sea, a la <em>\u00e9tica profesional<\/em>, que concluye en el dictado de un cuerpo normativo que contiene los deberes a los que deben ajustarse los profesionales de una determinada actividad, esto es, un <em>c\u00f3digo de \u00e9tica<\/em>. Aqu\u00ed debemos introducir el t\u00e9rmino <em>deontolog\u00eda<\/em>, que desde lo etimol\u00f3gico designa al <em>deber ser<\/em>. Con esas aclaraciones, podemos examinar la realidad argentina y el actuar de distintos personajes, tanto los que se mueven en el \u00e1mbito de la pol\u00edtica cuanto los que deambulan por los medios de comunicaci\u00f3n social. Y vamos a encontrarnos con un conjunto variopinto de personas que no tienen <em>\u00e9tica<\/em> ni <em>moral<\/em> y que son protegidas, desde los medios hegem\u00f3nicos, por otras personas que desconocen cualquier regla <em>deontol\u00f3gica<\/em>. En el festival de acusaciones cruzadas que ha caracterizado la presentaci\u00f3n de las listas que competir\u00e1n en las PASO para quedarse con la representaci\u00f3n de la franja opositora al actual gobierno, como si fuera una gigantesca burla apareci\u00f3 la saltimbanqui que preside al PRO hablando de reglas \u00e9ticas destinadas a regir la contienda interna. M\u00e1s o menos como si un envenenador advirtiera acerca de los riesgos del cianuro. Y de repente, el pasqu\u00edn fundado por Bartolom\u00e9 Mitre en 1870 -que no es precisamente un ejemplo a seguir en la materia-, nos informa, el 31\/07\/2021, que&nbsp; \u201c<em>As\u00ed es el \u2018manual de convivencia\u2019 para las internas que debate Juntos por el Cambio<\/em>\u201d. En principio, uno tiende a suponer que si ahora precisan un manual de convivencia es porque nunca les gust\u00f3 verse acompa\u00f1ados, entre s\u00ed, a quienes pretenden ser candidatos. Para decirlo m\u00e1s claramente, quiere decir que a Mar\u00eda Eugenia Vidal no le caen demasiado bien ni los seguidores de Ricardo L\u00f3pez Murphy ni los deshilachados restos del radicalismo que postulan a Adolfo Rubinstein, el funcionario que primero acept\u00f3 ser degradado de ministro a secretario, y que hace poco reconoci\u00f3 que la salud -que era de lo que deb\u00eda ocuparse-, no era prioridad durante la gesti\u00f3n del alejado seguidor de Netflix. O que a Diego Santilli la aparici\u00f3n de Facundo Manes le hace tanta gracia como la que le producir\u00eda ser pateado por un burro en sus partes pudendas. Pero vayamos a la nota, as\u00ed nos enteramos de que \u201c<em>El texto, al que tuvo acceso <strong>LA NACION<\/strong>, iba a ser presentado durante el fin de semana por los jefes de los partidos que integran la alianza opositora a nivel nacional: Patricia Bullrich (Pro), Alfredo Cornejo (UCR) y Maximiliano Ferraro (CC)<strong>. <\/strong><\/em><em>Sin embargo,<\/em><a href=\"https:\/\/www.lanacion.com.ar\/politica\/maxima-tension-en-juntos-por-el-cambio-tras-una-nueva-critica-de-elisa-carrio-a-facundo-manes-nid31072021\/\"><em> <\/em><\/a><a href=\"https:\/\/www.lanacion.com.ar\/politica\/maxima-tension-en-juntos-por-el-cambio-tras-una-nueva-critica-de-elisa-carrio-a-facundo-manes-nid31072021\/\"><em>un<\/em><\/a><a href=\"https:\/\/www.lanacion.com.ar\/politica\/maxima-tension-en-juntos-por-el-cambio-tras-una-nueva-critica-de-elisa-carrio-a-facundo-manes-nid31072021\/\"><em> <\/em><\/a><a href=\"https:\/\/www.lanacion.com.ar\/politica\/maxima-tension-en-juntos-por-el-cambio-tras-una-nueva-critica-de-elisa-carrio-a-facundo-manes-nid31072021\/\"><em>nuevo<\/em><\/a><a href=\"https:\/\/www.lanacion.com.ar\/politica\/maxima-tension-en-juntos-por-el-cambio-tras-una-nueva-critica-de-elisa-carrio-a-facundo-manes-nid31072021\/\"><em> <\/em><\/a><a href=\"https:\/\/www.lanacion.com.ar\/politica\/maxima-tension-en-juntos-por-el-cambio-tras-una-nueva-critica-de-elisa-carrio-a-facundo-manes-nid31072021\/\"><em>dardo<\/em><\/a><a href=\"https:\/\/www.lanacion.com.ar\/politica\/maxima-tension-en-juntos-por-el-cambio-tras-una-nueva-critica-de-elisa-carrio-a-facundo-manes-nid31072021\/\"><em> <\/em><\/a><a href=\"https:\/\/www.lanacion.com.ar\/politica\/maxima-tension-en-juntos-por-el-cambio-tras-una-nueva-critica-de-elisa-carrio-a-facundo-manes-nid31072021\/\"><em>de<\/em><\/a><a href=\"https:\/\/www.lanacion.com.ar\/politica\/maxima-tension-en-juntos-por-el-cambio-tras-una-nueva-critica-de-elisa-carrio-a-facundo-manes-nid31072021\/\"><em> <\/em><\/a><a href=\"https:\/\/www.lanacion.com.ar\/politica\/maxima-tension-en-juntos-por-el-cambio-tras-una-nueva-critica-de-elisa-carrio-a-facundo-manes-nid31072021\/\"><em>Elisa<\/em><\/a><a href=\"https:\/\/www.lanacion.com.ar\/politica\/maxima-tension-en-juntos-por-el-cambio-tras-una-nueva-critica-de-elisa-carrio-a-facundo-manes-nid31072021\/\"><em> <\/em><\/a><a href=\"https:\/\/www.lanacion.com.ar\/politica\/maxima-tension-en-juntos-por-el-cambio-tras-una-nueva-critica-de-elisa-carrio-a-facundo-manes-nid31072021\/\"><em>Carri\u00f3<\/em><\/a><a href=\"https:\/\/www.lanacion.com.ar\/politica\/maxima-tension-en-juntos-por-el-cambio-tras-una-nueva-critica-de-elisa-carrio-a-facundo-manes-nid31072021\/\"><em> <\/em><\/a><a href=\"https:\/\/www.lanacion.com.ar\/politica\/maxima-tension-en-juntos-por-el-cambio-tras-una-nueva-critica-de-elisa-carrio-a-facundo-manes-nid31072021\/\"><em>contra<\/em><\/a><a href=\"https:\/\/www.lanacion.com.ar\/politica\/maxima-tension-en-juntos-por-el-cambio-tras-una-nueva-critica-de-elisa-carrio-a-facundo-manes-nid31072021\/\"><em> <\/em><\/a><a href=\"https:\/\/www.lanacion.com.ar\/politica\/maxima-tension-en-juntos-por-el-cambio-tras-una-nueva-critica-de-elisa-carrio-a-facundo-manes-nid31072021\/\"><em>Manes,<\/em><\/a><em> el postulante que apalanca el radicalismo en el terru\u00f1o bonaerense, oblig\u00f3 a postergar la difusi\u00f3n del compromiso \u00e9tico<\/em>\u201d. Recordemos, de paso, que la profetisa del caos nunca cumplido dijo que el neurocandidato era un mit\u00f3mano. De todas maneras, el texto de marras es \u201c<em>una suerte de reglamento interno para los precandidatos de la principal coalici\u00f3n opositora que se subir\u00e1n al ring electoral en los pr\u00f3ximos comicios de medio t\u00e9rmino. Bullrich fue la encargada de escribir una primera versi\u00f3n del \u2018c\u00f3digo de \u00e9tica\u2019, que circul\u00f3 durante los \u00faltimos d\u00edas entre asesores y autoridades de Pro, la CC y la UCR<\/em>\u201d. Parece una noticia falsa, difundida por quienes no quieren a los opositores en cuesti\u00f3n, pero no. Vamos al texto: \u201c<em>Los candidatos de Juntos por el Cambio -cualquiera sea la denominaci\u00f3n que la coalici\u00f3n adopte en cada jurisdicci\u00f3n- defienden y sostienen los principios y valores republicanos y democr\u00e1ticos de gobierno, as\u00ed como el sistema federal, la libertad individual, la libertad de prensa y la libertad religiosa, el respeto irrestricto a la propiedad privada y a todos los derechos, deberes y garant\u00edas enunciados en la Constituci\u00f3n Nacional, el valor del trabajo y del esfuerzo personal, la defensa de los honestos contra las acciones de quienes delinquen, la educaci\u00f3n como forma de promoci\u00f3n social, la divisi\u00f3n de poderes, la independencia de los \u00f3rganos encargados de administrar justicia y de los organismos de control, la publicidad de los actos de gobierno, la igualdad ante la ley, la rotaci\u00f3n de las funciones ejecutivas, la autonom\u00eda de las provincias y de la Ciudad Aut\u00f3noma de Buenos Aires\u201d.<\/em> Caramba. Una manifestaci\u00f3n de esas caracter\u00edsticas apunta con mucha precisi\u00f3n al modo de actuar de quienes, al parecer, la est\u00e1n formulando. \u00bfLa oposici\u00f3n se suicida? No, sigue enga\u00f1ando a los incautos.<em>\u201cPor tanto, cada uno de los candidatos promete: 1. No mentir\u00e9 ni mantendr\u00e9 reservas respecto de mis propias ideas o de las acciones que proyecto para el caso de resultar elegido. Me comprometo a la verdad, que tiene valor por s\u00ed misma y es fuente de toda confianza<\/em>\u201d. Suena de fondo una canci\u00f3n que habla de <em>cuando la mentira es la verdad<\/em>. La siguiente promesa que debe hacer el pretendiente a candidato es \u201c<em>2. Transmitir\u00e9 con claridad mis ideas e iniciativas, expondr\u00e9 las dificultades que desde mi punto de vista existan para llevarlas a cabo y explicar\u00e9 correctamente por qu\u00e9 considero que el p\u00fablico, seg\u00fan mi criterio, debe preferir mi lista a la de otros candidatos de la coalici\u00f3n o de otros partidos<\/em>\u201d<em>.<\/em> Por lo que han venido demostrando, sus ideas e iniciativas se refieren casi con exclusividad a c\u00f3mo echar mano de la mayor cantidad de riquezas (que deber\u00edan ser distribuidas equitativamente en el cuerpo social) por lo que es dif\u00edcil, cuando no imposible, que vayan a decirlo p\u00fablicamente. Adem\u00e1s, esta gente cree que se la debe preferir a los dem\u00e1s porque son populistas feos, sucios y malos. Lo que nos lleva al tercer principio: \u201c<em>3. Actuar\u00e9 y me expresar\u00e9 en todo momento con respeto y lealtad respecto de mis oponentes internos y del p\u00fablico. No me referir\u00e9 a ellos con criterios discriminatorios de cualquier tipo, sean de car\u00e1cter religioso, \u00e9tnico, de edad, sexual, orientaci\u00f3n sexual, identidad de g\u00e9nero o pertenencia social. Tampoco promover\u00e9 ni me involucrar\u00e9 con ellos en rencillas innecesarias que pudieran afectar el prestigio de nuestra fuerza<\/em>\u201d. Se ve que hay muchos que lo entendieron al rev\u00e9s, pero de eso vamos a hablar m\u00e1s adelante. \u201c<em>4. En los debates, escuchar\u00e9 los argumentos de mi oponente interno, establecer\u00e9 con \u00e9l un di\u00e1logo sincero y democr\u00e1tico, sin trampas y centrado en el respeto mutuo; valorar\u00e9 su contribuci\u00f3n a la pol\u00edtica y le facilitar\u00e9 las posibilidades de expresarse, sin intentar bloquear o interrumpir sus explicaciones<\/em>\u201d. Como dijimos, Carri\u00f3 dice que Manes es un mit\u00f3mano, Manes que Larreta usa los fondos de la ciudad aut\u00f3noma para bancar a su candidato en provincia, y as\u00ed sucesivamente. \u201c<em>5. No utilizar\u00e9 ni instigar\u00e9 a la utilizaci\u00f3n de las redes sociales de manera agraviante o desleal ni propiciar\u00e9 que otros lo hagan por m\u00ed respecto de mis oponentes, sea con identidad propia o con personalidad fingida u oculta\u201d<\/em>. Esto es casi una confesi\u00f3n de qu\u00e9 es lo que han venido haciendo desde hace tiempo, y causa pavor y preocupaci\u00f3n a la legi\u00f3n de <em>trolls<\/em> que la derecha usa cotidianamente para agraviar a todo el mundo. Pero no se preocupen, cu\u00e1ndo se ha visto a los candidatos de la derecha cumplir con lo que prometen. \u201c<em>6. Proceder\u00e9 con honestidad en la fiscalizaci\u00f3n de las elecciones, cuidar\u00e9 y har\u00e9 cuidar el voto de mi oponente interno tanto como el de mi propia lista<\/em>\u201d. O sea, si hay que comprometerse a esto es porque hasta ahora no lo han hecho. \u201c<em>7. No establecer\u00e9 acuerdos con personas de otros partidos pol\u00edticos a fin de obtener ventajas sobre mi oponente interno<\/em>\u201d. Con raz\u00f3n Pichetto no es candidato. Pero, \u00bfqu\u00e9 hacen en las listas Stolbizer y otros por el estilo? \u201c<em>8. Honrar\u00e9 el compromiso con mi partido, por cuya lista aspiro a ser elegido. En caso de acceder al cargo para el que me presento, permanecer\u00e9 en el bloque de Juntos por el Cambio hasta el final de mi mandato y cumplir\u00e9 con su plataforma<\/em>\u201d. No hay mucha confianza en la fidelidad de los candidatos, parece. \u201c<em>9. Una vez definidos los resultados formalmente, los aceptar\u00e9 con grandeza de esp\u00edritu y unificar\u00e9 esfuerzos con quien fue mi oponente interno para el triunfo de nuestra coalici\u00f3n<\/em>\u201d. \u00bfGrandeza de esp\u00edritu? Pedir peras al olmo no da resultado, muchachos. \u201c<em>10. Cumplir\u00e9, antes y despu\u00e9s de la elecci\u00f3n, con la letra y el esp\u00edritu que figura en el enunciado de este compromiso, sus principios y valores<\/em>\u201d. Bueno. Pero tama\u00f1a manifestaci\u00f3n no cuaj\u00f3. Demasiados compromisos incumplibles. Por las dudas, Laura Serra, el 02\/08\/2021, nos cuenta que \u201c<em>Elisa Carri\u00f3 no da por saldada su disputa con Manes y desconf\u00eda de Morales<\/em>\u201d. La pitonisa de Exaltaci\u00f3n de la Cruz seguramente estaba aburrida. Para peor no figura en ninguna lista. Todas las barbaridades que se le ocurrieron para hablar del gobierno no agotaron su necesidad de confrontar continuamente con alguien. Dice la cronista que \u201c<em>Carri\u00f3 cree que detr\u00e1s de cada movimiento de Manes est\u00e1 Morales, uno de los promotores de su candidatura contra Diego Santilli, el hombre de Rodr\u00edguez Larreta en Buenos Aires. Carri\u00f3 recela de Morales y de sus ambiciones presidenciales. Por ello, por m\u00e1s \u2018acuerdo de convivencia\u2019 que se promocione en Juntos por el Cambio \u2013como el que se difundi\u00f3 ayer\u2013 la tensi\u00f3n estar\u00e1 latente mientras persista esta disputa soterrada, aunque feroz, por el liderazgo de Juntos por el Cambio<\/em>\u201d. Para los lectores de la Tribuna de Doctrina, vaya una aclaraci\u00f3n para que no sufran: no es de don Joaqu\u00edn de quien sospecha <em>Lilita<\/em>, sino de Gerardo, el carcelero de Milagro Sala. Y esto ocurre porque \u201c<em>en di\u00e1logo con radio La Red, el gobernador juje\u00f1o sostuvo que el jefe de gobierno porte\u00f1o \u2018ya lo corri\u00f3 a Mauricio [Macri] y le pas\u00f3 el cepillo a Patricia [Bullrich]\u2019; sostuvo que Rodr\u00edguez Larreta \u2018ya se cree presidente\u2019 y lo tild\u00f3 de ser \u2018responsable fundamental\u2019 por la \u2018campa\u00f1a de desprestigio\u2019 contra Manes<\/em>\u201d. El s\u00e1trapa fronterizo quiere resucitar el pasado, con multitudes que segu\u00edan al radicalismo, y se imagina al frente de la marea de boinas blancas. Y el porte\u00f1o cree que las multitudes lo tienen que seguir a \u00e9l. Por suerte, uno cree que esas multitudes no pretenden suicidarse. Citemos alguna de las frases que publica Manes. Preguntado por las cr\u00edticas de Margarita Stolbizer a la presencia de Jes\u00fas Cariglino en su lista, contest\u00f3 que no pod\u00eda importar noruegos. O sea, los noruegos son mejores que los candidatos que incluy\u00f3 en su lista pero est\u00e1n tan lejos\u2026 Mientras tanto, Stolbizer est\u00e1 molesta pero de la lista no se mueve. Ahora que logr\u00f3 ser candidata no la van a sacar as\u00ed nom\u00e1s. Y vamos a la columna del Morales de <strong><em>LA NACI\u00d3N<\/em><\/strong>. El 04\/08\/2021 el cronista del genocida Operativo Independencia amonesta: \u201cLas visitas a Olivos: un mal ejemplo\u201d. Pero no se refiere a los camaristas Hornos y Borinsky, no vaya usted a creer que le dio un ataque de periodismo serio. No. Morales Sol\u00e1 se mete en un tema que inaugur\u00f3, en el canal del pasqu\u00edn de los Mitre-Saguier, Carlos Pagni, cuando crey\u00f3 encontrar pruebas de la degradaci\u00f3n del gobierno en las visitas de Sof\u00eda Pacchi a la quinta de Olivos. Con un tono pretendidamente sard\u00f3nico, el ex procesado por espiar donde no deb\u00eda insinu\u00f3 que en esas visitas hab\u00eda algo indebido. Vamos a aclarar que una de las reglas de la deontolog\u00eda comunicacional -que existe, aunque en la Argentina no haya un c\u00f3digo de <em>\u00e9tica <\/em>period\u00edstica-, obliga a chequear la veracidad de una noticia, mucho m\u00e1s cuando puede afectar la dignidad de una persona. Pero Pagni no cumpli\u00f3 esa regla. Si lo hubiera hecho, se habr\u00eda enterado de que Sof\u00eda Pacchi trabaja para el Estado, asistiendo a la Primera Dama Fabiola Y\u00e1\u00f1ez. Por ende, nada raro hab\u00eda en sus visitas a Olivos. Pagni no pod\u00eda ignorar que con su comentario destapaba una caja de Pandora. Porque en reportajes y tuits sucesivos algunos de los personajes m\u00e1s deplorables que pululan por la C\u00e1mara de Diputados, formando parte del bloque opositor, agregaron a las visitas de Pacchi las de Florencia Pe\u00f1a y \u00darsula Vargues, atribuy\u00e9ndoles un car\u00e1cter de esc\u00e1ndalos sexuales. Una acusaci\u00f3n infundada y miserable, propia de la violenta misoginia con la que Fernando Iglesias y Waldo Wolff suelen exhibirse. Odio y desprecio por las mujeres, mucho m\u00e1s si tienen ideas pol\u00edticas, adhieren al populismo denostado y encima osan disfrutar de su sexualidad. Las reglas de la <em>moral<\/em>, como c\u00f3digo de conducta individual, condenan a estos sujetos. Mucho m\u00e1s los deberes <em>\u00e9ticos<\/em> de cualquier legislador. Pero estos tipos no saben de <em>moral<\/em> ni de <em>\u00e9tica<\/em>. Desparraman su veneno ante empleados de los medios que no se animan a cuestionarlos, no sea cosa que los reten. Hacen uso y abuso de la violencia de g\u00e9nero, verbal en este caso pero violencia sin duda. A esas visitas se refiere Morales Sol\u00e1, que de todas maneras no se atreve a suscribir los dichos de Iglesias y Wolff, sobre los cuales opina que \u201c<em>Los diputados opositores sacaron los reflectores del verdadero centro del conflicto y lo llevaron al territorio inasible de la rumorolog\u00eda. Sus deslices hirieron tambi\u00e9n la sensibilidad de muchas personas y la dignidad de las mujeres. La campa\u00f1a electoral permite muchas cosas, pero debe respetar ciertos l\u00edmites pol\u00edticos y morales<\/em>\u201d. Oiga, Joaqu\u00edn, no son <em>deslices<\/em>, son ataques malintencionados y discriminatorios que deben ser objeto de sanci\u00f3n. Pero como dec\u00eda, a Morales lo que le molesta es que \u201c<em>El problema no es con qui\u00e9n se vio el Presidente, sino por qu\u00e9 lo hizo. El problema, en fin, no son los nombres de las personas que lo visitaron, sino la decepci\u00f3n que el Presidente produce en muchos argentinos que vivieron -y viven- con miedo la pandemia, la enfermedad, la muerte y un violento cambio en sus h\u00e1bitos de vida. El conflicto es del Presidente con la ley y con el necesario respeto que les debe tener a los ciudadanos del pa\u00eds que gobierna en excepcionales condiciones hist\u00f3ricas. El conflicto es de Alberto Fern\u00e1ndez, no de quienes lo visitan<\/em>\u201d. El cronista corre el eje y trata de hacerle creer a la sociedad que estos chicos traviesos cometieron un desliz, pero que el malhechor es el Presidente, que se le ocurre recibir a una actriz que va a pedir que se abran fuentes de trabajo para sus colegas. Petici\u00f3n que hicieron otros, incluido Luis Brandoni, tambi\u00e9n visitante de la quinta presidencial. Atender esos reclamos es parte de la tarea presidencial. Claro que como Alberto no juega al tenis ni al futbol con camaristas y fiscales, ni mira Netflix desde las 19 hs., ni se dedica a domar reposeras en las largas vacaciones que tampoco disfruta, no es un ejemplo a seguir. Ocurre que soplan malos vientos para los amigos de la <em>Tribuna de Doctrina<\/em>. La Comisi\u00f3n de Refugiados (CORE) de la Rep\u00fablica Oriental del Uruguay acaba de dictaminar que el pr\u00f3fugo de los tribunales argentinos, Fabi\u00e1n <em>Pep\u00edn <\/em>Rodr\u00edguez Sim\u00f3n, no es un perseguido pol\u00edtico. La consecuencia l\u00f3gica de ese rechazo deber\u00eda ser la extradici\u00f3n del armador judicial -y apoderado- del ingeniero sin ingenio para que afronte las acusaciones que se acumulan en su contra. \u00bfSer\u00e1 este un motivo m\u00e1s para que el funcionario de la FIFA retrase su vuelta al pa\u00eds? \u00bfTemer\u00e1 el dormil\u00f3n ser \u00e9l tambi\u00e9n un imputado por los tribunales que tantas satisfacciones le dieron, cuando persegu\u00eda a gusto y placer a opositores y espiaba hasta a los propios? Conductas, vale decir, que est\u00e1n re\u00f1idas por completo con la<em> \u00e9tica<\/em> y la <em>moral<\/em>. Volvamos a los mis\u00f3ginos y violentos. Parece que no encuentran muchos defensores, ni siquiera entre sus conmilitones. Solo voces tan desautorizadas como las de Pablo Avelluto, un convencido de la anticultura, o la del negacionista que honra su apellido, Dar\u00edo Lop\u00e9rfido, se alzaron en su defensa. La cabeza de la lista que cobija a Iglesias, antes orgullosamente bonaerense y ahora feliz de haber vuelto a la capital, ha dicho que no comparte esos dichos. Aunque tambi\u00e9n dijo que se sent\u00eda orgullosa de todos los candidatos de su lista, con los que compart\u00eda valores. Una simple operaci\u00f3n de l\u00f3gica llevar\u00eda a la conclusi\u00f3n de que Vidal comparte los valores de Iglesias, que como est\u00e1 m\u00e1s que claro son antit\u00e9ticos con cualquier comportamiento <em>\u00e9tico<\/em> o <em>moral<\/em>. Otra nota de Laura Serra, esta vez del 04\/08\/2021, nos dice que \u201c<em>En Juntos por el Cambio nadie defiende a Fernando Iglesias, pero afirman que el oficialismo sobreact\u00faa para desviar la atenci\u00f3n sobre las visitas a Olivos<\/em>\u201d. Explica la cronista que \u201c<em>Iglesias es un hombre deMauricio Macri y, como tal, ocupa el cuarto lugar en la lista de candidatos a diputados nacionales por la Capital que lidera la exgobernadora bonaerense<\/em><a href=\"https:\/\/www.lanacion.com.ar\/politica\/maria-eugenia-vidal-repudio-los-dichos-de-fernando-iglesias-sobre-las-visitas-a-olivos-durante-el-nid04082021\/\"><em> <\/em><\/a><a href=\"https:\/\/www.lanacion.com.ar\/politica\/maria-eugenia-vidal-repudio-los-dichos-de-fernando-iglesias-sobre-las-visitas-a-olivos-durante-el-nid04082021\/\"><em>Mar\u00eda<\/em><\/a><a href=\"https:\/\/www.lanacion.com.ar\/politica\/maria-eugenia-vidal-repudio-los-dichos-de-fernando-iglesias-sobre-las-visitas-a-olivos-durante-el-nid04082021\/\"><em> <\/em><\/a><a href=\"https:\/\/www.lanacion.com.ar\/politica\/maria-eugenia-vidal-repudio-los-dichos-de-fernando-iglesias-sobre-las-visitas-a-olivos-durante-el-nid04082021\/\"><em>Eugenia<\/em><\/a><a href=\"https:\/\/www.lanacion.com.ar\/politica\/maria-eugenia-vidal-repudio-los-dichos-de-fernando-iglesias-sobre-las-visitas-a-olivos-durante-el-nid04082021\/\"><em> <\/em><\/a><a href=\"https:\/\/www.lanacion.com.ar\/politica\/maria-eugenia-vidal-repudio-los-dichos-de-fernando-iglesias-sobre-las-visitas-a-olivos-durante-el-nid04082021\/\"><em>Vidal.<\/em><\/a><em> En la noche del lunes, cuando estall\u00f3 el esc\u00e1ndalo, un revuelo se desat\u00f3 puertas adentro de Juntos por el Cambio. Nadie ahorr\u00f3 cr\u00edticas hacia el diputado \u2013los primeros en rechazar sus dichos fueron Cristian Ritondoy<\/em><a href=\"https:\/\/www.lanacion.com.ar\/politica\/lo-que-tuiteo-esta-pesimo-silvia-lospennato-apunto-con-dureza-contra-los-dichos-de-fernando-iglesias-nid03082021\/\"><em> <\/em><\/a><a href=\"https:\/\/www.lanacion.com.ar\/politica\/lo-que-tuiteo-esta-pesimo-silvia-lospennato-apunto-con-dureza-contra-los-dichos-de-fernando-iglesias-nid03082021\/\"><em>Silvia<\/em><\/a><a href=\"https:\/\/www.lanacion.com.ar\/politica\/lo-que-tuiteo-esta-pesimo-silvia-lospennato-apunto-con-dureza-contra-los-dichos-de-fernando-iglesias-nid03082021\/\"><em> <\/em><\/a><a href=\"https:\/\/www.lanacion.com.ar\/politica\/lo-que-tuiteo-esta-pesimo-silvia-lospennato-apunto-con-dureza-contra-los-dichos-de-fernando-iglesias-nid03082021\/\"><em>Lospennato,<\/em><\/a><em> las principales autoridades de su bloque- y todos lamentaron de que sus dichos sobre la actriz<\/em><a href=\"https:\/\/www.lanacion.com.ar\/espectaculos\/personajes\/el-furioso-descargo-de-florencia-pena-por-las-criticas-sobre-sus-visitas-a-olivos-yo-no-hice-nada-nid02082021\/\"><em> <\/em><\/a><a href=\"https:\/\/www.lanacion.com.ar\/espectaculos\/personajes\/el-furioso-descargo-de-florencia-pena-por-las-criticas-sobre-sus-visitas-a-olivos-yo-no-hice-nada-nid02082021\/\"><em>Florencia<\/em><\/a><a href=\"https:\/\/www.lanacion.com.ar\/espectaculos\/personajes\/el-furioso-descargo-de-florencia-pena-por-las-criticas-sobre-sus-visitas-a-olivos-yo-no-hice-nada-nid02082021\/\"><em> <\/em><\/a><a href=\"https:\/\/www.lanacion.com.ar\/espectaculos\/personajes\/el-furioso-descargo-de-florencia-pena-por-las-criticas-sobre-sus-visitas-a-olivos-yo-no-hice-nada-nid02082021\/\"><em>Pe\u00f1a<\/em><\/a><a href=\"https:\/\/www.lanacion.com.ar\/espectaculos\/personajes\/el-furioso-descargo-de-florencia-pena-por-las-criticas-sobre-sus-visitas-a-olivos-yo-no-hice-nada-nid02082021\/\"><strong><em> <\/em><\/strong><\/a><em>y su visita a Olivos hayan abierto un flanco en la campa\u00f1a de Vidal.Justo cuando la oposici\u00f3n hab\u00eda encontrado en el esc\u00e1ndalo sobre las visitas a Olivos un ariete para perjudicar al oficialismo<\/em>\u201d. \u00bfDe qu\u00e9 esc\u00e1ndalo habla la cronista? Se suma, de alguna manera, a lo que Morales Sol\u00e1 pretende instalar, que curiosamente es lo mismo que sostienen los dirigentes de la oposici\u00f3n, para los cuales lo de Iglesias es \u201c<em>un exabrupto<\/em>\u201d por el que no debe ser sancionado, pero lo grave es que Fern\u00e1ndez trabaje de Presidente y reciba gente en tal car\u00e1cter. Entrando a otra cuesti\u00f3n, que se reitera en estos d\u00edas, nos enteramos de que en otra entrevista del Canal <strong><em>LA NACI\u00d3N+<\/em><\/strong> Beatriz Sarlo, que alguna vez pareci\u00f3 ser una intelectual, nos avis\u00f3 que las Islas Malvinas son \u201c<em>territorio brit\u00e1nico<\/em>\u201d y que el paisaje isle\u00f1o se asemeja al del \u201c<em>sur de Escocia<\/em>\u201d. No contenta con eso, tambi\u00e9n explic\u00f3 que para el momento de la usurpaci\u00f3n, en 1833, la Argentina no exist\u00eda. Tama\u00f1os desprop\u00f3sitos no deber\u00edan pasar desapercibidos. Porque la reivindicaci\u00f3n de la soberan\u00eda argentina sobre las Islas ocupadas por el Reino Unido forma parte de nuestro contrato social, y se expresa hasta en las disposiciones transitorias de nuestra Constituci\u00f3n. Alguien que posa de pensadora cr\u00edtica deber\u00eda, al menos, tener un poco de respeto. Eso ser\u00eda un comportamiento <em>\u00e9tico<\/em>. \u00bfSer\u00e1 mucho pedir?<\/p>\n","protected":false},"excerpt":{"rendered":"<p>En estos d\u00edas, como si la cercan\u00eda de las Primarias Abiertas Simult\u00e1neas y Obligatorias perturbara&#8230;<\/p>\n","protected":false},"author":1,"featured_media":0,"comment_status":"open","ping_status":"open","sticky":false,"template":"","format":"standard","meta":{"footnotes":""},"categories":[17],"tags":[],"class_list":["post-419","post","type-post","status-publish","format-standard","hentry","category-contra-mitre"],"_links":{"self":[{"href":"https:\/\/luisalen.com\/index.php?rest_route=\/wp\/v2\/posts\/419","targetHints":{"allow":["GET"]}}],"collection":[{"href":"https:\/\/luisalen.com\/index.php?rest_route=\/wp\/v2\/posts"}],"about":[{"href":"https:\/\/luisalen.com\/index.php?rest_route=\/wp\/v2\/types\/post"}],"author":[{"embeddable":true,"href":"https:\/\/luisalen.com\/index.php?rest_route=\/wp\/v2\/users\/1"}],"replies":[{"embeddable":true,"href":"https:\/\/luisalen.com\/index.php?rest_route=%2Fwp%2Fv2%2Fcomments&post=419"}],"version-history":[{"count":1,"href":"https:\/\/luisalen.com\/index.php?rest_route=\/wp\/v2\/posts\/419\/revisions"}],"predecessor-version":[{"id":420,"href":"https:\/\/luisalen.com\/index.php?rest_route=\/wp\/v2\/posts\/419\/revisions\/420"}],"wp:attachment":[{"href":"https:\/\/luisalen.com\/index.php?rest_route=%2Fwp%2Fv2%2Fmedia&parent=419"}],"wp:term":[{"taxonomy":"category","embeddable":true,"href":"https:\/\/luisalen.com\/index.php?rest_route=%2Fwp%2Fv2%2Fcategories&post=419"},{"taxonomy":"post_tag","embeddable":true,"href":"https:\/\/luisalen.com\/index.php?rest_route=%2Fwp%2Fv2%2Ftags&post=419"}],"curies":[{"name":"wp","href":"https:\/\/api.w.org\/{rel}","templated":true}]}}