{"id":421,"date":"2021-08-11T21:55:00","date_gmt":"2021-08-11T21:55:00","guid":{"rendered":"https:\/\/luisalen.com\/?p=421"},"modified":"2023-02-07T21:22:01","modified_gmt":"2023-02-07T21:22:01","slug":"las-neuronas-extraviadas","status":"publish","type":"post","link":"https:\/\/luisalen.com\/?p=421","title":{"rendered":"Las neuronas extraviadas"},"content":{"rendered":"\n<p>La proximidad de las elecciones, y la sospecha de que el gobierno puede salir airoso de las mismas, parecen causar efecto en nuestra derecha retr\u00f3grada y por consiguiente, en los medios de comunicaci\u00f3n que son sus voceros hist\u00f3ricos. Si bien en estos tiempos sus argumentos no son un modelo de claridad intelectual, pareciera que la posibilidad de que el Frente de Todos alcance la mayor\u00eda en el Congreso ocasiona un extrav\u00edo neuronal que hace perder el rumbo a los escribas de <strong><em>LA NACI\u00d3N<\/em><\/strong> (y sus primos del clarinete mentiroso, aunque no sea objeto de estas columnas). El 07\/08\/2021 Jorge Fern\u00e1ndez D\u00edaz, el novelero oficial de estos medios, llama a \u201c<em>Una rebeli\u00f3n contra el macartismo intelectual<\/em>\u201d. No es que se arrepienta de las persecuciones contra el populismo y la izquierda a las que suele llamar de modo m\u00e1s o menos expl\u00edcito, y que haya decidido hacer un mea culpa p\u00fablico. Nada de eso. El follet\u00edn semanal es para hacer la apolog\u00eda de Sandra Pitta, justamente alguien que es una contradicci\u00f3n ambulante pero que tiene una sola cosa clara: su desprecio por todo lo que se parezca al kirchnerismo. Seguramente eso es lo que atrajo al novelero, que hace enormes esfuerzos por tener alguna idea, esfuerzos sin mucho resultado. Sandra Pitta se hizo famosa por haberse enfurecido cuando un numeroso grupo de cient\u00edficos del CONICET firm\u00f3 una solicitada a favor de las candidaturas de Alberto Fern\u00e1ndez y Cristina Fern\u00e1ndez de Kirchner. Esa furia la llev\u00f3 a firmar otra solicitada en apoyo a las candidaturas de Cambiemos. Hasta ah\u00ed, nada relevante. Pero Pitta dijo que se sent\u00eda atemorizada y que cre\u00eda que por haber firmado la solicitada la echar\u00edan del CONICET. Alberto Fern\u00e1ndez se refiri\u00f3 al tema y le dijo que no tuviera miedo. La reacci\u00f3n de la farmac\u00e9utica y biotecn\u00f3loga fue <em>sentirse escrachada<\/em>. Curiosa reacci\u00f3n, inmediatamente multiplicada por los medios de la derecha que comenzaron a transformarla en un \u00edcono, la cient\u00edfica que estaba contra el populismo. Tan pocos cient\u00edficos tienen que la recibieron como a una profetisa. Y pag\u00f3 esa adhesi\u00f3n con creces: en diciembre de 2020, por dar un ejemplo, justo antes de fin de a\u00f1o se pase\u00f3 por todos los programas de <strong><em>LA NACI\u00d3N +<\/em><\/strong>, el canal de televisi\u00f3n del mitrismo, y dispar\u00f3 rayos y centellas contra el gobierno, por haber contratado la vacuna Sputnik V. Sus motivos fueron los mismos de los pol\u00edticos opositores, disfrazados de visitadores m\u00e9dicos junto a los empleados de los medios, todos clamando <em>traigan la Pfizer<\/em>. No importaba el prestigio del Instituto Gamaleya ni la aprobaci\u00f3n de la ANMAT, para Pitta si la vacuna era rusa hab\u00eda sido adoptada por razones ideol\u00f3gicas. Exacta manera de practicar el macartismo, descalificar al adversario por pensar distinto. Absurda manera, porque en una muestra de la ignorancia supina que caracteriza a nuestros derechosos paleol\u00edticos siguen creyendo que la Federaci\u00f3n Rusa es la Uni\u00f3n Sovi\u00e9tica y que Putin y los suyos forman parte de la <em>nomenklatura bolchevique<\/em>. Aunque hayan pasado m\u00e1s de treinta a\u00f1os desde la ca\u00edda del muro de Berl\u00edn. Pero Pitta le sirve al novelero para escupir sus propias dosis de macartismo: \u201c<em>El kirchnerismo, como una fuerza de ocupaci\u00f3n, se ha propuesto desde hace casi veinte a\u00f1os copar segmentos cruciales de la ense\u00f1anza superior, con intenci\u00f3n de adoctrinamiento y de crear verdaderas usinas intelectuales de la pol\u00edtica oficial. Dominan las c\u00e1tedras, manejan los<\/em> <em>fondos, direccionan los programas y los premios, y llevan la voz cantante en las reuniones y los chats de camaradas; ejercen patrullaje ideol\u00f3gico permanente y propenden a los comisariatos pol\u00edticos y a la adscripci\u00f3n entusiasta, o al menos a la mansedumbre silente de quienes no est\u00e1n convencidos. Este estalinismo de claustro reduce a la nada la discusi\u00f3n abierta y los debates de ideas: si alguien saca los pies del plato, es reprendido y acorralado; lo postergan, lo castigan, lo a\u00edslan, lo borran. Lo cancelan. Al amigo todo, al enemigo ni justicia<\/em>\u201d. Neuronas extraviadas. El kirchnerismo ataca desde antes de existir, parece. \u00bfFuerza de ocupaci\u00f3n? \u00bfC\u00f3mo llamar as\u00ed a una fuerza pol\u00edtica que siempre se someti\u00f3 a la expresi\u00f3n de la voluntad popular, ganara o perdiera las elecciones? Deber\u00eda enterarse el escriba del grupo Mitre-Saguier que el kircherismo, en toda su historia, nunca tuvo el control de la Universidad de Buenos Aires. Los fondos de la misma estuvieron, casi siempre, en manos de adherentes a las versiones marchitas de la Uni\u00f3n C\u00edvica Radical, hoy aliada de la peor derecha. Han sido los representantes de esa derecha los que hist\u00f3ricamente expulsaron de las c\u00e1tedras a los que pensaban distinto. Recuerden lo que pas\u00f3 en la noche de los bastones largos, cuando Ongan\u00eda se apoltronaba en la Rosada y promet\u00eda treinta a\u00f1os de dictadura. O cu\u00e1ntos cient\u00edficos y catedr\u00e1ticos fueron v\u00edctima de la \u00faltima dictadura genocida. O m\u00e1s cerca en el tiempo, cuando Domingo Felipe Cavallo mandaba a los cient\u00edficos a lavar los platos. Terminemos con el novelero, que cierra su columna so\u00f1ando con una rebeli\u00f3n, que en los usos de la derecha, se traduce en un golpe de estado como el que apoyaron en Bolivia hace menos de dos a\u00f1os. Dice Fern\u00e1ndez D\u00edaz: \u201c<em>El prop\u00f3sito consiste en construir castas de intelectuales al servicio de un sistema de poder, que los remunera por los servicios prestados y los requiere de vez en cuando como escudos humanos, como coartada para pol\u00edticas indefendibles y como propaladora de ocurrencias y supercher\u00edas. El fen\u00f3meno se reproduce en el mundo del espect\u00e1culo y de la cultura, en la sociolog\u00eda y en tantas otras zonas, y pocas facultades de excelencia est\u00e1n a salvo de estos macartismos impunes, que comienzan a ser enfrentados por los esp\u00edritus libres. Porque el statu quo, con sus prepotencias y desvar\u00edos, est\u00e1 generando una rebeli\u00f3n clandestina y vigorosa<\/em>\u201d. El tipo escribe tan mal, o su subconsciente lo traiciona, que termina diciendo algo parecido a una verdad. Que es el statu quo el que opera con prepotencias y desvar\u00edos. Alguien le podr\u00eda explicar que ese statu quo, al que tal vez sue\u00f1a con pertenecer, es el culpable de los males de este pa\u00eds, y lo conforman los mismos que lo emplean para que diga sus tristes palabras. Vamos a Jorge Liotti y su columna sobre la obsesi\u00f3n principal de los escribas de la <em>Tribuna de Doctrina<\/em>. El 08\/08\/2021 habla de \u201c<em>Las dos obsesiones de Cristina Kirchner<\/em>\u201d y cuenta que \u201c<em>La dama de hierro que aparece en p\u00fablico muchas veces exhibe una enorme elasticidad en reserva, s\u00edntoma indudable de su pragmatismo feroz<\/em>\u201d. Ojo, Liotti, que tus empleadores no se cansan de repetir que Cristina es portadora de una ideolog\u00eda autoritaria y nada el\u00e1stica. Sigue Liotti: \u201c<em>Alberto Fern\u00e1ndez se muestra m\u00e1s c\u00f3modo con este escenario que con la kirchnerizaci\u00f3n forzada que mostr\u00f3 durante largos meses. Se siente revigorizado despu\u00e9s de una tremenda discusi\u00f3n con Cristina el martes previo al cierre de listas, en donde logr\u00f3 resistir la ofensiva sobre su jefe de Gabinete y cuyas secuelas contin\u00faan hasta hoy con una fuerte tensi\u00f3n entre ellos<\/em>\u201d. Uno se pregunta en qu\u00e9 rinc\u00f3n estaba oculto Liotti cuando esa presunta discusi\u00f3n se produc\u00eda. Porque como es costumbre, no hay ni una m\u00ednima prueba que avale lo que dice. Es as\u00ed porque lo dice <strong><em>LA NACI\u00d3N<\/em><\/strong> y basta. Otra frase que choca con lo que el pasqu\u00edn de don Bartolo viene sosteniendo hace a\u00f1os, es la que cuenta que \u201c<em>A partir de evaluar esta situaci\u00f3n de<\/em> <em>extrema fragilidad social, Cristina envi\u00f3 emisarios a establecer contactos preliminares con algunos de los principales referentes opositores, incluido el entorno de Horacio Rodr\u00edguez Larreta y jefes legislativos, para avisar que despu\u00e9s de las elecciones ambos sectores deber\u00edan dialogar sobre cuestiones troncales. Esa tarea de interlocuci\u00f3n recay\u00f3 en el Congreso en M\u00e1ximo Kirchner y Sergio Massa, quienes en la intimidad compartieron la intranquilidad por el clima social. El otro emisario fue Wado de Pedro, el silencioso canciller de las decisiones que importan<\/em>\u201d. \u00bfCristina dialoguista? Es casi como reconocer que <strong><em>LA NACI\u00d3N<\/em><\/strong> minti\u00f3 todo este tiempo, en el que la acus\u00f3 de dictadora, totalitaria y disparates por el estilo. Cuenta el escriba sobre el escenario electoral que \u201c<em>En la provincia de Buenos Aires 16 de los primeros 20 lugares son kirchneristas con PCR. \u2018Hace dos a\u00f1os hicimos una lista para ganar; ahora una lista para conservar\u2019, se\u00f1ala un funcionario de segunda l\u00ednea. La vicepresidenta quiere blindar la posibilidad de fugas si el escenario pol\u00edtico se torna adverso<\/em>\u201d. De la Vicepresidenta dialoguista a la portadora de una voluntad omn\u00edmoda que se impone sobre todos. Eso, en unas pocas l\u00edneas. Para peor, Liotti se la agarra con la oposici\u00f3n y dice: \u201c<em>En JxC el proceso fue inverso. Hace dos a\u00f1os exhibi\u00f3 n\u00f3minas sin sorpresas, pero ahora se vio forzado a un ejercicio de ampliaci\u00f3n, para abarcar desde Margarita Stolbizer hasta Ricardo L\u00f3pez Murphy. Fue la aplicaci\u00f3n de la doctrina Larreta: la prioridad es que est\u00e9n todos adentro, aunque se maten<\/em>\u201d. No tan malo para la oposici\u00f3n, parece. Pero la cosa sigue. \u201c<em>Jorge Macri refunfu\u00f1a su bronca en privado mientras Patricia Bullrich no oculta su incomodidad con el desembarco de Vidal en la ciudad. Esta semana ir\u00e1 a presentar su libro a Jujuy, en compa\u00f1\u00eda de Morales. Por si Larreta la quiere ver en la televisi\u00f3n<\/em>\u201d. Y m\u00e1s malo todav\u00eda es el cierre: \u201c<em>Un reciente trabajo de D\u2019Alessio\/Berensztein lo refleja en n\u00fameros: en el \u00faltimo mes baj\u00f3 la imagen de Larreta, Vidal, Santilli, Carri\u00f3 y Manes. Hoy la grieta m\u00e1s ancha est\u00e1 entre la dirigencia y la sociedad<\/em>\u201d. Un ataque de sinceridad, parece. Para volver a la normalidad de la <em>Tribuna de Doctrina<\/em>, llega Joaqu\u00edn Morales Sol\u00e1, el 08\/08\/2021. Su nota se titula \u201c<em>A la b\u00fasqueda de la clase media enojada<\/em>\u201d. El cronista del genocida Operativo Independencia arranca diciendo que \u201c<em>Alberto Fern\u00e1ndez est\u00e1 ya en modo electoral. A la clase media baja y la baja les ofrece las compras en cuotas con el Ahora 12 (o el Ahora 30 para algunos productos). A la clase media la beneficia tambi\u00e9n con esos planes de compras y, adem\u00e1s, intenta seducirla con un acercamiento al gobierno de los Estados Unidos, lejos de sus aliados de los \u00faltimos tiempos: Nicaragua, Venezuela y Cuba<\/em>\u201d. \u00bfDe d\u00f3nde saca don Joaqu\u00edn que un acercamiento a los Estados Unidos incidir\u00eda favorablemente en el electorado del Frente de Todos? Sin contar que nunca los cronistas del neomitrismo pudieron dar alg\u00fan dato concreto sobre el acercamiento de marras (o el alejamiento previo, ya que estamos). Eso s\u00ed, nunca hay que privarse de mencionar a Nicaragua, Venezuela y Cuba. No olvidar que es una nota de <strong><em>LA NACI\u00d3N<\/em><\/strong>. Ahora hay que ocuparse de la Reina Mal\u00e9fica, as\u00ed que Morales sostiene que \u201c<em>Cristina Kirchner se ocult\u00f3 detr\u00e1s de las cortinas. No est\u00e1 en el escenario. Ella misma sabe que su figura es irritativa para grandes sectores de la clase media<\/em>\u201d. Se ve que los escribas del pasqu\u00edn no se leen entre ellos. Se contradice Morales con la nota de Liotti que ya comentamos. \u201c<em>El objetivo fundamental del Gobierno es la seducci\u00f3n de una parte de la clase media. N\u00e9stor Kirchner sol\u00eda decir que el peronismo necesita de una porci\u00f3n de ese sector social para ganar las elecciones. \u00c9l aspiraba a conquistarla definitivamente; su esposa prefiere ser la lideresa de una facci\u00f3n ideol\u00f3gica. Un alumno de Kirchner, Alberto Fern\u00e1ndez, sigue las ense\u00f1anzas del maestro. El enfrentamiento con Estados<\/em> <em>Unidos y la alianza con las tiran\u00edas latinoamericanas espantan a los sectores medios<\/em>\u201d. Otra contradicci\u00f3n con Liotti. Cristina lideresa de una facci\u00f3n ideol\u00f3gica. A ver, cualquiera que entienda un poco de pol\u00edtica sabe que los dirigentes son l\u00edderes de quienes tienen su misma manera de ver el mundo, que eso es la ideolog\u00eda. No van a capitanear las tropas enemigas. Lo que ocurre es que es la ideolog\u00eda de Cristina la que disgusta a Morales Sol\u00e1. Todo aquel que piense que corresponde ampliar el universo de derechos del pueblo, distribuir equitativamente las riquezas, y poner al Estado al servicio de la sociedad, es portador de una ideolog\u00eda contraria a lo que han sostenido, desde la fundaci\u00f3n por Bartolom\u00e9 Mitre en adelante, la derecha argentina y su <em>Tribuna de Doctrina<\/em>. \u00bfQu\u00e9 puede tener de malo ser portador de una ideolog\u00eda? En realidad, de un modo u otro todos lo somos, porque todos tenemos una opini\u00f3n forjada en la visi\u00f3n del mundo que portamos. Hasta Morales Sol\u00e1 tiene su propia ideolog\u00eda, conservadora y refractaria a toda mejora de las condiciones de vida de las mayor\u00edas, por lo que expresa en sus notas. Lo que cabe discutir no es si alguien tiene o no ideolog\u00eda sino lo que esa ideolog\u00eda significa en la vida de un pa\u00eds. Ese debate que la derecha reh\u00faye, porque tendr\u00eda que hablar de los desastres que caus\u00f3 en los a\u00f1os que gobern\u00f3 al pa\u00eds. Siempre fiel a los intereses del pa\u00eds que mejor expresa su manera de pensar, Morales Sol\u00e1 advierte que \u201c<em>El gobierno de Biden tiene una pol\u00edtica exterior dura cuando promueve la vigencia de los derechos humanos, de las libertades p\u00fablicas y privadas y del sistema democr\u00e1tico. Sullivan se lo explic\u00f3 sin eufemismos al presidente argentino<\/em>\u201d. Caramba. \u00bfLa reanudaci\u00f3n de los bombardeos a Siria es la manera de promover la vigencia de los derechos humanos para Biden? \u00bfY a Morales Sol\u00e1 le parece bien ese modo de actuar? Pero es peor a\u00fan la visi\u00f3n del columnista sobre los asuntos internos del pa\u00eds. Porque muy suelto de cuerpo dice que \u201c<em>La corrupci\u00f3n impune es otro tema que escandaliza a la clase media. No hay cambios sobre eso, salvo el de ordenarle al impol\u00edtico ministro de Justicia, Mart\u00edn Soria, que tambi\u00e9n se escabullera detr\u00e1s del escenario. Arrogancia y bravuconadas son actitudes que los sectores medios aborrecen. Soria comete las dos cosas. Desde que muri\u00f3 el juez Claudio Bonadio, hace un a\u00f1o y medio, no hubo ning\u00fan otro juez con su decisi\u00f3n y dedicaci\u00f3n para investigar hechos de corrupci\u00f3n<\/em>\u201d. \u00bfSoria es arrogante y bravuc\u00f3n y Bonad\u00edo era un juez decidido y dedicado? Dig\u00e1moslo sin eufemismos. No hubo en la historia del Poder Judicial, que no es precisamente una historia de santos ni de vidas ejemplares, juez m\u00e1s corrupto ni menos amigo del derecho que Claudio Bonad\u00edo, capaz de inventar teor\u00edas absurdas como la del <em>derecho creativo<\/em>, que en la pr\u00e1ctica significaba que no le importaban las leyes ni las garant\u00edas si se trataba de perseguir al odiado kirchnerismo. Un tipo tan peleado con el ideal de justicia que pod\u00eda encarcelar personas diciendo que las cosas fueron <em>m\u00e1s o menos as\u00ed.<\/em> Cuando se trata de administrar justicia, las cosas son o no son, no se trata de que al juez le parezcan m\u00e1s o menos as\u00ed o as\u00e1. Ese personaje, cuyo accionar caus\u00f3 tanto da\u00f1o, es un juez ejemplar para Morales Sol\u00e1. Si ese es el ejemplo a seguir para el escriba, poco se puede a\u00f1adir.&nbsp; En un seminario sobre <em>seguridad hemisf\u00e9rica<\/em>, organizado por las fundaciones <em>Taeda<\/em>, del ex montonero y actual vendedor de armas Mario Montoto, amigo de Patricia Bullrich y su pareja Guillermo Yanco, y <em>Finint<\/em>, de Juan F\u00e9lix Marteau, ex&nbsp; encargado de la oficina de Combate contra el Lavado de Dinero del Ministerio de Justicia durante el macrismo, y mencionado en los <em>Wikileaks<\/em> como informante de la Embajada de Estados Unidos (cable 1257 del a\u00f1o 2009), dec\u00eda Bonad\u00edo: &#8220;<em>Cuando yo digo &#8216;derecho procesal creativo&#8217; son instituciones que no son t\u00e9cnicamente cosas del Derecho Procesal Penal<\/em> <em>pero que est\u00e1n en el derecho positivo argentino. Di el ejemplo de la aplicaci\u00f3n de la intervenci\u00f3n de una sociedad an\u00f3nima de particulares. Fui el primero en hacerlo pero, bueno, era la \u00fanica herramienta que encontr\u00e9 en el C\u00f3digo Procesal Civil y Comercial. Esto se aplica mucho ah\u00ed pero no en los jueces penales. Sin embargo, despu\u00e9s, mi colega Ercolini ha hecho una cosa parecida en la causa Hotesur<\/em>\u201d. Cosas que no integran el orden jur\u00eddico pero que el juez pistolero las aplicaba igual, seguido por el juez que cerr\u00f3 la causa sobre Papel Prensa sin llamar a declarar a los imputados ni prestar la m\u00e1s m\u00ednima atenci\u00f3n al c\u00famulo de pruebas sobre la apropiaci\u00f3n ilegal de la empresa por parte de la sociedad integrada por <strong><em>LA NACI\u00d3N<\/em><\/strong> y Clar\u00edn. Morales Sol\u00e1 agrega: \u201c<em>La causa de los cuadernos, la m\u00e1s expl\u00edcita, probada y testimoniada sobre la corrupci\u00f3n en la anterior era kirchnerista, aguarda desde noviembre de 2019 que el tribunal oral fije la fecha del comienzo del juicio. Es una de las \u00faltimas cosas que hizo Bonadio: concluir la investigaci\u00f3n y enviar la causa a juicio oral y p\u00fablico<\/em>\u201d. La causa de las fotocopias de cuadernos que aparec\u00edan y desaparec\u00edan seg\u00fan los intereses del gobierno de Cambiemos, es tal vez la demostraci\u00f3n m\u00e1s acabada de la utilizaci\u00f3n de los tribunales para perseguir y encarcelar opositores, y de la complicidad de los medios de comunicaci\u00f3n con esa tarea, en la que Bonad\u00edo fue acompa\u00f1ado entusiastamente por un fiscal que hablaba de la <em>sortija<\/em> que permit\u00eda la libertad de los imputados, que no era otra cosa que arrepentirse y echarle la culpa a Cristina Fern\u00e1ndez de Kirchner. Bonad\u00edo llamaba <em>trabajo sucio <\/em>a las indagatorias, efectuadas en su mayor\u00eda sin cumplir con el recaudo de dejar registro audiovisual de las mismas, tal vez porque sab\u00eda que esas indagatorias nada ten\u00edan que ver con la idea de dar al imputado una oportunidad de defenderse, como lo establecen los principios m\u00e1s elementales del derecho procesal y de las garant\u00edas del debido proceso. Morales concluye atacando a Alberto Fern\u00e1ndez, expresando que \u201c<a href=\"https:\/\/www.lanacion.com.ar\/editoriales\/jueces-temporales-nueva-embestida-contra-la-justicia-nid05082021\/\"><em>En d\u00edas recientes, el Presidente asegur\u00f3 p\u00fablicamente que los jueces deber\u00edan estar solo un tiempo en sus cargos. <\/em><\/a><em>Meti\u00f3 m\u00e1s miedo. El jefe del Estado se olvid\u00f3 del precepto constitucional que protege la estabilidad de los jueces. El viejo profesor de Derecho suele olvidarse con demasiada frecuencia de muchos p\u00e1rrafos de la Constituci\u00f3n. \u00bfSe olvida o hace que se olvida? Conoce el miedo que provoca. La Asociaci\u00f3n de Magistrados no pudo emitir una dura declaraci\u00f3n contra esa manifestaci\u00f3n del Presidente. Las distintas l\u00edneas internas de la agrupaci\u00f3n solo permitieron un documento liviano, insignificante. El miedo es el sentimiento que m\u00e1s detesta la enojada clase media<\/em>\u201d. \u00bfQu\u00e9 precepto constitucional proh\u00edbe pensar que la duraci\u00f3n de los jueces en sus cargos deber\u00eda ser acortada? \u00bfNo prev\u00e9 la misma Constituci\u00f3n la posibilidad de su reforma? \u00bfY por qu\u00e9 les deber\u00eda dar miedo a los jueces que alguien piense en un modo distinto de ejercer la judicatura? Los profesores universitarios, para ser titulares de c\u00e1tedra, deben presentarse a concursos de oposici\u00f3n y antecedentes. Si los ganan, duran una determinada cantidad de a\u00f1os en el cargo. Pueden presentarse a renovarlo, y si se acredita que cumplieron bien su cometido se perfeccionaron en sus conocimientos y llevaron adelante una producci\u00f3n acad\u00e9mica, es muy probable que contin\u00faen al frente de su c\u00e1tedra. \u00bfQu\u00e9 motivo podr\u00eda impedir que un sistema similar se implementara respecto de los jueces? Seamos claros. El que busca meter miedo es Morales, aunque para hacerlo sus neuronas agarren rumbos diferentes a los de la realidad, e incluso a los de sus colegas. El otro expositor de las ideas de los seguidores de don Bartolo es Carlos Pagni,&nbsp; que el 10\/08\/2021 dice que \u201c<em>Jorge Taiana pasa al gabinete de un gobierno fisurado<\/em>\u201d. Comienza por hacer sus an\u00e1lisis sobre la<\/p>\n\n\n\n<p>designaci\u00f3n de Juan Zabaleta como Ministro de Acci\u00f3n Social, y dice que \u201c<em>El desplazamiento de Zabaleta de Hurlingham al Ministerio de Acci\u00f3n Social libera la municipalidad de Hurlingham. Ahora va a estar Dami\u00e1n Selci, de La C\u00e1mpora. Es una posici\u00f3n importante en la primera secci\u00f3n electoral, donde ellos ya tienen Mercedes, y ahora conquistan este nuevo lugar en el coraz\u00f3n del kirchnerismo que es el conurbano<\/em>\u201d. La C\u00e1mpora es otro de los monstruos favoritos de la <em>Tribuna de Doctrina<\/em>. Despu\u00e9s pasa a hablar de Jorge Taiana, y se pregunta (y se responde) \u201c<em>Qu\u00e9 significa la designaci\u00f3n de Jorge Taiana?<\/em><a href=\"https:\/\/www.lanacion.com.ar\/politica\/jorge-taiana-el-funcionario-del-tercer-peron-que-regreso-al-circulo-mas-fuerte-del-kirchnerismo-nid10082021\/\"><em> Es la designaci\u00f3n en el Ministerio de Defensa de alguien del ri\u00f1\u00f3n de<\/em><\/a> <a href=\"https:\/\/www.lanacion.com.ar\/politica\/jorge-taiana-el-funcionario-del-tercer-peron-que-regreso-al-circulo-mas-fuerte-del-kirchnerismo-nid10082021\/\"><em>Cristina. <\/em><\/a><em>\u00bfCu\u00e1l es el m\u00e9rito de Taiana? Es haberse ido con Cristina cuando Florencio Randazzo levant\u00f3 su candidatura contra Cristina en 2017<\/em>\u201d. Hay innumerables motivos que justifican la designaci\u00f3n de Taiana, un hombre de una vasta trayectoria, que incluye su paso por la docencia universitaria, como embajador en Guatemala, como Secretario Ejecutivo de la Comisi\u00f3n Interamericana de Derechos Humanos de la<a href=\"https:\/\/es.wikipedia.org\/wiki\/OEA\"> OEA,<\/a> como Secretario de Derechos Humanos de la Provincia de Buenos Aires, como Canciller de la Naci\u00f3n y como Senador, cargo que estaba ocupando actualmente. Lo que le molesta a Pagni, a <strong><em>LA NACI\u00d3N<\/em><\/strong> y a la derecha en general, es su pasado militante, por el que estuvo cinco a\u00f1os preso. Un personaje nefasto como Fernando Iglesias publica un tuit presuntamente ir\u00f3nico: \u201c<em>Noticia bomba<\/em>\u201d, sum\u00e1ndose a la del escritor de libros que revisan, hacia la derecha y con escaso rigor hist\u00f3rico, la d\u00e9cada de 1970, Ceferino Reato, que tuitea \u201c<em>Jorge Taiana. De oficial montonero a ministro de Defensa. Los 70 al mango\u201d. <\/em>Eso s\u00ed, los macartistas son los kirchneristas. Pagni no se queda atr\u00e1s, y dice sobre el nuevo Ministro de Defensa que \u201c<em>Me gustar\u00eda centrarme en qu\u00e9 plantea<\/em><a href=\"https:\/\/www.lanacion.com.ar\/politica\/jorge-taiana-el-funcionario-del-tercer-peron-que-regreso-al-circulo-mas-fuerte-del-kirchnerismo-nid10082021\/\"><em> la figura de Taiana ah\u00ed. <\/em><\/a><em>Primero plantea una inc\u00f3gnita para los militares retirados, con quienes genera un clima enrarecido, porque Taiana es visto como Montonero. Lo pueden ver como ve\u00edan a Nilda Garr\u00e9. Los militares en actividad, los jefes de la Fuerzas Armadas, prefieren verlo de otra manera diciendo: \u2018Nos ponen a alguien de gran jerarqu\u00eda, peronista de paladar negro, hombre de Cristina, nos est\u00e1n dedicando a alguien de primer nivel\u2019<\/em>\u201d. Pero a no creer que Pagni hace comentarios inocentes. Si habla de Taiana como Montonero es para comenzar los ataques contra el Ministro de Defensa. Porque a continuaci\u00f3n dispara: \u201c<em>El 5 de octubre pr\u00f3ximo es el aniversario de un episodio sangriento muy importante de la historia Argentina, que fue el bautismo de guerra de los Montoneros como ej\u00e9rcito, tomando un regimiento en Formosa. Ah\u00ed murieron siete conscriptos y nueve montoneros. La pregunta que se hacen muchos militares es qu\u00e9 va a decir Taiana cuando se conmemore el aniversario del 5 octubre. \u00bfA qui\u00e9n va homenajear de los dos bandos? Los militares m\u00e1s duros lo toman como un test para ver qu\u00e9 mensaje cobija esa designaci\u00f3n<\/em>\u201d. Las neuronas de Pagni siguen siempre el mismo camino, aunque no lo parezca. Porque luego de citar las presiones del futuro embajador de los Estados Unidos, Jake Sullivan, para que el gobierno no negocie con Rusia o China, dice que: \u201c<em>De eso est\u00e1 hablando el Gobierno con las potencias. De temas de Defensa. Bueno, Taiana est\u00e1 en esa discusi\u00f3n y es una inc\u00f3gnita. \u00bfVa a responder a las ideas de pol\u00edtica exterior de Cristina o va a responder a las de Alberto?<\/em>\u201d. Pasa a discurrir sobre el malestar, cierto o presunto, que existir\u00eda con Agust\u00edn Rossi a ra\u00edz de su postulaci\u00f3n en la interna santafesina, y concluye suponiendo que \u201c<em>El clima es de una tensi\u00f3n muy grande y, en ese contexto, la designaci\u00f3n de Jorge Taiana al frente de Defensa es muy importante. Cristina lo debe tomar como un reconocimiento y le debe gustar que Rossi sea reemplazado por alguien parecido y que pertenece al mismo \u201cpalo\u201d o l\u00ednea pol\u00edtica<\/em> <em>que \u00e9l. Sin embargo, no s\u00e9 si la vicepresidenta llega a suturar todas las diferencias que hay con un Alberto Fern\u00e1ndez que se corta solo en muchos temas<\/em>\u201d. Jugada a muchas bandas. Taiana montonero, Rossi contra Cristina, Cristina contra Alberto. Creamos en todo lo que hable de malestar y desencuentros en el gobierno y el Frente de Todos, aunque no haya m\u00e1s pruebas que las palabras de Pagni. Que, honestamente, tienen tanto valor como un billete de tres pesos. El siguiente cap\u00edtulo es contra la declaraci\u00f3n de Internet como servicio p\u00fablico, proclamada por Alberto Fern\u00e1ndez. Otra vez se pregunta el escriba: \u201c<em>La pregunta que se hacen, entonces, los que est\u00e1n al frente de la campa\u00f1a electoral es \u00bfhab\u00eda necesidad de irritar, en este momento, a Clar\u00edn, Telef\u00f3nica, Claro, Telecentro y al resto de empresas que manejan medios de comunicaci\u00f3n, record\u00e1ndoles que son el enemigo del pueblo y que le roban a la gente como dijo Fern\u00e1ndez- con las tarifas?\u201d<\/em>. La respuesta es muy f\u00e1cil. El primo mentiroso de <strong><em>LA NACI\u00d3N<\/em><\/strong>, el grupo econ\u00f3mico que encabeza <em>Clar\u00edn<\/em>, est\u00e1 enojado desde siempre con este gobierno, como lo estuvo siempre con aquellos gobiernos que no cumplieron sus \u00f3rdenes, que Magnetto no pide sino ordena. As\u00ed que no hab\u00eda que esperar de parte del pasqu\u00edn fundado por Noble otra cosa que irritaciones y ataques. Para qu\u00e9 servir\u00eda, entonces, abandonar un proyecto que es claramente a favor de las mayor\u00edas. Lo que sigue es un derrotero cl\u00e1sico de las notas de Pagni. Decir que todo est\u00e1 mal entre Alberto, Cristina, Mart\u00edn Guzm\u00e1n, M\u00e1ximo Kirchner y otros integrantes del Frente de Todos. Cualquier cosa que sirva para esmerilar al enemigo populista e impedir que triunfe en los comicios con una amplitud suficiente como para lograr la mayor\u00eda en las dos c\u00e1maras del Congreso. Al final, Pagni se las toma contra todos los pol\u00edticos, y dice que \u201c<em>En medio de todos estos tironeos, hay una sociedad sometida al encierro desde hace un a\u00f1o y medio, en condiciones excepcionales de vida y con una cotidianidad trastornada: con chicos que no pod\u00edan ir a la escuela, adolescentes que todav\u00eda no conocen su facultad y personas que a\u00fan no conocen a sus compa\u00f1eros de trabajo<\/em>\u201d. Claro que uno debe recordar, en este punto, que lo que ocasiona todo eso es la pandemia provocada por el COVID 19 y no por los pol\u00edticos. Pero terminemos con una noticia diferente, que es muy probable que moleste a <strong><em>LA NACI\u00d3N<\/em><\/strong> pero m\u00e1s a Clar\u00edn. Porque el abogado del clarinete que ocupa la presidencia de la Corte Suprema de Justicia ha sido citado a explicar sus llamadas con los integrantes de la mesa judicial del dormil\u00f3n fan\u00e1tico de Netflix, que ha regresado al pa\u00eds aunque nadie, y mucho menos los candidatos de su espacio, quiera enterarse de que anda por ac\u00e1. \u00bfPodr\u00e1 explicar algo Rosenkrantz, sin comprometer a los imputados en la causa? Tal vez alegue que sus neuronas tambi\u00e9n est\u00e1n extraviadas y no le permiten recordar nada.<\/p>\n\n\n\n<p><\/p>\n\n\n\n<p><\/p>\n","protected":false},"excerpt":{"rendered":"<p>La proximidad de las elecciones, y la sospecha de que el gobierno puede salir airoso&#8230;<\/p>\n","protected":false},"author":1,"featured_media":0,"comment_status":"open","ping_status":"open","sticky":false,"template":"","format":"standard","meta":{"footnotes":""},"categories":[17],"tags":[],"class_list":["post-421","post","type-post","status-publish","format-standard","hentry","category-contra-mitre"],"_links":{"self":[{"href":"https:\/\/luisalen.com\/index.php?rest_route=\/wp\/v2\/posts\/421","targetHints":{"allow":["GET"]}}],"collection":[{"href":"https:\/\/luisalen.com\/index.php?rest_route=\/wp\/v2\/posts"}],"about":[{"href":"https:\/\/luisalen.com\/index.php?rest_route=\/wp\/v2\/types\/post"}],"author":[{"embeddable":true,"href":"https:\/\/luisalen.com\/index.php?rest_route=\/wp\/v2\/users\/1"}],"replies":[{"embeddable":true,"href":"https:\/\/luisalen.com\/index.php?rest_route=%2Fwp%2Fv2%2Fcomments&post=421"}],"version-history":[{"count":2,"href":"https:\/\/luisalen.com\/index.php?rest_route=\/wp\/v2\/posts\/421\/revisions"}],"predecessor-version":[{"id":425,"href":"https:\/\/luisalen.com\/index.php?rest_route=\/wp\/v2\/posts\/421\/revisions\/425"}],"wp:attachment":[{"href":"https:\/\/luisalen.com\/index.php?rest_route=%2Fwp%2Fv2%2Fmedia&parent=421"}],"wp:term":[{"taxonomy":"category","embeddable":true,"href":"https:\/\/luisalen.com\/index.php?rest_route=%2Fwp%2Fv2%2Fcategories&post=421"},{"taxonomy":"post_tag","embeddable":true,"href":"https:\/\/luisalen.com\/index.php?rest_route=%2Fwp%2Fv2%2Ftags&post=421"}],"curies":[{"name":"wp","href":"https:\/\/api.w.org\/{rel}","templated":true}]}}