{"id":426,"date":"2021-08-17T21:58:00","date_gmt":"2021-08-17T21:58:00","guid":{"rendered":"https:\/\/luisalen.com\/?p=426"},"modified":"2023-02-07T21:21:28","modified_gmt":"2023-02-07T21:21:28","slug":"visitantes","status":"publish","type":"post","link":"https:\/\/luisalen.com\/?p=426","title":{"rendered":"Visitantes"},"content":{"rendered":"\n<p>En un nuevo ejercicio de la hipocres\u00eda a la que nos tienen habituados la derecha vern\u00e1cula y sus medios de desinformaci\u00f3n masiva, la aparici\u00f3n de la foto de un festejo de cumplea\u00f1os de Fabiola Y\u00e1\u00f1ez, celebrado en la residencia presidencial de Olivos, provoc\u00f3 un vendaval de cr\u00edticas, denuncias, pedidos de renuncia y proyectos de juicio pol\u00edtico al Presidente Alberto Fern\u00e1ndez. Convengamos en primer lugar que Alberto cometi\u00f3 un grosero error al permitir esa celebraci\u00f3n. Error por el cual pidi\u00f3 disculpas p\u00fablicas al menos en dos oportunidades. Pero veamos la cosa en su real dimensi\u00f3n. Lo primero que debe se\u00f1alarse es la maniobra inocultable que se desprende de la publicaci\u00f3n de la foto. El festejo de marras ocurri\u00f3 el 14 de julio de 2020. La cronista del pasqu\u00edn fundado en 1870 por Bartolom\u00e9 Mitre, Guadalupe V\u00e1zquez, que ostenta el dudoso antecedente de haber trabajado para Jorge Lanata, y una relaci\u00f3n que no se sabe si dura todav\u00eda, o si ya se extingui\u00f3, o cu\u00e1nto dur\u00f3, o de qu\u00e9 tipo fue, con Juan Pablo Biondi, vocero presidencial, la exhibe como fruto de una investigaci\u00f3n. \u00bfQui\u00e9n puede creer que eso fue as\u00ed y no que la foto fue cuidadosamente guardada, en una de esas operaciones de difamaci\u00f3n a las que la <em>Tribuna de Doctrina<\/em> nos tiene acostumbrados, para su utilizaci\u00f3n justo en medio de la campa\u00f1a electoral? Por si acaso, la reportera devenida en ocasional estrellita del para\u00edso de las denunciantes no ahorra ep\u00edtetos y opiniones agraviantes contra el Presidente y la Primera Dama, y en el programa <em>Comunidad de Negocios<\/em>, que se exhibe por <strong><em>LA NACI\u00d3N+<\/em><\/strong>, se despacha opinando que \u201c<em>todo lo que el Gobierno podr\u00eda haber hecho mal, lo hizo mal<\/em>\u201d. (A prop\u00f3sito, qu\u00e9 bien elegido el nombre para el programa. Queda totalmente claro que no es un programa period\u00edstico y que quienes lo conducen -y sus entrevistados- no ejercen el periodismo sino que se dedican a los negocios). Sigue V\u00e1zquez aclarando que no tiene miedo, y que el ataque que dice haber recibido \u201c<em>fue el mismo modus operandi de ir por la vida privada del mensajero. Me llama la atenci\u00f3n como usan todo el aparato estatal para alimentar algo tan sucio<\/em>\u201d. Si no fuera parte de una embestida siniestra, causar\u00eda gracia que la escriba acuse a los dem\u00e1s de lo que ella practica. Porque queda claro que se mete con la vida privada de la pareja presidencial, y usa para ello todo el enorme poder del aparato comunicacional que pretende dirigir la vida de los argentinos e imponer condiciones a cualquier gobierno que la gente elija. La empleada del grupo Mitre-Saguier sigue derrochando el odio, principalmente contra Fabiola Y\u00e1\u00f1ez, a la que acusa de haber hecho un despliegue obsceno \u201c<em>en sus redes sociales donde mostraba su privilegio como primera dama mientras todos estaban encerrados y empobreci\u00e9ndose<\/em>\u201d. Vale reiterar, a modo de aclaraci\u00f3n, que habla de la compa\u00f1era de Alberto y no de la nieta oficial de la televisi\u00f3n, siempre objeto de alabanzas que destacan su vestimenta y sus filosos pensamientos, como aquel en el que nos ense\u00f1\u00f3 que los ni\u00f1os de hoy son los hombres del ma\u00f1ana. Pero esas <em>mesazas<\/em> siempre dispuestas a embestir contra el populismo y a servir de tribuna para cualquiera que quiera destilar veneno contra el gobierno son un ejemplo a seguir para el neomitrismo, cada vez menos ilustrado. Por las dudas, ante las cr\u00edticas que recibi\u00f3 de muchas mujeres y el nulo apoyo que concitaron sus ataques, dijo que no esperaba solidaridad del colectivo feminista porque \u201c<em>Es una hipocres\u00eda con fines espurios y no con convicci\u00f3n. El feminismo es un movimiento muy leg\u00edtimo, pero lo est\u00e1n bastardeando como han bastardeado la causa de los derechos humanos<\/em>\u201d. Como si sus antecedentes y su actual empleo nos pudieran hacer suponer que est\u00e1 a favor del feminismo o de la causa de los derechos humanos. Vamos, tranquila Guadalupe, no te preocupes que a nadie se le ocurrir\u00eda tal cosa. Lo cierto es que tras la tan oportuna aparici\u00f3n de la foto de marras, una variopinta legi\u00f3n de falsarios, inmorales, profesionales de la mentira, inescrupulosos de toda laya, odiadores seriales, mamarrachos a sueldo, despreciadores de mujeres, perseguidores de toda disidencia, agraviantes diplomados, vociferantes melenudos y desmelenados, diputados y disputantes, se lanzaron feroces al ataque en nombre de una \u00e9tica y una moral que jam\u00e1s practicaron y reclamando una decencia que les es ajena, erigi\u00e9ndose en tribunos de una rep\u00fablica a la que humillaron y prostituyeron cada vez que pudieron, para aullar a coro su despecho y exigir o la renuncia de Alberto o su destituci\u00f3n. Lo \u00fanico bueno del episodio es que, en su supina ignorancia, muchos de los denunciantes confesaron sus propias felon\u00edas. Si la reuni\u00f3n de Alberto y Fabiola hubiese sido un delito, \u00bfqu\u00e9 otra cosa fueron las repetidas marchas de los opositores a cualquier cosa? \u00bfD\u00f3nde est\u00e1n los expedientes en los que se reclama la prisi\u00f3n de los que concurrieron entusiastamente a los encuentros en los que en nombre de la libertad se agred\u00eda a los periodistas de un canal de noticias trat\u00e1ndolos de delincuentes y corruptos solo por trabajar en un medio que no comulga con las ideas de los neoliberalfascistas? A ver, en derecho existe una doctrina que es la llamada <em>de los actos propios<\/em>. Para simplificar, significa que si yo llevo adelante cualquier tipo de acto, libre y voluntariamente, despu\u00e9s tengo que responsabilizarme por las consecuencias del mismo, y no puedo acusar a otro que ejecute el mismo acto. Puesto en la cuesti\u00f3n de la tan nombrada foto, si yo acuso a Alberto Fern\u00e1ndez de haber violado las normas sanitarias respecto del aislamiento social preventivo y obligatorio por haberse reunido con un n\u00famero no permitido de personas, entonces si yo particip\u00e9 de las marchas que se llevaron a cabo el 25\/05\/2020, el 06\/06\/2020, el 20\/06\/2020, el 09\/07\/2020, el 01\/08\/2020, el 17\/08\/2020, la noche del 01 al 02\/09\/2020, el 06\/09\/2020, el 13\/09\/2020, el 19\/09\/2020, el 28\/09\/2020, el 12\/10\/2020 o el 08\/11\/2020 (por citar solo a las que se efectuaron el a\u00f1o pasado), o si convoqu\u00e9 a las mismas, comet\u00ed el mismo tipo de acto que ahora digo que es delito. Muchachos, est\u00e1n confesos, vayan pidiendo la eximici\u00f3n de prisi\u00f3n. \u00bfSer\u00e1 previendo esto que alguna santimbanqui hizo el rid\u00edculo disfrazada de presidiaria? Joaqu\u00edn Morales Sol\u00e1 cuenta el 15\/08\/2021 \u201c<a href=\"https:\/\/www.lanacion.com.ar\/opinion\/la-historia-detras-de-una-foto-escandalosa-nid15082021\/\"><em>La historia detr\u00e1s de una foto escandalosa<\/em>\u201d<\/a>, y dice que \u201c<em>La fiesta de cumplea\u00f1os de la primera dama, Fabiola Y\u00e1\u00f1ez, sucedi\u00f3 el 14 de julio de 2020, cuando el pa\u00eds llevaba cuatro meses de una cuarentena estricta, que destruy\u00f3 la econom\u00eda, afect\u00f3 la estabilidad emocional de las personas y les neg\u00f3 a los j\u00f3venes el derecho a la educaci\u00f3n<\/em>\u201d. Como siempre, casi todo lo que dice el corresponsal del genocida Operativo Independencia es mentira. Porque aunque Fabiola Ya\u00f1ez cumpli\u00f3 a\u00f1os el 14 de julio de 2020, no fue la cuarentena estricta la que caus\u00f3 todos los males que Morales cree que ocurrieron. Como cualquiera con dos dedos de frente puede imaginarlo, la causante de los problemas que el gobierno de los Fern\u00e1ndez tuvo que afrontar cuando reci\u00e9n comenzaba su mandato fue la pandemia universal. Solo alguien que quiera retorcer perversamente la realidad puede atribuir a una medida de cuidado las consecuencias que Morales detalla cual si fuera Juan el ap\u00f3stol hablando del apocalipsis. El 15 de julio de 2020, un d\u00eda despu\u00e9s del cumplea\u00f1os tan citado, don Joaqu\u00edn se las agarraba con Rodolfo Canicoba Corral, que estaba pasando a engrosar las filas de los jubilados. Eso s\u00ed, no se privaba de augurar al pa\u00eds empobrecido (por sus amigos, cabe acotar) m\u00e1s sufrimientos por venir. Como la imagen de Alberto estaba todav\u00eda en auge, el escriba no se animaba a ca\u00f1onearlo por completo. Ahora, con los comicios a la vuelta de la esquina, saca toda la artiller\u00eda de falsedades, manipulaciones y desinformaciones varias. Ni la ni\u00f1ez ni la adolescencia en edad escolar vieron negado su derecho a la educaci\u00f3n. Por el contrario, se les garantiz\u00f3 el mismo a trav\u00e9s de modalidades que no expusieran a ning\u00fan estudiante, ni a sus familias, al riesgo de contagio. Ese descuido solo pas\u00f3 en la ciudad aut\u00f3noma donde el alcalde Larreta crey\u00f3 alimentar su ambici\u00f3n presidencial exponiendo a estudiantes y familias al flagelo del coronavirus. Pero el jefe comunal es la gran esperanza de la derecha y no hay que castigarlo. La econom\u00eda, castigada por el COVID19 en todo el mundo, lentamente se va recuperando y con pandemia y restricciones, las inversiones son en este poco m\u00e1s de un a\u00f1o y medio de gobierno mayores a la cat\u00e1strofe producida por el dormil\u00f3n serial y su pandilla de saqueadores. La estabilidad emocional de los conocidos de Morales, de la cual uno puede dudar con cierta base, viendo c\u00f3mo ejercen su derecho al sufragio, parece m\u00e1s afectada porque el gobierno no se cae pese a tanto embate en su contra, que por alguna cuarentena. Total, les queda Miami para ir a vacunarse. Pero sigamos con las mentiras de Joaqu\u00edn. \u201c<em>En esos d\u00edas, el Presidente hab\u00eda comenzado una exitosa negociaci\u00f3n con Pfizer para abastecer con esa prestigiosa vacuna al mercado argentino. Esas conversaciones se frustraron despu\u00e9s, cuando el Gobierno opt\u00f3 por la vacuna rusa Sputnik V, opci\u00f3n que terminar\u00eda en un naufragio. El laboratorio ruso no pudo enviarles a los argentinos en tiempo y forma la segunda dosis esencial<\/em>\u201d. Si hab\u00eda alg\u00fan \u00e9xito posible en esas negociaciones era para el laboratorio, y no para los argentinos. Pfizer trataba de imponer condiciones imposibles de aceptar, aprovechando la tragedia del virus para engordar sus arcas, cumpliendo con la ley del capitalismo salvaje: solo importa la ganancia. El Instituto Gamaleya, productor de la Sputnik V, provey\u00f3 a la Argentina de millones de dosis de su vacuna y adem\u00e1s, sell\u00f3 un acuerdo por el cual en estos d\u00edas las dos dosis se producen en nuestro pa\u00eds, que se ha transformado en uno de los pocos productores de vacunas que hay en el mundo. No hay naufragio cuando, solo para citar un ejemplo, m\u00e1s del 95% de los adultos mayores de la provincia de Buenos Aires ya est\u00e1n vacunados. Lo que naufraga es el buque insignia de la oposici\u00f3n, rejunte de malandras peleados entre s\u00ed por ver qui\u00e9n se queda con alg\u00fan cargo expectable, y que frente a su total carencia de propuestas y a la imposibilidad de explicar los desastres producidos entre el 2015 y el 2019, se aferran a la foto del cumplea\u00f1os como un n\u00e1ufrago del Titanic al \u00faltimo salvavidas disponible. Pero basta con la foto. O por lo menos, con esa foto. Porque esta oposici\u00f3n desunida y tramposa vive corriendo el eje del debate. Ahora nos quieren hacer creer, frente a las pr\u00f3ximas elecciones, que lo que importa es que Alberto cenaba con su compa\u00f1era y algunos amigos en la quinta de Olivos, y no. Hay mil cosas que debatir. Y si alguien tiene que dar respuestas son ellos. Porque si hay una foto que no puede ser explicada por tanto opositor indignado, es la que retrata la reuni\u00f3n del 19 de julio de 2018, en horas de la noche, en la residencia de Olivos. Sus protagonistas fueron Mauricio Macri, Juliana Awada, Nicol\u00e1s Dujovne, Luis Caputo, Marcos Pe\u00f1a y Christine Lagarde. En su edici\u00f3n del 20\/07\/2018, <strong><em>LA NACI\u00d3N <\/em><\/strong>contaba que \u201c<em>Adem\u00e1s, participaron el Primer Subdirector del FMI y su n\u00famero dos, David Lipton; el Director del Departamento del Hemisferio Occidental, Alejandro Werner, y el jefe de la Misi\u00f3n para la Argentina, Roberto Cardarelli<\/em>\u201d. Una invasi\u00f3n con todos los tanques. Claro que para la <em>Tribuna de Doctrina<\/em> todo pintaba de color rosa: \u201c<em>La presidenta del Fondo le dio un fuerte respaldo a la marcha del programa de recorte fiscal establecido en el acuerdo con el organismo<\/em>\u201d. Refrescando memorias perezosas, digamos que la ofensiva del Fondo redund\u00f3 en el endeudamiento del pa\u00eds por m\u00e1s de cuarenta y cuatro mil millones de d\u00f3lares. Eso, porque al asumir Alberto Fern\u00e1ndez rechaz\u00f3 recibir otros miles de millones que hubieran elevado mucho m\u00e1s, todav\u00eda, la deuda argentina. Por cierto que ese dinero no se us\u00f3 para otros fines que no fueran el financiamiento de la fuga de capitales, aunque Lagarde, seg\u00fan <strong><em>LA NACI\u00d3N<\/em><\/strong> \u201c<em>manifest\u00f3 su apoyo al liderazgo de ambos ministros. Luego de decir que la reuni\u00f3n con el ministro de Hacienda fue \u2018muy productiva\u2019, aprovech\u00f3 para \u2018reiterar el apoyo del FMI al plan de reforma de las autoridades argentinas\u2019<\/em>&#8220;. As\u00ed nos fue. Comparemos. Que se sepa, m\u00e1s all\u00e1 del error admitido por Alberto y el impacto que produjo en la sociedad, la cena de cumplea\u00f1os no ocasion\u00f3 da\u00f1os a nadie. Por el contrario, la cenita de Macri con Lagarde y compa\u00f1\u00eda nos puso la soga al cuello, profundizando la crisis que el gobierno de tr\u00e1nsfugas caus\u00f3, con pr\u00e9stamos con vencimientos a los cien a\u00f1os. \u00bfD\u00f3nde est\u00e1n los gorilas aulladores que se quejan del cumplea\u00f1os, cuando se les pide explicaci\u00f3n por esa otra foto y sus consecuencias? Perdonen por la vehemencia, pero cuando uno ve a estos cruzados de la impudicia reclamar contra el Presidente, sin haber tenido ni siquiera un m\u00ednimo de decencia que los llevara, por ejemplo, a pedir perd\u00f3n por las denuncias infames realizadas contra Cristina y sus funcionarios. \u00bfD\u00f3nde est\u00e1 Oca\u00f1a avergonzada por haber falseado la denuncia por el Plan Qunitas, con la consecuencia del da\u00f1o contra la salud de ni\u00f1as y ni\u00f1os, y el costo para el Estado por la destrucci\u00f3n de materiales y la guarda de supuestas pruebas? \u00bfD\u00f3nde los que denunciaron a Cristina, Axel Kiciloff y Alejandro Vanoli por la operatoria del d\u00f3lar futuro, que ellos mismos aprovecharon para enriquecerse? Nada, ni los escuchamos ni los vamos a escuchar. Porque no tienen verg\u00fcenza y est\u00e1n dispuestos a causar m\u00e1s da\u00f1os. El 17\/08\/2021, Carlos Pagni califica \u201c<em>Alberto Fern\u00e1ndez, talib\u00e1n de s\u00ed mismo<\/em>\u201d. De movida no m\u00e1s, se las toma con la foto y dice una de sus no verdades: \u201c<em>\u00bfPor qu\u00e9 todos entendemos r\u00e1pido la foto de Olivos? Porque todos estuvimos encerrados sin poder festejar, reunirnos o hacer las miles de cosas que nos prohibieron hacer. Entonces, cuando ves esa fiesta, ese cumplea\u00f1os, entend\u00e9s inmediatamente de qu\u00e9 se trata<\/em>\u201d. No todos estuvieron encerrados, Pagni. Los lectores de <strong><em>LA NACI\u00d3N<\/em><\/strong> que se lanzaron a las plazas, a la residencia de Olivos, a cacerolear y gritar su odio y sus insultos, a golpear camar\u00f3grafos y cronistas, no estuvieron encerrados. Por otra parte, todos pod\u00edan salir, a pasear su perro, a hacer sus compras, a retirar remedios de las farmacias. No hubo encierros totales. Ni hablar de los viajes del fan\u00e1tico de Netflix. O de los que cruzaron el r\u00edo, porque ahora en Uruguay ya no est\u00e1 el Frente Amplio en la presidencia. O los que se fueron a cualquier parte, porque si ahora hay quienes reclaman porque no pueden volver, es porque antes pudieron irse. Pagni insiste: \u201c<em>para decirlo con una imagen candente, Alberto Fern\u00e1ndez es un talib\u00e1n de s\u00ed mismo. En dos sentidos: por la pasi\u00f3n desenfrenada con que se defiende y por la agresividad con que se lastima<\/em>\u201d. Parece que el escriba hubiera esperado encontrarse a un Alberto indefenso. Le molesta ver que en lugar de un Presidente manso y entregado, aparezca un Fern\u00e1ndez que dice cosas bien claras y ciertas. Cosas que lastiman a los que se llevaron puesto al pa\u00eds, a sus instituciones, a su gente, solo para llenarse los bolsillos, ellos y sus patrones del exterior. \u201c<em>Llam\u00f3 la atenci\u00f3n el discurso del Presidente en La Matanza, estaba muy enojado, se dio manija, dijo que estuvo todo el fin de semana leyendo a los hip\u00f3critas. Y no creo que se refiriera solamente a los periodistas\u201d<\/em>. Parece advertirse una cierta cola de paja, que hace que Pagni, siempre servicial con el poder, identifique como hip\u00f3critas a los periodistas. No, los periodistas no, solo los que escriben columnas de mentiras y falsedades en las p\u00e1ginas de <strong><em>LA NACI\u00d3N<\/em><\/strong> y su primo el clarinete mentiroso. Hay un viejo refr\u00e1n que dice que al que le quepa el sayo, que se lo ponga. Alberto dijo, y esperamos que as\u00ed sea, que \u201c<em>nunca ustedes me van a escuchar tener que pedir disculpas porque cerr\u00e9 el Ministerio de Salud o el Ministerio de Educaci\u00f3n o el Ministerio de Trabajo<\/em>\u201d; \u201c<em>nunca me van a tener que escuchar pedir disculpas porque me arrodill\u00e9 frente al Fondo Monetario Internacional (FMI) y endeud\u00e9 a la Argentina y a generaciones de argentinos<\/em>&#8220;; &#8220;<em>nunca me voy a tener que disculpar por hacer un negocio con los parques e\u00f3licos, ni haber creado una mesa judicial que persigue y hostiga a los opositores<\/em>&#8220;. Sobre los encuentros que mantiene en Olivos, aclar\u00f3 que \u201c<em>En Olivos me encuentro con gente que me necesita y con amigos y amigas, pero no me encuentro con empresarios a los que les doy ventajas y negocios del Estado. Mis hermanos no se benefician con la venta de una empresa propia despu\u00e9s de que las autopistas aumentan<\/em>&#8220;. Tambi\u00e9n record\u00f3 que \u201c<em>hab\u00eda una gobernadora que se jactaba de no abrir m\u00e1s universidades ni hospitales<\/em>&#8220;. Fiel a su costumbre, nada dice Pagni de todo esto. Son los enojos del Presidente. Pero si en tanto productor de columnas que en lugar de informar desinforman, en tanto escriba de p\u00e1ginas repletas de mentiras directas o de sugerencias insidiosas, en tanto replicante de denuncias falsas que nunca se acuerda de contar cuando esas denuncias se caen, hubiera un m\u00ednimo de honestidad intelectual, sabr\u00edan que en su enojo Alberto puso sobre el tapete las cosas que se deben discutir, porque hacen al modelo de pa\u00eds que se pretende. Uno que privilegie la especulaci\u00f3n financiera, la desindustrializaci\u00f3n, la precarizaci\u00f3n laboral, los negocios con los amigos y parientes, el endeudamiento sin l\u00edmites, la entrega del patrimonio nacional, o uno que busque un pa\u00eds de iguales, con una salud p\u00fablica fuerte y provista del equipamiento necesario para hacer frente a cualquier crisis, con un reparto equitativo de las riquezas, con educaci\u00f3n p\u00fablica gratuita y de calidad, con respeto por los colectivos disidentes, con una impronta feminista, con la defensa irrestricta de los derechos humanos, con Memoria, Verdad y Justicia. No s\u00e9 si Alberto har\u00e1 todo eso. Estoy seguro que los candidatos que <strong><em>LA NACI\u00d3N <\/em><\/strong>mira con simpat\u00edas no lo har\u00e1n. Tambi\u00e9n estoy seguro de que no van a querer debatir sobre ninguno de estos temas, porque el pasado los condena y porque quieren repetirlo. Porque se quejan de la visita de los amigos de Fabiola, pero son genuflexos cuando quienes vienen de visita son los representantes del capital sin patria ni bandera. Miren la foto que corresponda. Despu\u00e9s en\u00f3jense con aquellos que lo merecen.<\/p>\n\n\n\n<p>Una peque\u00f1a caricia para la autoestima: gracias Jos\u00e9 Manuel Ubeira, An\u00edbal Fern\u00e1ndez y Juli\u00e1n Guarino por los saludos de los <em>can\u00edbales<\/em>. Es bueno saber qui\u00e9nes nos leen. <\/p>\n","protected":false},"excerpt":{"rendered":"<p>En un nuevo ejercicio de la hipocres\u00eda a la que nos tienen habituados la derecha&#8230;<\/p>\n","protected":false},"author":1,"featured_media":0,"comment_status":"open","ping_status":"open","sticky":false,"template":"","format":"standard","meta":{"footnotes":""},"categories":[17],"tags":[],"class_list":["post-426","post","type-post","status-publish","format-standard","hentry","category-contra-mitre"],"_links":{"self":[{"href":"https:\/\/luisalen.com\/index.php?rest_route=\/wp\/v2\/posts\/426","targetHints":{"allow":["GET"]}}],"collection":[{"href":"https:\/\/luisalen.com\/index.php?rest_route=\/wp\/v2\/posts"}],"about":[{"href":"https:\/\/luisalen.com\/index.php?rest_route=\/wp\/v2\/types\/post"}],"author":[{"embeddable":true,"href":"https:\/\/luisalen.com\/index.php?rest_route=\/wp\/v2\/users\/1"}],"replies":[{"embeddable":true,"href":"https:\/\/luisalen.com\/index.php?rest_route=%2Fwp%2Fv2%2Fcomments&post=426"}],"version-history":[{"count":1,"href":"https:\/\/luisalen.com\/index.php?rest_route=\/wp\/v2\/posts\/426\/revisions"}],"predecessor-version":[{"id":427,"href":"https:\/\/luisalen.com\/index.php?rest_route=\/wp\/v2\/posts\/426\/revisions\/427"}],"wp:attachment":[{"href":"https:\/\/luisalen.com\/index.php?rest_route=%2Fwp%2Fv2%2Fmedia&parent=426"}],"wp:term":[{"taxonomy":"category","embeddable":true,"href":"https:\/\/luisalen.com\/index.php?rest_route=%2Fwp%2Fv2%2Fcategories&post=426"},{"taxonomy":"post_tag","embeddable":true,"href":"https:\/\/luisalen.com\/index.php?rest_route=%2Fwp%2Fv2%2Ftags&post=426"}],"curies":[{"name":"wp","href":"https:\/\/api.w.org\/{rel}","templated":true}]}}