{"id":428,"date":"2021-08-25T22:02:00","date_gmt":"2021-08-25T22:02:00","guid":{"rendered":"https:\/\/luisalen.com\/?p=428"},"modified":"2023-02-07T21:21:42","modified_gmt":"2023-02-07T21:21:42","slug":"basura","status":"publish","type":"post","link":"https:\/\/luisalen.com\/?p=428","title":{"rendered":"Basura"},"content":{"rendered":"\n<p>El Diccionario de la Real Academia Espa\u00f1ola tiene varios significados asignados a la palabra <em>basura<\/em>, comenzando por <em>suciedad<\/em> o <em>cosa que ensucia<\/em>. Tambi\u00e9n la define como \u201c<em>residuos desechados y otros desperdicios<\/em>\u201d, \u201c<em>lugar donde se tiran residuos y desperdicios<\/em>\u201d, \u201c<em>esti\u00e9rcol de las caballer\u00edas<\/em>\u201d, \u201c<em>cosa repugnante o despreciable<\/em>\u201d, y por \u00faltimo como usada coloquialmente \u201c<em>para indicar que lo designado por el sustantivo al que se pospone es de muy baja calidad<\/em>\u201d. Si se preguntan a qu\u00e9 viene esta introducci\u00f3n, es f\u00e1cil. A la cantidad de basura que circula por los medios hegem\u00f3nicos, ostensiblemente producida con el fin de ensuciar todo aquello a lo que va dirigido. A los pol\u00edticos a los que se critica impiadosamente, no por las falencias en el obrar sino por lo que hacen, sea mucho o poco, porque ofende los negocios a los cuales esos medios rinden tributo. A las personalidades p\u00fablicas que sostienen opiniones que no coinciden con la voluntad omn\u00edmoda de los due\u00f1os de esas empresas. Y al p\u00fablico en general, intoxicado por el alto volumen de porquer\u00edas con que lo bombardean cotidianamente. Basura televisiva, basura radial, basura escrita, basura digital que infecta las redes. Basura que no es la resultante del consumo natural, sino de operaciones premeditadas para obtener r\u00e9ditos miserables, que se traducen en algunos votos m\u00e1s para los candidatos ungidos por la derecha para dar el nuevo combate contra el siempre odiado populismo. Basura desparramada con alevos\u00eda, basura para destruir reputaciones y honorabilidades, basura para socavar autoridades e igualar con el rasero de lo inmoral a todo lo que no comulga con el ideario de las clases dominantes. En definitiva, una pandemia de basura que se extiende como una mancha dispuesta a devorar todo y a transformar al escenario pol\u00edtico y a la sociedad misma en algo desechable. Basura que no es nueva sino que viene siendo arrojada desde los albores de la historia y siempre con el mismo origen. Y con similares destinatarios. La <em>Tribuna de Doctrina<\/em> ha sido, desde su fundaci\u00f3n, una de las usinas productoras de la basura medi\u00e1tica. Con el refinamiento conservador de Victoria Ocampo o Jorge Luis Borges o con la brutalidad de Fernando Iglesias o Jorge Fern\u00e1ndez D\u00edaz.&nbsp; El envase puede cambiar, pero el contenido es el mismo. Ah\u00ed va Fernando Laborda el 22\/08\/2021, hablando de <strong>\u201c<\/strong><em>El kirchnerismo y la met\u00e1fora del odio<\/em>\u201d. Pero no se refiere al que desparraman los pol\u00edticos de la oposici\u00f3n y sus promotores de los medios. No, como es costumbre en <strong><em>LA NACI\u00d3N<\/em><\/strong>, todo es al rev\u00e9s. Los que reciben los insultos y los agravios pasan, como por arte de magia, a ser los culpables del caso. Dice Laborda que \u201c<em>Cristina Kirchnerofreci\u00f3 d\u00edas atr\u00e1s, en la Isla Maciel, una llamativa visi\u00f3n sobre la identificaci\u00f3n pol\u00edtica de los argentinos. Consider\u00f3 que cualquiera que se diga peronista o kirchnerista podr\u00eda dar razones de por qu\u00e9 lo es. Y sugiri\u00f3 que, por el contrario, quienes son \u2018macristas o de Cambiemos\u2019 solo pueden serlo \u2018por odio hacia el otro, hacia el que sienten diferencias, hacia el que no quieren\u2019 y que esto \u2018debe cambiar en la Argentina\u2019. Casi al mismo tiempo, el fil\u00f3sofo y asesor presidencial Ricardo Forster, al referirse a la reciente<\/em><a href=\"https:\/\/www.lanacion.com.ar\/politica\/la-marcha-de-las-piedras-como-se-gesto-el-reclamo-de-los-familiares-de-fallecidos-por-coronavirus-nid08082021\/\"><em> \u2018,<\/em><\/a><em> realizada en homenaje a las v\u00edctimas del coronavirus, afirm\u00f3 que detect\u00f3 \u2018odio y bronca\u2019 en algunos de los que se movilizaron<\/em>\u201d. Ocurre que, dadas las experiencias que atraviesan nuestra sociedad y sobre todo, sus protagonistas pol\u00edticos, la visi\u00f3n de Cristina dista mucho de ser llamativa para ofrecerse como ajustada a una realidad que Forster tambi\u00e9n explic\u00f3. La <em>marcha de las piedras<\/em>, pensada como un nuevo operativo de desgaste contra el gobierno, fue resignificada, en un inteligente giro, en la decisi\u00f3n de hacer con ellas un monumento a las v\u00edctimas. No hay que dejar pasar otro de los mamarrachos a los que nos tiene acostumbrados el diputado del Pro Waldo Wolff, que probablemente se sinti\u00f3 enojado por la decisi\u00f3n gubernamental y present\u00f3 un proyecto para la preservaci\u00f3n de las piedras. Demostraci\u00f3n por el absurdo del odio al que se refiri\u00f3 la Vicepresidenta y que detect\u00f3 Forster. Ahora bien,&nbsp; para Laborda lo que pasa es que \u201c<em>Lamet\u00e1fora del odio a la que recurren la vicepresidenta y dirigentes del kirchnerismo opera como un principio de organizaci\u00f3n de la identidad colectiva, al tiempo que es representativa de un pensamiento profundamente autoritario.El mensaje de Cristina Kirchner parece indicar que a quienes no piensan como ella solo puede moverlos el odio. Quien piensa diferente ser\u00eda, seg\u00fan su particular concepci\u00f3n, un odiador serial<\/em>\u201d. Olvida Laborda que recurrentemente la Vicepresidenta y muchas otras figuras de su sector se han referido al amor como la fuerza que opera como n\u00facleo organizador del movimiento que la tiene como referente, y que mal que le pese al escriba, ese movimiento solo accedi\u00f3 al gobierno en el pa\u00eds como fruto de elecciones democr\u00e1ticas. \u00bfEs autoritario el pensamiento de los que, incluso derrotados, siempre se sometieron al resultado de los comicios libres? \u00bfO lo es el de los que acudieron a la violencia criminal para desalojarlos del poder, o en tiempos m\u00e1s cercanos, se valieron de una mesa judicial que desat\u00f3 una cacer\u00eda contra los dirigentes del kirchnerismo? Odio contra los caudillos federales. Odio contra los anarquistas. Odio contra el yrigoyenismo. Odio contra el peronismo. Odio contra la izquierda. S\u00ed, Laborda, son odiadores seriales, como lo es el abogado Alejandro Fargosi, que represent\u00f3 a la derecha en el Consejo de la Magistratura y que acaba de hacer objeto de sus ataques mis\u00f3ginos, antisemitas y macartistas a Myriam Bregman. Laborda sigue una ruta previsible y pasa por la cuesti\u00f3n tan gastada de la foto del cumplea\u00f1os de Fabiola Y\u00e1\u00f1ez, sigue con los deseos de una mala performance del Frente de Todos en las PASO y termina con una explicaci\u00f3n que es justamente el rev\u00e9s de la moneda: \u201c<em>Por ahora, la principal estrategia del oficialismo para retener a los votantes desencantados es recordarles a cada rato la palabra Macri y apelar a la met\u00e1fora del odio<\/em>\u201d. Justamente, nombr\u00f3 al que mejor expresa ese odio sin razones, del que al parecer solo se baja cuando para para mirar Netflix o tomarse vacaciones. Que sigue siendo, justo es se\u00f1alarlo, una de las principales figuras de la oposici\u00f3n que Laborda tanto elogia y que hace del odio su manera de ser. El odio esparcido como basura. El pasqu\u00edn de los Mitre-Saguier le da su rol estelar al cronista del genocida Operativo Independencia, y entonces Joaqu\u00edn Morales Sol\u00e1, el 22\/08\/2021, habla por en\u00e9sima vez de \u201c<em>Un presidente debilitado por Cristina<\/em>\u201d. En las sesenta columnas que vengo escribiendo debo haber analizado frases similares a esta una y mil veces. La supuesta disputa entre Alberto Fern\u00e1ndez y Cristina Fern\u00e1ndez de Kirchner parece ser el sue\u00f1o h\u00famedo de los escribas del mitrismo. Nunca pudieron ofrecer ni la m\u00e1s m\u00ednima prueba de esos enfrentamientos, pero los citan como si fueran las tablas de la ley entregadas sus plumas para que las difundan como la verdad revelada. Dice Morales: \u201c<em>Que dirigentes opositores digan \u2013y repitan\u2013 que Alberto Fern\u00e1ndez es un presidente d\u00e9bil no llama la atenci\u00f3n. Hay pruebas irrefutables. El esc\u00e1ndalo pol\u00edtico que provoc\u00f3 una<\/em><a href=\"https:\/\/www.lanacion.com.ar\/politica\/el-video-del-festejo-el-pedido-de-alberto-fernandez-a-fabiola-yanez-al-soplar-las-velas-nid18082021\/\"><em> fiesta de cumplea\u00f1os clandestina <\/em><\/a><em>en la residencia presidencial en medio de restricciones sociales muy severas, que dict\u00f3 el propio inquilino de esa casona. La resonancia pol\u00edtica y social de una foto seguida de un video, este \u00faltimo distribuido por el propio oficialismo para adelantarse a lo inevitable<\/em>\u201d. Lo \u00fanico novedoso en esto es que por un momento Cristina es desplazada de su rol de esmeriladora oficial del Presidente para ser reemplazada por la foto del cumplea\u00f1os de la compa\u00f1era de Alberto. Pero no hay ni una m\u00ednima menci\u00f3n a las fotos de los setenta invitados de Carri\u00f3 para celebrar su cumplea\u00f1os. Ya volveremos sobre las fotos, pero ahora estamos con Joaqu\u00edn que cuenta: \u201c<em>\u2019Cristina es como el sol: te ilumina, pero si te acercas te quema\u2019, confiesa un ministro que lo vio al Presidente girar de la independencia a la dependencia de la vicepresidenta<\/em>\u201d. Cristina, siempre Cristina. \u00bfSe dar\u00e1n cuenta quienes tanto la atacan que al hacerlo con esa cotidianeidad est\u00e1n reconociendo su rol determinante en la escena pol\u00edtica nacional? Morales Sol\u00e1 sigue con sus relatos de ficci\u00f3n, y dice que \u201c<em>No pocos funcionarios imaginan, con distintas dosis de terror, el d\u00eda despu\u00e9s de las elecciones. \u2018En cualquier caso, hay que estar preparado para una intervenci\u00f3n del gobierno por parte de ella\u2019, zanja un ministro. Explica: ya sea porque hubiese un triunfo amargo (peque\u00f1o, insignificante) o una derrota, la vicepresidenta intentar\u00e1 tomar definitivamente el control de la administraci\u00f3n, desde la Jefatura de Gabinete hacia abajo<\/em>\u201d. O sea, Cristina va a intervenir al gobierno del que forma parte. Qu\u00e9 disparate. M\u00e1s basura, en definitiva. Como el nuevo anuncio de Morales de que \u201c<em>El kirchnerismo se mueve en la C\u00e1mara de Diputados para convocar cuanto antes a una sesi\u00f3n especial para tratar la modificaci\u00f3n de la ley que regula la designaci\u00f3n del jefe de los fiscales (procurador general de la Naci\u00f3n). Cargo crucial para controlar la acusaci\u00f3n en varias causas por supuesta corrupci\u00f3n que acosan a la expresidenta<\/em>\u201d. Pron\u00f3stico que se viene reiterando desde hace meses y que esconde, cu\u00e1ndo no, una falsedad. Porque si se designara un nuevo Procurador General, por el sistema actual o por uno reformado, eso no tendr\u00eda impacto directo sobre las causas armadas contra Cristina. En esos procesos inventados por los cultores del <em>derecho creativo<\/em> promovido por el fallecido juez que Glock en mano se cobr\u00f3 la vida de dos personas, el Procurador General no tiene a su cargo el rol de acusador. Solo intervendr\u00eda, hipot\u00e9ticamente, en alg\u00fan recurso que se interpusiera ante la Corte Suprema de Justicia de la Naci\u00f3n, que ser\u00eda la que tomar\u00eda la resoluci\u00f3n definitiva, de acuerdo o no con lo que dictaminara el representante del ministerio p\u00fablico. Si para algo es crucial la designaci\u00f3n de un nuevo Procurador es para poner algo de orden en una instituci\u00f3n que hace m\u00e1s de tres a\u00f1os carece del funcionario que debe encabezarla. Lo que sucede es que para la Tribuna de Doctrina lo que ocurre en nuestro pa\u00eds parece una obra de ficci\u00f3n, y por eso Bernardo Saravia Fr\u00edas, el 23\/08\/2021, habla de \u201c<em>La pol\u00edtica argentina, de la tragedia a la burla<\/em>\u201d. Hagamos memoria, no hace tanto el autor de la nota era el Procurador del Tesoro designado por el domador de reposeras como cabeza de los abogados del Estado. Ahora dice que \u201c<em>Hay una cercan\u00eda manifiesta entre el teatro y la pol\u00edtica: ambos son mundos de representaciones que crean realidad. Desde la tragedia griega (Esquilo), el teatro mut\u00f3 hasta su expresi\u00f3n m\u00e1s excelsa, la tragicomedia (Shakespeare), que supera los l\u00edmites del patetismo para volverse farsa. Similar trayectoria tiene la pol\u00edtica argentina, con notas descendentes: la tragedia est\u00e1 deviniendo burla<\/em>\u201d. Esa vieja inclinaci\u00f3n de <strong><em>LA NACI\u00d3N<\/em><\/strong> por los autores que cultivan un estilo presuntamente demostrativo de una amplia cultura, que en general es la confusi\u00f3n entre ser culto y haber le\u00eddo. Cosa que no equivale, la lectura, a la comprensi\u00f3n de lo le\u00eddo. Porque Saravia Fr\u00edas, que lleg\u00f3 al cargo mencionado por haber sido abogado de Mauricio Macri, cree que \u201c<em>En esas estamos, entre el llanto y la risa, bailando en el precipicio, con un hipernormativismo absurdo que intenta imponer un nuevo sistema de verdades, pero que, en su impotencia, es la expresi\u00f3n acabada del fracaso, de aparentes grandes ideas que no son m\u00e1s que el guion de un esperpento de mal gusto<\/em>\u201d. Hay que tener una cara que resiste cualquier prueba, para pasar de ser el leguleyo que cubr\u00eda las espaldas de quienes vaciaron al Correo Argentino y pretendieron usar al poder para licuar sus deudas, a quien pontifica sobre cosas de las que es muy probable que no tenga la m\u00e1s m\u00ednima idea. Esperpento, seg\u00fan el diccionario, es el \u201c<em>G\u00e9nero literario que se caracteriza por la presentaci\u00f3n de una realidad deformada y grotesca y la degradaci\u00f3n de los valores consagrados a una situaci\u00f3n rid\u00edcula<\/em>\u201d. Definici\u00f3n que se aplica con rigurosa exactitud a las notas que publica el pasqu\u00edn que fundara don Bartolo. Otra nota esperp\u00e9ntica es la que publica D\u00e9bora Huczek el 24\/08\/2021, que titula \u201c<em>El Presidente cay\u00f3 en su propia trampa<\/em>\u201d. La autora es presentada como <em>Abogada especialista en derecho penal y migratorio<\/em>, cosa que no se demuestra con lo que escribe. Porque se dedica, c\u00f3mo no, a la foto tan mentada, y dice que \u201c<em>Con el festejo del cumplea\u00f1os de su pareja Fabiola Ya\u00f1ez en la Quinta de Olivos durante el 14 de julio de 2020, el presidente Alberto Fern\u00e1ndez cometi\u00f3 varios delitos tipificados en el C\u00f3digo Penal, al violar la cuarentena que \u00e9l mismo impuso por una serie de decretos que comenzaron el 20 de marzo del a\u00f1o pasado<\/em>\u201d. Como veremos m\u00e1s adelante, ning\u00fan penalista serio se atrever\u00eda a decir con tanta seguridad las cosas que la escriba sostiene como si formaran parte de la mejor doctrina de los juristas. Huczek habla en plural (no sabemos a qui\u00e9nes cree representar), y dice que \u201c<em>Podemos mencionar entonces que, por orden del mandatario, se impuso un Estado policial y autoritario, a trav\u00e9s del cual transitar por el territorio argentino, comerciar, ejercer una industria l\u00edcita, es decir trabajar, pas\u00f3 de ser el ejercicio de un derecho a la comisi\u00f3n de un delito<\/em>\u201d. \u00bfEstado policial y autoritario? \u00bfEn qu\u00e9 pa\u00eds viv\u00eda la autora? \u00bfO se habr\u00e1 confundido y hablaba de alguna de las dictaduras aplaudidas por la <em>Tribuna de Doctrina<\/em>? Porque nunca fue penado el trabajar, el comerciar, el ejercer una industria l\u00edcita o el transitar por el territorio argentino, sino que lo que se hizo fue establecer un sistema de restricciones razonables para garantizar un mejor cuidado de la salud de los habitantes. No es cuesti\u00f3n que se discuta que la celebraci\u00f3n del cumplea\u00f1os de Fabiola Y\u00e1\u00f1ez en la quinta de Olivos fue un grosero error del Presidente. Pero de ah\u00ed a creer que \u201c<em>Los delitos presuntamente cometidos son los de abuso de autoridad y violaci\u00f3n de los deberes de funcionario p\u00fablico, tipificados en el art\u00edculo 248 y concordantes del C\u00f3digo Penal por el cual se prev\u00e9 para el autor desde un mes hasta dos a\u00f1os de prisi\u00f3n, e inhabilitaci\u00f3n especial por el doble tiempo de condena. Se contempla adem\u00e1s el castigo en perjuicio del funcionario p\u00fablico, que dictare resoluciones u \u00f3rdenes contrarias a las constituciones, leyes nacionales o provinciales<\/em>\u201d, como dice la autora, hay un abismo. Y mucho menos se puede estar de acuerdo con lo que sostiene a continuaci\u00f3n, cuando dice que \u201c<em>esta conducta queda tipificada por partida doble en este caso. Tanto por el ejercicio arbitrario al dictar decretos contrarios a la Constituci\u00f3n Nacional, como por no cumplir con las medidas que \u00e9l mismo dict\u00f3. Por eso, el Presidente habr\u00eda actuado con intenci\u00f3n y voluntad (dolo), ya que jam\u00e1s podr\u00eda ampararse en la ignorancia de las normas<\/em>\u201d. Aclaremos. El art\u00edculo 248 del C\u00f3digo Penal dice que \u201c<em>ser\u00e1 reprimido con prisi\u00f3n de un mes a dos a\u00f1os e inhabilitaci\u00f3n especial por doble tiempo, el funcionario p\u00fablico que dictare resoluciones u \u00f3rdenes contrarias a las constituciones o leyes nacionales o provinciales o ejecutare las \u00f3rdenes o resoluciones de esta clase existentes o no ejecutare las leyes cuyo cumplimiento le incumbiere<\/em>\u201d. Van las explicaciones. Alberto Fern\u00e1ndez es, qu\u00e9 duda cabe, un funcionario p\u00fablico. Pero ninguno de los decretos emanados de su presidencia para regular la vida en sociedad durante la pandemia puede ser calificado de contrario a las constituciones y leyes nacionales o provinciales. Podr\u00e1 discutirse su eficacia, si se quiere, pero no tildarlas de inconstitucionales o ilegales. Tampoco Alberto Fern\u00e1ndez ejecut\u00f3 una orden de ese tipo. Quedar\u00eda entonces el no haber ejecutado las leyes cuyo cumplimiento le incumbe. A ver. El 14 de julio de 2020 reg\u00eda el decreto de necesidad y urgencia 576 del 29 de junio de 2020. Claramente, no se trataba de una ley. Para tener alg\u00fan tipo de intervenci\u00f3n legislativa, faltaba la intervenci\u00f3n del Congreso. El Senado de la Naci\u00f3n reci\u00e9n el 27 de julio de 2020 dict\u00f3 la Resoluci\u00f3n 73 que validaba aquel decreto. O sea que Alberto no viol\u00f3 ninguna ley con la fiesta en cuesti\u00f3n. Podr\u00e1 haber incumplido alg\u00fan aspecto de su propio decreto y esto claramente no es bueno, pero no viol\u00f3 ninguna ley. Por las dudas la presunta penalista convocada por LA NACI\u00d3N dice que el Presidente \u201c<em>Tambi\u00e9n habr\u00eda cometido delitos contra la salud p\u00fablica, tipificado en el art\u00edculo 205 del C\u00f3digo Penal, que castiga con una pena de 6 meses a 2 a\u00f1os de prisi\u00f3n al que violare las medidas adoptadas por la autoridad competente, para impedir la introducci\u00f3n y propagaci\u00f3n del virus con la agravante del art\u00edculo 207, que impone la inhabilitaci\u00f3n especial por el doble tiempo de la condena al funcionario p\u00fablico que incurriere en dicha actividad<\/em>\u201d. Quienes han estudiado dicha norma coinciden en sostener que si la salud p\u00fablica no se vio afectada por la acci\u00f3n llevada a cabo, no se trata de un delito sino de una infracci\u00f3n administrativa. M\u00e1s todav\u00eda, muchos expresan que las medidas deben haber sido adoptadas mediante una ley, producto de la actuaci\u00f3n de ambas c\u00e1maras del Congreso, porque como lo establece la Constituci\u00f3n Nacional en su art\u00edculo 75 inciso 11 s\u00f3lo el Congreso Nacional puede sancionar leyes penales. Por lo que se sabe -y se ha hablado mucho y en demas\u00eda de la cuesti\u00f3n-, la celebraci\u00f3n cumplea\u00f1era no ocasion\u00f3 en la pr\u00e1ctica ninguna afectaci\u00f3n a la salud p\u00fablica. Y la norma dictada por el Presidente, el DNU 576\/2020, ni siquiera con la validaci\u00f3n de la Resoluci\u00f3n 73\/2020 del Senado de la Naci\u00f3n puede ser considerada una ley penal. Uno se siente tentado de mandar a la columnista a estudiar de nuevo su carrera, porque no demuestra conocerla en debida forma. Con las explicaciones dadas, todo parece indicar que tanta palabrer\u00eda desperdigada por medios gr\u00e1ficos, radios y canales televisivos -todos de la misma orientaci\u00f3n, sean del mitrismo o de sus primos del clarinete mentiroso-, son nada m\u00e1s que un mont\u00f3n de desperdicios. Basura, en definitiva. Otro palpable ejemplo de desinformaci\u00f3n ma\u00f1osa lo vuelve a dar Carlos Pagni, que el 24\/08\/2021 titula: \u201c<em>La asistencia social y el lawfare, privatizados por Alberto Fern\u00e1ndez<\/em>\u201d. Como empieza por dar una serie de opiniones que pasan por jur\u00eddicas, y que se refieren a las mismas cosas que ya se han tratado, hay que pasar a otro tema. As\u00ed que el servicial Pagni se mete con la campa\u00f1a electoral, y arriesga que \u201c<em>Lo que est\u00e1 diciendo Cristina es \u2018este partido se est\u00e1 jugando tan mal que mejor no computarlo, no me lo tomen en cuenta\u2019. Y agrega: \u2018Ech\u00e9mosle la culpa a la pandemia y a Macri\u2019. No quiero hacer afirmaciones, porque sabemos muy poco, todav\u00eda. Pero a m\u00ed me llama la atenci\u00f3n la reaparici\u00f3n de Mauricio Macri. Le dio entrevistas a Luis Majul este domingo y la semana pasada otra a Joaqu\u00edn Morales Sol\u00e1. Tambi\u00e9n reaparece en los actos en el conurbano<\/em>\u201d. A ver. \u00bfCu\u00e1ndo fue instituido Pagni como el int\u00e9rprete oficial de la Vicepresidenta? \u00bfEn qu\u00e9 momento fue autorizado a emitir opiniones en su nombre? Preguntas que nunca encontrar\u00e1n respuestas. Que como siempre, trat\u00e1ndose de Pagni, mezclan entre la ficci\u00f3n alguna cosa real. Porque es cierto que la culpa de la mayor\u00eda de los problemas que aquejan a la Argentina le corresponde al dormil\u00f3n endeudador y a la pandemia. En tren de hacer especulaciones, uno podr\u00eda suponer que lo que preocupa realmente a Carlos Pagni (y a sus mandantes del poder real) es que la reaparici\u00f3n del ingeniero sin ingenio atente contra las posibilidades de la derecha. Por eso plantea que \u201c<em>Hay un duelo entre Larreta y Macri, entre el radicalismo y el Pro, hay una discusi\u00f3n no saldada sobre el pasado, sobre por qu\u00e9 la derrota, sobre por qu\u00e9 los errores econ\u00f3micos. Todo se reaviva ahora con la reaparici\u00f3n de Macri<\/em>\u201d. Es que este pasado tan reciente est\u00e1 afectando la vida de los argentinos. Ni Larreta ni los radicales son ajenos al desastre que se produjo entre 2015 y 2019, y tampoco sus propuestas difieren de las que marcaron la agenda de gobierno en esos a\u00f1os. Por lo que es v\u00e1lido pensar que si van a hacer lo mismo el resultado va a ser igual de malo. Los matices que parecen existir entre Macri y Larreta, entre el hada mala y el bull dog, entre Manes y Santilli, se diluyen cuando uno observa lo que ofrecen como receta para el gobierno al que aspiran llegar en alg\u00fan momento. Son lo mismo presentado en diferentes paquetes. Cobijan a los negacionistas de la dictadura, a los mis\u00f3ginos y discriminadores, a los que creen que las Malvinas son inglesas, a los que armaron la mesa judicial, a los que se fugaron para no enfrentar a los tribunales que los investigan. Como todo eso es dif\u00edcil de negar, Pagni se la agarra con Crist\u00f3bal L\u00f3pez, del que dice que \u201d<em>fue un gran empleador del Presidente, que tiene una vinculaci\u00f3n mucho m\u00e1s estrecha con \u00e9l que con Cristina Kirchner. Cuando Fern\u00e1ndez iba a Tribunales a hacer gestiones judiciales no era para pelear contra el supuesto <\/em>l<em>awfare contra la vicepresidenta. Iba a hacer gestiones para L\u00f3pez<\/em>\u201d. Aclara que no estaba mal que Alberto, siendo abogado, hiciera gestiones por su cliente, pero en seguida va descubriendo sus verdaderas preocupaciones: \u201c<em>Crist\u00f3bal L\u00f3pez pretende ir en contra de los que supuestamente lo persiguieron<\/em>\u201d. Y por qu\u00e9 no iba a hacerlo, si d\u00eda a d\u00eda aparecen m\u00e1s pruebas de que la persecuci\u00f3n en su contra, y en la de tantos otras, no fue una suposici\u00f3n sino una triste y dolorosa realidad. Pagni no puede negar que el gobierno no ha intervenido en la causa, pero igual desliza que \u201c<em>el abogado de L\u00f3pez es el de Cristina, Carlos Beraldi. Algunos suponen que Beraldi cobra de L\u00f3pez por todos los servicios. El no tiene un discurso profesional. Tiene un discurso pol\u00edtico, casi electoral<\/em>\u201d. En este caso no dice que Beraldi hace su trabajo y que eso est\u00e1 bien. Porque lo que le interesa es dejar sentado que \u201c<em>No es el gobierno de Alberto Fern\u00e1ndez el que practica el lawfare. El lawfare se privatiz\u00f3 en Crist\u00f3bal L\u00f3pez, que obtiene beneficios extraordinarios para llevar adelante la batalla oficial como si fuera la de un privado. Es otra tercerizaci\u00f3n. Tercerizamos la pol\u00edtica social, tercerizamos el corte de pasto en las autopistas y tercerizamos la persecuci\u00f3n judicial<\/em>\u201d. Hay que decirlo con la mayor claridad. Pagni est\u00e1 expresando la preocupaci\u00f3n de la derecha, que al ver el avance de las investigaciones que demuestran que esa persecuci\u00f3n judicial a la que alude existi\u00f3 y caus\u00f3 muchas v\u00edctimas, muchas de las cuales todav\u00eda sufren injusta prisi\u00f3n, quiere descalificar por anticipado cualquier resoluci\u00f3n que afecte a sus empleadores. Porque de esa manera se estar\u00eda haciendo algo que los tribunales de Comodoro Py parecen haber dejado de lado, en su gran mayor\u00eda, hace ya tiempo: estar\u00edan haciendo justicia. As\u00ed que a sembrar basura en el camino de la se\u00f1ora de ojos vendados. Una perlita para el final. \u00bfPor qu\u00e9 ser\u00eda un delito la fiesta de cumplea\u00f1os de Fabiola Y\u00e1\u00f1ez, con once participantes, y no lo ser\u00eda la de la profetisa que nunca acert\u00f3 nada, con sus setenta invitados que incluyeron a la plana mayor de la oposici\u00f3n y, atenci\u00f3n, al mismo Mario Negri que vocifera su supuesta indignaci\u00f3n contra el Presidente y pide su juicio pol\u00edtico? No es doble moral. Es inmoralidad a secas. No hay explicaci\u00f3n que valga. As\u00ed que los que se llenaron la boca con tanta denuncia hip\u00f3crita hacen lo que mejor saben. Desparraman basura.<\/p>\n\n\n\n<p><\/p>\n","protected":false},"excerpt":{"rendered":"<p>El Diccionario de la Real Academia Espa\u00f1ola tiene varios significados asignados a la palabra basura,&#8230;<\/p>\n","protected":false},"author":1,"featured_media":0,"comment_status":"open","ping_status":"open","sticky":false,"template":"","format":"standard","meta":{"footnotes":""},"categories":[17],"tags":[],"class_list":["post-428","post","type-post","status-publish","format-standard","hentry","category-contra-mitre"],"_links":{"self":[{"href":"https:\/\/luisalen.com\/index.php?rest_route=\/wp\/v2\/posts\/428","targetHints":{"allow":["GET"]}}],"collection":[{"href":"https:\/\/luisalen.com\/index.php?rest_route=\/wp\/v2\/posts"}],"about":[{"href":"https:\/\/luisalen.com\/index.php?rest_route=\/wp\/v2\/types\/post"}],"author":[{"embeddable":true,"href":"https:\/\/luisalen.com\/index.php?rest_route=\/wp\/v2\/users\/1"}],"replies":[{"embeddable":true,"href":"https:\/\/luisalen.com\/index.php?rest_route=%2Fwp%2Fv2%2Fcomments&post=428"}],"version-history":[{"count":2,"href":"https:\/\/luisalen.com\/index.php?rest_route=\/wp\/v2\/posts\/428\/revisions"}],"predecessor-version":[{"id":430,"href":"https:\/\/luisalen.com\/index.php?rest_route=\/wp\/v2\/posts\/428\/revisions\/430"}],"wp:attachment":[{"href":"https:\/\/luisalen.com\/index.php?rest_route=%2Fwp%2Fv2%2Fmedia&parent=428"}],"wp:term":[{"taxonomy":"category","embeddable":true,"href":"https:\/\/luisalen.com\/index.php?rest_route=%2Fwp%2Fv2%2Fcategories&post=428"},{"taxonomy":"post_tag","embeddable":true,"href":"https:\/\/luisalen.com\/index.php?rest_route=%2Fwp%2Fv2%2Ftags&post=428"}],"curies":[{"name":"wp","href":"https:\/\/api.w.org\/{rel}","templated":true}]}}