{"id":431,"date":"2021-09-01T22:05:00","date_gmt":"2021-09-01T22:05:00","guid":{"rendered":"https:\/\/luisalen.com\/?p=431"},"modified":"2023-02-07T21:22:55","modified_gmt":"2023-02-07T21:22:55","slug":"la-violencia-y-el-gozo","status":"publish","type":"post","link":"https:\/\/luisalen.com\/?p=431","title":{"rendered":"La violencia y el gozo"},"content":{"rendered":"\n<p>Va llegando el d\u00eda de las Primarias Abiertas, Simult\u00e1neas y Obligatorias y parece que a medida que los plazos se acortan, crecen las ansiedades de los protagonistas. Cada uno fiel a su estilo y.a sus tradiciones. As\u00ed, la derecha se vuelve d\u00eda a d\u00eda m\u00e1s violenta y abandona toda pretensi\u00f3n de convivencia democr\u00e1tica, desde el lenguaje y hasta los hechos, mientras que los candidatos del oficialismo reivindican en variadas formas aquel axioma que proclama que los d\u00edas m\u00e1s felices fueron, son y ser\u00e1n peronistas. El caso de los comicios de Corrientes, donde el radical Gustavo Valdez obtuvo un holgado triunfo que le permiti\u00f3 ser reelecto como gobernador, escapa a los razonamientos de m\u00e1s de un analista, que no logra explicar -ni explicarse- c\u00f3mo una provincia que d\u00eda a d\u00eda est\u00e1 m\u00e1s empobrecida, donde los ministros se accidentan mientras trasladan dosis de las vacunas contra el COVID vaya uno a saber d\u00f3nde, y en la que las agresiones contra los opositores al gobierno provincial fueron creciendo de tono hasta llegar al disparo que hiri\u00f3 al diputado provincial Miguel Arias, sigue votando lo mismo. El triunfo de Valdez fue aplaudido de distintas maneras por los integrantes de ese rejunte que alguna vez se llam\u00f3 Juntos por el Cambio y que cada vez aparece m\u00e1s desunido. Los radicales, envalentonados, auguran que la victoria de Valdez es el proleg\u00f3meno de la resurrecci\u00f3n del partido fundado por Alem e Yrigoyen y fundido por su actual conducci\u00f3n. Menos entusiastas, y preocupados por la posibilidad de que el resurgir de las boinas blancas sea el prefacio para la sepultura del Pro, los seguidores del alcalde porte\u00f1o corrieron a apuntalar a su vicejefe de gobierno, que para estar a la moda, se candidatea en la provincia de la que huy\u00f3 espantada la ex orgullosa de ser bonaerense. No sea cosa que el neurocandidato se alce con el primer puesto en las PASO. Los medi\u00e1ticos voceros de la derecha tambi\u00e9n se muestran desorientados y por las dudas, mientras claman por la unidad de la oposici\u00f3n aportan su granito para cada candidatura que anda suelta por el lado malo de la pol\u00edtica. Algunos advierten que ese crecimiento de los actos de violencia puede ser el germen de un descontrol peligroso. Pero presos del mandato que los obliga a culpar de todo mal al kirchnerismo, no logran dar sensatez a sus palabras. Por ejemplo, Pablo Sirv\u00e9n piensa el 29\/08\/2021 que hay que \u201c<em>Cerrar el paso a un fantasma que vuelve a agitarse<\/em>\u201d. Como frase no es mala, y si adem\u00e1s fuera una exhortaci\u00f3n a quienes se muestran cada vez m\u00e1s proclives a la agresi\u00f3n, ya no solo verbal como lo muestra el caso de Corrientes, ser\u00eda una actitud elogiable. Sirv\u00e9n dice que \u201c<em>Hay algo, al menos, en lo que se hab\u00eda avanzado: la violencia pol\u00edtica que se ense\u00f1ore\u00f3 desde fines de los a\u00f1os 60 hasta principios de los 80, qued\u00f3 atr\u00e1s, y dej\u00f3 de ser end\u00e9mica, con la recuperaci\u00f3n de la democracia en 1983<\/em>\u201d. No hay, en sus palabras, nada que recuerde qui\u00e9nes iniciaron, una y otra vez, los actos de violencia en nuestra historia. Es cierto que, como se\u00f1ala el columnista, \u201c<em>las \u00faltimas noticias no han sido nada buenas comenzando por el ataque a tiros contra el diputado del PJ Miguel Arias durante un acto de cierre de campa\u00f1a en Corrientes, donde hoy el gobernador radical Gustavo Vald\u00e9s buscar\u00e1 la victoria para acceder a un segundo mandato. Como bien se\u00f1al\u00f3 la ministra de Seguridad de la Naci\u00f3n, Sabrina Frederic, m\u00e1s all\u00e1 de que no debe ser descartada ninguna hip\u00f3tesis sobre el m\u00f3vil del atentado, que haya sucedido en pleno acto proselitista, instala un episodio de \u2018violencia pol\u00edtica\u2019, ya que Arias fue herido a la vista de todos y la situaci\u00f3n qued\u00f3 registrada por las c\u00e1maras. \u2018El contexto no deber\u00eda escapar a la investigaci\u00f3n\u2019, advirti\u00f3 Frederic<\/em>\u201d. Aunque a rengl\u00f3n seguido, Sirv\u00e9n retrocede a sus posiciones de costumbre y clama: \u201c<em>M\u00e1s antojadiza result\u00f3, en cambio, la forzada vinculaci\u00f3n que realiz\u00f3 M\u00e1ximo Kirchner entre el atentado de Corrientes y el periodismo, caballito de batalla preferido y monotem\u00e1tico del ultrakirchnerismo<\/em>\u201d. \u00bfForzada vinculaci\u00f3n? Ser\u00eda recomendable que el escriba leyera lo que se escribe d\u00eda a d\u00eda en el medio que lo emplea, o en las p\u00e1ginas de publicaciones amigas como el clarinete mentiroso. No necesitar\u00eda escarbar demasiado para encontrar las ra\u00edces de la violencia. Fiel a su cometido, aclara que \u201c<em>La que pas\u00f3 fue una semana de provocaciones tribuneras que no contribuyen, precisamente, a la concordia pol\u00edtica<\/em>\u201d, y mezcla a Luis D\u2019El\u00eda con el Pata Medina y la banda de los monos rosarinos, en un coctel que no explica c\u00f3mo fue que se produjo. Es evidente el esfuerzo por asociar al crimen organizado con el populismo, aunque sea a trav\u00e9s de figuras que no ocupan hoy escenarios centrales de la actividad pol\u00edtica. La receta usada en el 2015 contra An\u00edbal Fern\u00e1ndez todav\u00eda puede dar alg\u00fan reto, parece decir Sirv\u00e9n, que entonces advierte: \u201c<em>Narcos, barrabravas, pol\u00edtica. Ojo con esa combinaci\u00f3n explosiva. Que no sea la nueva rana que pongamos en la olla con agua a calentar hasta que hierva casi sin darnos cuenta<\/em>\u201d. Al novelero Jorge Fern\u00e1ndez D\u00edaz le preocupa que a los candidatos de su sector no se les caiga una propuesta y no se les ocurra enunciar una idea, y el&nbsp; 29\/08\/2021 se queja de la \u201c<em>Insoportable levedad de la oposici\u00f3n<\/em>\u201d. Pero Fern\u00e1ndez D\u00edaz est\u00e1 muy lejos de ser Kundera y opositor como es, se muestra tan insoportablemente leve como sus criticados. Solo se le ocurre acudir a ejemplos de otros lares, y toma a Felipe Gonz\u00e1lez, el dirigente espa\u00f1ol, y cita \u201c<em>Gonz\u00e1lez hizo una declaraci\u00f3n de principios: \u2018Yo creo que la econom\u00eda de mercado es mucho m\u00e1s eficiente que cualquier tipo de estatizaci\u00f3n\u2019, y se pronunci\u00f3 contra las \u2018utop\u00edas regresivas\u2019 de Am\u00e9rica Latina; se refer\u00eda principalmente al \u2018regresismo\u2019 kirchnerista y tambi\u00e9n al bolivariano, que le parec\u00edan respuestas erradas a desaciertos del modelo<\/em>\u201d. Fern\u00e1ndez se deslumbra f\u00e1cil y dice que \u201c<em>Provoca siempre una sana envidia escuchar a dirigentes pol\u00edticos ilustrados y resulta un tanto penoso superponerlos con los escenarios actuales de la Argentina, donde campea una indigencia intelectual alarmante y una vacuidad discursiva creciente<\/em>\u201d. Atrasa el discurso del novelero, parece un unitario mirando extasiado hacia la Europa que mandaba barcos a imponer la civilizaci\u00f3n a ca\u00f1onazos. Habr\u00eda que recordarle en qu\u00e9 terminaron esas aventuras. Por otra parte, hablar de Gonz\u00e1lez y de principios es un ox\u00edmoron. Mucho menos gracioso que Groucho Marx, el andaluz supo pasar de la izquierda socialista que rechazaba a la OTAN y a la injerencia norteamericana al alineamiento incondicional con Washington, actitud que le vali\u00f3 una canci\u00f3n de Javier Krahe que le reprochaba: \u201c<em>hombre blanco hablar con lengua de serpiente<\/em>\u201d. Volviendo la mirada a la provincia de Buenos Aires, a Fern\u00e1ndez D\u00edaz le disgusta que \u201c<em>Ning\u00fan paisano sabe muy bien qu\u00e9 diferencia hay, por ejemplo, entre votar a Manes o a Santilli: ambos son igualmente ins\u00edpidos e indoloros<\/em>\u201d. Ins\u00edpidos puede ser, pero indoloros, habr\u00eda que preguntarle a los miles de v\u00edctimas de las pol\u00edticas neoliberales que el macrismo aplic\u00f3 hace tan poco tiempo si no sufrieron dolores por esa causa. Fern\u00e1ndez D\u00edaz sigue apelando a la ilusi\u00f3n, alejada de la realidad y tan poco atractiva que provoca un rechazo inmediato, y enuncia: \u201c<em>La oposici\u00f3n, que tiene pensadores de gran val\u00eda, ha renunciado a que estos den un paso al frente y a poner sobre la mesa asuntos m\u00e1s novedosos e interesantes, y se esteriliza ahora en un mero juego de palomas y halcones, donde ya ni siquiera sabemos qui\u00e9n es qui\u00e9n<\/em>\u201d. \u00bfPensadores de gran val\u00eda? Ser\u00e1 de grandes fortunas y pocos pensamientos, que est\u00e1 poblada la oposici\u00f3n. Fortunas hechas a costa del sufrimiento popular. Sin ponerse a meditar sobre lo que ven\u00eda diciendo, el novelero lo justifica todo diciendo que \u201c<em>es tan amenazante aqu\u00ed el proyecto del kirchnerismo que eclipsa cualquier pol\u00e9mica secundaria<\/em>\u201d. O sea, ojo que si estos ganan se acab\u00f3 la idea de vivir de los dem\u00e1s. Tal vez pensando en eso el cronista del genocida Operativo Independencia, Joaqu\u00edn Morales Sol\u00e1, advierte el 29\/08\/2021 sobre \u201c<em>Un peligroso regreso a la violencia<\/em>\u201d. No es que est\u00e9 dispuesto a reflexionar sobre el discurso del odio que tantas veces han utilizado, \u00e9l y sus colegas de la <em>Tribuna de Doctrina<\/em>, sino que la violencia la ve en otras cosas. \u201c<em>Las im\u00e1genes les dan significado y sentido a las palabras. Si la foto de la fiesta cumplea\u00f1era de Olivos confirm\u00f3 las denuncias de que existe una casta gobernante privilegiada, la filmaci\u00f3n de la violenta profesora Laura Radetich corrobor\u00f3 que el kirchnerismo usa la escuela p\u00fablica para adoctrinar a j\u00f3venes<\/em>\u201d. Desinformar es a veces, como en este caso, dotar de un sentido que no tienen a ciertas informaciones. Que el Presidente y su compa\u00f1era hayan cometido el grosero error de la fiesta tan mentada no significa ni de lejos que exista una <em>casta gobernante privilegiada<\/em>. Cuando mucho prueba que Alberto Fern\u00e1ndez se equivoca y al comprender su error, pide las disculpas del caso. Nada m\u00e1s. Y que a una maestra del secundario se le suelte la cadena al escuchar la sarta de lugares comunes que el odio desparramado por los medios inculc\u00f3 en uno de sus alumnos, no prueba ni de lejos que el kirchnerismo maneje la escuela p\u00fablica para adoctrinar adolescentes. De un desafortunado episodio, porque las formas usadas por la maestra distan de ser las correctas, no se puede desprender tama\u00f1a conclusi\u00f3n. Mucho menos cuando lo que dijo -no c\u00f3mo lo dijo-, es cierto. Morales Sol\u00e1, que forma parte del personal del diario fundado por el mayor manipulador de nuestra historia, carece de la m\u00e1s m\u00ednima verg\u00fcenza cuando, olvidando adrede las andanzas de don Bartolo, dispara que \u201c<em>Radetich es profesora de Historia y Geograf\u00eda. Si manipula la historia como lo hizo con la pol\u00edtica de estos d\u00edas, la historia est\u00e1 condenada de antemano<\/em>\u201d. Epa, Joaqu\u00edn. Acaba de adjudicar a la maestra los hechos del fundador. Por las dudas, artero como de costumbre, equipara la reacci\u00f3n de la docente a un problema de salud mental. \u201c<em>As\u00ed como la profesora Radetich necesita un psiquiatra, Alberto Fern\u00e1ndez est\u00e1 necesitando un descanso. La grieta no es la construcci\u00f3n discursiva y an\u00edmica de dos grupos pol\u00edticos diferentes; es una creaci\u00f3n del cristinismo (comenz\u00f3 en 2011 cuando Cristina convoc\u00f3 al \u2018vamos por todo\u2019), que sigue cavando en ese abismo que dividi\u00f3 a la sociedad en bandos irreconciliables. Las im\u00e1genes de Radetich son una prueba irrefutable. \u00bfOtro ejemplo? M\u00e1ximo Kirchner, que acus\u00f3 a los medios period\u00edsticos por el criminal atentado a balazos contra el diputado correntino Miguel Arias<\/em>\u201d. Con qu\u00e9 liviandad manda a la gente al psiquiatra. Poco falt\u00f3 para que pidiera un chaleco de fuerza y de ser posible una lobotom\u00eda, pr\u00e1cticas que seguro le parecen aplicables, cuando si hay algo en lo que se ha avanzado en materia de salud mental es en no usar m\u00e9todos inhumanos y no creer que cualquier cosa indica falta de equilibrio ps\u00edquico. Ni qu\u00e9 hablar del resto de invenciones ya gastadas que Morales despacha. La grieta lleva demasiados a\u00f1os en nuestra historia. Moreno muriendo en alta mar, Artigas y sus diputados rechazados por el centralismo porte\u00f1o, San Mart\u00edn execrado por negarse a reprimir a los caudillos federales, Dorrego asesinado por Lavalle seg\u00fan consejos de los<em> ilustrados<\/em>, los franceses e ingleses tratando de doblegar la soberan\u00eda nacional, Chilavert asesinado tras Caseros, la cabeza del Chacho Pe\u00f1aloza exhibida por los esbirros mandados por Mitre y Sarmiento, el Paraguay de Solano L\u00f3pez desangrado, la carnicer\u00eda de Roca y sus ej\u00e9rcitos contra los pueblos originarios, el r\u00e9gimen falaz y descre\u00eddo, las persecuciones y matanzas de anarquistas en la Semana Tr\u00e1gica y la Patagonia Rebelde, la D\u00e9cada Infame, el bombardeo a la Plaza de Mayo en 1955, la dictadura fusiladora de Aramburu y Rojas, Felipe Vallese, la noche de los bastones largos, Trelew, la Triple A, la dictadura genocida y los treinta mil desaparecidos. Ah\u00ed est\u00e1 la grieta y sus causantes, siempre los mismos. Los que como Fern\u00e1ndez D\u00edaz admiran al extranjero que se lleva las riquezas de nuestros pueblos. Los que como Morales Sol\u00e1 desprecian a cualquiera que piense distinto a lo que ordenan los due\u00f1os del poder. Por las dudas, ah\u00ed est\u00e1&nbsp; Olga Fern\u00e1ndez Latour de Botas el 30\/08\/2021, rindiendo homenaje al fundador: \u201c<em>Mitre en la Isla de la Libertad<\/em>\u201d. Una serie de alabanzas al mejor estilo de los peores libros en los que se cantaban loas a los que creyeron que lo \u00fanico \u00fatil que ten\u00edan los gauchos era su sangre para servir de abono. Libros desde los que s\u00ed se adoctrinaba de la peor manera a la ni\u00f1ez y adolescencia. Libros plagados de mentiras y odios. Dice la<em> profesora <\/em>que \u201c<em>En mayo de 1844 Bartolom\u00e9 Mitre se encontraba en Montevideo. Esta ciudad, sitiada por las fuerzas porte\u00f1as del gobernador Juan Manuel de Rosas, era, en aquel mayo de 1844, el escenario de un proceso de singulares ribetes pol\u00edticos y militares, emanado de Buenos Aires, por el enfrentamiento entre el r\u00e9gimen \u2018federal\u2019 del \u2018Restaurador de las Leyes\u2019 y el partido \u2018unitario\u2019, y caracterizado, en la Banda Oriental, por una intensa lucha de partidos<\/em>\u201d. Mitre hab\u00eda huido de Buenos Aires para sumarse a los que se un\u00edan al extranjero contra su patria, esa felon\u00eda que seg\u00fan San Mart\u00edn ni el sepulcro podr\u00eda hacer desaparecer. Don Bartolo aprovechaba para pasar por artista y as\u00ed lo canta la columnista: \u201c<em>Rasgo com\u00fan a todos los poetas de aquel ciclo singular\u00edsimo, libertad era la palabra sagrada que tra\u00eda la cultura francesa; independencia la aspiraci\u00f3n a que conduc\u00eda el modelo norteamericano<\/em>\u201d. El rasgo com\u00fan de quienes escriben cosas como esta es su creencia de que solo es civilizado y culto lo que viene de otras tierras. De pa\u00edses que intentaron sojuzgar a otros por la fuerza. La cultura francesa en esos tiempos invadir\u00eda M\u00e9xico e impondr\u00eda all\u00ed un emperador austr\u00edaco. El modelo norteamericano despojar\u00eda a los mismos mejicanos de una porci\u00f3n de tierra que equivale a la superficie actual del pa\u00eds. Pero Fern\u00e1ndez de Latour no piensa hablar de eso. \u201c<em>A pocos a\u00f1os de ocurrida la Revoluci\u00f3n de los Libres del Sur y el dram\u00e1tico Grito de Dolores, el discurso de repulsa de Mitre se dirige contrastantemente a Rosas y clama por venganza para los m\u00e1rtires de su tiran\u00eda<\/em>\u201d. Los Libres del Sur fueron el antecedente m\u00e1s claro de la Sociedad Rural, estancieros que se alzaron por no poder explotar convenientemente a sus peones, que ve\u00edan como en los saladeros y las tierras de don Juan Manuel los gauchos que trabajaban cobraban un salario y eran tratados como personas y no animales. El cierre de la nota es muy claro: \u201c<em>Desde el norte hasta el sur de Am\u00e9rica, como un estremecimiento que no cesa, la lectura del poema de aquel Mitre joven, escrito bajo el cobijo fraternal de la linda Montevideo, bajo la influencia cordialmente pr\u00f3xima del libertario esp\u00edritu franc\u00e9s, vuelve a recorrer hasta nuestros d\u00edas la columna vertebral del continente para avivar la hoguera de la lucha contra todo despotismo, contra toda opresi\u00f3n del hombre por el hombre, contra toda tiran\u00eda<\/em>\u201d. La flota francesa que bloquear\u00eda Buenos Aires y se abrir\u00eda paso hacia el litoral a fuerza de ca\u00f1onazos, era <em>la influencia cordialmente pr\u00f3xima del libertario esp\u00edritu franc\u00e9s<\/em>. Suerte que existi\u00f3 la Vuelta de Obligado. Para Claudio Jacquelin, en su nota del 30\/08\/2021, el problema es \u201cAlberto Fern\u00e1ndez, a merced de todos\u201d. Aunque no son todos, como se ve en las frases que desperdiga el cronista. \u201c<em>El primer mandatario ha acumulado m\u00e9ritos con su sucesi\u00f3n indetenible de desaciertos, furcios y errores no forzados para coronar el estado de perplejidad reinante. El hiperpresidencialismo argentino resalta la desnudez del exhibicionista<\/em>\u201d. La sucesi\u00f3n indetenible no es detallada sino que, como siempre, basta la palabra del escriba. Como es norma en <strong><em>LA NACI\u00d3N<\/em><\/strong>. Para Jacquelin, \u201c<em>Fern\u00e1ndez est\u00e1 hoy a merced de Cristina y M\u00e1ximo, pero, sobre todo, de Alberto<\/em>\u201d. Siempre est\u00e1n los Kirchner para ser culpados, y a esta altura Alberto es culpable de no haberse peleado con ellos. Es curioso como cuando la violencia pol\u00edtica se hizo realmente palpable, en el balazo asestado al diputado correntino, para los seguidores de don Bartolo la cosa corre por otros carriles. M\u00e1s peligrosa que el disparo es, para ellos, la actitud de la profesora Radetich, que no lastim\u00f3 ni golpe\u00f3 ni mucho menos bale\u00f3 a nadie. \u201c<em>Aunque Leandro Santoro y Victoria Tolosa Pazocupan esos lugares por su condici\u00f3n de albertistas indudables, ambos tomaron abismal distancia de la defensa de Fern\u00e1ndez de la<\/em><a href=\"https:\/\/www.lanacion.com.ar\/politica\/sugestivo-silencio-de-los-gremios-ante-el-escandalo-de-la-docente-que-increpa-a-un-alumno-por-nid27082021\/\"><em> descontrolada profesora <\/em><\/a><em>que, abusando de su poder en un aula, descalific\u00f3 las opiniones pol\u00edticas de un alumno, hasta llegar casi al borde de la amenaza de reprobar la materia<\/em>\u201d. A ver a d\u00f3nde apunta el columnista, en su inter\u00e9s de encontrar disputas en el interior del <em>Frente de Todos<\/em>. \u201c<em>Ante la indisimulable violencia que expresan las im\u00e1genes y las palabras de la \u2018docente\u2019, la actitud de Fern\u00e1ndez result\u00f3 indefendible hasta para los propios<\/em>\u201d. Que una docente le grite a un alumno es sin dudas una actitud equivocada. De all\u00ed a encontrar en sus errados actos una <em>indisimulable violencia<\/em> hay un enorme trecho. Si Jacquelin quer\u00eda violencia, hubiera analizado lo ocurrido en Corrientes. Pero no. Vale la pena cambiar el eje. De la violencia al goce. De las pr\u00e1cticas de nuestra derecha siempre proclive a usar la fuerza contra el disidente, y a tomar por asalto las instituciones democr\u00e1ticas cuando no sirvieron a sus prop\u00f3sitos, ya nos hemos ocupado bastante. Celebremos entonces lo contrario. Lo que horroriza a las buenas almas derechosas, espantadas de que una candidata del odiado peronismo reivindique el derecho al goce sexual. Mucho peor porque se trata de una mujer. Es que Victoria Tolosa Paz puso en palabras de uso com\u00fan algo que es mucho m\u00e1s profundo que la chabacaner\u00eda con que muchos <em>comunic\u00f3logos<\/em> tomaron sus dichos. Porque frente a esa derecha que se apropia de todo y que s\u00f3lo disfruta con la violencia impuesta, desde la simb\u00f3lica hasta la concretamente f\u00edsica, debe oponerse la alegr\u00eda. La dicha de compartir un proyecto liberador, el disfrute de encontrarse en el otro y con el otro. Cuerpos que se unen no s\u00f3lo para reclamar por sus derechos tantas veces pisoteados sino para decir que la vida est\u00e1 para ser vivida en forma plena, no a escondidas y con pacater\u00eda hip\u00f3crita. Dec\u00eda con alegre claridad Mario Benedetti en uno de sus celebrados poemas: \u201c<em>Ustedes cuando aman exigen bienestar, una cama de cedro y un colch\u00f3n especial. Nosotros cuando amamos, es f\u00e1cil de arreglar. Con s\u00e1banas, qu\u00e9 bueno! Sin s\u00e1banas, da igual<\/em>\u201d. Tan amarga es nuestra derecha que no puede soportar que una mujer, candidata a diputada, hable tan francamente del sexo. Carlos Pagni, el 31\/08\/2021, se ocupa de buscarle la quinta pata al gato. Aunque el t\u00edtulo de su nota reitera discursos obsesivamente enunciados desde el mismo anuncio de la candidatura de Alberto, siempre hay una ocasi\u00f3n en las p\u00e1ginas de <strong><em>LA NACI\u00d3N <\/em><\/strong>para repetirlos \u201c<em>Alberto Fern\u00e1ndez, el t\u00edtere al que se le enredaron los piolines<\/em>\u201d. Algunas menciones al triunfo radical en Corrientes sirven como proleg\u00f3meno a lo que importa: \u201c<em>un distrito important\u00edsimo donde el Gobierno se juega la vida.<\/em><a href=\"https:\/\/www.lanacion.com.ar\/politica\/la-teoria-sobre-por-que-victoria-tolosa-paz-dijo-la-frase-sobre-el-sexo-nid30082021\/\"><em> Creo que Tolosa Paz tuvo en la provincia de Buenos Aires hay una elecci\u00f3n pr\u00e1cticamente de desconocidos. Santilli tiene un nivel de desconocimiento que supera el 30 por ciento; Tolosa Paz un porcentaje a\u00fan mayor; y Manes tambi\u00e9n. En una elecci\u00f3n important\u00edsima en que salir a decir esto de \u2018en el peronismo se garcha\u2019, en parte tambi\u00e9n para hacerse conocer\u201d.<\/em> <\/a>La provincia de Buenos Aires ocupa el centro de las preocupaciones electorales de la derecha. Y Pagni escribe desde y para esa derecha. Por eso usa el desconocimiento de la poblaci\u00f3n respecto de los candidatos de Juntos pero Desunidos como excusa para decir que a Tolosa Paz tampoco la conocen y por eso habla de sexo. Pagni obvia que es probable que a Santilli, que tiene trayectoria en la ciudad aut\u00f3noma, y a Manes, un reci\u00e9n llegado a las lides pol\u00edticas, no los conozca mucha gente. Pero Tolosa Paz es una militante de a\u00f1os, que ha sido candidata incluso en las internas para intendente de La Plata y que ven\u00eda ocupando un cargo importante en el gobierno nacional. Adem\u00e1s est\u00e1 acompa\u00f1ada por una figura descollante en la lucha contra la pandemia, como es Daniel Goll\u00e1n, que supo implementar el mejor plan de combate contra el COVID19 a partir de una vacunaci\u00f3n exitosa que es ejemplar para otras provincias. Ambos son, por otra parte, candidatos del peronismo que siempre ha tenido una fuerte base electoral en la provincia, incluso cuando fue derrotado en las urnas. \u00bfNecesitaba Tolosa Paz recurrir al sexo para hacerse conocer? Un disparate, m\u00e1s cuando la candidata ha recorrido cuanto programa la convoque, sea del medio que sea, exponi\u00e9ndose a las chicanas y agravios de sus entrevistadores y saliendo siempre airosa, con la respuesta exacta y los datos concretos que la sustenten. Que en un programa distinto, alejado de la formalidad, con un clima de simpat\u00eda y compa\u00f1erismo, haya hablado del sexo, est\u00e1 muy bien. Pagni recurre a otras fuentes y cita \u201c<em>Hay un libro de Eric Hobsbawm, historiador marxista brit\u00e1nico, que se llama Personas Extraordinarias y tiene un ensayo sobre sexualidad y pol\u00edtica. Y Hobsbawm dice que la Izquierda es m\u00e1s represiva e impone una mayor disciplina; en consecuencia, registra menos vida sexual. En cambio, la Derecha -sostiene, que no reparte tantos bienes materiales seg\u00fan \u00e9l, que es un marxista, concede las licencias carnales. Y Hobsbawm cita un dicho napolitano exquisito: \u2018La cama es la \u00f3pera del pobre\u2019. Es decir, \u2018la derecha no te da de comer pero te da cama\u2019. Que es lo que est\u00e1 diciendo Tolosa Paz en una frase escandalosa<\/em>\u201d. H\u00e1bil para tergiversar cualquier cosa, Pagni obvia que Hobsbawn habla de la izquierda cl\u00e1sica europea, y de sus luchas en una realidad muy diferente a la nuestra. Nuestras clases populares no reciben como una d\u00e1diva de la derecha su camino al goce: lo ejercen como un derecho que no les puede ser privado, como una forma m\u00e1s de rebeld\u00eda. No se trata de un mamarracho desmelenado aullando sus presuntas proezas sexuales, que m\u00e1s de uno sospecha que ocurren en soledad y a oscuras. No, es una mujer plena que reivindica su derecho, nuestro derecho, a gozar. Que la violencia no podr\u00e1 nunca con un pueblo que ama y no teme decirlo.<\/p>\n","protected":false},"excerpt":{"rendered":"<p>Va llegando el d\u00eda de las Primarias Abiertas, Simult\u00e1neas y Obligatorias y parece que a&#8230;<\/p>\n","protected":false},"author":1,"featured_media":0,"comment_status":"open","ping_status":"open","sticky":false,"template":"","format":"standard","meta":{"footnotes":""},"categories":[17],"tags":[],"class_list":["post-431","post","type-post","status-publish","format-standard","hentry","category-contra-mitre"],"_links":{"self":[{"href":"https:\/\/luisalen.com\/index.php?rest_route=\/wp\/v2\/posts\/431","targetHints":{"allow":["GET"]}}],"collection":[{"href":"https:\/\/luisalen.com\/index.php?rest_route=\/wp\/v2\/posts"}],"about":[{"href":"https:\/\/luisalen.com\/index.php?rest_route=\/wp\/v2\/types\/post"}],"author":[{"embeddable":true,"href":"https:\/\/luisalen.com\/index.php?rest_route=\/wp\/v2\/users\/1"}],"replies":[{"embeddable":true,"href":"https:\/\/luisalen.com\/index.php?rest_route=%2Fwp%2Fv2%2Fcomments&post=431"}],"version-history":[{"count":2,"href":"https:\/\/luisalen.com\/index.php?rest_route=\/wp\/v2\/posts\/431\/revisions"}],"predecessor-version":[{"id":433,"href":"https:\/\/luisalen.com\/index.php?rest_route=\/wp\/v2\/posts\/431\/revisions\/433"}],"wp:attachment":[{"href":"https:\/\/luisalen.com\/index.php?rest_route=%2Fwp%2Fv2%2Fmedia&parent=431"}],"wp:term":[{"taxonomy":"category","embeddable":true,"href":"https:\/\/luisalen.com\/index.php?rest_route=%2Fwp%2Fv2%2Fcategories&post=431"},{"taxonomy":"post_tag","embeddable":true,"href":"https:\/\/luisalen.com\/index.php?rest_route=%2Fwp%2Fv2%2Ftags&post=431"}],"curies":[{"name":"wp","href":"https:\/\/api.w.org\/{rel}","templated":true}]}}