{"id":434,"date":"2021-09-09T22:09:00","date_gmt":"2021-09-09T22:09:00","guid":{"rendered":"https:\/\/luisalen.com\/?p=434"},"modified":"2023-02-07T21:23:13","modified_gmt":"2023-02-07T21:23:13","slug":"el-miedo-a-las-urnas","status":"publish","type":"post","link":"https:\/\/luisalen.com\/?p=434","title":{"rendered":"El miedo a las urnas"},"content":{"rendered":"\n<p>Cada vez que llega el momento decisivo en que la ciudadan\u00eda concurre a depositar su voto en las urnas, nuestra derecha teme el veredicto. Ese miedo es una constante que se ha venido dando, con escasas excepciones, desde que Hip\u00f3lito Yrigoyen logr\u00f3 que Roque S\u00e1enz Pe\u00f1a promulgara la ley que establec\u00eda el voto secreto, universal y obligatorio de los varones argentinos, que para que las mujeres pudieran ejercer ese derecho faltaba todav\u00eda un buen trecho. Como sea, la victoria del caudillo de Balvanera tanto en 1916 como en 1928 demostr\u00f3 que cuando el pueblo acud\u00eda libremente a los comicios los resultados no eran los que deseaban los sectores de poder. Por eso despu\u00e9s del golpe de 1930 nuestra derecha acudi\u00f3 a la proscripci\u00f3n del yrigoyenismo y luego al fraude patri\u00f3tico, para asegurarse que las elecciones fueran solo un espect\u00e1culo para curiosos pero con un final adecuado a lo que los conservadores deseaban. 1946 y 1952 volvieron a demostrar que los comicios libres daban el triunfo a los adversarios de los due\u00f1os de la tierra, como llam\u00f3 el genial David Vi\u00f1as a nuestra oligarqu\u00eda agr\u00edcola ganadera. Por eso tras el golpe de 1955 -de nuevo en septiembre-, el peronismo fue proscripto. Las cosas de todos modos no sal\u00edan exactamente como la derecha quer\u00eda: en las elecciones para constituyentes de 1957 gan\u00f3 el voto en blanco, y en 1958 y 1963 los triunfos de Frondizi e Illia no lograron desterrar al fantasma del peronismo a su extinci\u00f3n. Por el contrario, las elecciones de 1973, tanto en marzo como en septiembre, consagraron el retorno del viejo general a la presidencia. Vino el golpe genocida, esta vez en marzo, y nuevamente las elecciones de 1983 no dieron el resultado querido. Alfons\u00edn derrot\u00f3 a un peronismo deste\u00f1ido que pag\u00f3 cara su indefinici\u00f3n sobre la cuesti\u00f3n de los derechos humanos, pero entre errores y claudicaciones no cumpli\u00f3 con aquello que la derecha le exig\u00eda, sino que termin\u00f3 enfrentado con la Sociedad Rural y sus aliados, en medio de una fenomenal hiperinflaci\u00f3n. Vendr\u00edan despu\u00e9s los a\u00f1os del menemismo, cuando la derecha entendi\u00f3 que ya que ganar las elecciones era una misi\u00f3n imposible lo que correspond\u00eda era hacerse con el candidato triunfante. Vaya si lo lograron. Diez a\u00f1os de neoliberalismo, aplaudido por Mart\u00ednez de Hoz y sus seguidores, llevaron a la Argentina al borde de un abismo al que Fernando de la R\u00faa y su Alianza terminaron por acceder en los fat\u00eddicos d\u00edas de diciembre de 2001. Despu\u00e9s vendr\u00edan los d\u00edas de N\u00e9stor y Cristina. Tantas veces anunciaron el fin del odiado kirchnerismo y tantas veces fracasaron. Hasta que lleg\u00f3 la mosca blanca. La elecci\u00f3n del 2015, en la que pusieron toda la carne al asador. Pero no las tiras cl\u00e1sicas del asado criollo. Pusieron la carne podrida, la que es alimento de carro\u00f1eros. Mintieron desde el primer mes del a\u00f1o, cuando condujeron al suicidio a un fiscal, que no pudo enfrentar las consecuencias de una denuncia falsa que lo hubiera puesto en el candelero, donde aparecer\u00edan todos sus pecados a la luz. Mintieron haciendo entrevistas a criminales pagos que calumniaron al candidato a gobernador de la provincia de Buenos Aires. Entrevistas realizadas en la casa de la denunciante estrella, que se jact\u00f3 de haber contribuido al falseamiento de la verdad. Mentiras multiplicadas por cuanto escriba pulula por las redacciones de los medios hegem\u00f3nicos, y reproducidas hasta la n\u00e1usea por los canales televisivos que responden a la clase dominante. Con un debate entre candidatos en el que el dormil\u00f3n lanz\u00f3 mentira tras otra. As\u00ed llegaron al poder, por primera vez en elecciones que con el andamiaje podrido que construyeron les permitieron triunfar. Cuatro a\u00f1os de desastres, de endeudamiento, de destrucci\u00f3n de puestos de trabajo, de cierre de f\u00e1bricas y quiebra de peque\u00f1as y medianas empresas, de abandono de la salud y la educaci\u00f3n p\u00fablicas, de consagraci\u00f3n de la pol\u00edtica represiva del gatillo f\u00e1cil. De la nueva entrega en los brazos del Fondo Monetario Internacional. De la desaparici\u00f3n forzada seguida de muerte de Santiago Maldonado y el asesinato de Rafael Nahuel. De la fuga de capitales. De la gobernadora que no abr\u00eda hospitales y que no quer\u00eda pobres en la universidad. Del vago que se tom\u00f3 m\u00e1s vacaciones que nadie y que a las siete de la tarde largaba todo para ver Netflix. Del armado de mesas judiciales con esp\u00edas, jueces, fiscales, empleados de los medios, y funcionarios de gobierno, dedicados a perseguir opositores. Del desprecio por la soberan\u00eda nacional y el abandono del reclamo por las Islas Malvinas. Y se podr\u00edan seguir enumerando calamidades. Ah\u00ed est\u00e1 todav\u00eda presa Milagro Sala. Condenada por tribunales hechos a medida por el d\u00e9spota de Jujuy. Mientras se intentaba colar jueces de la Corte Suprema mediante decretos inconstitucionales y los camaristas visitaban Olivos en busca de instrucciones. Perdieron en el 2019. Porque la gente trata de no equivocarse con lo mismo. Apostaron todo a la pandemia. Primero, despotricando contra las medidas de cuidado. Despu\u00e9s marchando contra las vacunas. Denunciando al presidente y sus ministros por envenenadores. Aullando en el Obelisco, la Plaza de Mayo, Olivos, disparate tras disparate para jugar a favor de la muerte. Se convirtieron en visitadores m\u00e9dicos de alg\u00fan laboratorio. Y nunca, por ning\u00fan motivo, dejaron de mentir, de vomitar su odio contra los sectores populares. Ahora todos los medios muestran, una vez m\u00e1s, su miedo a las urnas. No hay adivino que pueda predecir el resultado de estas Primarias Abiertas, Simult\u00e1neas y Obligatorias, pero s\u00ed se puede decir que la postura de esta derecha conservadora y retr\u00f3grada muestra la fobia que los aqueja cuando deben someterse al escrutinio popular. Que es tambi\u00e9n el desprecio que tienen por la pol\u00edtica. Buscan cada vez que pueden abrir brechas entre la ciudadan\u00eda y sus pol\u00edticos, porque para ellos el destino de la patria est\u00e1 en sus manos de gerentes de los intereses concentrados de unos pocos. No de pol\u00edticos que quieran transformar la realidad y construir un pa\u00eds solidario. De nadie que crea que puede haber justicia social, independencia econ\u00f3mica, soberan\u00eda pol\u00edtica. Eso lo quieren lejos, de ser posible sepultado en un pasado que no quieren ver renacido y pujante. Entonces vuelven a sus estrategias de siempre. Hurgan en cada archivo buscando alguna mancha que pueda perjudicar a los que no les obedecen. Se niegan a debatir el pasado reciente, porque saben que los condenar\u00eda al repudio popular. Por eso prefieren discutir una vez m\u00e1s sobre las d\u00e9cadas de lucha y represi\u00f3n que vinieron tras el golpe de 1955. Y dicen que los desaparecidos no fueron treinta mil, que no hubo genocidio, que los asesinos de uniforme o de traje salvaron la patria de la acechanza marxista, que hoy se los persigue por haber triunfado contra la subversi\u00f3n. Que los derechos humanos, y los organismos que los defienden, son nada m\u00e1s que un gran negocio. Son miserables sin remedio y no se preocupan por disimularlo. Saltan de distrito en distrito para que la gente que alguna vez los vot\u00f3 no les pida la rendici\u00f3n de cuentas. Y todav\u00eda en medio de la pandemia y su amenaza contra la salud, se vienen las elecciones. Entonces Jorge Fern\u00e1ndez D\u00edaz, devenido en novelero oficial, cree el 04\/09\/2021 haber descubierto \u201c<em>El testimonio de Rodolfo Walsh que desnuda al peronismo<\/em>\u201d. No dice nada nuevo. Cualquiera que haya estudiado la trayectoria del inmenso periodista, tan distinto a los que escriben para la Tribuna de Doctrina, sabe que comenz\u00f3 siendo muy cr\u00edtico del peronismo, para ir evolucionando hasta transformarse en un militante convencido y comprometido que luch\u00f3 por una patria sin cadenas en una Am\u00e9rica liberada. Paradigma de la dignidad del comunicador social, Walsh puso sus conocimientos al servicio de la causa nacional y popular. Descubri\u00f3 los cr\u00edmenes de la derecha y el poder, y como lo hab\u00eda hecho en sus cuentos policiales, los puso al desnudo para que todos vieran lo que realmente hab\u00eda pasado. Fue el encuentro con el horror de tanta violencia lo que lo llev\u00f3 a evolucionar en sus ideas. Claro que el novelero solo supone que \u201c<em>La experiencia revolucionaria, que Walsh aprendi\u00f3 en Cuba, fue incluso m\u00e1s decisiva en su metamorfosis pol\u00edtica que la famosa investigaci\u00f3n sobre los infames fusilamientos de Jos\u00e9 Le\u00f3n Su\u00e1rez. Su figura \u2013convertida en \u00edcono de la izquierda peronista, en ide\u00f3logo tr\u00e1gico de la organizaci\u00f3n Montoneros y en Santo Patrono del kirchnerismo\u2013 ha sido convenientemente recortada: Walsh solo alcanza la lucidez cuando se entrega al Movimiento Nacional Justicialista<\/em>\u201d. Falsa interpretaci\u00f3n, como ocurre con cada cosa que publica <strong><em>LA NACI\u00d3N<\/em><\/strong>. Cuando Walsh fue a Cuba, a participar junto con otros grandes del periodismo como Jorge Ricardo Mascetti, Rogelio Garc\u00eda Lupo y Gabriel Garc\u00eda M\u00e1rquez de la creaci\u00f3n de la agencia Prensa Latina, con la cual la isla enfrent\u00f3 el bloqueo criminal dictado por los Estados Unidos, ya ten\u00eda conciencia plena de su destino. Hab\u00eda inaugurado ese g\u00e9nero literario que mezcla los recursos del policial negro que cultivaron Hammett y Chandler con la investigaci\u00f3n period\u00edstica sobre los cr\u00edmenes del poder, en ese magn\u00edfico alegato que es <em>Operaci\u00f3n Masacre<\/em>. Fern\u00e1ndez D\u00edaz no lo dice, pero el sector que lo emplea prefiere darle el t\u00edtulo a Truman Capote y su <em>In cold blood<\/em>, escrito muchos a\u00f1os despu\u00e9s de que Walsh mostrara al mundo los asesinatos de Aramburu y Rojas. El escriba rinde tributo a sus patrones, y sostiene que en trabajos recientes sobre la figura del gran periodista, \u201c<em>se filtra el inocultable orgullo que le provocaba a Walsh haber publicado un art\u00edculo sobre la ficci\u00f3n policial en el diario LA NACI\u00d3N, y la gran admiraci\u00f3n que sent\u00eda por Borges. Habr\u00e1 que estudiar alguna vez c\u00f3mo el \u2018culto del coraje\u2019, que era apenas una melancol\u00eda ret\u00f3rica en uno, se convertir\u00eda en funesto destino para el otro<\/em>\u201d. Walsh pod\u00eda respetar la escritura de Borges. Pero sus trayectorias eran diametralmente opuestas, tambi\u00e9n en relaci\u00f3n al tema del coraje, que en Borges era solo la admiraci\u00f3n por los guapos de otros tiempos y en Walsh era la consecuencia l\u00f3gica de su compromiso pol\u00edtico. Fern\u00e1ndez D\u00edaz busca argumentos contra el peronismo y entonces dice que Walsh \u201c<em>explica que el General alcanza &lt;el poder porque interpreta las tres o cuatro aspiraciones b\u00e1sicas de las masas: mejor nivel de vida, un estatus social m\u00e1s respetable, cierta intervenci\u00f3n en el manejo de la cosa pol\u00edtica&gt;<\/em>\u201d. Parece que el folletinesco columnista no advierte que esas palabras trasuntan una aprobaci\u00f3n de Walsh a esos aspectos de la pol\u00edtica peronista. Por eso sigue buscando agua para su molino y dice que \u201c<em>Seg\u00fan Walsh, ese l\u00edder carism\u00e1tico halaga y divierte a sus seguidores: &lt;Inmensos sectores hasta entonces despreciados acuden hacia \u00e9l porque en este pa\u00eds todav\u00eda las buenas palabras suelen pesar m\u00e1s que las buenas obras. Y \u00e9l tiene una reserva inagotable de buenas palabras: no le cuestan nada. El extraordinario poder que conquista Per\u00f3n est\u00e1 edificado b\u00e1sicamente sobre la palabra&gt;\u201d.<\/em> Tampoco aqu\u00ed advierte Fern\u00e1ndez D\u00edaz que en esa frase hay un elogio, porque Walsh era alguien que trabajaba con las palabras y pod\u00eda reconocer a quien las utilizaba con sabidur\u00eda. Ocurre que al escriba no puede cerrarle nunca la figura de ese Walsh comprometido que asume sus luchas sin abandonar su amor por la literatura. Por eso cierra diciendo que \u201c<em>Walsh \u2013a quien admiramos por su inmenso talento literario, criticamos por su nefasta opci\u00f3n violenta y penamos por su horrible muerte temprana\u2013 fue parte de una generaci\u00f3n abducida por los ide\u00f3logos cubanos, que le permitieron unir nacionalismo con marxismo. Ese maridaje hizo posible Montoneros, las hogueras de la \u2018juventud maravillosa\u2019 y, m\u00e1s recientemente, el socialismo del siglo XXI y sus clones y cepas regionales<\/em>\u201d. Ah\u00ed sale a flote el odio por la pol\u00edtica, cuando ella se ejerce a favor de las grandes mayor\u00edas populares. Creer que miles y miles de militantes convencidos fueron \u201c<em>abducidos<\/em>\u201d solo puede pasar por la cabeza de alguien que s\u00ed ha entregado sus ideas, sus posiciones y hasta alg\u00fan no tan lejano pasado en manos de un poder inmisericorde al que sirve sin chistar. Como tambi\u00e9n lo hace Carlos Pagni, que el 07\/09\/2021 ubica a la situaci\u00f3n preelectoral \u201c<em>Entre la intransigencia de Mauricio Macri y el Eclipse de Cristina Kirchner<\/em>\u201d. Su columna parece analizar a las principales opciones que se presentan para las PASO, pero arranca por sus favoritos y sostiene que \u201c<em>los candidatos de Juntos por el Cambio, o de Juntos en la provincia de Buenos Aires, tratan de no mostrar al expresidente y mucho menos de defenderlo. Entonces,<\/em><a href=\"https:\/\/www.lanacion.com.ar\/politica\/mauricio-macri-cargo-contra-el-gobierno-el-kirchnerismo-inventa-relatos-nid05092021\/\"><em> Macri aparece en defensa propia, <\/em><\/a><em>y su entorno de funcionarios tambi\u00e9n interviene<\/em>\u201d. Una verdad oculta entre muchas falsedades, como siempre. Porque es cierto que muchos candidatos huyen del domador de reposeras m\u00e1s que del COVID19. Pero piensan lo mismo y est\u00e1n dispuestos a replicar sus medidas de gobierno si llegan al Congreso. El problema es que Pagni (o sus mandantes) preferir\u00edan tener una oposici\u00f3n compacta, sin divisiones internas, y al parecer no lo est\u00e1n logrando. Explica el columnista: \u201c<em>Como no son los candidatos los que reivindican como propia la gesti\u00f3n del expresidente, sale \u00e9l mismo a intervenir en una campa\u00f1a propia, o al margen de la campa\u00f1a electoral. La figura de Macri en la campa\u00f1a ha estado muy administrada por Horacio Rodr\u00edguez Larreta<\/em>\u201d. Macri, Vidal, Rodr\u00edguez Larreta son distintas formas de decir lo mismo. Es muy probable que Pagni lo tenga muy en claro, por eso pasa a ocuparse del Frente de Todos y cuenta que \u201c<em>Fern\u00e1ndez logr\u00f3, contra la voluntad de Cristina, que la candidata en la provincia de Buenos Aires sea Victoria Tolosa Paz y no Santiago Cafiero, que era lo que quer\u00eda ella<\/em>\u201d. Uno se pregunta, \u00bfc\u00f3mo sabe esto el columnista? Porque al menos p\u00fablicamente, no hubo ninguna declaraci\u00f3n de la Vicepresidenta que indique que esa era su voluntad. Cierto que estamos acostumbrados a que los escribas del pasqu\u00edn de don Bartolo presenten como hechos ciertos lo que suponen o se les ocurre, sin ofrecer prueba alguna de su veracidad. Insiste Pagni: \u201c<em>En tanto, en la Capital est\u00e1 Leandro Santoro, que no s\u00e9 si era el candidato de Cristina tampoco. Estas dos candidaturas, si terminan siendo exitosas, le van a permitir decir a Fern\u00e1ndez: \u2018De alguna manera, gane yo, porque ganaron mis candidatos\u2019. Sin embargo, va a ser muy dif\u00edcil hacer creer que \u00e9l preside este oficialismo porque Cristina tiene algo que Fern\u00e1ndez no tiene, que son los votos propios en el conurbano bonaerense<\/em>\u201d. Al menos aqu\u00ed admite que no sabe qu\u00e9 pensaba Cristina, pero s\u00ed puede anticipar lo que va a decir Alberto. De opin\u00f3logo a futur\u00f3logo. Y vuelta a la derecha: \u201c<em>hubo una arbitrariedad, que es el cambio de distrito de Diego Santilli (que se los impuso a los bonaerenses del PRO) y el de Mar\u00eda Eugenia Vidal. Con esto, lo que Larreta pretende decir es: &lt;En los dos distritos m\u00e1s importantes: donde yo gobierno y el distrito donde se juega toda la elecci\u00f3n, que es la provincia de Buenos Aires, mando yo, no manda Macri&gt;<\/em>\u201d. Arbitrariedad que no merece ser explicada de otra manera, como podr\u00eda ser que Vidal en la provincia tambi\u00e9n es mala palabra, casi como Mauricio en la Naci\u00f3n. Y que a Santilli no lo conoce nadie, por lo que todav\u00eda tampoco le pueden hacer muchos reproches. Pagni plantea uno de los dilemas de la oposici\u00f3n en la ciudad aut\u00f3noma: \u201c<em>De m\u00e1s est\u00e1 decir que, si el electorado se da cuenta de que, votando a L\u00f3pez Murphy, no entra L\u00f3pez Murphy, muchos van a pretender votar a Milei<\/em>\u201d. En realidad, entre el ex ministro de la Alianza y el mamarracho desmelenado no hay tantas diferencias, al menos en lo ideol\u00f3gico. Los dos reniegan de los derechos humanos y se hacen acompa\u00f1ar por figuras del negacionismo o de la apolog\u00eda a la dictadura. Pero es muy interesante lo que Pagni explica a continuaci\u00f3n: \u201c<em>Hoy charlaba con el director de LA NACION, Fern\u00e1n Saguier, que me dec\u00eda: &lt;A mi me interesan tres temas en esta elecci\u00f3n porque pueden ser los m\u00e1s novedosos: la abstenci\u00f3n, si hay o no; c\u00f3mo le va L\u00f3pez Murphy; y c\u00f3mo le va a Milei&gt;<\/em>\u201d. O sea, al director de la Tribuna de Doctrina le preocupa que no haya mucha gente votando, y c\u00f3mo le va a los dos candidatos antiderechos. Cosa que resulta bien demostrativa de su modo de ver el mundo. Otra vez inquieto por la desuni\u00f3n de sus candidatos, Pagni se queja: \u201c<em>No solo no nombran a Macri, sino que ni siquiera se llaman Juntos por el Cambio. Se llaman Juntos y van separados. Y este es el principal problema que inquieta a Larreta<\/em>\u201d. Tranquilo. El no mantener el nombre es para desorientar incautos. Pero el contenido es el mismo. Las inc\u00f3gnitas de Pagni: <em>\u201c\u00bfA d\u00f3nde van los votos de aquel que perdi\u00f3? \u00bfManes va a retener dentro de Juntos los votos que sac\u00f3? \u00bfLos radicales los van a retener? \u00bfO hay un electorado que votar\u00e1 a Manes porque no tolera a Santilli, al PRO, a Macri ni a todo lo que el PRO representa?<\/em>\u201d. Si hubiera un electorado as\u00ed, habr\u00eda que avisarle que vote a quien vote vota lo mismo. Vota los cuatro a\u00f1os de desgobierno que hubo entre 2015 y 2019. Todav\u00eda quedan interrogantes que aquejan al columnista. \u201c<em>Otra cuesti\u00f3n relevante es que Cristina se ha eclipsado, se ha puesto al margen. Vamos a ver qu\u00e9 dice el jueves, si logra elogiar a Alberto en algo<\/em>\u201d. Siempre est\u00e1 presente, en las p\u00e1ginas de <strong><em>LA NACI\u00d3N<\/em><\/strong>, la esperanza en la ruptura entre Cristina y Alberto. Ahora Pagni plantea cuestiones vinculadas con la econom\u00eda y dice que \u201c<em>El Fondo adem\u00e1s pide un acuerdo con la oposici\u00f3n. En ese contexto, reaparece Macri diciendo: &lt;Con este Gobierno no se puede hablar&gt;<\/em>\u201d. Cosa que le permite hacerse una nueva pregunta, y ya que estamos, dar su respuesta. <em>\u201c\u00bfA Juntos por el Cambio le conviene colaborar en que al Gobierno le vaya mejor y que el peronismo vaya unificado al 2023? Son intereses de poder, por fuera del patriotismo<\/em>\u201d. Y ac\u00e1 hay una gran verdad. Que a la derecha no le preocupa la patria sino el poder. Para terminar, un toquecito sobre otro de los temas recurrentes de los herederos de don Bartolo: \u201c<em>Por debajo de toda esta escena, aparece un tema central: la Justicia. En el Consejo de la Magistratura, en los pr\u00f3ximos 15 d\u00edas, se va a resolver nada menos que la composici\u00f3n de la C\u00e1mara Federal Penal, la de Bruglia y Bertuzzi, por d\u00f3nde pasan toda la pol\u00edtica y todas las causas de corrupci\u00f3n; y la de la C\u00e1mara Contencioso Administrativo, que tiene tambi\u00e9n un poder pol\u00edtico enorme. Adem\u00e1s de tres juzgados federales: el de Canicoba, el de Bonad\u00edo y el de Torres. Torres fue a formar parte de la Corte de la Provincia. Bonad\u00edo falleci\u00f3 y Canicoba se jubil\u00f3<\/em>\u201d. Una vez m\u00e1s corresponde aclarar que ni Bruglia ni Bertuzzi fueron seleccionados para ocupar cargos en la C\u00e1mara Federal de Apelaciones sino que ocupan esos cargos porque al macrismo se le ocurri\u00f3 que ah\u00ed serv\u00edan mejor sus intereses. Y porque la Corte dijo que no deb\u00edan estar ah\u00ed pero que se quedaran hasta que se hiciera un concurso, que efectivamente se realiz\u00f3. O sea, el Consejo est\u00e1 por cumplir con la ley. Ciertamente una novedad. Siempre en relaci\u00f3n a los comicios, Claudio Jacquelin se pregunta el 08\/09\/2021 <em>\u201c\u00bfNos toman por tontos?<\/em>\u201d. No es que se haya anticipado al discurso que la ex bonaerense Mariu pronunci\u00f3 la tarde de ese mismo d\u00eda, donde se le ocurri\u00f3 decir que \u201c<em>Esta elecci\u00f3n es sobre valores: sobre qui\u00e9n te miente y qui\u00e9n no<\/em>\u201d, con lo que si convenci\u00f3 al electorado no va a sacar ni un voto. No, para Jacquelin \u201c<em>Los biempensantes argentinos ya dieron su veredicto. Salvo para los pretendidos transgresores de siempre y los justificadores de ocasi\u00f3n, la campa\u00f1a electoral de las PASO 2021 goza de una condena generalizada. Vac\u00eda, aburrida, fr\u00edvola, berreta, bizarra, impresentable, son los adjetivos dominantes<\/em>\u201d. Por qu\u00e9 supone que las cosas son as\u00ed, no lo sabemos. En realidad, todos sus calificativos podr\u00edan aplicarse con tranquilidad a la campa\u00f1a de la oposici\u00f3n, que se neg\u00f3 sistem\u00e1ticamente a cualquier debate y que no ofreci\u00f3 ninguna propuesta al electorado, m\u00e1s que decir que van a oponerse al kirchnerismo. A lo mejor resulta cierta la admonici\u00f3n del columnista: \u201c<em>El inapelable juicio final que castiga a la propaganda y a los candidatos a la pena m\u00e1xima opera como un ansiol\u00edtico de la conciencia y la responsabilidad colectivas<\/em>\u201d. Que para terminar, nos dice que \u201c<em>No somos tan vivos ni los dem\u00e1s tan tontos. \u2018Nunca es triste la verdad, lo que no tiene es remedio\u2019, sigue cantando Joan Manuel Serrat. Y nos mira de lejos<\/em>\u201d. Unas pocas perlitas para seguir. Dice Guillermo V. Lascano Quintana el 08\/09\/2021 que hay que \u201c<em>Abrir una ventana a un futuro mejor<\/em>\u201d. Pero en su nota proclama lo contrario, porque supone que \u201c<em>Si se afianzan la fuerza gobernante y sus tent\u00e1culos sindicales, empresarios protegidos, intelectuales de pacotilla, nuestro destino seguir\u00e1 siendo la declinaci\u00f3n como sociedad, con el riesgo adicional de la p\u00e9rdida de libertades y de la rep\u00fablica<\/em>\u201d. Las ventanas del escriba siguen cerradas. Pablo Mendelevich, el 08\/09\/2021, dice que \u201cFalta poco, ya llega el silencio pol\u00edtico\u201d. Uno m\u00e1s que no aprecia ni a las elecciones ni a la pol\u00edtica, y que dice que \u201c<em>Aunque la historia electoral argentina tiene m\u00e1s de cien a\u00f1os, ser\u00eda dif\u00edcil encontrar una campa\u00f1a tan mediocre, hueca, grosera, poco entusiasta, lacerada por la indiferencia, como la que se clausura oficialmente el viernes a las 8 de la ma\u00f1ana<\/em>\u201d. Como a la historia electoral en cuesti\u00f3n ya me refer\u00ed, pasemos a lo siguiente. \u201c<em>Comicios, los de 2021, que vinieron raros. De arranque fueron postergados por ley, algo no habitual, mucho menos si las postergaciones son solo por un mes. El gobierno propici\u00f3 una quir\u00fargica alteraci\u00f3n del calendario fundamentalmente para que hubiera m\u00e1s vacunados, cosa que suceder\u00e1, pero muy lejos de la medida deseada<\/em>\u201d. A ver. Es cierto que la cifra de vacunados est\u00e1 muy lejos de la medida deseada por el escriba y sus mandantes, porque ocurre que, por ejemplo, en la provincia de Buenos Aires ya hay m\u00e1s de once millones de vacunados con la primera dosis y seis millones con las dos dosis. La Argentina est\u00e1 en el puesto dieciocho de los pa\u00edses del mundo que han aplicado vacunas a su poblaci\u00f3n. Todo lo contrario de las profec\u00edas apocal\u00edpticas de nuestra derecha. Entonces, para Mendelevich no queda otra que ir \u201c<em>A disfrutar del silencio \u2018pol\u00edtico\u2019. Todo lo contrario de lo que estallar\u00e1 el domingo a la ca\u00edda del sol, cuando comiencen a brotar en los \u2018b\u00fankeres\u2019 (otra vez esa palabra de resonancia nazi para nombrar improvisados locales electorales) euf\u00f3ricos ganadores a diestra y siniestra<\/em>\u201d. Qu\u00e9 lindo ser\u00eda un pa\u00eds sin pol\u00edticos y sin elecciones, parece querer decir, antes de cerrar anticipando que \u201c<em>Por eso todos los precandidatos y candidatos est\u00e1n preparados (\u00bfse entrenar\u00e1n?) para festejar su triunfo delante de las c\u00e1maras de televisi\u00f3n. Salvo que, para decirlo con el l\u00e9xico del disruptivo Javier Milei, resulten aplastados. \u00bfPuede ocurrir? Cualquier cosa puede ocurrir<\/em>\u201d. Tal vez guarde la esperanza rec\u00f3ndita de que el desmelenado tenga raz\u00f3n. As\u00ed que se prepara \u201c<em>A disfrutar del viernes y del s\u00e1bado<\/em>\u201d. Fernando Laborda el 08\/09\/2021 trata de averiguar \u201c<em>C\u00f3mo reaccionar\u00e1n los mercados ante el resultado electoral\u201d. Vuelve al 2019 y recuerda que \u201cel viernes previo a las elecciones, las acciones y los bonos argentinos vivieron una fiesta. Pero 72 horas despu\u00e9s, con los resultados del escrutinio en la mano, los activos argentinos se desplomaron y sufrieron una ca\u00edda hist\u00f3rica, al tiempo que el precio del d\u00f3lar inici\u00f3 un imparable ascenso. No hab\u00eda dudas sobre qui\u00e9n iba a ser el pr\u00f3ximo presidente de la Naci\u00f3n<\/em>\u201d. Como hubo un alza en estos d\u00edas de bonos y acciones, se preocupa de que la historia se repita. O sea, de que el populismo se imponga nuevamente. Por las dudas ya prepara los argumentos que lleven a la tan deseada ruptura, y dice que \u201c<em>En materia pol\u00edtica, un resultado adverso al Frente de Todos plantear\u00eda la hip\u00f3tesis de que Cristina Kirchner y La C\u00e1mpora quieran \u2018intervenir\u2019 el gobierno nacional, terminando de copar ministerios y empezando por la Jefatura de Gabinete, hoy a cargo de Santiago Cafiero<\/em>\u201d. Y refuerza sus hip\u00f3tesis sosteniendo que \u201c<em>Mientras Cristina no ha dudado en humillar en p\u00fablico al Presidente y en mostrarlo como cada vez m\u00e1s dependiente de ella misma, el primer mandatario ha venido incrementando su presencia en actos asociados a la campa\u00f1a electoral, probablemente pensando en capitalizar personalmente una eventual victoria en la provincia de Buenos Aires<\/em>\u201d. Territorio que seg\u00fan otros de los escribas del pasqu\u00edn de los Mitre-Saguier es donde la reina mal\u00e9fica se hace fuerte. Termina diciendo que \u201c<em>De lo que no hay dudas es de que ante un resultado desfavorable en las PASO, el oficialismo seguir\u00e1 barriendo problemas como el d\u00e9ficit fiscal debajo de la alfombra, con el riesgo de acelerar la emisi\u00f3n monetaria para hacer frente a las crecientes necesidades electorales y de aumentar la desconfianza<\/em>\u201d. O sea, para Laborda si gana el Frente de Todos se derrumba la econom\u00eda y si pierde tambi\u00e9n. <em>Ilusiones del viejo y de la vieja<\/em>, cantaba Gardel. Cerramos con Joaqu\u00edn Morales Sol\u00e1, que el 08\/09\/2021 nos previene sobre \u201c<em>Las crisis que nos esperan despu\u00e9s de las PASO<\/em>\u201d. Siguiendo una inveterada tradici\u00f3n de la <em>Tribuna de Doctrina<\/em>, arranca atribuyendo a los otros las costumbres propias, y muy suelto de cuerpo dice que \u201c<em>Al Gobierno le gusta crear debates falsos<\/em>\u201d. Claro que le falt\u00f3 decir que no hubo debates porque sus candidatos, los que sus due\u00f1os le marcan como elegibles, no quieren saber nada con un debate. Tal vez porque temen que les pase como al impresentable, que debati\u00f3 con Scioli en 2015 con tanta mala suerte que el debate qued\u00f3 grabado y el tiempo lo mostr\u00f3 como lo que es, un mentiroso serial. Dice el cronista del genocida Operativo Independencia que \u201c<em>El resultado del domingo es impredecible, aunque la mayor\u00eda de las encuestas se\u00f1alan una dram\u00e1tica paridad entre el oficialismo y la oposici\u00f3n. La econom\u00eda no se detendr\u00e1 en ese importante hecho pol\u00edtico<\/em>\u201d. Por las dudas, no nos cuenta cu\u00e1les ser\u00edan esas encuestas. Como sus compa\u00f1eros de tareas, mira al futuro y dice que \u201c<em>Si sucediera el fracaso electoral, la poderosa vicepresidenta les cargar\u00e1 la culpa al Presidente y a su ministro de Econom\u00eda. Solo para empezar una purga mucho m\u00e1s profunda que ya imagina<\/em>\u201d. Qu\u00e9 tipo tan interesante, Morales Sol\u00e1, que puede conocer lo que imaginan otros con los que ni habla. Despu\u00e9s viene un arranque de sinceridad y dispara: <em>\u201c\u00bfa qui\u00e9n le importa ya, casi dos a\u00f1os despu\u00e9s de que dej\u00f3 la presidencia, lo que hac\u00eda o no hac\u00eda Macri? Es solo el manual de campa\u00f1a del actual Presidente. Hablar del pasado, ignorar el presente<\/em>\u201d. Ocurre que eso le importa al pa\u00eds y su gente, que sufrieron lo que hac\u00eda, y lo que no, el fan\u00e1tico de Netflix. Despu\u00e9s dice que \u201c<em>Con el Fondo hay un problema que se nota poco. Ning\u00fan directivo del staff burocr\u00e1tico quiere firmar un acuerdo con la Argentina<\/em>\u201d. Vaya. El problema no es el feroz endeudamiento que entre el Fondo y el macrismo pactaron para someter al pa\u00eds y enriquecer a unos pocos. El problema son los bur\u00f3cratas del FMI. Donde, confiesa Morales Sol\u00e1, que \u201c<em>La influencia m\u00e1s importante es la de los Estados Unidos<\/em>\u201d. Cosa que es la m\u00e1xima esperanza de nuestra derecha. Que desde el Norte baje la orden de terminar de una buena vez con el maldito peronismo. No se ilusione, Joaqu\u00edn. Parece que a sus admirados yanquis la historia reciente no los favorece. Si no, dese una vuelta por Afganist\u00e1n. Bueno, ya est\u00e1. Solo queda esperar las PASO y esperar que el miedo de nuestra derecha a la voluntad popular expresada en las urnas sea confirmado, una vez m\u00e1s, por el resultado de los comicios.<\/p>\n","protected":false},"excerpt":{"rendered":"<p>Cada vez que llega el momento decisivo en que la ciudadan\u00eda concurre a depositar su&#8230;<\/p>\n","protected":false},"author":1,"featured_media":0,"comment_status":"open","ping_status":"open","sticky":false,"template":"","format":"standard","meta":{"footnotes":""},"categories":[17],"tags":[],"class_list":["post-434","post","type-post","status-publish","format-standard","hentry","category-contra-mitre"],"_links":{"self":[{"href":"https:\/\/luisalen.com\/index.php?rest_route=\/wp\/v2\/posts\/434","targetHints":{"allow":["GET"]}}],"collection":[{"href":"https:\/\/luisalen.com\/index.php?rest_route=\/wp\/v2\/posts"}],"about":[{"href":"https:\/\/luisalen.com\/index.php?rest_route=\/wp\/v2\/types\/post"}],"author":[{"embeddable":true,"href":"https:\/\/luisalen.com\/index.php?rest_route=\/wp\/v2\/users\/1"}],"replies":[{"embeddable":true,"href":"https:\/\/luisalen.com\/index.php?rest_route=%2Fwp%2Fv2%2Fcomments&post=434"}],"version-history":[{"count":2,"href":"https:\/\/luisalen.com\/index.php?rest_route=\/wp\/v2\/posts\/434\/revisions"}],"predecessor-version":[{"id":436,"href":"https:\/\/luisalen.com\/index.php?rest_route=\/wp\/v2\/posts\/434\/revisions\/436"}],"wp:attachment":[{"href":"https:\/\/luisalen.com\/index.php?rest_route=%2Fwp%2Fv2%2Fmedia&parent=434"}],"wp:term":[{"taxonomy":"category","embeddable":true,"href":"https:\/\/luisalen.com\/index.php?rest_route=%2Fwp%2Fv2%2Fcategories&post=434"},{"taxonomy":"post_tag","embeddable":true,"href":"https:\/\/luisalen.com\/index.php?rest_route=%2Fwp%2Fv2%2Ftags&post=434"}],"curies":[{"name":"wp","href":"https:\/\/api.w.org\/{rel}","templated":true}]}}