{"id":437,"date":"2021-09-16T22:11:00","date_gmt":"2021-09-16T22:11:00","guid":{"rendered":"https:\/\/luisalen.com\/?p=437"},"modified":"2023-02-07T21:23:31","modified_gmt":"2023-02-07T21:23:31","slug":"carroneros","status":"publish","type":"post","link":"https:\/\/luisalen.com\/?p=437","title":{"rendered":"Carro\u00f1eros"},"content":{"rendered":"\n<p>Como las aves de rapi\u00f1a, cuando huelen la sangre del herido. Como chacales que se abalanzan sobre la presa que creen indefensa. Con la carcajada de las hienas resonando en medio de un paisaje gris, casi desolado. As\u00ed nuestra derecha festeja el triunfo inesperado, ganado en la batalla que menos aprecian. Justo en las urnas a las que temen y preferir\u00edan ver guardadas para siempre. Nunca quisieron la democracia y tampoco la quieren ahora, ni siquiera en su momento victorioso. Saben que todav\u00eda falta, que haber vencido en las Primarias Abiertas, Simult\u00e1neas y Obligatorias del 12\/09\/2021 es un avance que los lleva a un territorio del que dif\u00edcilmente los puedan desalojar. Pero muchos recuerdan que en 2009 tambi\u00e9n hab\u00edan celebrado, creyendo muerto al odiado kirchnerismo, para encontrarse dos a\u00f1os despu\u00e9s con Cristina Fern\u00e1ndez de Kirchner reelecta por el mayor margen desde la vuelta de los gobiernos electos por el voto popular en 1983. Por eso preferir\u00edan asestar el golpe definitivo ahora, sin m\u00e1s esperas, no sea cosa que la fiera abatida se levante y presente batalla. Por eso a dos d\u00edas de los comicios, el clarinete mentiroso ilustraba su portada con la foto de Alberto Fern\u00e1ndez al pie del helic\u00f3ptero presidencial, clara alusi\u00f3n a la huida protagonizada por Fernando de la R\u00faa en 2001. Eso es lo que querr\u00edan, que la nave populista se hunda y que sus tripulantes se ahoguen en la marejada de votos de las PASO. Para qu\u00e9 ir de nuevo a elecciones. Que el gobierno se vaya ya y deje todo en sus manos, \u00e1vidas de nuevos endeudamientos, de m\u00e1s capitales fugados hacia sus cuentas de los para\u00edsos fiscales, de hospitales cerrados y universidades sin presupuesto, de peque\u00f1as y medianas empresas derrumb\u00e1ndose, de miles y miles de personas perdiendo sus trabajos, de jueces que con br\u00edos renovados persigan a los disidentes, inventando causas en la siniestra compa\u00f1\u00eda de esp\u00edas, empleados de medios de comunicaci\u00f3n y funcionarios que marcan el rumbo. Sue\u00f1an todav\u00eda con ver presa a la odiada Vicepresidenta y a sus seguidores. Hasta suponen que ahora s\u00ed podr\u00e1n poner un cierre definitivo al Proceso de Memoria, Verdad y Justicia y liberar a los genocidas de las c\u00e1rceles en las que ahora recuerdan sus \u00e9pocas doradas de torturas, muertes, desapariciones. Miran hacia los derrotados y los ven en su mayor\u00eda confundidos, buscando explicaciones y mirando con sospecha a sus compa\u00f1eros de ruta, como esperando ver de d\u00f3nde puede venir la pu\u00f1alada artera. Es el festival de los carro\u00f1eros. Hambrientos de revancha, tras el traspi\u00e9 del 2019. A lo sumo, se preguntan c\u00f3mo hacer para convivir con el protofascismo que se disfraz\u00f3 de libertario. No hay demasiada diferencia, salvo de estilos, entre el alcalde porte\u00f1o que se ilusiona con entrar a la Rosada en poco tiempo m\u00e1s y los alaridos del desmelenado que cree ser un nuevo Ner\u00f3n, prendiendo fuego a todo. Han ganado pr\u00e1cticamente en todo el pa\u00eds. Solo el Noroeste resisti\u00f3 la ola derechosa, aunque all\u00e1 en los l\u00edmites Jujuy sigui\u00f3 apoyando al carcelero. El Frente de Todos quiere reconstruirse, pero todav\u00eda no sabe c\u00f3mo. Las explicaciones abundan, porque la victoria tiene muchos padres pero la derrota siempre es culpa de otro. Pero es tiempo de reflexionar. La pandemia existe y puso su enorme peso en las decisiones de los votantes, pero no es el \u00fanico factor. Los v\u00f3mitos de odio con los que <strong><em>LA NACI\u00d3N<\/em><\/strong>, <em>Clar\u00edn<\/em> y sus canales y radios infectan a la opini\u00f3n p\u00fablica aportaron lo suyo, pero tampoco fueron decisorios. La clase media sigue alimentando su vocaci\u00f3n suicida y esa loca man\u00eda de elegir a sus verdugos, pero tampoco alcanza con eso para entender la derrota del gobierno en las primarias. Ese c\u00f3ctel aporta, pero es la bebida que desde siempre colma las copas de nuestra derecha. Ni siquiera Per\u00f3n en su mejor hora pudo evitar la existencia de un n\u00facleo duro y reaccionario que contra toda evidencia sigue apostando a las recetas que condenan al pa\u00eds al fracaso y a sus habitantes a la miseria y el desencanto. No. Hay que mirar hacia adentro y reconocer que hay muchas causas que confluyeron para que millones de los que en 2019 confiaron en Alberto Fern\u00e1ndez hayan decidido castigarlo en las urnas. Tal vez un primer dato surja de aquella idea que el entonces candidato lanz\u00f3 en su campa\u00f1a: la guerra con el periodismo ha terminado, dijo Alberto. Ocurre que las guerras no terminan porque uno de los contendientes as\u00ed lo crea. Terminan cuando una de las partes es derrotada. Nuestra derecha y sus medios perdieron aquellas elecciones y su candidato no logr\u00f3 perpetuarse en el sill\u00f3n presidencial que abandonaba por las reposeras que domaba en sus largas vacaciones, ni en el despacho que abandonaba presuroso para marcharse a ver series televisivas. Pero no perdieron el poder real. El campo minado que dejaban al nuevo gobierno, con una econom\u00eda en ruinas, la salud y la educaci\u00f3n p\u00fablicas reducidas a su m\u00e1s mis\u00e9rrima expresi\u00f3n, y la trampa del endeudamiento centenario, form\u00f3 un rompecabezas que todav\u00eda no se pudo, o no se supo, descifrar. Es cierto que no hubo siquiera cien d\u00edas de paz porque el COVID19 se hizo presente en nuestras vidas, como en las de cada habitante del planeta, y hubo que aprender a enfrentarlo, a partir de la experiencia terrible que fueron dejando miles y miles de contagiados y muertos. Alberto y sus ministros hicieron lo mejor que pudieron para minimizar el da\u00f1o, pero no pudieron impedirlo. Como pas\u00f3 en todos los pa\u00edses. Las vacunas llegaron, de todas partes, con mayor o menor retraso, y las campa\u00f1as de vacunaci\u00f3n se extendieron por todo el pa\u00eds, con distintos grados de eficacia. Pero no fue solo al virus al que hubo que enfrentar. Los militantes del odio se desparramaron por las plazas de todo el pa\u00eds negando la existencia de la pandemia, rechazando las vacunas con argumentos que no hubiera podido inventar ni siquiera el m\u00e1s delirante de los guionistas de esas pel\u00edculas de terror clase B que suelen impactar m\u00e1s por lo absurdo de sus tramas que por su calidad cinematogr\u00e1fica. Y si el gobierno dispon\u00eda aislamientos era inmediatamente acusado de adoptar medidas dictatoriales que avasallaban los derechos de la poblaci\u00f3n. Si no lo hac\u00eda, era el estado que abandonaba a la gente en medio del caos. Si compraba vacunas rusas o chinas, buscaba corromper a los buenos ciudadanos con el veneno comunista. Si esas vacunas no llegaban era porque no se hab\u00edan adoptado las medidas necesarias para que los argentinos las pudieran utilizar. En el medio se vacun\u00f3 primero a gente que, si bien deb\u00eda ser vacunada, salte\u00f3 los turnos oficiales para lograr su inmunizaci\u00f3n. Cuando llegaron las vacunas de otro origen, dijeron que era tarde. Y el gobierno no sab\u00eda c\u00f3mo defenderse de tanto ataque tan impiadoso como disparatado. Los formadores de precios siguieron aumentando d\u00eda a d\u00eda el costo de la canasta familiar, sin que se encontrara la medida que pusiera freno a tanto desm\u00e1n. La inflaci\u00f3n sigui\u00f3 su marcha ascendente y descontrolada. La pobreza no disminuy\u00f3, sino que es mayor ahora que antes. Los auxilios del gobierno para empresarios y pymes fueron insuficientes para detener la ca\u00edda del empleo y los cierres de comercios, y aunque la econom\u00eda lentamente se recupera, el efecto de esa recuperaci\u00f3n no llega todav\u00eda a los bolsillos de la poblaci\u00f3n. La reforma del sistema de administraci\u00f3n de justicia sigue sin llevarse a cabo y los mismos jueces con sus mismas ma\u00f1as siguen apoltronados en sus sillones, dispuestos a frenar cualquier medida que afecte los intereses de sus due\u00f1os. Un procurador interino sigue a la cabeza el Ministerio P\u00fablico Fiscal, y los cortesanos del cuarto piso de Talcahuano 550 solo se preocupan por sus disputas ego\u00edstas y cuando son llamados a resolver lo hacen siempre contra lo que ser\u00eda justo. Los que no creen en la educaci\u00f3n claman por llenar las aulas, sin preocuparse del impacto que eso tiene en la propagaci\u00f3n del virus. Y el pueblo com\u00fan ve con asombro que mientras se le aplicaban las medidas de cuidado en la quinta presidencial se festejaban cumplea\u00f1os. Que no eran festejos desmedidos, y que su n\u00famero de asistentes era muy inferior al de las festicholas de la derecha, como lo ejemplific\u00f3 la profetisa de Exaltaci\u00f3n de la Cruz con sus mariachis y los exponentes de la fauna cambiemita celebrando sus dislates. Pero que los medios se ocuparon de presentar esos cumplea\u00f1os como la muestra m\u00e1s perversa de la burla de los gobernantes hacia sus gobernados. No importan los esfuerzos que se han hecho, cuando la gente se siente frustrada y enojada. Y vota en contra de sus propios intereses. \u00bfC\u00f3mo explicar sino que cerca del 15 % de los votantes de los barrios del sur de la Ciudad y de los de menor poder adquisitivo hayan elegido a un mamarracho que vocifera que los va a dejar abandonados a la peor suerte posible, secundado por una defensora de genocidas? Un gobierno puede estar compuesto por la coalici\u00f3n de distintos sectores, pero no puede tener tantos rumbos como miembros. Hace muchos a\u00f1os que John William Cooke advirti\u00f3 que un movimiento puede ser policlasista, pero su ideolog\u00eda no. Tratando de conformar a todo el mundo se corre el riesgo de no conformar a nadie. Y no se puede esperar comprensi\u00f3n de los que quieren ver al gobierno de rodillas, ni tratar de amigos a los que no disimulan el pu\u00f1al con el que est\u00e1n dispuestos a herir de muerte a la democracia popular. Pero basta recorrer las editoriales de la <em>Tribuna de Doctrina<\/em> para advertir que vienen por todo y que no tienen ninguna contemplaci\u00f3n para con el gobierno. El 13\/09\/2021 el t\u00edtulo fue \u201c<em>El d\u00eda despu\u00e9s, en medio de un campo minado<\/em>\u201d, y los escribas del neomitrismo dictaron sus condiciones: \u201c<em>Se impone abandonar el populismo y avanzar cuanto antes hacia un plan fiscal y monetario consistente y en las reformas imprescindibles, como la laboral y la previsional, convocando a los t\u00e9cnicos m\u00e1s capaces<\/em>\u201d. El 14\/09\/2021 dieron su interpretaci\u00f3n de \u201c<em>El claro mensaje de las urnas<\/em>\u201d, que para ellos fue un rechazo a \u201c<em>el impulso oficial a la liberaci\u00f3n de peligrosos presos y de no pocos exfuncionarios procesados o condenados por corrupci\u00f3n; el af\u00e1n oficial por someter a la Justicia a sus designios en procura de impunidad para la vicepresidenta y sus testaferros<\/em>\u201d. Las mentiras de siempre, santificadas por el voto. Y el 15\/09\/2021 alertaron sobre \u201c<em>El riesgo econ\u00f3mico de la derrota pol\u00edtica<\/em>\u201d y establecieron sus rechazos y sus pretensiones: \u201c<em>Pretender parar la inflaci\u00f3n pisando el d\u00f3lar oficial se agota junto con las reservas disponibles. Congelar las tarifas de servicios es aumentar el d\u00e9ficit. El desborde del gasto y el d\u00e9ficit son el verdadero problema y deber\u00edan concentrar todo el esfuerzo en reducirlos. La gente que no vot\u00f3 al Gobierno no ha sido sensible a pol\u00edticas populistas y el pa\u00eds no debe ponerse en riesgo de un nuevo episodio hiperinflacionario. La historia ense\u00f1a, pero algunos dirigentes parecieran no aprender<\/em>\u201d. O sea, devaluemos a\u00fan m\u00e1s la moneda, recortemos cualquier ayuda social, abandonemos las pol\u00edticas de cuidado de los sectores m\u00e1s vulnerables, aumentemos las tarifas de los servicios. Lo \u00fanico rescatable de ese programa tenebroso es su final, pero habr\u00e1 que ver si los dirigentes del Frente de Todos aprendieron de este golpe y est\u00e1n dispuestos a avanzar por el sendero que trazaron en 2019. Tal vez deber\u00edan recordar aquella frase de Per\u00f3n: \u201c<em>mejor que decir es hacer, mejor que prometer es realizar<\/em>\u201d. A veces hasta los escribas del pasqu\u00edn de los Mitre-Saguier se dan cuenta de algunas cosas, como Pablo Sirv\u00e9n que el 13\/09\/2021 escribi\u00f3 que \u201c<em>En silencio, se cocin\u00f3 la rebeli\u00f3n de los votantes<\/em>\u201d, y descubri\u00f3 que \u201c<em>Ning\u00fan gobierno gana las elecciones con salarios y jubilaciones m\u00e1s bajos, inflaci\u00f3n galopante, suba de impuestos, cepos varios y d\u00f3lar levantisco<\/em>\u201d, cosa que es bastante cierta aunque el servicial Sirv\u00e9n omita decir que muchos de esos problemas los origin\u00f3 la oposici\u00f3n y el gobierno se tiene que hacer cargo de los desastres de otros. Algunos han reforzado sus recetas, envalentonados por el resultado de los comicios, y el novelero Jorge Fern\u00e1ndez D\u00edaz el 13\/09\/2021 habla de \u201c<em>El estallido silencioso de una sociedad sometida a la ficci\u00f3n de Cristina<\/em>\u201d. Siempre Cristina, central a\u00fan en la hora de la derrota. Y a pegarle a Alberto, que si est\u00e1 medio ca\u00eddo es m\u00e1s f\u00e1cil, y a Axel, sindicado como el preferido de la Vice: \u201c<em>se aprecia, sin embargo, que su artefacto de poder no funciona y que su delegado en la Casa Rosada es un gestor incre\u00edblemente torpe, y tambi\u00e9n que su gobernador preferido se ha convertido en uno de los principales mariscales de la derrota<\/em>\u201d. Otros siguen la misma huella, como Fernando Laborda que el 14\/09\/2021 ve a \u201c<em>Alberto Fern\u00e1ndez, un pato rengo en medio de un tsunami<\/em>\u201d, y fiel a lo que los sucesores de don Bartolo vienen sosteniendo desde el mismo lanzamiento de la f\u00f3rmula de los Fern\u00e1ndez en 2019, se regodea pensando que el Presidente \u201c<em>Confirm\u00f3 de ese modo su triste papel: as\u00ed como, en 2019, fue ungido por Cristina Kirchner como mascar\u00f3n de proa de un barco conducido por ella, hoy Alberto Fern\u00e1ndez ha quedado al frente del mostrador de los reclamos de los clientes, ante quienes tiene que poner la cara<\/em>\u201d. Carlos Pagni, el 14\/09\/2021, pretende hacer un \u201c<em>Examen del paisaje despu\u00e9s del hurac\u00e1n<\/em>\u201d, y envalentonado pontifica que \u201c<em>despu\u00e9s de noviembre el Gobierno, la clase pol\u00edtica, va a discutir qu\u00e9 legitimidad pol\u00edtica hay para un<\/em><a href=\"https:\/\/www.lanacion.com.ar\/politica\/alberto-fernandez-afirma-que-esta-cerca-de-sellar-el-acuerdo-con-el-fmi-nid08092021\/\"><em> acuerdo con el Fondo, <\/em><\/a><em>que implica un ajuste fiscal y monetario<\/em>\u201d. La derecha no se olvida de sus premisas e insiste con su programa: m\u00e1s y m\u00e1s ajuste. \u00bfY no ser\u00e1, acaso, que los votos que perdi\u00f3 el Frente de Todos (y que no los gan\u00f3 Juntos por no se qu\u00e9) se fueron porque sintieron que sufr\u00edan un ajuste? Por si quedaban dudas, de su an\u00e1lisis cree que se desprende como camino a seguir que \u201c<em>la \u00fanica opci\u00f3n es m\u00e1s grieta, no menos grieta, como quer\u00eda Rodr\u00edguez Larreta, como propuso cuando inaugur\u00f3 las sesiones en la Legislatura. De hecho, el eslogan en la campa\u00f1a de Juntos por el Cambio en las \u00faltimas semanas fue \u2018basta\u2019. \u00bfDe qu\u00e9? De kirchnerismo<\/em>\u201d. Pagni martilla sobre las mismas cuestiones de siempre: \u201c<em>La otra pregunta que hay que hacerse cuando cambia el viento es qu\u00e9 pasa con los jueces, conComodoro Py,expertos en percibir cambios de orientaci\u00f3n en el pa\u00eds. Vienen juicios orales importantes. Hay comentarios con mordacidad y picard\u00eda entre los jueces. Algunos se preguntan si el juez Daniel Obligado y la jueza Gabriela L\u00f3pez I\u00f1iguez, a los que llaman neo k, que son del tribunal oral que tiene que juzgar el Memor\u00e1ndum con Ir\u00e1n, se sienten afectados por este resultado<\/em>\u201d. No hay que equivocarse con esto. La derecha est\u00e1 mandando su mensaje. Les dice a los jueces \u201c<em>ojo, que ganamos. A ver qu\u00e9 hacen con Cristina ahora<\/em>\u201d. Pagni es el portavoz, por eso tambi\u00e9n extiende sus palabras a quienes tienen que ver con el manejo del Poder Judicial: \u201c<em>El otro tema es el Consejo de la Magistratura, donde se van a elegir los miembros de la C\u00e1mara Federal penal, que es el tribunal donde pasan los casos de corrupci\u00f3n, superiores a los jueces de primera instancia. En el Consejo de la Magistratura hay dos consejeros cuyo voto todav\u00eda no se defini\u00f3 en relaci\u00f3n con c\u00f3mo va a ser esa C\u00e1mara, si va a ser m\u00e1s kirchnerista o m\u00e1s bien tamizada. Se trata del juez Juan Manuel Culotta y de la senadora Giacoppo del radicalismo, de Jujuy. \u00bfIncide en algo en el voto de ellos este resultado de ayer? Es otra inc\u00f3gnita de la elecci\u00f3n<\/em>\u201d. Claro que si uno mirara las cosas con otro cristal, podr\u00eda pensar que antes de noviembre habr\u00e1 que activar las cosas, completar las vacantes en el fuero federal, avanzar con las investigaciones en marcha sobre la <em>mesa judicial <\/em>y la corrupci\u00f3n del macrismo. Que se perdieron unas primarias, no el gobierno. Mientras Claudio Jacquelin, el 15\/09\/2021 piensa que estamos ante \u201c<em>Una interna convertida en crisis institucional<\/em>\u201d, y como siempre, apunta contra la mano oculta de Cristina tratando de condicionar a Alberto. Detr\u00e1s de las renuncias del gabinete de ministros (algo que ocurre, por ejemplo, en cualquiera de las democracias occidentales tan alabadas por los escribas de <strong><em>LA NACI\u00d3N<\/em><\/strong> cuando el gobierno pierde unas elecciones), el columnista entiende que est\u00e1 la reina mal\u00e9fica complotando para hacerse de todo el poder. Y lo pone en palabras: \u201c<em>Cristina Kirchner y La C\u00e1mpora obligan as\u00ed al Presidente a resolver lo que \u00e9l no quer\u00eda hacer. \u2018Pon\u00e9 orden\u2019 sigue siendo la orden. De Pedro termin\u00f3 por hacer realidad todas las se\u00f1ales que la vicepresidenta y las figuras que mejor la representan (Alicia Kirchner, Axel Kicillof y Andr\u00e9s \u2018Cuervo\u2019 Larroque) le hab\u00edan enviado a Fern\u00e1ndez en las \u00faltimas 24 horas y que Fern\u00e1ndez se rehusaba a aceptar<\/em>\u201d. Joaqu\u00edn Morales Sol\u00e1 pretende ser m\u00e1s contundente, y en su nota del 15\/09\/2021 proclama que \u201c<em>La guerra interna solo ha comenzado<\/em>\u201d. Vuelve a sus comienzos, cuando era el cronista de los militares genocidas que conduc\u00edan el Operativo Independencia, y cree ver movimientos b\u00e9licos en el Frente de Todos. Ah\u00ed est\u00e1n los contendientes: \u201c<em>La vicepresidenta empuja una renovaci\u00f3n inmediata del gabinete para no repetir el 14 de noviembre el papel\u00f3n electoral del \u00faltimo domingo<\/em>\u201d. De un lado, Cristina con toda su artiller\u00eda. \u201c<em>Alberto Fern\u00e1ndez sabe que se agot\u00f3 parte de su equipo gobernante, pero no cree que este sea el momento de grandes cambios<\/em>\u201d. Del otro el Presidente. Pareciera que Joaqu\u00edn espera el estallido que hunda sin remedio el proyecto frentista y que haga abandonar cualquier esperanza de repunte. Y trabaja para eso. Por eso sostiene que \u201c<em>Esta es una de las pocas veces que el peronismo debe administrar la penuria sin d\u00f3lares y sin viento a favor. Sin talento, tambi\u00e9n. Debe aceptarse que a las pol\u00edticas equivocadas se le suma la ineptitud para administrar las cuestiones b\u00e1sicas del Estado<\/em>\u201d. Para bien o para mal, al peronismo siempre le toca administrar las penurias. Habr\u00e1 que ver c\u00f3mo hace ahora esta versi\u00f3n encabezada por Alberto. Casi con euforia, Morales Sol\u00e1 dice que \u201c<em>La cr\u00edtica m\u00e1s severa de los peronistas es contra La C\u00e1mpora y su l\u00edder y creador, M\u00e1ximo Kirchner. El camporismo vivi\u00f3 en los \u00faltimos dos a\u00f1os su mayor momento de esplendor pol\u00edtico. La ca\u00edda que se anuncia podr\u00eda ser muy r\u00e1pida<\/em>\u201d. M\u00e1s que una informaci\u00f3n parece una expresi\u00f3n de deseos, que realza atribuyendo a la lapicera de M\u00e1ximo el armado de las listas bonaerenses. Lo cual contradice todo lo que el cronista vino sosteniendo hasta antes de los comicios, cuando dec\u00eda que Cristina no quer\u00eda a estos candidatos. Pero bueno, ser coherente en sus columnas es algo que no preocupa en lo m\u00e1s m\u00ednimo a Morales. Que no se priva de lanzar una advertencia a la oposici\u00f3n, no sea cosa que se duerma en los laureles y permita el renacer del enemigo: \u201c<em>A la oposici\u00f3n le bastaba con existir, con perdurar unida, como opci\u00f3n a un oficialismo muy rechazado. Pero tambi\u00e9n es hora de que terminen las internas, porque la interna, que son las primarias, ya termin\u00f3. La oposici\u00f3n no est\u00e1 compitiendo contra un partido ni contra una coalici\u00f3n; su competencia es con el Estado en manos del kirchnerismo<\/em>\u201d. Est\u00e1 claro cu\u00e1l es el sue\u00f1o recurrente de la derecha, desde el 2003 y hasta ahora. Terminar con el kirchnerismo. Nadie puede sostener que esa hora haya llegado. Porque como el ave f\u00e9nix, cada vez que lo dieron por muerto el kirchnerismo renaci\u00f3 de sus cenizas y sigui\u00f3 dando batalla. Que la historia reciente sirva como ejemplo. Que el gobierno entienda que para llegar al objetivo planteado hay que ir hacia adelante. Que no sienta que ya no tiene fuerzas. Que siga el ejemplo de las Madres de Plaza de Mayo, siempre dispuestas a luchar incluso la m\u00e1s desigual de las peleas. Y atenci\u00f3n. La democracia no es s\u00f3lo el ejercicio del voto. Una democracia que se olvide de los derechos humanos no es democracia. En estas elecciones, el resultado arroja un peligro cierto. Que las y los negacionistas, las y los defensores de los genocidas, lleguen al Congreso. Y que junto a los dem\u00e1s carro\u00f1eros se abalancen sobre los restos de la democracia. Alerta. Para que eso no pase, para que el pasado no se repita. Porque todav\u00eda estamos vivos los que no olvidamos, no perdonamos y no nos reconciliamos.<\/p>\n","protected":false},"excerpt":{"rendered":"<p>Como las aves de rapi\u00f1a, cuando huelen la sangre del herido. Como chacales que se&#8230;<\/p>\n","protected":false},"author":1,"featured_media":0,"comment_status":"open","ping_status":"open","sticky":false,"template":"","format":"standard","meta":{"footnotes":""},"categories":[17],"tags":[],"class_list":["post-437","post","type-post","status-publish","format-standard","hentry","category-contra-mitre"],"_links":{"self":[{"href":"https:\/\/luisalen.com\/index.php?rest_route=\/wp\/v2\/posts\/437","targetHints":{"allow":["GET"]}}],"collection":[{"href":"https:\/\/luisalen.com\/index.php?rest_route=\/wp\/v2\/posts"}],"about":[{"href":"https:\/\/luisalen.com\/index.php?rest_route=\/wp\/v2\/types\/post"}],"author":[{"embeddable":true,"href":"https:\/\/luisalen.com\/index.php?rest_route=\/wp\/v2\/users\/1"}],"replies":[{"embeddable":true,"href":"https:\/\/luisalen.com\/index.php?rest_route=%2Fwp%2Fv2%2Fcomments&post=437"}],"version-history":[{"count":1,"href":"https:\/\/luisalen.com\/index.php?rest_route=\/wp\/v2\/posts\/437\/revisions"}],"predecessor-version":[{"id":438,"href":"https:\/\/luisalen.com\/index.php?rest_route=\/wp\/v2\/posts\/437\/revisions\/438"}],"wp:attachment":[{"href":"https:\/\/luisalen.com\/index.php?rest_route=%2Fwp%2Fv2%2Fmedia&parent=437"}],"wp:term":[{"taxonomy":"category","embeddable":true,"href":"https:\/\/luisalen.com\/index.php?rest_route=%2Fwp%2Fv2%2Fcategories&post=437"},{"taxonomy":"post_tag","embeddable":true,"href":"https:\/\/luisalen.com\/index.php?rest_route=%2Fwp%2Fv2%2Ftags&post=437"}],"curies":[{"name":"wp","href":"https:\/\/api.w.org\/{rel}","templated":true}]}}