{"id":439,"date":"2021-09-24T22:22:00","date_gmt":"2021-09-24T22:22:00","guid":{"rendered":"https:\/\/luisalen.com\/?p=439"},"modified":"2023-02-07T21:23:48","modified_gmt":"2023-02-07T21:23:48","slug":"cartas-sobre-la-mesa","status":"publish","type":"post","link":"https:\/\/luisalen.com\/?p=439","title":{"rendered":"Cartas sobre la mesa"},"content":{"rendered":"\n<p>El resultado de las Primarias Abiertas, Simult\u00e1neas y Obligatorias del 12\/09\/2021 produjo ciertas consecuencias que fueron recibidas de distinta manera, como siempre ocurre, por los diferentes espacios que se mueven en la pol\u00edtica nacional. Como ya ocurriera en otras ocasiones, lo m\u00e1s significativo se dio a partir de la publicaci\u00f3n de una nueva carta de la Vicepresidenta Cristina Fern\u00e1ndez de Kirchner. Una vez m\u00e1s, sus palabras sirvieron para definir los caminos a tomar por el Frente de Todos, en un momento en que otros de sus integrantes parec\u00edan seguir en estado de shock y sin poder comprender qu\u00e9 hab\u00eda ocurrido en ese domingo negro. Ratificando su centralidad en la escena pol\u00edtica, Cristina sostuvo que \u201c<em>durante el a\u00f1o 2021 tuve 19 reuniones de trabajo en Olivos con el Presidente de la Naci\u00f3n. Nos vemos all\u00ed y no en la Casa Rosada a propuesta m\u00eda y con la intenci\u00f3n de evitar cualquier tipo de especulaci\u00f3n y operaci\u00f3n medi\u00e1tica de desgaste institucional. En las primeras 18 reuniones, la \u00faltima de ellas el 07\/09\/2021, siempre le plantee al Presidente lo que para m\u00ed constitu\u00eda una delicada situaci\u00f3n social y que se traduc\u00eda, entre otras cosas, en atraso salarial, descontrol de precios -especialmente en alimentos y remedios- y falta de trabajo, sin desconocer, obviamente, el impacto de las dos pandemias: la macrista primero y la sanitaria a los 99 d\u00edas de haber asumido el gobierno. Igualmente siempre remarqu\u00e9 la falta de<\/em> <em>efectividad en distintas \u00e1reas de gobierno\u201d<\/em>.  Agreg\u00f3 que \u201c<em>se\u00f1al\u00e9 que cre\u00eda que se estaba<\/em> <em>llevando a cabo una pol\u00edtica de ajuste fiscal equivocada que estaba impactando negativamente en la actividad econ\u00f3mica y, por lo tanto, en el conjunto de la sociedad y que, indudablemente, esto iba a tener consecuencias electorales. No lo dije una vez\u2026 me cans\u00e9 de decirlo\u2026 y no s\u00f3lo al Presidente de la Naci\u00f3n. La respuesta siempre fue que no era as\u00ed, que estaba equivocada y que, de acuerdo a las encuestas, \u00edbamos a ganar \u2018muy bien\u2019 las elecciones<\/em>\u201d. Dijo que confiaba \u201c<em>sinceramente, que con la misma fuerza y convicci\u00f3n que enfrent\u00f3 la pandemia, el Presidente no solamente va a relanzar su gobierno, sino que se va a sentar con su Ministro de Econom\u00eda para mirar los n\u00fameros del presupuesto<\/em>\u201d y concluy\u00f3 con un recuerdo y una exhortaci\u00f3n \u201c<em>Cuando tom\u00e9 la decisi\u00f3n, y lo hago en la primera persona del singular porque fue realmente as\u00ed, de proponer a Alberto Fern\u00e1ndez como candidato a Presidente de todos los argentinos y las argentinas, lo hice con la convicci\u00f3n de que era lo mejor para mi Patria. S\u00f3lo le pido al Presidente que honre aquella decisi\u00f3n\u2026 pero por sobre todas las cosas, tomando sus palabras y convicciones tambi\u00e9n, lo que es m\u00e1s importante que nada: que honre la voluntad del pueblo argentino<\/em>\u201d. Un documento claro, donde Cristina puso en blanco sobre negro su pensamiento acerca de las razones de la derrota electoral y los caminos que deb\u00edan transitarse para superarla en los comicios definitivos del 14 de noviembre pr\u00f3ximo. Por supuesto, el coro de profetas del desastre que pulula por los medios de los due\u00f1os del poder estall\u00f3 con una alharaca propia de una reuni\u00f3n de cuervos enloquecidos que olfatearan un bot\u00edn largamente codiciado: la ruptura del Frente de Todos. Se acab\u00f3 la farsa de la unidad, gritaron hasta enronquecer. El odiado kirchnerismo fue r\u00e1pidamente indicado como el causante del quiebre de la coalici\u00f3n de gobierno y todos esperaron que el Presidente Alberto Fern\u00e1ndez se independizara, de una vez y para siempre, de la perversa influencia de la reina mal\u00e9fica. Pero por el contrario, la carta de Cristina oper\u00f3 en los \u00e1nimos de los integrantes del Frente como un calmante que permiti\u00f3 a Alberto reacomodar las piezas de su gabinete, recurriendo a figuras de indiscutible peso pol\u00edtico y con experiencia de gesti\u00f3n. Los mismos n\u00fameros del resultado de las PASO comenzaron a escudri\u00f1arse bajo otros prismas, y qued\u00f3 en claro que m\u00e1s que un triunfo de la oposici\u00f3n lo que ocurri\u00f3 fue una p\u00e9rdida de una determinante masa de votantes que no reiteraron el voto que hab\u00edan depositado en el ya lejano 2019. Porque las cifras son muy claras. El Frente de Todos obtuvo en las PASO de agosto de 2019 12.205.085 votos. Para las elecciones de octubre de 2019, esa suma se increment\u00f3 levemente, y el Frente lleg\u00f3 a 12.946.037 votos, equivalentes al 48,24% de los votos positivos de esos comicios. Por su parte Juntos por el Cambio obtuvo en agosto de 2019 8.121.596 votos, que aumentaron en octubre del mismo a\u00f1o a 10.811.586 votos, un porcentaje del 40.28% de los sufragios positivos. El Frente de Izquierda y de los Trabajadores obtuvo en las PASO de 2019 723.128 votos, que bajaron en octubre a 579.228, correspondientes al 2,16%. En estas PASO del 12\/09\/2021, el Frente de Todos descendi\u00f3 a 6.863.835 votos, correspondientes al 31.03% del total.&nbsp; Por su parte, Juntos por el Cambio descendi\u00f3 a 8.958.643 votos, que corresponden al 40,50% del total. El Frente de Izquierda y de los Trabajadores sum\u00f3 1.294.499 votos, por un 5,85% del total. Los votos en blanco, que en las PASO de 2019 sumaron 882.633 para bajar en octubre a 441.503, el 1,60%, sumaron este a\u00f1o 832.622, un 3,7%. En 2019, en las PASO, votaron 24.659.333 electores, que ascendieron en octubre de ese a\u00f1o a 27.529.590, mientras que el 12\/09\/2021 solo votaron 22.765.590 personas. De esas cantidades se desprenden algunas conclusiones. Juntos por el Cambio, si se lo mide de PASO a PASO, aument\u00f3 unos 800.000 votos, pero si se lo compara con las definitivas, perdi\u00f3 1.900.000 votos. El Frente de Todos, de PASO a PASO, perdi\u00f3 poco m\u00e1s de 5.340.000 votos. Es peor si se hace la comparaci\u00f3n con las definitivas de octubre de 2019, ya que la p\u00e9rdida es de 6.082.000 votos. Por el contrario, el Frente de Izquierda aument\u00f3 de PASO a PASO 571.000 votos, y de las definitivas de octubre de 2019 al 12\/09\/2021 su crecimiento fue de algo m\u00e1s de 715.000 votos. De PASO a PASO los votos en blanco fueron m\u00e1s o menos similares, pero si se mide de octubre de 2019 a septiembre de 2021, son 391.000 votos m\u00e1s. Agreguemos que de PASO a PASO hubo 1.893.000 votos menos en 2021, cantidad que asciende a 4.764.000 si se mide de octubre 2019 a septiembre 2021. En definitiva, las dos fuerzas principales perdieron votos de octubre de 2019 a septiembre de 2021 (m\u00e1s el Frente de Todos que Juntos por el Cambio), a lo que hay que agregar que baj\u00f3 notablemente el n\u00famero de votantes , y aumentaron los votos en blanco y los del Frente de Izquierda. Nada que indique que estas cifras se van a reiterar el 14\/11\/2021, lo que quiere decir que no es una elecci\u00f3n cerrada, y que el gobierno puede mejorar su performance si es que encuentra el rumbo que parece no haber tenido claro hasta ahora. El tono de tragedia definitiva con el que los medios de la derecha celebraron la derrota del populismo puede ser m\u00e1s una expresi\u00f3n de deseos que un an\u00e1lisis certero. Claro que a nuestra derecha la realidad y la verdad le importan muy poco. Solo los gu\u00eda un ansia voraz de incrementar sus ganancias y un desprecio brutal por la democracia que se transforma en un rechazo instintivo por todo lo nacional y popular. Entonces sus escribas siguen destilando odio y mintiendo sin pudor. Ah\u00ed va&nbsp;Jorge Fern\u00e1ndez D\u00edaz, que el 19\/09\/2021 se ilusiona con encontrar <em><a href=\"https:\/\/www.lanacion.com.ar\/opinion\/un-peronismo-de-derecha-para-salvar-la-ropa-nid18092021\/\">\u201cUn peronismo de derecha para salvar la ropa\u201d<\/a><\/em>. Parece una broma de mal gusto que justo un columnista de la <em>Tribuna de Doctrina<\/em> use un tono cr\u00edtico para tildar de derecha a una fuerza pol\u00edtica, pero el novelero exprime su pobre imaginaci\u00f3n y entonces supone que \u201c<em>La carta de Cristina Kirchner ten\u00eda por objeto apartarse de la cat\u00e1strofe y definir un \u00fanico culpable \u2013Alberto\u2013 y tambi\u00e9n un \u00fanico tema de disputa p\u00fablica: el salario real<\/em>\u201d. Debe haber le\u00eddo otra misiva, porque no hay ni \u00fanicos culpables ni \u00fanicas razones de la derrota en la carta de la Vicepresidenta. No importa. El folletinesco personaje insiste en sus suposiciones, de las que jam\u00e1s ofrece alguna m\u00ednima prueba de que puedan acercarse a lo realmente acontecido, y dice que&nbsp; \u201c<em>Hab\u00eda que salvar el \u00fanico capital en el que creen los kirchneristas, m\u00e1s all\u00e1 de sus suntuosas mansiones: el capital simb\u00f3lico. Del que Cristina y sus delfines piensan vivir muchas d\u00e9cadas, as\u00ed como de la breve prosperidad del 45 lucr\u00f3 Juan Per\u00f3n toda su vida<\/em>\u201d. A ver. Cristina podr\u00eda haberse retirado tranquilamente a disfrutar de la belleza patag\u00f3nica y a ser reconocida por los logros de su gobierno. Pero prefiri\u00f3 continuar en la lucha pol\u00edtica, fiel a su instinto militante, y sufri\u00f3 todo tipo de agravios y persecuciones, desplegados por la impiadosa derecha que sue\u00f1a con verla presa y humillada. Ni qu\u00e9 decir del exilio que sufri\u00f3 Per\u00f3n por m\u00e1s de diecisiete a\u00f1os, en los cuales fue acusado de cuanta cosa pudo inventar el cerebro calenturiento del gorilismo vern\u00e1culo. Extra\u00f1a idea del lucro, la del novelero. Que se la agarra con el nuevo gabinete, y encuentra \u201c<em>Un gobierno emparchado, una tregua hasta noviembre con una suerte de campa\u00f1a \u2018juntos pero no revueltos\u2019 puede ser una salida para dos figuras fr\u00e1giles que se odian y necesitan. Y que en las horas m\u00e1s duras han ido a buscar a los veteranos m\u00e1s curtidos y de peor reputaci\u00f3n para una misi\u00f3n dif\u00edcil de siete semanas. Un gabinete vintage para salvar la ropa<\/em>\u201d. Cuando los cagatintas de <strong><em>LA NACI\u00d3N<\/em><\/strong> hablan de figuras de <em>peor reputaci\u00f3n<\/em> generalmente aparece An\u00edbal Fern\u00e1ndez, una bestia negra para el pasqu\u00edn de los Mitre-Saguier y sus primos del clarinete mentiroso. Por ah\u00ed pulula la pitonisa de Exaltaci\u00f3n de la Cruz, que se enfurece y el 20\/09\/2021, mientras la entrevista el inefable Morales Sol\u00e1, ruge que \u201c<em>Lo de<a href=\"https:\/\/tn.com.ar\/tags\/anibal-fernandez\/\"> An\u00edbal Fern\u00e1ndez <\/a>es como la vuelta de un monstruo alica\u00eddo. \u00c9l conoce todas las mafias, yo sostengo que es parte<\/em>\u201d<em>. <\/em>Por si acaso alg\u00fan desprevenido no lo sabe, las operaciones montadas por Elisa Carri\u00f3 y sus secuaces contra el antiguo y nuevo Ministro de Seguridad terminaron todas en la nada. Los que desde la propia casa de la acusadora serial hab\u00edan acusado al quilme\u00f1o terminaron por confesar que hab\u00edan mentido por un precio, lo cual no impide a la frecuentadora de la embajada seguir con sus falaces imputaciones. Que del texto de la Constituci\u00f3n se desprenda que nadie es culpable hasta que haya sido condenado por una sentencia firme, es algo que para la Carri\u00f3 no tiene importancia, como tampoco la tiene para su entrevistado, capaz de decir que An\u00edbal ya ha sido condenado por la opini\u00f3n p\u00fablica, la misma infectada por las mentiras desparramadas por los medios para los que trabaja. Carlos Pagni, el 21\/09\/2021, cree que estamos frente a \u201c<em>Un gobierno psicod\u00e9lico<\/em>\u201d. Pero no es que a partir de ahora Alberto y sus funcionarios vayan a sonar como Pink Floyd en sus mejores momentos, sino que el servicial escriba dice advertir en el Frente de Todos \u201c<em>Un dise\u00f1o en el cual Cristina Kirchner puso un delegado en la Casa Rosada como presidente, pero adem\u00e1s, un delegado que nos quiere hacer creer que piensa distinto de ella. Lo \u00fanico que puede<\/em> <em>surgir de ese experimento es incertidumbre para todos, inclusive para los que son<\/em> &#8211;<em>usando una palabra muy peronista- conducidos. Y tambi\u00e9n para los votantes<\/em>\u201d. La misma cantinela que se viene escuchando desde agosto de 2019. El Presidente t\u00edtere manejado por la Vicepresidenta mal\u00e9vola. Lo que sigue se desprende de esa definici\u00f3n: \u201c<em>lo que estamos viendo es la consecuencia de eso: una vicepresidenta egoc\u00e9ntrica, mandona. Hay que leer<a href=\"https:\/\/www.lanacion.com.ar\/politica\/la-carta-de-cristina-que-alberto-fernandez-obedecio-punto-por-punto-nid18092021\/\"> la carta\u201d. <\/a><\/em>Bueno, algo es cierto. Hay que leer la carta, aunque no en la clave que usa Pagni, que para apoyar sus relatos recurre a personajes de la derecha regional y nos cuenta que \u201c<em>Julio Mar\u00eda Sanguinetti, el gran l\u00edder uruguayo, dice: \u2018El poder normalmente est\u00e1 arriba. Puede estar afuera, nunca debe estar abajo\u2019. Arriba es lo normal. El que tiene los votos es presidente y manda. Afuera no es tan habitual, pero podemos ver el caso de Lula y Dilma en Brasil, donde el que tiene los votos no es el presidente. O el caso de \u00c1lvaro Uribe e Iv\u00e1n Duque en Colombia; el caso de Hip\u00f3lito Yrigoyen y Marcelo Torcuato de Alvear, o el caso de Juan Domingo Per\u00f3n y H\u00e9ctor C\u00e1mpora. Lo que no puede suceder es que el poder est\u00e9 abajo, que el segundo le d\u00e9 \u00f3rdenes al primero. Eso no puede suceder en el Estado ni en ninguna organizaci\u00f3n, porque termina siendo enloquecedor<\/em>\u201d. O sea, Sanguinetti dice lo mismo que Pagni y con tan poca certeza como este. Que le atribuye al uruguayo ciertos poderes cabuleros, y advierte que \u201c<em>Sanguinetti va a dictar una conferencia este jueves, en el Malba, sobre Barradas. Dicho sea de paso, lleg\u00f3 en el a\u00f1o \u201887, tras las elecciones de septiembre, cuando Ra\u00fal Alfons\u00edn perdi\u00f3 a manos de Antonio Cafiero la provincia de Buenos Aires, y tambi\u00e9n perdi\u00f3 en casi todo el pa\u00eds. Vino tambi\u00e9n en el a\u00f1o \u201897, a dar una conferencia sobre Torres Garc\u00eda, justo cuando hab\u00eda perdido Carlos Menem las legislativas. Los oficialismos deber\u00edan anotar cuando viene Sanguinetti a la Argentina a hablar de pintura, casi que es un aviso de que van a perder<\/em>\u201d. Uno casi que se pregunta a qu\u00e9 viene tan seguido el ex presidente de los colorados orientales. Pero Pagni lo usa para explicar sus presunciones, y dice que \u201c<em>Lo que dice Sanguinetti sobre el poder es la clave del fracaso de este experimento pol\u00edtico<\/em>\u201d. Sostiene tambi\u00e9n que \u201c<em><a href=\"https:\/\/www.lanacion.com.ar\/politica\/por-que-cristina-kirchner-es-la-dirigente-mas-debil-segun-hernan-reyes-nid19092021\/\">Cristina Kirchner es una persona exasperada por la derrota. P<\/a>ara los Kirchner, el poder es una dimensi\u00f3n medular de la vida<\/em>\u201d. Por las dudas y para que nadie se olvide, Pagni atiende al gobernador bonaerense, y dice que \u201c<em>Es mucho m\u00e1s importante la presencia de Insaurralde en el gabinete de Kicillof que la de Manzur en el gabinete de Alberto Fern\u00e1ndez. Primero, porque el gabinete de Kicillof es el de Cristina. Esto es un l\u00edmite no para Alberto, es un l\u00edmite para Cristina. Si hay una Cristina que limita a Alberto, hay un peronismo que limita a Cristina<\/em>\u201d. En su carta, Cristina reafirm\u00f3, por si hubiera alguna duda, su pertenencia pol\u00edtica y sus lealtades:&nbsp; \u201c<em>Fui, soy y ser\u00e9 peronista<\/em>\u201d. Los l\u00edmites, por ahora, son pura fantas\u00eda de Pagni, que pasa al gobierno nacional y se las agarra con el nuevo Jefe de Gabinete: \u201c<em>Juan Manzur, cuyo nombre a lo primero que est\u00e1 asociado es a denuncias de fraude en Tucum\u00e1n. No a la denuncia sobre la quema de urnas en agosto de 2015, que fue un episodio particular en un pueblo donde no se sabe bien qui\u00e9n quem\u00f3 la urna. Si no a la denuncia sobre irregularidades en las elecciones por las cuales \u00e9l lleg\u00f3 al poder. Los manejos en la Junta Electoral, las acusaciones de fraude, todas fueron llevadas a la Justicia, sin que pase nada<\/em>\u201d. Al parecer, Pagni no est\u00e1 tan seguro de lo que vaya a pasar en noviembre, y entonces ya empieza a sembrar dudas y sospechas, no sea cosa que el monstruo populista renazca. Y remata: \u201c<em>La<a href=\"https:\/\/www.lanacion.com.ar\/politica\/elisa-carrio-sobre-anibal-fernandez-es-como-la-vuelta-del-monstruo-alicaido-nid20092021\/\"> otra presencia inquietante e<\/a>s la de An\u00edbal Fern\u00e1ndez, en un gobierno que busca ganar como sea<\/em>\u201d. A ocuparse el Ministro de Seguridad, aunque sea solapadamente: \u201c<em>Para algunos miembros del Gobierno las cuestiones ideol\u00f3gicas, las cuestiones celebradas de conquista de derechos, en las que la moral se cruza con la pol\u00edtica, pasan a ser asuntos folkl\u00f3ricos frente a la urgencia del poder<\/em>\u201d. Ocurre que contra lo que desliza el servicial escriba, las conquistas de derechos que mostraron una clara l\u00ednea ideol\u00f3gica en los gobiernos de N\u00e9stor y Cristina, tuvieron la presencia de An\u00edbal Fern\u00e1ndez en alg\u00fan puesto de gobierno. A Pagni lo que le importa es decir que \u201c<em><a href=\"https:\/\/www.lanacion.com.ar\/politica\/el-regreso-de-anibal-fernandez-de-interventor-en-rio-turbio-a-ministro-de-seguridad-nid17092021\/\">An\u00edbal viene de R\u00edo Turbio al ministerio de Seguridad a garantizar el orden p\u00fablico. L<\/a>o hace en un momento en el cual el Gobierno sospecha que, como se est\u00e1 disolviendo la relaci\u00f3n entre los pobres y el peronismo, puede haber tensi\u00f3n social. Viene a ser el jefe de la Gendarmer\u00eda, adem\u00e1s del custodio de las urnas<\/em>\u201d. \u00bfSospechas de futuras represiones, sembradas justo por el escriba del pasqu\u00edn fundado por Bartolo, siempre dispuesto a aplaudir cualquier violencia que se ejerza sobre los sectores populares? Y otra vez, la cuesti\u00f3n de las urnas. Como al pasar, deja caer la idea de futuros fraudes. Mientras, Joaqu\u00edn Morales Sol\u00e1, el 21\/09\/2021, se despacha con que hay ahora \u201c<em>Una pospandemia prematura y electoral<\/em>\u201d. Caramba. Se pasaron quej\u00e1ndose de cuanta medida adopt\u00f3 el gobierno para cuidar la salud del pueblo, y acusaron al Presidente de actuar como un dictador. Y ahora, la queja es por todo lo contrario: \u201c<em>La Argentina fue el pa\u00eds con la cuarentena m\u00e1s larga y estricta del mundo para enfrentar la peste del Covid-19. Ayer se convirti\u00f3 en el primer pa\u00eds de Am\u00e9rica Latina en declarar una virtual pospandemia. La decisi\u00f3n es electoral y peligrosamente prematura<\/em>\u201d. Ahora aflojar las restricciones es peligroso y prematuro. Queda claro que lo que motiva al cronista del genocida Operativo Independencia es atacar al gobierno, sea lo que sea lo que hace o deja de hacer. No s\u00f3lo es contra el gobierno nacional: \u201c<em>El gobernador de Buenos Aires, Axel Kicillof, pas\u00f3 de ser el talib\u00e1n del encierro y el cierre de escuelas a ser el abanderado de la liberaci\u00f3n total, al extremo de establecer clases los d\u00edas s\u00e1bados<\/em>\u201d. De reclamar airadamente por la apertura de las escuelas en los peores momentos de circulaci\u00f3n del COVID19, a quejarse porque se abren cuando se llevan varias semanas de baja de los contagios. No es la \u00fanica contradicci\u00f3n en la que incurre don Joaqu\u00edn, que durante los meses que lleva la pandemia levant\u00f3 como pocos la bandera del desprecio a los cient\u00edficos. Ahora descubre que \u201c<em>El principal consejo de los cient\u00edficos consiste en no embestir torpemente contra las medidas de cuidado y precauci\u00f3n que se demostraron eficientes<\/em>\u201d. Bueno, Morales Sol\u00e1 y toda nuestra derecha se la pas\u00f3 embistiendo torpemente contra las medidas de cuidado y ahora sigue haci\u00e9ndolo, contra las medidas que disminuyen los controles. Pero los repudiados de ayer hoy son puestos en otros campos. Y dice Morales, sin nada que sostenga sus dichos, que \u201c<em>Los cient\u00edficos argentinos levantaron la guardia ayer. Discrepaban con las decisiones de Vizzotti, pero confiaban en sus n\u00fameros. No les sucede lo mismo con los n\u00fameros de Manzur. \u00bfY si el Gobierno escondiera los n\u00fameros de contagios y muertes del coronavirus hasta despu\u00e9s de las elecciones?<\/em>\u201d.&nbsp; Acostumbrado a las mentiras de sus patrones, Joaqu\u00edn cree que todos son iguales. Y a riesgo de parecer aburrido de tanto reiterar sus ataques infundados, insiste con que \u201c<em>Los argentinos se vacunaron en gran medida con vacunas de segunda categor\u00eda, como la rusa Sputnik V y la china Sinopharm<\/em>\u201d. No se sabe d\u00f3nde adquiri\u00f3 certificado de calificador de vacunas don Morales, lo que queda claro es su afici\u00f3n por propagandizar las que se fabrican en los Estados Unidos, y por eso dispara: \u201c<em>Entretenido con el ajedrez ideol\u00f3gico, el Gobierno se alej\u00f3 de las tres mejores vacunas del mundo, seg\u00fan todas las mediciones internacionales, que son Pfizer, Moderna y Johnson &amp; Johnson<\/em>\u201d. Tal vez le parezca mejor el 4 de julio que el 9 del mismo mes. Como An\u00edbal es una de las fijaciones de la <em>Tribuna de Doctrina<\/em>, la Editorial del 22\/09\/2021 habla de \u201c<em>Narcotr\u00e1fico: el futuro en juego<\/em>\u201d. Lo que no queda claro a esta altura es cu\u00e1l es el futuro que preocupa al editorialista, que s\u00ed tiene en claro a qui\u00e9n atacar: \u201c<em>En ese siniestro contexto y frente a la desafortunada designaci\u00f3n de An\u00edbal Fern\u00e1ndez como ministro de Seguridad de la Naci\u00f3n, el mismo que hizo desaparecer durante a\u00f1os las estad\u00edsticas del crimen en el pa\u00eds cuando sosten\u00eda eufem\u00edsticamente que la inseguridad era solo una sensaci\u00f3n y durante cuya anterior gesti\u00f3n la Argentina pas\u00f3 de ser un pa\u00eds de tr\u00e1nsito de droga a producirla, la realidad indica que el Gobierno no est\u00e1 dispuesto a combatir este flagelo. Es harto conocido el turbio curr\u00edculum del flamante viejo funcionario, plagado de fracasos en la lucha contra el narcotr\u00e1fico y hasta sospechado de haberlo facilitado en gestiones con delincuentes<\/em>\u201d. Una sarta de falsedades enhebradas una a continuaci\u00f3n de otra. Porque el modelo de seguridad que aplauden en el diario de Mitre es el de la saltimbanqui defensora del gatillo f\u00e1cil y las operaciones sucias, y que venga An\u00edbal y descarte de movida nom\u00e1s a las Taser tan elogiadas por el staff represor del macrismo no es una buena se\u00f1al. S\u00ed lo es para quienes quieren un modelo de seguridad democr\u00e1tica. Para el final dejamos a Jorge Ossona, que el 22\/09\/2021 habla de \u201c<em>La extensi\u00f3n silenciosa del republicanismo popular<\/em>\u201d. Ossona integra el Club Pol\u00edtico, cueva de funcionarios macristas y pensadores de la derecha m\u00e1s ranciamente reaccionaria, y cuando mira los cambios que a su juicio la pandemia provoc\u00f3 en el comportamiento social, presume que \u201c<em>Todos estos cambios fueron captados err\u00e1ticamente por el oficialismo. As\u00ed lo reflejaba una candidata \u2018careta\u2019 que apelaba al v\u00ednculo natural entre el goce er\u00f3tico y \u2018el peronismo\u2019. O el proyecto de despenalizaci\u00f3n del consumo de la marihuana, que motiv\u00f3 el repudio de referentes y vecinos adultos atentos a la trivializaci\u00f3n de aquello que sol\u00eda ser el punto de partida de un camino de dif\u00edcil retorno y desenlace casi siempre fatal<\/em>\u201d. Lo que parece err\u00e1tico y sin fundamentos l\u00f3gicos es el discurso del columnista. Porque mezcla los dichos de la candidata bonaerense del Frente de Todos con un debate que hace ya un tiempo se viene dando en el seno de la sociedad, y que por ahora es nada m\u00e1s que el anuncio de un proyecto que deber\u00e1 recorrer los caminos legislativos pertinentes. Sin demasiado an\u00e1lisis, advierte que \u201c<em>si bien la mayor\u00eda de los oficialismos lograron esforzados triunfos, perdieron cientos de miles de electores \u2018duros\u2019 entre abstenciones o votos opositores<\/em>\u201d. Cosa que se desprende de las cifras de los comicios. A continuaci\u00f3n empieza a predicar: \u201c<em>Desde hace por lo menos un lustro, algunos pensadores han esgrimido la idea de un cambio cultural de fondo resultante de constatar el entusiasmo comprometido de ciudadanos libres en fiscalizar comicios previendo maniobras espurias del poder corrupto y autoritario: el republicanismo popular<\/em>\u201d. Sabemos la calidad de los <em>pensadores<\/em> de nuestra derecha, y ya se los ha escuchado cacarear acerca de ese supuesto <em>republicanismo popular<\/em>, rara avis que no cree en el funcionamiento democr\u00e1tico de ninguna de las instituciones de una rep\u00fablica y que desprecia lo popular. Ossona vuelve a los comicios y dice que el resultado \u201c<em>fue un pronunciamiento dirigido no solo al Gobierno, sino a la dirigencia pol\u00edtica en general. Aquella que algunos denominan ret\u00f3ricamente \u2018la casta\u2019. Un t\u00e9rmino sin duda ret\u00f3rico aunque elocuente de otro no menos evidente: el de una \u2018clase pol\u00edtica\u2019 que se recluye sobre sus intereses a espaldas de una realidad social de gravedad sin precedente<\/em>\u201d. Uno podr\u00eda estar de acuerdo con alguna de esas afirmaciones, pero lo malo es que tienen un tufillo a los disparates del desmelenado aullante que generan un inmediato rechazo. En resumen. La derecha sigue en lo mismo de siempre. Le alcanza para mantener a su caudal de votos. Es al gobierno, que por ahora parece m\u00e1s una alianza que reparte sectores de poder que una coalici\u00f3n encolumnada tras un programa claro, a quien le corresponde comenzar a transitar con firmeza el camino prometido en el 2019. Las cartas est\u00e1n echadas y hay que animarse a jugarlas.<\/p>\n","protected":false},"excerpt":{"rendered":"<p>El resultado de las Primarias Abiertas, Simult\u00e1neas y Obligatorias del 12\/09\/2021 produjo ciertas consecuencias que&#8230;<\/p>\n","protected":false},"author":1,"featured_media":0,"comment_status":"open","ping_status":"open","sticky":false,"template":"","format":"standard","meta":{"footnotes":""},"categories":[17],"tags":[],"class_list":["post-439","post","type-post","status-publish","format-standard","hentry","category-contra-mitre"],"_links":{"self":[{"href":"https:\/\/luisalen.com\/index.php?rest_route=\/wp\/v2\/posts\/439","targetHints":{"allow":["GET"]}}],"collection":[{"href":"https:\/\/luisalen.com\/index.php?rest_route=\/wp\/v2\/posts"}],"about":[{"href":"https:\/\/luisalen.com\/index.php?rest_route=\/wp\/v2\/types\/post"}],"author":[{"embeddable":true,"href":"https:\/\/luisalen.com\/index.php?rest_route=\/wp\/v2\/users\/1"}],"replies":[{"embeddable":true,"href":"https:\/\/luisalen.com\/index.php?rest_route=%2Fwp%2Fv2%2Fcomments&post=439"}],"version-history":[{"count":2,"href":"https:\/\/luisalen.com\/index.php?rest_route=\/wp\/v2\/posts\/439\/revisions"}],"predecessor-version":[{"id":441,"href":"https:\/\/luisalen.com\/index.php?rest_route=\/wp\/v2\/posts\/439\/revisions\/441"}],"wp:attachment":[{"href":"https:\/\/luisalen.com\/index.php?rest_route=%2Fwp%2Fv2%2Fmedia&parent=439"}],"wp:term":[{"taxonomy":"category","embeddable":true,"href":"https:\/\/luisalen.com\/index.php?rest_route=%2Fwp%2Fv2%2Fcategories&post=439"},{"taxonomy":"post_tag","embeddable":true,"href":"https:\/\/luisalen.com\/index.php?rest_route=%2Fwp%2Fv2%2Ftags&post=439"}],"curies":[{"name":"wp","href":"https:\/\/api.w.org\/{rel}","templated":true}]}}