{"id":442,"date":"2021-09-30T22:24:00","date_gmt":"2021-09-30T22:24:00","guid":{"rendered":"https:\/\/luisalen.com\/?p=442"},"modified":"2023-02-07T21:24:13","modified_gmt":"2023-02-07T21:24:13","slug":"fraude-patriotico","status":"publish","type":"post","link":"https:\/\/luisalen.com\/?p=442","title":{"rendered":"Fraude patri\u00f3tico"},"content":{"rendered":"\n<p>El<a href=\"https:\/\/es.wikipedia.org\/wiki\/5_de_abril\"> <\/a><a href=\"https:\/\/es.wikipedia.org\/wiki\/5_de_abril\">5 de abril<\/a><a href=\"https:\/\/es.wikipedia.org\/wiki\/5_de_abril\"> <\/a>de<a href=\"https:\/\/es.wikipedia.org\/wiki\/1931\"> <\/a><a href=\"https:\/\/es.wikipedia.org\/wiki\/1931\">1931,<\/a><a href=\"https:\/\/es.wikipedia.org\/wiki\/Jos%C3%A9_F%C3%A9lix_Uriburu\"> <\/a><a href=\"https:\/\/es.wikipedia.org\/wiki\/Jos%C3%A9_F%C3%A9lix_Uriburu\">Jos\u00e9 F\u00e9lix Uriburu,<\/a> aquel dictador que admiraba tanto lo prusiano que en son de burla, quienes lo conoc\u00edan lo llamaban \u201c<em>Von Pepe<\/em>\u201d, decidi\u00f3 pulsar el \u00e1nimo del electorado luego del golpe que hab\u00eda desalojado a Hip\u00f3lito Yrigoyen de la presidencia, y convoc\u00f3 a los comicios en los que se elegir\u00edan gobernador y vice de la provincia de Buenos Aires. La Uni\u00f3n C\u00edvica Radical present\u00f3 la f\u00f3rmula Honorio Pueyrred\u00f3n-Mario Guido, que triunf\u00f3 con casi el 50 % de los votos. Entonces Uriburu anul\u00f3 las elecciones, furioso porque el pueblo parec\u00eda empecinado en elegir lo que no deb\u00eda. Ya hab\u00eda dado muestras de su ning\u00fan amor por la democracia, cuando hab\u00eda encomendado a Mat\u00edas S\u00e1nchez Sorondo, su Ministro del Interior, que redactara una nueva ley en reemplazo de la <em>Ley S\u00e1enz Pe\u00f1a,<\/em> que en 1912 hab\u00eda establecido el voto secreto, universal y obligatorio de los varones argentinos. Tambi\u00e9n, su gobierno hab\u00eda utilizado en forma sistem\u00e1tica a la tortura contra los opositores pol\u00edticos, anarquistas, comunistas y radicales yrigoyenistas, entusiastamente aplicada por la Secci\u00f3n de Orden Pol\u00edtico de la<a href=\"https:\/\/es.wikipedia.org\/wiki\/Polic%C3%ADa_Federal_Argentina\"> <\/a><a href=\"https:\/\/es.wikipedia.org\/wiki\/Polic%C3%ADa_Federal_Argentina\">Polic\u00eda de la Capital,<\/a> que&nbsp; comandaba Leopoldo Lugones, el hijo del poeta que hab\u00eda proclamado <em>la hora de la espada<\/em>, y que pasar\u00eda a la historia como el introductor de la picana el\u00e9ctrica entre los materiales usados por los torturadores. No contento con la marcha de las cosas, <em>Von Pepe <\/em>decidi\u00f3 que, para las elecciones presidenciales, no podr\u00eda participar la f\u00f3rmula radical que integraban Marcelo T. de Alvear y Adolfo G\u00fcemes. Incluso Alvear fue detenido y expulsado del pa\u00eds. Tampoco esa soluci\u00f3n satisfac\u00eda los anhelos del dictador, que tem\u00eda que la gente decidiera apoyar a Lisandro de la Torre y Nicol\u00e1s Repetto, la f\u00f3rmula de los dem\u00f3cratas progresistas y parte del socialismo. El candidato oficial era Agust\u00edn P. Justo, a quien acompa\u00f1aba Julio Argentino Roca (h), y que representaban a un engendro electoral en el que conviv\u00edan los dem\u00f3cratas conservadores, los radicales antipersonalistas y los socialistas independientes, bajo el r\u00f3tulo de la <em>Concordancia<\/em>. Entonces a los <em>dem\u00f3cratas <\/em>se les ocurri\u00f3 la soluci\u00f3n, e implementaron el <em>fraude patri\u00f3tico<\/em>, un sistema mediante el cual gran n\u00famero de votantes se enteraban, al llegar al lugar de los comicios, que otros ya hab\u00edan votado por ellos. Y guay de quejarse, so pena de terminar en las mazmorras nada po\u00e9ticas de Lugones hijo. Muchos a\u00f1os despu\u00e9s uno de los impulsores de este sistema, que perdur\u00f3 en las elecciones de esos a\u00f1os que Jos\u00e9 Luis Torres acertadamente denomin\u00f3 <em>la d\u00e9cada infame<\/em>, reconocer\u00eda esa pr\u00e1ctica como un error. En 2009, Mariano Grondona, por esos d\u00edas habitual columnista de <strong><em>LA NACI\u00d3N<\/em><\/strong>, public\u00f3 un libro al que titul\u00f3, con m\u00e1s de esperanza que de an\u00e1lisis pol\u00edtico, \u201c<em>El Poskirchnerismo: La pol\u00edtica de las nuevas generaciones<\/em>\u201d. En esas p\u00e1ginas, cont\u00f3 que una vez hab\u00eda entrevistado a Emilio J. Hardoy, a quien calificaba como <em>un notable conservador<\/em>, y que Hardoy le hab\u00eda reconocido que \u201c<em>Nosotros, los conservadores, trajimos el jinete del fraude<\/em>\u201d. En 1992, al cumplirse el cincuentenario de la muerte de Marcelo T. de Alvear, Hardoy pronunci\u00f3 un discurso en el que confes\u00f3: \u201c<em>Vengo a pedir perd\u00f3n p\u00fablicamente por el fraude electoral que cerr\u00f3 el paso al poder a ese gran ciudadano que fue Marcelo de Alvear<\/em>\u201d. Claro que el arrepentimiento de Hardoy poco ten\u00eda que ver con convicciones democr\u00e1ticas: el <em>notable conservador <\/em>se quejaba de que ese fraude termin\u00f3 por abrir paso al peronismo, un demonio mucho peor que lo que representaba el alvearismo. Ustedes se preguntar\u00e1n a qu\u00e9 vienen estos recuerdos. Ocurre que en estos d\u00edas, no satisfechos con el resultado obtenido en las Primarias Abiertas, Simult\u00e1neas y Obligatorias del 12\/09\/2021, los modernos herederos de aquellos golpistas y conservadores parecen temerosos de que la ciudadan\u00eda advierta que al castigar al gobierno de Alberto Fern\u00e1ndez termina autoflagel\u00e1ndose y decida optar nuevamente por los candidatos del Frente de Todos en los comicios definitivos del pr\u00f3ximo 14 de noviembre. As\u00ed es que se largaron a vociferar, por anticipado, que el odiado kirchnerismo va a cometer fraude en los comicios en cuesti\u00f3n. Arranc\u00f3 la saltimbanqui cultora del gatillo f\u00e1cil, proclamando a los gritos que&nbsp; \u201c<em>no tenemos que dejar que nos den vuelta la elecci\u00f3n<\/em>\u201d para lo cual la oposici\u00f3n piensa crear un Comit\u00e9 Jur\u00eddico \u201c<em>para que no se usen los fondos p\u00fablicos a favor del partido de gobierno, para que no se usen los medios p\u00fablicos a favor del partido de gobierno, para que no se usen las bases de datos, protegidas por la ley de datos<\/em>\u201d, como explic\u00f3 la ex funcionaria que todav\u00eda no rindi\u00f3 cuentas por las muertes de Santiago Maldonado y Rafael Nahuel. Lo grotesco de esta propuesta es que quienes fueron justamente imputados de incurrir en esas conductas fueron Horacio Rodr\u00edguez Larreta, acusado por Facundo Manes de usar los fondos p\u00fablicos de la ciudad aut\u00f3noma, y de quien se recuerdan los acuerdos escandalosos con personajes como Fernando Niembro o Luis Majul, y Mar\u00eda Eugenia Vidal, bajo cuyo mandato aparecieron los falsos aportantes a la campa\u00f1a de Cambiemos, cuya denuncia duerme todav\u00eda en un limbo sin imputados pero con tantas personas que siguen figurando como afiliadas a un partido con el cual no comparten nada. Como la trayectoria p\u00fablica de la ministra que baj\u00f3 las jubilaciones un 13% autoriza a suponerla incapaz de sutileza alguna, hay que concluir que debe haber le\u00eddo en alguna parte que hay denuncias por estas cosas e inmediatamente aull\u00f3 contra el futuro fraude populista. Total, los medios hegem\u00f3nicos r\u00e1pidamente corren en auxilio de cualquier disparate. As\u00ed lo hicieron en el clarinete mentiroso, donde el 26\/09\/2021 Mart\u00edn Bravo anunciaba que \u201c<em>Juntos por el Cambio pone en marcha un \u2018comit\u00e9\u2019 para denunciar clientelismo y delitos electorales<\/em>\u201d. Se ve que Bravo no tiene la m\u00e1s m\u00ednima idea de qui\u00e9nes votan en las elecciones de nuestro pa\u00eds, y para qu\u00e9 votan. Demostrando su ignorancia en la materia, muy suelto de cuerpo denunci\u00f3 que en las PASO \u201c<em>en algunos distritos como Malvinas Argentinas y Tigre llegaban boletas de Juntos para extranjeros -sin la categor\u00eda para diputado nacional-<\/em>\u201d. En otros tiempos, el maestro le hubiera colocado las pertinentes orejas de burro para mandarlo al rinc\u00f3n en penitencia. Porque cualquiera m\u00ednimamente informado sabe que los extranjeros no votan en la categor\u00eda de diputados nacionales. Con lo que queda claro que lo raro hubiera sido que las boletas para extranjeros incluyeran a los candidatos para diputados nacionales. Todo vale para acusar de fraude al peronismo. Aunque se trate de una burrada de este calibre. No es la \u00fanica en que incurrieron los voceros de nuestra derecha cavernaria. Carlos Pagni, el 28\/09\/2021, sostuvo que \u201c<em>Del relato de Cristina Kirchner solo queda la heladera<\/em>\u201d. En la tem\u00e1tica de profetizar el fraude futuro, se formul\u00f3 una pregunta \u201c<em>que es la pregunta acerca de si el oficialismo est\u00e1 dispuesto a todo. \u00bfA todo qu\u00e9 es? \u00bfTambi\u00e9n al fraude? Habl\u00e9 con dos dirigentes del peronismo no kirchnerista este fin de semana. Un dirigente importante del norte del pa\u00eds y un dirigente importante del conurbano bonaerense. \u00bfHay alguna posibilidad de que haya trampa hoy en la Argentina o es una fantas\u00eda?<\/em>\u201d. Como siempre, las identidades de los supuestos dirigentes del peronismo permanecen en una nebulosa propia de los personajes de fantas\u00eda. Es el estilo Pagni. R\u00e1pidamente el servicial escriba ofrece la respuesta a su inquietud: \u201c<em>Esa persona que milita en el conurbano bonaerense, que es un dirigente muy importante del peronismo all\u00ed, sostiene que hasta un 4 por ciento de la elecci\u00f3n se puede dar vuelta no juntando votos sino contando votos. Eso quiere, decir comprando fiscales<\/em>\u201d. Uno lee eso e inmediatamente lo asalta una duda. \u00bfHabr\u00e1 votado Pagni alguna vez? Porque si lo hizo, debe haber advertido que para una maniobra de esas caracter\u00edsticas habr\u00eda que comprar una inmensa cantidad de fiscales. Aclaremos. En cada mesa de votaci\u00f3n, adem\u00e1s de las autoridades concurren fiscales de las fuerzas que compiten. Ejercen de esa forma un control cruzado. Simplemente a t\u00edtulo de hip\u00f3tesis, ofrezcamos una mesa supuesta, donde est\u00e1 el presidente de mesa y su segundo, acompa\u00f1ados de los fiscales partidarios que representan al Frente de Todos, a Juntos por el Cambio, al Frente de Izquierda y de los Trabajadores y al que representa la lista del melenudo aullante. Para dar vuelta el resultado, hay que comprar a todas esas personas. \u00bfSe imaginan reparti\u00e9ndose dineros a cambio de votos a personajes tan dis\u00edmiles y enfrentados como esos cuatro fiscales? Que en las pasadas PASO fueron muchos m\u00e1s, porque en las listas en que hab\u00eda competencia hab\u00eda un fiscal por cada candidato. O sea, lo postulado por Pagni, que dice haberlo escuchado del peronista fantasma, es un imposible. Segunda respuesta que publica el columnista: \u201c<em>queda una segunda instancia en ese proceso, que es frente a la justicia electoral. Esto me lo explicaba gente acostumbrada a fiscalizar, que est\u00e1 cerca de la operaci\u00f3n. No s\u00e9 si los que me contaron esto alguna vez lo hicieron, pero hay una posibilidad de comprar al fiscal \u2018mayorista\u2019, que despu\u00e9s de la elecci\u00f3n est\u00e1 en el escrutinio provisorio frente a la junta electoral y si se le pone plata puede cambiar la planilla de la elecci\u00f3n<\/em>\u201d. Una vez m\u00e1s Pagni miente. Porque decir que fantasea es creer que cay\u00f3 en una trampa que le tendieron para hacerle publicar gansadas. No, Pagni es lo suficientemente astuto como para no dejarse enga\u00f1ar, as\u00ed que la conclusi\u00f3n es que lo que pretende es enga\u00f1ar al p\u00fablico. Porque los fiscales partidarios se quedan con sus c\u00f3mputos, que se preocupan por difundir r\u00e1pidamente a sus cuarteles, y de ninguna manera podr\u00edan permitir que el presunto \u201c<em>fiscal mayorista<\/em>\u201d imaginado por Pagni cambiara tan sustancialmente el resultado de los votos. La mentira como forma de publicar falsas noticias, casi como un modo literario cultivado con pasi\u00f3n digna de mejores causas por cada empleado a sueldo del pasqu\u00edn fundado por don Bartolo. Que vale la pena recordar que era un gran mentiroso. Pagni arremete contra las dos figuras que desde ya fueron escogidas para ser responsabilizadas de fraude en el caso de que el Frente de Todos recupere los votos perdidos: \u201c<em>Ac\u00e1 no hay que dar vuelta la urna sino al fiscal. Hay que prestar atenci\u00f3n porque Alberto Fern\u00e1ndez tiene ahora, como me dijo ese peronista norte\u00f1o, al as de espadas y al as de basto en esta elecci\u00f3n. El as de espadas ser\u00eda Manzur, y el de basto, An\u00edbal Fern\u00e1ndez. Esta es una v\u00eda para dar vuelta la elecci\u00f3n<\/em>\u201d. En tiempos no tan lejanos los cagatintas a sueldo del grupo Mitre-Saguier miraban con una cierta simpat\u00eda a Manzur, cuando dec\u00eda que hab\u00eda terminado el tiempo de Cristina Fern\u00e1ndez de Kirchner. Entonces era un peronista racional. Ahora, Jefe de Gabinete nombrado por Alberto Fern\u00e1ndez con el aval de la Vicepresidenta, vuelve a ser un oscuro personaje capaz de cualquier trapisonda. Pagni se dedica despu\u00e9s a la oposici\u00f3n y se preocupa porque en esta costumbre que les es tan querida a los candidatos de Juntos, que es aplicar lo del cambio al de distrito, el Macri primo quiere venirse a la ciudad aut\u00f3noma: \u201c<em>lo m\u00e1s interesante, y no solo interesante sino escandaloso, es que el inicio de ese traspaso de Jorge Macri a la Capital se har\u00eda con la creaci\u00f3n de un ministerio del \u00e1rea metropolitana de Buenos Aires, con cara a los dos lados del Riachuelo. Ser\u00eda uno de los pagos, tal vez no el \u00fanico, por haberse bajado de la candidatura en provincia y por haber aceptado el desembarco de Santilli<\/em>\u201d. Pero la preocupaci\u00f3n por esos saltos de distrito en distrito le dura poco y r\u00e1pidamente vuelve sobre las obsesiones cl\u00e1sicas de los columnistas de la <em>Tribuna de Doctrina<\/em>: las andanzas de la reina mal\u00e9fica. Dice Pagni que \u201c<em>Cristina Kirchner est\u00e1 mirando lo que pasa en la Corte que se configur\u00f3. Es una Corte cuyo flamante presidente, Horacio Rosatti, no es querido ni en el kirchnerismo ni en el macrismo. Un milagro que hay que agradecer<\/em>\u201d. No solo la Vicepresidenta mira a la Corte. El mamarracho indefendible que protagonizaron los comisionados Rosenkrantz y Rosatti, con la inestimable colaboraci\u00f3n de Juan Carlos Maqueda, es digno de ser analizado. Porque en el tan lejano a\u00f1o 2000, el ex comisario riojano Julio Nazareno se autoeligi\u00f3 para presidir la Corte. Ah\u00ed nom\u00e1s salt\u00f3 la pitonisa de Exaltaci\u00f3n de la Cruz y raudamente inici\u00f3 un pedido de juicio pol\u00edtico, ante lo que defini\u00f3 como una falla moral imperdonable. Estamos esperando que la denunciante serial sea por una vez en su vida coherente y promueva el juicio pol\u00edtico de Rosatti y Rosenkrantz. Que vaya a la tumba de Urquiza, si es preciso. La otra cosa que llama la atenci\u00f3n es recordar lo que sosten\u00eda un tratadista de derecho constitucional acerca de las designaciones de jueces en comisi\u00f3n. Sol\u00eda pronunciarse, en sus clases y en las conversaciones que sosten\u00eda con colegas, en contra de ese tipo de designaciones, porque cre\u00eda que causaban conmoci\u00f3n, cuando no esc\u00e1ndalo, en el sistema de administraci\u00f3n de justicia, y atentaban contra la independencia de los magistrados. Todas justas razones que olvid\u00f3 cuando a trav\u00e9s del Decreto 83\/2015 el dormil\u00f3n dej\u00f3 por un momento de mirar sus series favoritas en Netflix y lo propuso, junto con Carlos Rosenkrantz, como ministro de la Corte Suprema de Justicia \u201c<em>en comisi\u00f3n<\/em>\u201d. Ah\u00ed a Horacio Rosatti no le pareci\u00f3 escandalosa su designaci\u00f3n. Mirar hacia la Corte hace que uno se pregunte c\u00f3mo es posible que <em>los \u00faltimos int\u00e9rpretes de la Constituci\u00f3n<\/em> sean personajes de esta laya. No porque los que no participaron de la elecci\u00f3n sean mejores, recordemos que a Ricardo Lorenzetti le pareci\u00f3 muy adecuado el sistema de elecci\u00f3n que hab\u00eda escogido el domador de reposeras, y que Elena Highton sobrevive en el cargo porque un amparo la autoriz\u00f3, en contra de lo que dice nada m\u00e1s y nada menos que la Constituci\u00f3n Nacional. Como dice el tantas veces atacado Eugenio Ra\u00fal Zaffaroni, c\u00f3mo es posible que tres tipos que no fueron elegidos por el voto popular terminen siendo los que deciden las cuestiones que inciden sobre la vida de millones. Claro que Zaffaroni es mal ejemplo para nuestra derecha: se le ocurri\u00f3 cumplir con la Constituci\u00f3n y abandonar la Corte a los setenta y cinco a\u00f1os. Pero volvamos a LA NACI\u00d3N y sus escribas. El 29\/09\/2021 Joaqu\u00edn Morales Sol\u00e1 escribe \u201c<em>Juan Manzur, el conservador que fabrica pesos<\/em>\u201d. Como ya se dijo, el nuevo Jefe de Gabinete es el blanco elegido para los dardos de nuestra derecha. As\u00ed que el inefable cronista de los genocidas que condujeron el Operativo Independencia justo en Tucum\u00e1n, la provincia que gobern\u00f3 Manzur, tal vez a\u00f1orando aquellos tiempos de Acdel Vilas y Antonio Domingo Bussi, cuando las urnas se guardaron muy bien, arremete contra el m\u00e9dico tucumano y dice: \u201c<em>R\u00e1pido y perspicaz, Manzur entrevi\u00f3 ese vac\u00edo de poder en el gobierno kirchnerista y lo tom\u00f3 para \u00e9l. El exgobernador tucumano es un hombre de<\/em><a href=\"https:\/\/www.lanacion.com.ar\/politica\/juan-manzur-el-delegado-presidencial-que-busca-dar-vuelta-el-gobierno-para-pelear-en-2023-nid26092021\/\"><em> <\/em><\/a><a href=\"https:\/\/www.lanacion.com.ar\/politica\/juan-manzur-el-delegado-presidencial-que-busca-dar-vuelta-el-gobierno-para-pelear-en-2023-nid26092021\/\"><em>lealtades<\/em><\/a><a href=\"https:\/\/www.lanacion.com.ar\/politica\/juan-manzur-el-delegado-presidencial-que-busca-dar-vuelta-el-gobierno-para-pelear-en-2023-nid26092021\/\"><em> <\/em><\/a><a href=\"https:\/\/www.lanacion.com.ar\/politica\/juan-manzur-el-delegado-presidencial-que-busca-dar-vuelta-el-gobierno-para-pelear-en-2023-nid26092021\/\"><em>sucesivas<\/em><\/a><a href=\"https:\/\/www.lanacion.com.ar\/politica\/juan-manzur-el-delegado-presidencial-que-busca-dar-vuelta-el-gobierno-para-pelear-en-2023-nid26092021\/\">\u201d<\/a>. Gobernador en uso de licencia, para asumir el nuevo cargo, la gesti\u00f3n de Juan Manzur al frente del gobierno tucumano acaba de ser ratificada por el resultado de los recientes comicios. A Morales Sol\u00e1 no le preocupa el resultado electoral. Ha dado, a estas alturas, suficientes muestras de que la voluntad popular no lo conmueve en lo m\u00e1s m\u00ednimo. De modo que contin\u00faa su ataque: \u201c<em>Manzur es un caudillo conservador del norte del pa\u00eds. Nunca se entendi\u00f3 qu\u00e9 hac\u00eda al lado de Cristina Kirchner, salvo por la conveniencia de estar donde est\u00e1 el poder. Cordial y de buenas maneras, es m\u00e1s parecido en su estilo a Menem que a los Kirchner. Sin embargo, hay que admitirlo: es un pol\u00edtico ideal para un gobierno sin rumbo que perdi\u00f3 de mala manera una elecci\u00f3n crucial<\/em>\u201d. Si Morales Sol\u00e1 creyera seriamente que Manzur es un <em>caudillo conservador<\/em> lo estar\u00eda apoyando entusiastamente, como hace con cualquier conservador que ande suelto. Pero no. Manzur es un populista dispuesto a todo, y que aprendi\u00f3 las t\u00e1cticas del clientelismo electoral de su predecesor Jos\u00e9 Alperovich. \u201c<em>En Tucum\u00e1n, el peronismo no regala heladeras ni bicicletas ni zapatillas. Entrega plata en la mano a la gente m\u00e1s necesitada con la condici\u00f3n de que vote a los peronistas. Directamente, sin disimulos. No corre el riesgo de una foto inoportuna<\/em>\u201d. Y ah\u00ed estamos frente a otra denuncia de fraude m\u00e1s o menos encubierto. \u00bfSupone Morales Sol\u00e1 que el peronismo ha encontrado la f\u00f3rmula m\u00e1gica que le asegura que las voluntades compradas se mantienen as\u00ed de firmes en el cuarto oscuro? Otro disparate insostenible. En apoyo de sus tesis, ya que no puede recurrir a ninguna evidencia palpable, Joaqu\u00edn no encuentra nada mejor que decir que \u201c<em>Funcionarios de Macri recuerdan un 9 de Julio en una Tucum\u00e1n gobernada entonces por Manzur. Desfilaron los militares, la polic\u00eda, los m\u00e9dicos y los maestros. Todos en estricto orden. Era la comunidad organizada de Per\u00f3n o parecido, en la actualidad, a Corea del Norte<\/em>\u201d. Ser\u00eda bueno que a los secuaces del ingeniero sin ingenio que desvalij\u00f3 la patria durante cuatro a\u00f1os hagan memoria del destino dado a los miles de millones de d\u00f3lares que el macrismo recibi\u00f3 y fug\u00f3 casi el mismo tiempo. Pero no. En la imagen recordada por Morales Sol\u00e1, como si nada bastara Juan Per\u00f3n se transforma en Kim Jong Un, en un d\u00eda de la independencia en Tucum\u00e1n. No hay l\u00edmites para la desinformaci\u00f3n y el ataque artero. Para rematar todo, Morales Sol\u00e1 anticipa: \u201c<em>Conservador y populista, el jefe de Gabinete tiene su propio plan. Si ocurriera el milagro de un triunfo electoral en noviembre, \u00e9l se proclamar\u00e1 en el acto candidato a presidente para 2023<\/em>\u201d. Ay, Joaqu\u00edn, de tanto entrevistar a Lilita se te pegaron las ma\u00f1as de adivina. En resumen. Todo sirve para atacar al gobierno y garantizar el triunfo de noviembre. Cualquier mentira es buena, cualquier agresi\u00f3n por desproporcionada y falsa que sea es bien recibida. Seguro que si pudieran volver\u00edan al fraude patri\u00f3tico. Mientras tanto, Milagro Sala y otros muchos siguen padeciendo prisiones injustas. Presos pol\u00edticos de los que muchos parecen haberse olvidado. Nosotros no. Seguimos sosteniendo que no hay democracia posible mientras siga habiendo presos pol\u00edticos. Seguimos reclamando su libertad.<\/p>\n","protected":false},"excerpt":{"rendered":"<p>El 5 de abril de 1931, Jos\u00e9 F\u00e9lix Uriburu, aquel dictador que admiraba tanto lo&#8230;<\/p>\n","protected":false},"author":1,"featured_media":0,"comment_status":"open","ping_status":"open","sticky":false,"template":"","format":"standard","meta":{"footnotes":""},"categories":[17],"tags":[],"class_list":["post-442","post","type-post","status-publish","format-standard","hentry","category-contra-mitre"],"_links":{"self":[{"href":"https:\/\/luisalen.com\/index.php?rest_route=\/wp\/v2\/posts\/442","targetHints":{"allow":["GET"]}}],"collection":[{"href":"https:\/\/luisalen.com\/index.php?rest_route=\/wp\/v2\/posts"}],"about":[{"href":"https:\/\/luisalen.com\/index.php?rest_route=\/wp\/v2\/types\/post"}],"author":[{"embeddable":true,"href":"https:\/\/luisalen.com\/index.php?rest_route=\/wp\/v2\/users\/1"}],"replies":[{"embeddable":true,"href":"https:\/\/luisalen.com\/index.php?rest_route=%2Fwp%2Fv2%2Fcomments&post=442"}],"version-history":[{"count":2,"href":"https:\/\/luisalen.com\/index.php?rest_route=\/wp\/v2\/posts\/442\/revisions"}],"predecessor-version":[{"id":444,"href":"https:\/\/luisalen.com\/index.php?rest_route=\/wp\/v2\/posts\/442\/revisions\/444"}],"wp:attachment":[{"href":"https:\/\/luisalen.com\/index.php?rest_route=%2Fwp%2Fv2%2Fmedia&parent=442"}],"wp:term":[{"taxonomy":"category","embeddable":true,"href":"https:\/\/luisalen.com\/index.php?rest_route=%2Fwp%2Fv2%2Fcategories&post=442"},{"taxonomy":"post_tag","embeddable":true,"href":"https:\/\/luisalen.com\/index.php?rest_route=%2Fwp%2Fv2%2Ftags&post=442"}],"curies":[{"name":"wp","href":"https:\/\/api.w.org\/{rel}","templated":true}]}}