{"id":460,"date":"2021-11-19T23:24:00","date_gmt":"2021-11-19T23:24:00","guid":{"rendered":"https:\/\/luisalen.com\/?p=460"},"modified":"2023-02-07T21:26:40","modified_gmt":"2023-02-07T21:26:40","slug":"des-equilibrios","status":"publish","type":"post","link":"https:\/\/luisalen.com\/?p=460","title":{"rendered":"(Des) Equilibrios"},"content":{"rendered":"\n<p>Equilibrio es una de esas palabras para las que el Diccionario de la Real Academia Espa\u00f1ola ofrece m\u00e1s de una definici\u00f3n. Es tanto el \u201c<em>Estado de un cuerpo cuando fuerzas encontradas que obran en \u00e9l se compensan destruy\u00e9ndose mutuamente<\/em>\u201d, como la \u201c<em>Situaci\u00f3n de un cuerpo que, a pesar de tener poca base de sustentaci\u00f3n, se mantiene sin caerse\u201d, <\/em>el \u201c<em>Peso que es igual a otro y lo contrarresta<\/em>\u201d, o el \u201c<em>Contrapeso, contrarresto o armon\u00eda entre cosas diversas<\/em>\u201d, la \u201c<em>Ecuanimidad, mesura y sensatez en los actos y&nbsp; juicios<\/em>\u201d, el \u201c<em>Estado en el que se encuentra una part\u00edcula si la suma de todas las fuerzas que act\u00faan sobre ella es cero<\/em>\u201d, o casi igual, el \u201c<em>Estado en el que se encuentra un s\u00f3lido r\u00edgido si las sumas de todas las fuerzas que act\u00faan sobre \u00e9l y de todos los momentos de las fuerzas que intervienen es cero<\/em>\u201d y tambi\u00e9n los \u201c<em>Actos de contemporizaci\u00f3n, prudencia o astucia encaminados a sostener una situaci\u00f3n, actitud, opini\u00f3n, etc., insegura o dificultosa<\/em>\u201d. Pasen y elijan, se\u00f1oras y se\u00f1ores. Hay de todo y para todas y todos. Es el resultado que nos han dejado los comicios del 14\/11\/2021 y habr\u00e1 que acostumbrarse a vivir en ese estado. Es lo que se desprende de la columna que el 17\/11\/2021 escribe en la <em>Tribuna de Doctrina<\/em> el polit\u00f3logo Andr\u00e9s Malamud, para quien \u201c<em>El bipartidismo est\u00e1 en orden<\/em>\u201d. Claro que s\u00ed, porque \u201c<em>El que va perdiendo por goleada siempre festeja un empate. Y el Frente de Todos empat\u00f3: perdi\u00f3 el qu\u00f3rum en el Senado nacional pero se lo rob\u00f3 a Juntos en la provincia de Buenos Aires; perdi\u00f3 en quince provincias pero mantendr\u00e1 los bloques m\u00e1s numerosos de ambas c\u00e1maras. Aunque se indignen los exaltados, el Frente de Todos y Juntos por el Cambio comparten dos atributos: resiliencia y vocaci\u00f3n de poder. Estos atributos sostienen la estabilidad partidaria a pesar del fracaso econ\u00f3mico<\/em>\u201d. As\u00ed que el escenario pol\u00edtico del pa\u00eds qued\u00f3 en equilibrio, porque las dos fuerzas principales se compensan, \u00bfdestruy\u00e9ndose mutuamente? Eso habr\u00e1 que verlo. Por ahora, las terceras fuerzas poco y nada tienen que decir en el concierto que comienza. Malamud se\u00f1ala que \u201c<em>El candidato disruptivo, Javier Milei, solo consigui\u00f3 el 17% en la Capital. Seguidores y detractores discuten si es mucho o poco. Para el observador desapasionado la respuesta es simple: es t\u00edpico. Las terceras fuerzas porte\u00f1as suelen obtener resultados similares, y la \u00fanica que prosper\u00f3 fue la que logr\u00f3 conquistar el poder ejecutivo. Las elecciones intermedias trafican ilusiones m\u00e1s que concreciones<\/em>\u201d. Se ve que el polit\u00f3logo es un se\u00f1or bien educado, y por eso no se refiere al desmelenado aullante m\u00e1s que como <em>el candidato disruptivo<\/em>. A uno se le podr\u00edan ocurrir otros calificativos, pero respetemos las formas. Se entiende que para la derecha m\u00e1s entusiasta, la del gobierno ser\u00e1 a partir de ahora una situaci\u00f3n en la que solo logra mantenerse sin caerse. \u201c<em>El gobierno podr\u00eda optar por la radicalizaci\u00f3n o la moderaci\u00f3n. En la radicalizaci\u00f3n, el frente oriental del FdT impondr\u00eda sus preferencias por China y Rusia y sus simpat\u00edas con Cuba y Venezuela; en la moderaci\u00f3n, el frente occidental impondr\u00eda sus preferencias por la Europa de los barcos y el acuerdo con el FMI<\/em>\u201d. A veces a uno le parece que ciertos analistas no han podido despojarse de los prejuicios del pasado. Y de los dislates geogr\u00e1ficos que impuso a nuestra derecha su alineamiento con el <em>occidente cristiano<\/em>. Porque resulta que ese <em>occidente<\/em> queda a nuestro <em>oriente<\/em> salvo que se opte por pensar que est\u00e1 al <em>norte<\/em>. Pero lo que est\u00e1 a nuestro occidente, cruzando la cordillera y atravesando Chile y el Pac\u00edfico, es la siempre amenazante China. Pero bueno, como ha quedado claro Malamud se mantiene dentro de los l\u00edmites de su educaci\u00f3n. Cuando mira a la oposici\u00f3n, que todav\u00eda no sabe si festejar o maldecir, ve grupos de halcones y palomas que se aprestan a enfrentarse, y se permite suponer cosas como que \u201c<em>La paradoja de esta elecci\u00f3n es que les da la raz\u00f3n a las palomas, porque muestra un Congreso empatado a pesar de la victoria opositora, pero fortalece a los halcones, porque sus argumentos y sus candidatos hicieron mejor papel en todo el pa\u00eds<\/em>\u201d. Parece entonces que tanto para el oficialismo como para la oposici\u00f3n, operan en su interior pesos contrapuestos que se contrarrestan. Siempre servicial, Carlos Pagni habla el 17\/11\/2021 de \u201c<em>La victoria fraguada de Alberto Fern\u00e1ndez<\/em>\u201d. Es que debe resultar dif\u00edcil para los vocingleros escribas de <strong><em>LA NACI\u00d3N<\/em><\/strong>, que ahora adem\u00e1s de ensuciar hojas y desperdiciar tinta digital tienen que enfrentarse a las c\u00e1maras televisivas, ver como una nueva elecci\u00f3n pas\u00f3 y a pesar del triunfo de la oposici\u00f3n, el peronismo est\u00e1 muy lejos de desaparecer. Una nueva frustraci\u00f3n. Por eso, el columnista arremete contra el Presidente, y cu\u00e1ndo no, contra la Vice, y fiel a las costumbres del mitrismo, miente sobre los hechos hist\u00f3ricos, cuando despu\u00e9s de criticar a Alberto porque se niega a sentirse derrotado, dice que \u201c<em>No deber\u00eda sorprender lo de Fern\u00e1ndez. Pertenece a una agrupaci\u00f3n cuya l\u00edder se neg\u00f3 a entregar el bast\u00f3n de mando a su sucesor, que hab\u00eda ganado en elecciones impecables. Era Mauricio Macri<\/em>\u201d. Cristina, vale la pena recordarlo, no se neg\u00f3 a reconocer la victoria del fan\u00e1tico de Netflix. Quiso mantener los mismos rituales que se ven\u00edan sucediendo en cada cambio de gobierno. Fue el macrismo, con la inestimable cooperaci\u00f3n de los tribunales, el que trat\u00f3 de imponer un mamarracho que mostrara a una mujer derrotada y sometida, y que lleg\u00f3 a acortar por unas horas el mandato presidencial consagrando a <em>Pinedo el breve<\/em> como el encargado de ungir a su jefe. Como uno supone que Pagni no tiene tan fr\u00e1gil memoria ni desconoce la idea de acudir a los archivos, debe entender que lo suyo responde a la tradici\u00f3n del fundador. Es claro que para sus mandantes, los peores del barrio son aquellos que se supon\u00eda jugaban para su equipo y que por alg\u00fan resto de dignidad no rematada no lo hicieron. Por eso no es una sorpresa que Pagni aplauda y golpee en la misma frase: \u201c<em>De un dem\u00f3crata se espera lo que dijo el embajador Ricardo Alfons\u00edn el lunes: \u2018Felicitaciones a todos los ciudadanos y fuerzas pol\u00edticas que participaron ayer en las elecciones y especialmente a Juntos por haber triunfado en ellas\u2019. No lo que dijo el embajador Ricardo Alfons\u00edn el martes: \u2018Este domingo han obtenido apoyos mayoritarios las fuerzas neoliberales de la oposici\u00f3n. Para los que so\u00f1amos con sociedades + justas, + equitativas, + igualitarias, obviamente, esa no es una buena noticia. No son estas las ideas que m\u00e1s contribuyen a ello. Lo prueba la historia\u2019. M\u00e1s all\u00e1 de su patetismo, estas incoherencias ponen de manifiesto una propensi\u00f3n de la pol\u00edtica que es materia de debate desde S\u00f3crates: la creencia en que se puede modificar la realidad solo con palabras<\/em>\u201d. Alfons\u00edn busc\u00f3 el equilibrio que su tradici\u00f3n pol\u00edtica le indica como posible: reconoci\u00f3 que Juntos por el Cambio fue la fuerza pol\u00edtica que obtuvo m\u00e1s votos, pero no se priv\u00f3 de se\u00f1alar que ese resultado dista mucho de ser una buena noticia. Aunque para Pagni lo sea. Hay cosas que para el escriba no resultan aceptables, como que \u201c<em>La mayor connivencia que reclam\u00f3 Alberto Fern\u00e1ndez es que se asuma que \u00e9l y Cristina Kirchner son la misma cosa<\/em>\u201d. Esa ser\u00eda la peor pesadilla de nuestra derecha. Que el Presidente se decida a gobernar, siguiendo el ejemplo de lo que hizo la reina mal\u00e9fica en los a\u00f1os posteriores al 2009, cuando la prensa mentirosa que sigue siendo hegem\u00f3nica se empe\u00f1aba en pronosticar la desaparici\u00f3n del kirchnerismo. Porque si sigue ese rumbo, por ah\u00ed en 2023 pasa lo mismo que en el 2011. Incansable en su pr\u00e9dica disolvente, Pagni no pierde ocasi\u00f3n de sembrar la discordia entre los integrantes del Frente de Todos, esperanzado en que alguna vez la mala hierba que desparrama prenda y termine por romper todo. Por eso desliza, frente al acto del d\u00eda de la militancia, que \u201c<em>La plaza se pudo llenar. La plataforma pol\u00edtica sobre la que se constituy\u00f3 fue la misma. Movimientos sociales y sindicalismo tradicional, es decir, dos fuerzas que no conf\u00edan en la orientaci\u00f3n que Cristina Kirchner le imprime al oficialismo. Antes de realizar su ceremonia, Alberto Fern\u00e1ndez recibi\u00f3 a gobernadores y al jefe de los intendentes de la provincia de Buenos Aires, Mart\u00edn Insaurralde, quien fue recibido en la Casa Rosada como si fuera el verdadero gobernador. El sentido del movimiento qued\u00f3 cifrado en un detalle: M\u00e1ximo Kirchner y La C\u00e1mpora no convocaron a la movilizaci\u00f3n. Fueron invitados<\/em>\u201d. Cegado por su obsesi\u00f3n, pasa por alto el detalle principal. Que a la Plaza fueron todos los sectores del Frente gobernante. M\u00e1s tarde o m\u00e1s temprano, atr\u00e1s o adelante, los militantes recordaron el d\u00eda en que su l\u00edder romp\u00eda el exilio y desafiaba a la dictadura militar, retornando a su patria. Tra\u00eddo por las luchas de su pueblo, que pese a todas las derrotas sufridas nunca se dio por vencido. Lo dem\u00e1s de la nota es m\u00e1s de lo mismo: la pr\u00e9dica constante para que el gobierno se rinda y acuerde con el Fondo Monetario Internacional. En los t\u00e9rminos que este imponga, por supuesto. No vaya usted a creer que desde las p\u00e1ginas de <strong><em>LA NACI\u00d3N<\/em><\/strong> se pueda privilegiar alguna vez el inter\u00e9s nacional. Nunca hubo ecuanimidad, ni mesura, ni sensatez en sus juicios. Tampoco aparecen esos valores en la columna de Daniel Santa Cruz, que el 18\/11\/2021 cree que \u201c<em>La negaci\u00f3n florece cuando faltan ideas<\/em>\u201d. De entrada nom\u00e1s, el columnista despliega un sentido m\u00e1s bien absurdo de las cosas, cuando sostiene que \u201c<em>el partido de gobierno tiene derecho a hacer un acto en honor a su militancia, aunque \u00e9ste se desarrolle apenas 72 horas despu\u00e9s de la mayor derrota electoral del peronismo de su historia<\/em>\u201d. \u00bfUna elecci\u00f3n de medio t\u00e9rmino, que dej\u00f3 las cosas en una nebulosa donde nadie tiene ventaja sobre nadie, es peor que, por ejemplo, haber perdido las presidenciales de 1983 y 1999? Curiosa forma de pensar qu\u00e9 es lo mejor y lo peor. Santa Cruz cree, y as\u00ed lo dejan traslucir sus palabras, que el gobierno debe rendirse y someterse a las condiciones que le dicten los ocasionales triunfadores del domingo 14. Por eso amonesta: \u201c<em>Si el gobierno quiere dialogar con Juntos por el Cambio, la principal fuerza opositora, deber\u00e1 estar seguro de que el acto de la militancia, con las consignas que all\u00ed se barajaron, rompi\u00f3 uno de los pocos puentes que los un\u00eda<\/em>\u201d. El escriba deber\u00eda saber que un di\u00e1logo exige dos partes dispuestas a escucharse y a transitar puntos en com\u00fan. El problema, y vaya lo que digo tambi\u00e9n para el gobierno, es que con la derecha no existen esos puntos en com\u00fan, sea la que pone cara menos horrible y se encolumna detr\u00e1s del alcalde porte\u00f1o, o la que no disimula sus espantos y se despliega con el dormil\u00f3n, la saltimbanqui, y sus nuevos amiguitos del aullador y el que todav\u00eda trata de animales a los que no comulgan con su ideario de exclusiones, discriminaciones, negacionismos y alabanzas de las dictaduras. \u00bfDe qu\u00e9 se puede hablar con esa gente? A los que hay que escuchar es a los miles y miles de votantes que en el 2019 apostaron por un gobierno que les prometi\u00f3 que sus decisiones iban a estar siempre a favor de los necesitados, los excluidos, los marginados por un sistema impiadoso, los perseguidos por jueces que pervirtieron cualquier sentido que se le quiera dar a la palabra justicia. Los que todav\u00eda esperan respuestas, los que necesitan que se cumplan las promesas que por ahora parecen quedar solo en eso. Gente que puede entender que nadie se esperaba una pandemia. Personas que saben que hay una deuda monstruosa dejada como un lastre que trata de impedir que se levante el vuelo de un sue\u00f1o anhelado y que tuvo sus d\u00edas de feliz concreci\u00f3n no hace tantos a\u00f1os. Un pueblo que no quiere que las fuerzas y las cosas act\u00faen unas sobre otras para mantener todo en una sumatoria que da cero. Un pueblo que no quiere el di\u00e1logo del equilibrio mentiroso, porque en ese punto de la nada siempre le toc\u00f3 perder. Un pueblo que espera el desequilibrio de la balanza, para que de una vez por todas, pese m\u00e1s el inter\u00e9s de todos que el negocio de unos pocos.<\/p>\n\n\n\n<p><\/p>\n\n\n\n<p><\/p>\n\n\n\n<p><\/p>\n\n\n\n<p><\/p>\n","protected":false},"excerpt":{"rendered":"<p>Equilibrio es una de esas palabras para las que el Diccionario de la Real Academia&#8230;<\/p>\n","protected":false},"author":1,"featured_media":0,"comment_status":"open","ping_status":"open","sticky":false,"template":"","format":"standard","meta":{"footnotes":""},"categories":[17],"tags":[],"class_list":["post-460","post","type-post","status-publish","format-standard","hentry","category-contra-mitre"],"_links":{"self":[{"href":"https:\/\/luisalen.com\/index.php?rest_route=\/wp\/v2\/posts\/460","targetHints":{"allow":["GET"]}}],"collection":[{"href":"https:\/\/luisalen.com\/index.php?rest_route=\/wp\/v2\/posts"}],"about":[{"href":"https:\/\/luisalen.com\/index.php?rest_route=\/wp\/v2\/types\/post"}],"author":[{"embeddable":true,"href":"https:\/\/luisalen.com\/index.php?rest_route=\/wp\/v2\/users\/1"}],"replies":[{"embeddable":true,"href":"https:\/\/luisalen.com\/index.php?rest_route=%2Fwp%2Fv2%2Fcomments&post=460"}],"version-history":[{"count":2,"href":"https:\/\/luisalen.com\/index.php?rest_route=\/wp\/v2\/posts\/460\/revisions"}],"predecessor-version":[{"id":462,"href":"https:\/\/luisalen.com\/index.php?rest_route=\/wp\/v2\/posts\/460\/revisions\/462"}],"wp:attachment":[{"href":"https:\/\/luisalen.com\/index.php?rest_route=%2Fwp%2Fv2%2Fmedia&parent=460"}],"wp:term":[{"taxonomy":"category","embeddable":true,"href":"https:\/\/luisalen.com\/index.php?rest_route=%2Fwp%2Fv2%2Fcategories&post=460"},{"taxonomy":"post_tag","embeddable":true,"href":"https:\/\/luisalen.com\/index.php?rest_route=%2Fwp%2Fv2%2Ftags&post=460"}],"curies":[{"name":"wp","href":"https:\/\/api.w.org\/{rel}","templated":true}]}}