{"id":466,"date":"2021-12-06T23:32:00","date_gmt":"2021-12-06T23:32:00","guid":{"rendered":"https:\/\/luisalen.com\/?p=466"},"modified":"2023-02-07T21:28:34","modified_gmt":"2023-02-07T21:28:34","slug":"ajustados","status":"publish","type":"post","link":"https:\/\/luisalen.com\/?p=466","title":{"rendered":"Ajustados"},"content":{"rendered":"\n<p>\u201c<em>Ajustados<\/em>\u201d es un adjetivo que viene del participio del verbo \u201c<em>ajustar<\/em>\u201d. Que seg\u00fan el Diccionario de la Real Academia Espa\u00f1ola tiene m\u00faltiples significados. Por ejemplo, quiere decir \u201c<em>Hacer y poner algo de modo que case y venga justo con otra cosa<\/em>\u201d, pero tambi\u00e9n \u201c<em>Obligar a alguien, mediante pacto o convenio, a prestar alg\u00fan servicio o ejecutar algo<\/em>\u201d. De igual forma, se pude usar el calificativo de \u201c<em>ajustado<\/em>\u201d como sin\u00f3nimo de \u201c<em>justo, recto<\/em>\u201d o para referirse a algo o alguien \u201c<em>mezquino, miserable<\/em>\u201d. Como se puede ver, hay para todos los gustos y para todas las situaciones. Porque en nuestro tan maltratado pa\u00eds, hay fan\u00e1ticos del ajuste que se la pasan tratando de aplicarlo a cada rato. Y que lo defienden de muy variadas maneras. Casi siempre, esas defensas no vacilan en echar mano a cuanta mentira ande suelta, a cuanta presi\u00f3n indebida se pueda ejercer, a cuanta infamia se pueda desparramar. Hay quienes son especialistas en proponer ajustes y en mentir, presionar o difamar para lograrlos. Por igual y sin ning\u00fan escr\u00fapulo, te dicen que no hay otra salida que ajustar para salir de la crisis (lo que generalmente se traduce en que quienes se van a tener que apretar los cinturones son los sectores que no tienen ninguna culpa de esa crisis sino que son sus v\u00edctimas). Y recurren a pactos y convenios, que generalmente firmaron sus jefes o ellos mismos, para obligar a los dem\u00e1s, en una actitud muy ajustada, o sea, muy mezquina y miserable. La historia es rica en estos ejemplos. Para ajustar las relaciones entre el gobierno central del que poco tiempo atr\u00e1s se hab\u00edan apoderado, por medios nada justos ni rectos, all\u00e1 por mayo de 1862 Mitre y Sarmiento hicieron que su enviado, Rivas, firmara el Tratado de La Banderita con \u00c1ngel Vicente Pe\u00f1aloza, el <em>Chacho<\/em>. Para que las cosas casaran entre s\u00ed, se acord\u00f3 que cada parte devolver\u00eda sus prisioneros. Ocurri\u00f3 que el <em>b\u00e1rbaro<\/em> caudillo riojano entreg\u00f3 sus cautivos. Pero no recibi\u00f3 a los que hab\u00edan aprisionado los <em>civiizados<\/em> guerreros del centralismo porte\u00f1o. Los hab\u00edan fusilado. Ese es el ejemplo m\u00e1s extremo de c\u00f3mo entienden los ajustes los herederos de Bartolo y el sanjuanino. Que si no te fusilan es porque hoy no se dan las condiciones, as\u00ed que para eliminarte usan otros m\u00e9todos. Como dejarte sin trabajo, sin educaci\u00f3n ni salud p\u00fablicas, sin futuro. Eso s\u00ed, te advierten desde sus medios de comunicaci\u00f3n que hay que resignarse, agachar el lomo y pagar los exorbitantes gastos de la fiesta que ellos disfrutaron y a la que no fuiste invitado. Para muestra vaya el primer bot\u00f3n, que como no pod\u00eda ser de otra manera adorna las vestiduras de la <em>Tribuna de Doctrina<\/em>. Francisco Olivera en su nota del 04\/12\/2021 te lo dice sin eufemismos: \u201c<em>Lleg\u00f3 la hora de tragarse sapos<\/em>\u201d. Primero te encaja su lectura, siempre parcial e inclinada para el mismo lado, de la situaci\u00f3n pol\u00edtica. Y te cuenta que \u201c<em>en el Frente de Todos se desdibuja aquel proyecto de M\u00e1ximo Kirchner para presidir el PJ bonaerense. La reconfiguraci\u00f3n tiene sustento m\u00e1s arriba: es Cristina, la jefa, la que les concede a los l\u00edderes comunales un rol m\u00e1s relevante. Es cierto que el ingreso de Insaurralde en el gabinete de Kicillof fue una idea de ella, pero sometida a condicionamientos del de Lomas de Zamora<\/em>\u201d. Si hay un poquito de memoria, o tiempo y paciencia para revisar antiguas ediciones del pasqu\u00edn mitrista, encontrar\u00eda que hasta hace muy poco tiempo la versi\u00f3n era otra. Cristina y sus delfines M\u00e1ximo y Axel hab\u00edan sido derrotados y como castigo, les hab\u00edan metido por la ventana a Insaurralde y los intendentes. Ahora nos enteramos que la que introdujo a los barones del conurbano en los primeros puestos del gabinete bonaerense fue la propia reina mal\u00e9fica. Que, seg\u00fan nos cuenta Olivera, tiene m\u00e1s problemas en ajustar a su hijo que al gobernador, porque \u201c<em>a Kicillof parece costarle menos disciplinarse que al Presidente. Es un militante leal. Adem\u00e1s el resultado le permiti\u00f3 mejorar la relaci\u00f3n de fuerzas en el Senado provincial, donde el oficialismo est\u00e1 23 a 23 y donde se dirimen muchos asuntos que la pol\u00edtica considera atractivos<\/em>\u201d. Como es norma en las p\u00e1ginas de LA NACI\u00d3N, cada vez que se habla de pol\u00edtica se la asocia con otros intereses, generalmente poco claros o mejor dicho, bastante turbios. Asuntos atractivos, dice el columnista para insinuar acuerdos espurios que est\u00e1n a punto de celebrarse para ajustar las cosas en la provincia m\u00e1s poblada del pa\u00eds. Despu\u00e9s se mete de lleno en la escena nacional. Para desmerecer un poco m\u00e1s al pobre Presidente, y desgastarlo frente a propios y extra\u00f1os. \u201c<em>Anteayer, en la UIA, Alberto Fern\u00e1ndez le exigi\u00f3 al FMI una revisi\u00f3n de las condiciones del pr\u00e9stamo otorgado a Macri, algo que el organismo ten\u00eda previsto por la naturaleza del acuerdo. Porque el trasfondo es otro: todos, incluidos los que critican, descuentan que habr\u00e1 un entendimiento<\/em>\u201d. Frase que en buen criollo significa que todos saben que se viene el ajuste con el centro de la usura internacional. De ah\u00ed que haya que empezar a deglutir batracios. Otros ajustes que deben efectuarse vienen encubiertos de una manera menos descarnada. As\u00ed, Sergio Suppo habla el 04\/12\/2021 de \u201c<em>La educaci\u00f3n que los argentinos quisimos perder<\/em>\u201d. Tramposo t\u00edtulo, porque es m\u00e1s que seguro que la inmensa mayor\u00eda de los argentinos no quiso, ni quiere, perder la educaci\u00f3n. Sergio, <em>el que no<\/em> Suppo, reparte culpas a diestra y siniestra: \u201c<em>El hundimiento de la educaci\u00f3n argentina no se explica por enfrentamientos pol\u00edticos sino, al contrario, por el t\u00e1cito acuerdo de no prestarle ninguna atenci\u00f3n. Son d\u00e9cadas en descenso permanente<\/em>\u201d. No es cierto. Si tomamos los \u00faltimos cincuenta a\u00f1os, podemos ver que la educaci\u00f3n sufre las consecuencias de las pol\u00edticas neoliberales que fueron destruyendo el sistema p\u00fablico a trav\u00e9s del desfinanciamiento, el abandono y hasta en muchas oportunidades, la persecuci\u00f3n de docentes y estudiantes. De 1971 a 1973 hab\u00eda dictadura; de 1976 a 1983 otra todav\u00eda m\u00e1s sanguinaria; de 1989 a 2003 pol\u00edticas neoliberales que despreciaban lo p\u00fablico y reduc\u00edan al Estado a un mero papel de garante de los negociados de los sectores m\u00e1s concentrados de la econom\u00eda, sirvientes de intereses que nunca fueron los de la patria. Y otra vez lo mismo de 2015 a 2019. Tampoco es cierto que la educaci\u00f3n est\u00e9 hundida sin remedio, pero si no lo est\u00e1 es por el esfuerzo de docentes, no docentes, alumnos y estudiantes que no est\u00e1n dispuestos a permitirlo. <em>El que no <\/em>Suppo nos cuenta su versi\u00f3n de la historia, y dice que \u201c<em>Junto a la organizaci\u00f3n del Estado nacional y un consenso b\u00e1sico sobre el rumbo econ\u00f3mico enfocado en las exportaciones agropecuarias, entre Mitre, Sarmiento, Avellaneda, Roca y el resto hubo un acuerdo impl\u00edcito de que el desarrollo necesitaba inmigrantes como mano de obra y educaci\u00f3n que anclara a los hijos de los nuevos argentinos a un futuro de progreso<\/em>\u201d. Traduzcamos la frase. La organizaci\u00f3n del Estado nacional la hicieron exterminando las rebeld\u00edas del interior y a los pueblos originarios, a los que despojaron de sus tierras y a los que les impusieron una condena a la marginalidad perpetua. El rumbo econ\u00f3mico consisti\u00f3 en la sumisi\u00f3n a una divisi\u00f3n internacional del trabajo, en aquellos d\u00edas dise\u00f1ada por el Reino Unido, que condenaba al pa\u00eds a ser productor de materias primas, sobre todo en el sector agropecuario, y a no desarrollar ni una industria pujante ni pol\u00edticas p\u00fablicas que protegieran a los peque\u00f1os y medianos productores. Los inmigrantes ven\u00edan a reemplazar al gauchaje ind\u00f3mito y se los supon\u00eda ya educados en el sometimiento al modelo capitalista. Cuando comenzaron a divulgar las ideas del socialismo y el anarquismo, o bien se los expuls\u00f3 gracias a la ley 4.144, llamada <em>de residencia<\/em>, que se dict\u00f3 en 1902 a pedido de la Uni\u00f3n Industrial, o bien se los reprimi\u00f3 y asesin\u00f3 como en la Semana Tr\u00e1gica de 1919 o en la Patagonia Rebelde de 1921, con el colof\u00f3n del fusilamiento de Severino Di Giovanni y Paulino Scarf\u00f3 el primer d\u00eda de febrero de 1931. La educaci\u00f3n p\u00fablica no creci\u00f3 precisamente a esas cosas sino pese a ellas. Sigue el escriba diciendo que \u201c<em>Casi 150 a\u00f1os despu\u00e9s de la ley 1420, es verificable en todos los muestreos que la escuela argentina dej\u00f3 de permitir un principio igualador de oportunidades. A mayor pobreza, peores resultados. Ir a la escuela dej\u00f3 de ser una chance de mejora; en el mejor de los casos, es un refugio para comer una vez al d\u00eda<\/em>\u201d. El diagn\u00f3stico parece tener partes de raz\u00f3n, pero se\u00f1alar d\u00f3nde es peor la situaci\u00f3n, sin hablar de las pol\u00edticas que produjeron el crecimiento de la pobreza, es por lo menos esconder el dato de mayor relevancia. No es que los <em>pobres <\/em>solo acudan a as escuelas a comer, aunque sea cierto que en muchos casos esa es la \u00fanica comida m\u00e1s o menos decente que reciben. Suppo no llega a los extremos de Mar\u00eda Eugenia Vidal, la ex bonaerense que exclu\u00eda de las universidades a los pobres, pero est\u00e1 peligrosamente cerca. Porque indicar que \u201c<em>La verdadera grieta que fulmina el futuro del pa\u00eds es la enorme desproporci\u00f3n entre los poqu\u00edsimos que reciben una educaci\u00f3n aceptable y los millones de chicos que en el mejor de los casos terminan la educaci\u00f3n media siendo completos ignorantes y totalmente incapaces para postularse para el trabajo m\u00e1s b\u00e1sico<\/em>\u201d, pero no analizar el por qu\u00e9 de esa situaci\u00f3n, es arribar a conclusiones que son al menos cuestionables porque a m\u00e1s de rozar la estigmatizaci\u00f3n de un sector parecen condenar a la ignorancia y a la incapacidad a todo aquel que no accede a una educaci\u00f3n privada, y desconocen los esfuerzos cotidianos de miles y miles de docentes y no docentes que en condiciones que distan mucho de ser las adecuadas se las ingenian para educar a esos millones de chicos. Pero volvamos al ajuste en su versi\u00f3n m\u00e1s com\u00fan. Dice Mart\u00edn Rodr\u00edguez Yebra el 04\/12\/2021 que el gobierno enfrenta \u201c<em>La misi\u00f3n imposible de ajustar sin que se note<\/em>\u201d. Ya desde el t\u00edtulo el escriba viene marcando la cancha. Hay que ajustar s\u00ed o s\u00ed, y en todo caso el gobierno tendr\u00e1 que hacerlo del modo menos notorio. Cosa que, aclaremos, no est\u00e1 en las previsiones de Rodr\u00edguez Yebra, para quien \u201c<em>Alberto Fern\u00e1ndez llega dos a\u00f1os tarde al punto de inicio de su gobierno. Una pandemia despu\u00e9s, con su palabra devaluada y la coalici\u00f3n peronista casi sin energ\u00eda para disimular sus m\u00faltiples recelos se le vienen encima los problemas que adquiri\u00f3 con el cargo de Presidente: trazar un programa de orden econ\u00f3mico avalado por la comunidad internacional y edificar un liderazgo con cierta autonom\u00eda respecto de la figura todopoderosa que lo propuso para gobernar<\/em>\u201d. En otras palabras, Alberto es un in\u00fatil que debi\u00f3 someterse a los designios de los usureros internacionales hace dos a\u00f1os y que no supo desligarse de la perversa influencia de Cristina. Pecados en los que incurri\u00f3 por el que arrastra de origen: es peronista. Por las dudas, hay que advertir que todav\u00eda existen quienes no se resignan. No sea cosa que terminen por convencer a otros. \u201c<em>El coqueteo con el desastre es un juego siempre atractivo. Los camporistas act\u00faan en silencio mientras alientan el alto perfil de kirchneristas extremos como Amado Boudou y Hebe de Bonafini, convertidos en militantes contra \u2018la rendici\u00f3n\u2019 ante las grandes potencias. Al ex vicepresidente condenado por corrupci\u00f3n La C\u00e1mpora le regal\u00f3 el nombre de una unidad b\u00e1sica en La Paternal para potenciar su l\u00ednea interna, Soberanxs. Juan Grabois es otro referente que agita la rebeld\u00eda y amenaza con el voto negativo a un eventual acuerdo de los dos diputados nacionales que le responden<\/em>\u201d. \u00bfKirchneristas extremos? \u00bfEst\u00e1 <strong><em>LA NACI\u00d3N<\/em><\/strong> preparando el terreno para acusar de cualquier cosa a los sectores que se oponen al ajuste? As\u00ed empiezan siempre las represiones violentas, por la identificaci\u00f3n de un grupo como <em>extremo<\/em>. Sobran ejemplos en la historia argentina. Otra cosa es la advertencia para otros grupos, por ahora en situaciones distintas. \u201c<em>A los sindicalistas que recibieron al ministro de Econom\u00eda les qued\u00f3 en claro que el proyecto de acuerdo incluir\u00e1 medidas respecto de las jubilaciones y alguna noci\u00f3n -aunque disimulada- de cambios en la legislaci\u00f3n laboral. No hay dudas de que deber\u00e1 establecer un camino para llegar al equilibrio fiscal (no m\u00e1s all\u00e1 de 2024) y para reducir la brecha cambiaria, algo que hist\u00f3ricamente se alcanz\u00f3 con devaluaciones del pes<\/em>o\u201d. Ah\u00ed est\u00e1 el programa. Que lo sepa la CGT, y que no se le ocurra quejarse. Castigar a los jubilados, quitar derechos a los trabajadores, que el Estado no intervenga, y devaluar la moneda. Por si las moscas, advertencia para los opositores. Que cierren filas ordenadamente para que el ajuste se establezca sin mayores turbulencias. Aunque la figura del esp\u00eda dormil\u00f3n se deteriore un poco en el proceso. \u201c<em>La oposici\u00f3n de Juntos por el Cambio, entretenida en sus ri\u00f1as por migajas de poder, insiste en que no anticipar\u00e1 ning\u00fan aval a las negociaciones hasta ver por escrito a qu\u00e9 se compromete el Gobierno. \u2018Cuando Georgieva pide amplio apoyo interno no nos habla a nosotros, les est\u00e1 diciendo a ellos que se comprometan a cumplir\u2019, opina un dirigente de la primera l\u00ednea del Pro. Saben, de todos modos, que el debate los expondr\u00e1 a discutir el programa sin \u00e9xito que conden\u00f3 a Macri a perder el poder<\/em>\u201d. Si hay que sacrificar al fana de Netflix, es un precio menor. Lo que no es menor es el ajuste que propone Joaqu\u00edn Morales Sol\u00e1 el 04\/12\/2021, cuando habla de \u201c<em>Los da\u00f1os de una bomba nuclear<\/em>\u201d. El objeto de la atenci\u00f3n del cronista del Operativo Independencia que instal\u00f3 el terrorismo de Estado en Tucum\u00e1n, all\u00e1 por 1975, es la situaci\u00f3n del Poder Judicial. Porque las causas inventadas contra Cristina Fern\u00e1ndez de Kirchner se van cayendo a pedazos. Morales estalla: \u201c<em>El sobreseimiento sin juicio previo de Cristina Kirchner, sus hijos M\u00e1ximo y Florencia y los empresarios L\u00e1zaro B\u00e1ez y Crist\u00f3bal L\u00f3pez por el delito de lavado de dinero en hoteles y edificios de la familia de la vicepresidenta meti\u00f3 a la Justicia en un esc\u00e1ndalo judicial, pol\u00edtico y moral<\/em>\u201d. Joaqu\u00edn debe creer que sus lectores carecen por completo de todo rastro de inteligencia. Porque, \u00bfqu\u00e9 fueron todos los tr\u00e1mites realizados ante distintas instancias judiciales en estos a\u00f1os sino un juicio? Que nunca debi\u00f3 haberse realizado, es cierto, porque entre otras cosas las conductas que se atribu\u00edan a los imputados en esta causa ya hab\u00edan sido objeto de otros juicios sin que se les pudiera adjudicar la comisi\u00f3n de alg\u00fan il\u00edcito. En lugar de se\u00f1alar que el esc\u00e1ndalo es que se haya perdido tanto tiempo para llegar a una resoluci\u00f3n que debi\u00f3 adoptarse de medida, Morales prefiere seguir confundiendo a los Tribunales con la Justicia, mezclar lo judicial con la pol\u00edtica y hasta se atreve a hablar de moral, algo por lo general ajeno a las columnas de la <em>Tribuna de Doctrina<\/em>. Y miente sin problemas: \u201c<em>Un tribunal oral que sobresey\u00f3 sin escuchar a la acusaci\u00f3n, a los testigos y a la defensa, y que no se tom\u00f3 ni siquiera el trabajo de ver la totalidad de las pruebas que se exhiben en un juicio p\u00fablico. Tal es el tama\u00f1o del esc\u00e1ndalo judicial, pol\u00edtico y moral en que esos dos jueces metieron a toda la Justicia<\/em>\u201d. Para que un expediente llegue a un Tribunal Oral es preciso que la acusaci\u00f3n diga por qu\u00e9 tiene que arribar a esa instancia. Eso es la acusaci\u00f3n. Los testigos han declarado a lo largo de la instrucci\u00f3n de la causa, y por cierto que la defensa fue escuchada. Y dale con el esc\u00e1ndalo\u2026 Lo que sigue es el ajuste que Morales Sol\u00e1, seguramente en nombre de sus patrones, transmite a los Tribunales. Esto es lo que hay que hacer seg\u00fan Joaqu\u00edn: \u201c<em>La primera certeza: Petrone no se mover\u00e1 del lugar donde est\u00e1 por decisi\u00f3n de la mayor\u00eda de los jueces de la decisiva C\u00e1mara de Casaci\u00f3n. La sala que integra Petrone tiene en sus manos la revisi\u00f3n final de las causas Hotesur y Los Sauces y la de los cuadernos, iniciada luego de una investigaci\u00f3n del periodista Diego Cabot sobre el pormenorizado relato del chofer Oscar Centeno, que llevaba y tra\u00eda a los funcionarios kirchneristas que cobraban sobornos de empresarios<\/em>\u201d. Que para el pasqu\u00edn de los Mitre-Saguier sea ese juez y no otro el que deba intervenir al menos provoca suspicacias, \u00bfpor qu\u00e9 tanto inter\u00e9s en que Petrone quede en su Sala y no ocupe la presidencia de la C\u00e1mara de Casaci\u00f3n?. Pero las instrucciones siguen. \u201c<em>Descartado Petrone, y seg\u00fan el sistema de rotaci\u00f3n, deber\u00eda reemplazar a Hornos el juez Alejandro Slokar, un miembro de Justicia Leg\u00edtima, disc\u00edpulo del pensamiento garantista de Eugenio Zaffaroni<\/em>\u201d. Atenci\u00f3n: que no se les ocurra designar al que corresponde. No se\u00f1ores. \u201c<em>El presidente de la C\u00e1mara de Casaci\u00f3n es la figura m\u00e1s importante de la Justicia Federal Penal del pa\u00eds. Puede ser considerado un cargo simb\u00f3lico, pero tambi\u00e9n ser\u00eda simb\u00f3licamente inapropiado que un representante de Justicia Leg\u00edtima ascendiera a semejante pedestal en la Justicia, justo despu\u00e9s de la pornogr\u00e1fica decisi\u00f3n de Obligado y Gr\u00fcnberg<\/em>\u201d. Nadie que no represente los intereses de la derecha puede ocupar cargo alguno en el sistema de administraci\u00f3n de justicia. Porque lo que se busca no es cumplir con esa misi\u00f3n sino garantizar que los intereses de esa derecha sean protegidos por jueces que est\u00e1n muy lejos de administrar justicia. Ahora viene un adelanto de los que suele dar <strong><em>LA NACI\u00d3N<\/em><\/strong>, que se parecen tanto a una indicaci\u00f3n de qu\u00e9 es lo que debe decir un fallo, para que los jueces no se equivoquen:\u201c<em>La otra consecuencia fue la decisi\u00f3n un\u00e1nime de la Corte Suprema de declarar inconstitucional la actual integraci\u00f3n del Consejo de la Magistratura. Los cuatro jueces de la Corte (Horacio Rosatti, Juan Carlos Maqueda, Carlos Rosenkrantz y Ricardo Lorenzetti) tomaron esa decisi\u00f3n, que podr\u00eda conocerse antes de que finalice diciembre<\/em>\u201d. Si la decisi\u00f3n todav\u00eda no se conoce, \u00bfc\u00f3mo es que Morales Sol\u00e1 ya la conoce? La difusi\u00f3n anticipada deber\u00eda bastar para que cualquier resoluci\u00f3n en ese sentido sea impugnada y privada de validez. Claro que eso ser\u00eda en un pa\u00eds en donde los Tribunales cumplieran con su tarea. Lo que le est\u00e1n ordenando a la Corte es que tire abajo la ley que desde 2006 ordena la integraci\u00f3n del Consejo de la Magistratura, que seg\u00fan el escriba es culpa, cu\u00e1ndo no, de Cristina<em>.<\/em> \u201c<em>Fue una idea inconstitucional desde el principio y as\u00ed la calific\u00f3 el Colegio de Abogados de la Ciudad de Buenos Aires, que en el acto hizo una denuncia en la Justicia<\/em>\u201d. Aclaremos. El art\u00edculo 114 de la Constituci\u00f3n Nacional, incorporado por la reforma de 1994, dice que \u201c<em>El Consejo ser\u00e1 integrado peri\u00f3dicamente de modo que se procure el equilibrio entre la representaci\u00f3n de los \u00f3rganos pol\u00edticos resultantes de la elecci\u00f3n popular, de los jueces de todas las instancias y de los abogados de la matr\u00edcula federal. Ser\u00e1 integrado, asimismo, por otras personas del \u00e1mbito acad\u00e9mico y cient\u00edfico, en el n\u00famero y la forma que indique la ley<\/em>\u201d. En ninguna parte dice que todos los integrantes deban ser abogados. Sin embargo, hubo fallos de algunos tribunales que s\u00ed lo dijeron. Tampoco dice c\u00f3mo debe ser la elecci\u00f3n de los integrantes, cuesti\u00f3n que delega en la ley pertinente. Pero otros fallos impidieron que la ley estableciera que la elecci\u00f3n deb\u00eda hacerse en comicios generales. Que uno sepa, ni Morales Sol\u00e1 ni ninguno de los columnistas de <strong><em>LA NACI\u00d3N <\/em><\/strong>se quejaron de que los fallos dijeran lo que la Constituci\u00f3n no dice. Y el Colegio de Abogados al que siempre recurre el pasqu\u00edn fundado por Mitre no es por cierto el Colegio P\u00fablico en el que debe matricularse todo abogado que quiera ejercer la profesi\u00f3n en la ciudad de Buenos Aires, sino una asociaci\u00f3n privada, que nuclea a los abogados de la derecha m\u00e1s conservadora y reaccionaria. Cuando la reforma de 1994 incluy\u00f3 al Consejo de la Magistratura en el nuevo texto constitucional, lo hizo con la esperanza de corregir por esa v\u00eda la falta de intervenci\u00f3n popular en lo atinente a la selecci\u00f3n de magistrados y su posible juzgamiento. Porque de los tres poderes que se reparten las funciones del Estado, el Judicial es el \u00fanico que no est\u00e1 sometido al escrutinio popular que se ejerce mediante el voto. Si las leyes que se sancionaron para organizarlo cumplieron o no con esas expectativas, es otra cosa. Lo que es claro es que cualquier ajuste que se haga, debe buscar lo <em>justo y recto<\/em> y no, como le gustar\u00eda a los seguidores de don Bartolo, <em>mezquino y miserable<\/em>.<\/p>\n","protected":false},"excerpt":{"rendered":"<p>\u201cAjustados\u201d es un adjetivo que viene del participio del verbo \u201cajustar\u201d. Que seg\u00fan el Diccionario&#8230;<\/p>\n","protected":false},"author":1,"featured_media":0,"comment_status":"open","ping_status":"open","sticky":false,"template":"","format":"standard","meta":{"footnotes":""},"categories":[17],"tags":[],"class_list":["post-466","post","type-post","status-publish","format-standard","hentry","category-contra-mitre"],"_links":{"self":[{"href":"https:\/\/luisalen.com\/index.php?rest_route=\/wp\/v2\/posts\/466","targetHints":{"allow":["GET"]}}],"collection":[{"href":"https:\/\/luisalen.com\/index.php?rest_route=\/wp\/v2\/posts"}],"about":[{"href":"https:\/\/luisalen.com\/index.php?rest_route=\/wp\/v2\/types\/post"}],"author":[{"embeddable":true,"href":"https:\/\/luisalen.com\/index.php?rest_route=\/wp\/v2\/users\/1"}],"replies":[{"embeddable":true,"href":"https:\/\/luisalen.com\/index.php?rest_route=%2Fwp%2Fv2%2Fcomments&post=466"}],"version-history":[{"count":1,"href":"https:\/\/luisalen.com\/index.php?rest_route=\/wp\/v2\/posts\/466\/revisions"}],"predecessor-version":[{"id":467,"href":"https:\/\/luisalen.com\/index.php?rest_route=\/wp\/v2\/posts\/466\/revisions\/467"}],"wp:attachment":[{"href":"https:\/\/luisalen.com\/index.php?rest_route=%2Fwp%2Fv2%2Fmedia&parent=466"}],"wp:term":[{"taxonomy":"category","embeddable":true,"href":"https:\/\/luisalen.com\/index.php?rest_route=%2Fwp%2Fv2%2Fcategories&post=466"},{"taxonomy":"post_tag","embeddable":true,"href":"https:\/\/luisalen.com\/index.php?rest_route=%2Fwp%2Fv2%2Ftags&post=466"}],"curies":[{"name":"wp","href":"https:\/\/api.w.org\/{rel}","templated":true}]}}