{"id":471,"date":"2021-12-29T23:37:00","date_gmt":"2021-12-29T23:37:00","guid":{"rendered":"https:\/\/luisalen.com\/?p=471"},"modified":"2023-02-07T21:27:58","modified_gmt":"2023-02-07T21:27:58","slug":"balance","status":"publish","type":"post","link":"https:\/\/luisalen.com\/?p=471","title":{"rendered":"Balance"},"content":{"rendered":"\n<p>Empezaron gritando <strong><em>VIVA LA MUERTE<\/em><\/strong> y dijimos entonces que \u201cNo son <em>medios period\u00edsticos<\/em>. Son conglomerados econ\u00f3micos que entre otras cosas son propietarios de medios de comunicaci\u00f3n\u201d (04\/03\/2021). Despu\u00e9s, con los tristes espect\u00e1culos que montaban, tuvimos que ocuparnos <strong><em>DE PRESIDIARIAS Y PAYASADAS<\/em><\/strong>. Que pensamos que \u201csi no revistiera gravedad no merecer\u00eda m\u00e1s que una mueca de desagrado frente a una payasada mal hecha por una p\u00e9sima int\u00e9rprete\u201d pero nos preocupaba por \u201cel contexto en que se llev\u00f3 adelante, en medio de una ofensiva montada desde hace meses contra un gobierno provincial elegido por una abrumadora mayor\u00eda de votantes, transformado en el objetivo de una especie de laboratorio de desestabilizaci\u00f3n\u201d(09\/03\/2021). Y nos encontramos con <strong>LOS INVENTORES<\/strong>, \u201cuna serie de personajes que se dedican a inventar noticias para empeorar la vida de los argentinos\u201d. Eran los d\u00edas en los que sal\u00edan \u201ca la luz las visitas del camarista de Casaci\u00f3n Gustavo Hornos y del Fiscal procesado Carlos Stornelli, entre otros guerreros de la causa judicial, a la Casa Rosada. Visitas que fueron seguidas de pronunciamientos judiciales aplaudidos por el macrismo\u201d (17\/03\/2021). Igual, los <strong><em>DORMILONES<\/em><\/strong> segu\u00edan adelante, sin preocuparse por \u201cLa payasesca imagen del domador de reposeras, sorprendido en su nueva vocaci\u00f3n por domar <em>colchones, reproducida una y mil veces en medios y redes sociales\u201d, aunque a los escribas de la Tribuna de Doctrina <\/em>lo que les preocupaba era \u201cel avance de distintas investigaciones que complican a jueces, ex funcionarios y esp\u00edas y empleados de los medios, va dejando a la luz las maniobras llevadas a cabo por la mesa judicial macrista para perseguir a sus opositores\u201d(25\/03\/2021). Tipos para los que <strong><em>VALE TODO<\/em><\/strong>, \u201cse dicen independientes y objetivos pero juegan sin ning\u00fan disimulo a favor de la derecha y sus proyectos\u201d. Para ellos, \u201clos actos con los cuales se busca mantener viva la memoria, como una manera clara de prevenirse contra cualquier ataque futuro contra la democracia, son solo demagogia barat\u00edsima\u201d. Les repetimos que \u201cUn sistema basado en la explotaci\u00f3n, la marginaci\u00f3n, la discriminaci\u00f3n y la insolidaridad no puede sino ser condenado desde todo punto de vista, sea pol\u00edtico o filos\u00f3fico moral\u201d, aunque sab\u00edamos que ellos lo iban a seguir defendiendo (04\/04\/2021). Pasamos a ocuparnos <strong><em>DEL PASADO EF\u00cdMERO<\/em><\/strong>, cansados de encontrarnos con esos columnistas que \u201ctratan de explicar lo inexplicable y que miran la realidad de este presente convulsionado con un prisma deforme\u201d (14\/04\/2021). Tuvimos que enfrentarnos, una vez m\u00e1s, con los <strong><em>UNITARIOS<\/em><\/strong><em>,<\/em> sujetos que conforman \u201cUna banda de irresponsables que juegan con la vida de millones\u201d que, obsesionados con Cristina y Kiciloff, repiten el sonsonete de que \u201clas cosas ocurren por las mal\u00e9volas conspiraciones del aprendiz de Marx y su jefa Mal\u00e9fica\u201d y a los que los escribas contraponen a quienes dirigen a la oposici\u00f3n, \u201cfieles devotos de la causa unitaria que entonces como ahora, antepuso los intereses de la ciudad de la Sant\u00edsima Trinidad y puerto de Santa Mar\u00eda de los Buenos Aires a los del resto del pa\u00eds\u201d (21\/04\/2021). Quedamos <strong><em>ENREVESADOS<\/em><\/strong>, culpa de \u201clos que m\u00e1s demostraron despreciar la educaci\u00f3n p\u00fablica, desfinanci\u00e1ndola y proclamando las virtudes de la ense\u00f1anza privada\u201d (28\/04\/2021) y <strong><em>RECORTADOS<\/em><\/strong>, culpa de los destrozos dejados por el macrismo que \u201catropell\u00f3, pervirti\u00f3, desnaturaliz\u00f3 y destruy\u00f3 todo cuanto pudo\u201d (05\/05\/2021). Siempre supimos que son unos <strong><em>FARSANTES<\/em><\/strong>. El problema es que \u201cLos encontramos en los medios, en la pol\u00edtica, en los tribunales. Tranquilos y como si nada nos viven mintiendo, enga\u00f1ando, fingen lo que no sienten, se hacen pasar por lo que no son y sacan provecho de eso, en perjuicio de todos nosotros. Son tramposos y embaucadores por vocaci\u00f3n y con perseverancia digna de mejores causas\u201d (12\/05\/2021). Adem\u00e1s, son <strong><em>CARADURAS<\/em><\/strong>, cosa que recordamos cuando apareci\u00f3 por ah\u00ed el \u201ccuarteto formado por la saltimbanqui, el gorila de apellido clerical, el actor que se olvid\u00f3 del personaje y el inventor de fiscalicidios\u201d. La gran noticia era la fuga de <em>Pep\u00edn<\/em>, \u201cel tipo que se ocup\u00f3 de organizar una banda que se dedic\u00f3 a perseguir opositores pol\u00edticos desde los tribunales, banda denominada mesa judicial y que congregaba a esp\u00edas, empleados de los medios, jueces, fiscales y funcionarios\u201d (20\/05\/2021). Como una suerte de reconocimiento a la vigencia del pensamiento de Arturo Jauretche, desenmascaramos a <strong><em>LOS PROFETAS DEL ODIO<\/em><\/strong>, como Jorge Fern\u00e1ndez D\u00edaz, a quien \u201cEl odio de clase (aunque el novelero lo tome prestado de sus patrones) y la verba discriminatoria lo llevan a menospreciar al movimiento pol\u00edtico m\u00e1s importante de la vida nacional\u201d (26\/05\/2021). Ese odio que los transforma en <strong><em>ENFERMOS<\/em><\/strong>,&nbsp; y que los lleva a unirse a \u201cTerraplanistas y paranoicos de todos los pa\u00edses, amantes de las conspiraciones, combatientes contra las vacunas, se \u00fanen para enfrentar cualquier medida que se intente adoptar para frenar el avance del virus\u201d. Advert\u00edamos que \u201cComo siempre, los columnistas del pasqu\u00edn de los Mitre-Saguier ocultan las verdades que no les gustan\u201d (02\/06\/2021). Porque en lugar de ser fieles a su pretendido oficio de comunicadores sociales, los tipos son <strong><em>ANTIPERIODISTAS<\/em><\/strong>. Sirven \u201ca los intereses de los poderosos y para hacerlo, no vacilan en usar los medios de comunicaci\u00f3n social como veh\u00edculos de difusi\u00f3n del odio y el enga\u00f1o\u201d. Contra lo que deber\u00eda ser en una verdadera democracia, denunciamos que \u201cla Rep\u00fablica tantas veces proclamada por nuestros neoliberales tiene como vocero medi\u00e1tico al grupo protegido por magistrados. Jueces que dictan desde hace a\u00f1os cautelares a favor de Clar\u00edn en lugar de defender los derechos de los ciudadanos como deber\u00edan\u201d. (09\/06\/2021). Columnistas que no pueden escaparse de su verdadera vocaci\u00f3n de <strong><em>MENTIROSOS<\/em><\/strong>. Se ve a diario que \u201clas caras de piedra de nuestros aprendices de Pinocho no se inmutan cuando largan un disparate tras otro\u201d (16\/06\/2021). Tuvimos que rendir un <strong><em>HOMENAJE<\/em><\/strong>, porque este a\u00f1o perverso se llev\u00f3 a muchos de los buenos. Entre ellos al gran Horacio Gonz\u00e1lez, alguien al que \u201cSu claro posicionamiento pol\u00edtico, consecuencia l\u00f3gica de su compromiso intelectual, no necesitaba recurrir al agravio ni a la descalificaci\u00f3n del adversario para afirmar sus ideas\u201d. Todo lo contrario de los idolatrados por los escribas del neomitrismo (23\/06\/2021). Preocupados por <strong><em>EL ORIGEN DEL MAL<\/em><\/strong>, sostuvimos que \u201c<strong><em>LA NACI\u00d3N <\/em><\/strong>ha sido y es fiel al legado de su fundador. Una l\u00ednea ideol\u00f3gica que se caracteriza, en sus m\u00e1s de ciento cincuenta a\u00f1os de existencia, por la defensa de los intereses de los sectores dominantes, el ciego alineamiento con las pol\u00edticas de las potencias hegem\u00f3nicas (primero la Gran Breta\u00f1a que subordin\u00f3 a don Bartolo y m\u00e1s tarde su sucesi\u00f3n, encarnada por los Estados Unidos), y el desprecio declarado y declamado por todo lo que signifique la reivindicaci\u00f3n del pueblo y el reconocimiento de sus derechos\u201d(01\/07\/2021). Una vez m\u00e1s, denunci\u00e1bamos que las publicaciones de <strong><em>LA NACI\u00d3N<\/em><\/strong> son <strong><em>MENTIRA, MENTIRA<\/em><\/strong>. Mucho m\u00e1s cuando tergiversando todo, defienden al espiador serial que endeud\u00f3 generaciones y lo consideran una v\u00edctima. \u00bfPerseguido pol\u00edtico, el tipo que ech\u00f3 a la Procuradora General, a camaristas y jueces que no quisieron someterse a sus caprichos, y que arm\u00f3 una banda de delincuentes que inventaron causas y cuadernos, espiaron a propios y extra\u00f1os y privaron de su libertad a muchos? (07\/07\/2021). Claro que a los defensores de nuestra derecha poco les importa. Porque en relaci\u00f3n a la democracia, son <strong><em>GOLPEADORES.<\/em><\/strong> Hab\u00eda saltado a la luz el apoyo del gobierno macrista al golpe de estado contra Evo Morales, pero los escribas de la Tribuna de Doctrina segu\u00edan con sus preocupaciones rutinarias. \u201cPagni y Morales Sol\u00e1 sostienen la l\u00ednea hist\u00f3rica del pasqu\u00edn fundado por aquel golpista llamado Bartolom\u00e9 Mitre, la del cinismo hip\u00f3crita que cree que el criminal bloqueo es una excusa y que la defensa de su soberan\u00eda que hace Cuba es una pol\u00edtica dictatorial y autoritaria\u201d. Es que, como muestra la historia, \u201c<strong><em>LA NACI\u00d3N <\/em><\/strong>ha alentado a los golpistas en Cuba, Venezuela y Nicaragua, y se cuid\u00f3 mucho de condenar a los que usurparon el poder en Bolivia. Es su tradici\u00f3n. La que heredaron de Lavalle y los unitarios de 1828, la que puso en pr\u00e1ctica su fundador en 1861. No soportan la democracia y mucho menos los gobiernos populares. Su receta es la misma de 1930, 1955, 1962, 1966, 1976\u201d (16\/07\/2021). Claro que los escribas ni se inmutan. Son expertos en practicar <strong><em>EL ARTE DE LA FALSEDAD<\/em><\/strong>. En ese camino, \u201c<strong><em>LA NACI\u00d3N<\/em><\/strong>fue concebida desde su fundaci\u00f3n por Bartolom\u00e9 Mitre como una <em>Tribuna de Doctrina<\/em>. Lo que en resumidas cuentas quiere decir que es el vocero de las posiciones ideol\u00f3gicas de la derecha conservadora, hoy rebautizada como <em>neoliberal<\/em>. Sus lectores no s preocupan por la verdad, sino por leer la opini\u00f3n autorizada de sus doctrinarios, que confirme sus propias opiniones. La verdad es entonces sacrificada en el altar de los intereses econ\u00f3micos y pol\u00edticos, y la independencia de los medios es nada m\u00e1s que un disfraz que encubre sus posicionamientos\u201d (22\/07\/2021).&nbsp; Nada extra\u00f1o, entonces, que se cultiven&nbsp; <strong><em>DEMASIADAS MANERAS DE MENTIR Y ODIAR<\/em><\/strong>. Porque es eso lo que fomentan las p\u00e1ginas del pasqu\u00edn de los Mitre-Saguier. \u201cOdio hacia lo que representan en nuestra sociedad los desaparecidos, v\u00edctimas de una dictadura feroz que fue auspiciada y apoyada por los mismos sectores que la oposici\u00f3n representa hoy, esto es los capitostes del capitalismo agr\u00edcola ganadero y de los grupos financieros concentrados, que no por casualidad fueron los beneficiarios del terror con que Videla, Mart\u00ednez de Hoz y compa\u00f1\u00eda buscaron disciplinar al pueblo. Odio a los organismos de derechos humanos, que lucharon con denuedo y sin desmayos para que en la Argentina existan la Memoria, la Verdad y la Justicia\u201d (29\/07\/2021). P\u00e1ginas <strong><em>SIN \u00c9TICA NI MORAL<\/em><\/strong>. Donde se expresan sin problemas \u201cOdio y desprecio por las mujeres, mucho m\u00e1s si tienen ideas pol\u00edticas, adhieren al populismo denostado y encima osan disfrutar de su sexualidad\u201d. (05\/08\/2021). Columnistas con <strong><em>LAS NEURONAS EXTRAVIADAS<\/em><\/strong>, que se permiten sostener cosas que no tienen defensa, como alabar la reanudaci\u00f3n de los ataques de Estados Unidos como una forma de defender las libertades fundamentales. Lo que nos llev\u00f3 a preguntar si \u201c\u00bfLa reanudaci\u00f3n de los bombardeos a Siria es la manera de promover la vigencia de los derechos humanos para Biden?\u201d (11\/08\/2021). Sujetos que se comportan como <strong><em>VISITANTES<\/em><\/strong> y que constituyen \u201cuna variopinta legi\u00f3n de falsarios, inmorales, profesionales de la mentira, inescrupulosos de toda laya, odiadores seriales, mamarrachos a sueldo, despreciadores de mujeres, perseguidores de toda disidencia, agraviantes diplomados, vociferantes melenudos y desmelenados, diputados y disputantes, se lanzaron feroces al ataque en nombre de una \u00e9tica y una moral que jam\u00e1s practicaron y reclamando una decencia que les es ajena, erigi\u00e9ndose en tribunos de una rep\u00fablica a la que humillaron y prostituyeron cada vez que pudieron\u201d(17\/08\/2021). Y hubo que referirse a la <strong><em>BASURA<\/em><\/strong>. La \u201cque circula por los medios hegem\u00f3nicos, ostensiblemente producida con el fin de ensuciar todo aquello a lo que va dirigido\u201d. Es la que es \u201cdesparramada con alevos\u00eda, basura para destruir reputaciones y honorabilidades, basura para socavar autoridades e igualar con el rasero de lo inmoral a todo lo que no comulga con el ideario de las clases dominantes\u201d (25\/08\/2021). La campa\u00f1a preelectoral nos hizo preguntarnos acerca de <strong><em>LA VIOLENCIA Y EL GOZO<\/em><\/strong>, y encontramos que \u201cla derecha se vuelve d\u00eda a d\u00eda m\u00e1s violenta y abandona toda pretensi\u00f3n de convivencia democr\u00e1tica, desde el lenguaje y hasta los hechos\u201d. Tenemos claro que \u201cNuestras clases populares no reciben como una d\u00e1diva de la derecha su camino al goce: lo ejercen como un derecho que no les puede ser privado, como una forma m\u00e1s de rebeld\u00eda\u201d (01\/09\/2021). Es sabido que nuestra derecha sufre <strong><em>EL MIEDO A LAS URNAS<\/em><\/strong>. Incluso a las que les dieron el poder entre 2015 y 2019, y les permitieron \u201cCuatro a\u00f1os de desastres, de endeudamiento, de destrucci\u00f3n de puestos de trabajo, de cierre de f\u00e1bricas y quiebra de peque\u00f1as y medianas empresas, de abandono de la salud y la educaci\u00f3n p\u00fablicas, de consagraci\u00f3n de la pol\u00edtica represiva del gatillo f\u00e1cil. De la nueva entrega en los brazos del Fondo Monetario Internacional. De la desaparici\u00f3n forzada seguida de muerte de Santiago Maldonado y el asesinato de Rafael Nahuel. De la fuga de capitales. De la gobernadora que no abr\u00eda hospitales y que no quer\u00eda pobres en la universidad. Del vago que se tom\u00f3 m\u00e1s vacaciones que nadie y que a las siete de la tarde largaba todo para ver Netflix. Del armado de mesas judiciales con esp\u00edas, jueces, fiscales, empleados de los medios, y funcionarios de gobierno, dedicados a perseguir opositores. Del desprecio por la soberan\u00eda nacional y el abandono del reclamo por las Islas Malvinas\u201d(09\/09\/2021). Es que no tienen vocaci\u00f3n democr\u00e1tica. M\u00e1s bien, son <strong><em>CARRO\u00d1EROS<\/em><\/strong>. La ca\u00edda del Frente de Todos en las primarias aliment\u00f3 sus deseos m\u00e1s oscuros. \u201cPor eso a dos d\u00edas de los comicios, el clarinete mentiroso ilustraba su portada con la foto de Alberto Fern\u00e1ndez al pie del helic\u00f3ptero presidencial, clara alusi\u00f3n a la huida protagonizada por Fernando de la R\u00faa en 2001. Eso es lo que querr\u00edan, que la nave populista se hunda y que sus tripulantes se ahoguen en la marejada de votos de las PASO\u201d. Eso nos llev\u00f3 a advertir que nos enfrentamos a \u201cun peligro cierto. Que las y los negacionistas, las y los defensores de los genocidas, lleguen al Congreso. Y que junto a los dem\u00e1s carro\u00f1eros se abalancen sobre los restos de la democracia\u201d (16\/09\/2021). Con el resultado electoral, quedaron las <strong><em>CARTAS SOBRE LA MESA<\/em><\/strong>. Como siempre, la m\u00e1s clara la escribi\u00f3 Cristina Fern\u00e1ndez de Kirchner. Y ante sus frases certeras \u201cel coro de profetas del desastre que pulula por los medios de los due\u00f1os del poder estall\u00f3 con una alharaca propia de una reuni\u00f3n de cuervos enloquecidos que olfatearan un bot\u00edn largamente codiciado: la ruptura del Frente de Todos\u201d. Cosa que no ocurri\u00f3, pero no les impidi\u00f3 \u201ccacarear acerca de ese supuesto <em>republicanismo popular<\/em>, rara avis que no cree en el funcionamiento democr\u00e1tico de ninguna de las instituciones de una rep\u00fablica y que desprecia lo popular\u201d (24\/09\/2021). Por las dudas, como lo hicieron a lo largo de su historia volvieron a pensar en recurrir al <strong><em>FRAUDE PATRI\u00d3TICO<\/em><\/strong>. Mientras para esa derecha \u201cTodo sirve para atacar al gobierno y garantizar el triunfo de noviembre. Cualquier mentira es buena, cualquier agresi\u00f3n por desproporcionada y falsa que sea es bien recibida. Seguro que si pudieran volver\u00edan al fraude patri\u00f3tico\u201d, sabmos que \u201cMientras tanto, Milagro Sala y otros muchos siguen padeciendo prisiones injustas. Presos pol\u00edticos de los que muchos parecen haberse olvidado. Nosotros no. Seguimos sosteniendo que no hay democracia posible mientras siga habiendo presos pol\u00edticos. Seguimos reclamando su libertad\u201d (30\/09\/2021). Es notable como los escribas de la Tribuna de Doctrina no se cansan de apelar a <strong><em>LA FALSEDAD<\/em><\/strong> para redactar sus columnas. Sucede que \u201cla mayor parte de lo que se escribe o dice nada tiene que ver con la verdad y la autenticidad, y que las palabras no concuerdan con las ideas y mucho menos con las cosas\u201d. Eso s\u00ed, pasa que \u201cLas falsedades, a veces, terminan por quedar al descubierto. El Tribunal Oral Federal n\u00famero Ocho acaba de establecer que en la firma del conocido Memorandum de entendimiento con Ir\u00e1n no hubo delito, y en consecuencia dict\u00f3 el sobreseimiento de Cristina Fern\u00e1ndez de Kirchner y los dem\u00e1s imputados, con la menci\u00f3n de que la formaci\u00f3n del proceso no les afecta en su buen nombre y honor, menci\u00f3n que extendi\u00f3 al fallecido H\u00e9ctor Timerman. Cuya muerte, privado de laposibilidad de continuar su tratamiento m\u00e9dico y acusado de ser traidor a la patria, ya nadie puede remediar\u201d(09\/10\/2021). Pasamos a tratar <strong><em>DE \u00c9TICAS Y EST\u00c9TICAS<\/em><\/strong>. Quer\u00edamos decir que \u201clos mismos medios que en la Argentina llenan p\u00e1ginas y p\u00e1ginas, y horas de radio o televisi\u00f3n, hablando de la independencia period\u00edstica, del derecho a la libre expresi\u00f3n y de la libertad de prensa, no tienen la m\u00e1s m\u00ednima preocupaci\u00f3n por la manera en que sus empleados ignoran las reglas \u00e9ticas m\u00e1s elementales\u201d. Y tambi\u00e9n, que \u201cSe use el criterio que se quiera usar, la belleza, la sensibilidad, la trascendencia est\u00e1n ausentes de los discursos de estos fen\u00f3menos de la <em>nueva pol\u00edtica <\/em>de nuestra derecha. Vaya muestras de superioridad est\u00e9tica que nos brindan estos <em>liberales <\/em>agresores, violentos, discriminadores, que no parecen poder hilvanar una frase exenta de insultos\u201d (15\/10\/2021). Con el recrudecimiento de los justos reclamos de los pobladores originarios, nuestros derechistas se creyeron con el mismo derecho de los <strong><em>CONQUISTADORES<\/em><\/strong>. Con cierta nostalgia, dec\u00edamos que \u201cTal vez vendr\u00eda bien un Bartolom\u00e9 de las Casas en estos d\u00edas, donde los antiderechos se extienden como una mancha venenosa y alzan sus voces reclamando represiones y violencias varias. En cambio, tenemos a los seguidores de otro Bartolom\u00e9, el mentiroso que derroc\u00f3 al segundo presidente constitucional de nuestra historia, que desat\u00f3 la guerra injusta contra el Paraguay y que invent\u00f3 una historia al gusto de los dominadores\u201d. Lo justo, para nosotros, era y es \u201cOptar por el Bartolom\u00e9 bueno, de las Casas, y no seguir la tradici\u00f3n del malo. Del que fund\u00f3 <strong><em>LA NACI\u00d3N&nbsp; <\/em><\/strong>para mentirle a la sociedad disfrazando sus mentiras de doctrinas ejemplares. A no confundirse. Por una vez, pong\u00e1monos del lado de los conquistados y no de los conquistadores\u201d(27\/10\/2021). La realidad nos llev\u00f3 a distinguir entre <strong><em>DEUDORES Y ENDEUDADORES<\/em><\/strong>. Para ellos, que nos endeudaron alegremente, la soluci\u00f3n a cualquier reclamo \u201cpasa por el uso de la fuerza contra cualquier disidencia y de modo de consagrar, si es necesario mediante el terror, un modelo que cristalice los estratos sociales, donde el pobre se resigne a serlo y a cumplir con lo que los due\u00f1os del poder econ\u00f3mico le ordenen\u201d. Dijimos que tambi\u00e9n la falta de justicia en este pa\u00eds \u201cEs una deuda m\u00e1s que la derecha contrae. Porque est\u00e1 claro que en esta vida que nos ha tocado a los argentinos, unos endeudan para que otros paguen. Como dice la antigua canci\u00f3n que entonaban los republicanos espa\u00f1oles, cu\u00e1ndo querr\u00e1 el Dios del cielo que la tortilla se vuelva\u201d (06\/11\/2021). No nos sorprendi\u00f3 que desde <strong><em>LA NACI\u00d3N<\/em><\/strong> se hiciera, una vez m\u00e1s, <strong><em>LA APOLOG\u00cdA DEL TERROR<\/em><\/strong>. En las columnas del pasqu\u00edn fundado por Mitre, \u201clas cr\u00edticas contra el proceso de Memoria, Verdad y Justicia fueron una constante\u201d. La oposici\u00f3n a los juicios ten\u00eda un sustento, porque con el avance de las causas quedaba claro que \u201cel objetivo perseguido por la dictadura en su af\u00e1n de reorganizar al pa\u00eds era retrogradarlo a las condiciones previas a las conquistas sociales del primer peronismo, privando de derechos a los trabajadores e imponiendo el sistema del r\u00e9gimen conservador, aggiornado a los nuevos vientos que soplaban desde el norte del continente\u201d(11\/11\/2021). Con el resultado de las elecciones de medio t\u00e9rmino, el pa\u00eds qued\u00f3 en una situaci\u00f3n de <strong><em>(DES)EQUILIBRIO<\/em><\/strong>. Porque al no ser el triunfo opositor lo contundente que la Tribuna de Doctrina hubiera deseado, lo que quedaba era reclamar para que \u201cel gobierno se rinda y acuerde con el Fondo Monetario Internacional. En los t\u00e9rminos que este imponga, por supuesto. No vaya usted a creer que desde las p\u00e1ginas de <strong><em>LA NACI\u00d3N<\/em><\/strong> se pueda privilegiar alguna vez el inter\u00e9s nacional. Nunca hubo ecuanimidad, ni mesura, ni sensatez en sus juicios\u201d. Por el contrario, nosotros reclamamos que se escuchara \u201ca los miles y miles de votantes que en el 2019 apostaron por un gobierno que les prometi\u00f3 que sus decisiones iban a estar siempre a favor de los necesitados, los excluidos, los marginados por un sistema impiadoso, los perseguidos por jueces que pervirtieron cualquier sentido que se le quiera dar a la palabra justicia\u201d(19\/11\/2021). Con tanto discursante suelto, se nos ocurri\u00f3 hablar de <strong><em>LAS MALAS PALABRAS<\/em><\/strong>. Empezamos por aclarar que a nuestro juicio, \u201cEl mal, seguro, no radica en realidad en las palabras sino en quien las escribe, las pronuncia, las dispara, seguro de poder provocar con ellas todo lo malo que busca. Que a veces se esconde tras discursos llenos de palabras de las que consideramos buenas. Como los que pueblan las p\u00e1ginas de <strong><em>LA NACI\u00d3N<\/em><\/strong> desde hace m\u00e1s de ciento cincuenta a\u00f1os\u201d. Hay algo que no podemos cansarnos de repetir. Y es que \u201cLa forma en que <strong><em>LA NACI\u00d3N<\/em><\/strong>, Clar\u00edn y los medios en general actuaron durante la dictadura genocida de 1976 a 1983, aplaudiendo el horror, aprovech\u00e1ndolo en su beneficio, y cubri\u00e9ndolo con la protecci\u00f3n impune de sus continuas invocaciones al olvido, no puede ni debe ser olvidada\u201d. Porque frente a la protecci\u00f3n que el pasqu\u00edn mitrista brinda a la diputada negacionista, tenemos bien en claro que \u201cquien distorsiona la historia, quien sostiene un discurso negacionista que encubre la defensa del horror, quien defiende lo indefendible, quien est\u00e1 manifiestamente en contra de las pol\u00edticas de Memoria, Verdad y Justicia que forman parte del contrato social de los argentinos y constituyen el pilar m\u00e1s firme de la democracia, es la defendida por<strong><em> LA<\/em><\/strong> <strong><em>NACI\u00d3N<\/em><\/strong>, que comparte la misma ideolog\u00eda que sustent\u00f3 las atrocidades masivas de Videla, Mart\u00ednez de Hoz y sus secuaces. A no equivocarse: los votantes podr\u00e1n elegir lo que les parezca, pero somos y seremos siempre muchos m\u00e1s los que no olvidamos, no perdonamos ni nos reconciliamos. Palabras que, ellas s\u00ed, son de las buenas\u201d(29\/11\/2021). Nos vamos sintiendo cada vez m\u00e1s <strong><em>AJUSTADOS<\/em><\/strong>. Lo que nos hace preguntar si \u201c\u00bfEst\u00e1 LA NACI\u00d3N preparando el terreno para acusar de cualquier cosa a los sectores que se oponen al ajuste? As\u00ed empiezan siempre las represiones violentas, por la identificaci\u00f3n de un grupo como extremo. Sobran ejemplos en la historia argentina\u201d (06\/12\/2021). Y llegamos al final de este tan triste a\u00f1o. Que se empecin\u00f3 en no dejarnos <strong><em>NADA<\/em><\/strong>. Ni esperanzas, ni futuro, ni ilusiones. Ocurre que seguimos viendo como \u201cLos sucesores de don Bartolo se especializan, desde hace tiempo, en presionar a los jueces e incluso llegan a decirles con claridad y sin medias tintas c\u00f3mo deben sentenciar\u201d.&nbsp; Y como \u201cLos que endeudaron irresponsablemente al pa\u00eds, provocando la mayor fuga de capitales de la historia, los que pretenden que el gobierno se someta a los dictados del poder financiero internacional, los culpables de esta enorme crisis, se sienten ofendidos porque alguien les recuerda los cargos que ocuparon hace pocos a\u00f1os, cuando se produjo la vuelta del FMI sin que el pr\u00e9stamo que les diera fuera tratado por el Congreso, hoy se dicen ofendidos. Nada, otra vez nada\u201d (18\/12\/2021). En fin. Ojal\u00e1 que el que viene sea, de verdad, un a\u00f1o nuevo. Sin pandemia, sin gatillo f\u00e1cil, sin persecuciones judiciales, sin ajuste, sin violencia. Porque para estos d\u00edas, todos deseamos felicidades, paz y amor para el mundo entero. Que as\u00ed sea, pero no olvidemos que: &#8220;El d\u00eda del amor y de la paz llegar\u00e1 cuando la justicia barra de la faz de la tierra a la raza de los explotadores y de los privilegiados. Que haya una sola clase de hombres, los que trabajan. Que sean todos para uno y uno para todos. Que no exista ning\u00fan otro privilegio que el de los ni\u00f1os. Que nadie se sienta m\u00e1s de lo que es ni menos de los que puede ser. Que los gobiernos de las naciones hagan lo que los pueblos quieran. Que cada d\u00eda los hombres sean menos pobres. Que todos seamos art\u00edfices del destino com\u00fan&#8221;.&nbsp; (Evita, mensaje navide\u00f1o, 1951\u201d. Que as\u00ed sea.<\/p>\n","protected":false},"excerpt":{"rendered":"<p>Empezaron gritando VIVA LA MUERTE y dijimos entonces que \u201cNo son medios period\u00edsticos. Son conglomerados&#8230;<\/p>\n","protected":false},"author":1,"featured_media":0,"comment_status":"open","ping_status":"open","sticky":false,"template":"","format":"standard","meta":{"footnotes":""},"categories":[17],"tags":[],"class_list":["post-471","post","type-post","status-publish","format-standard","hentry","category-contra-mitre"],"_links":{"self":[{"href":"https:\/\/luisalen.com\/index.php?rest_route=\/wp\/v2\/posts\/471","targetHints":{"allow":["GET"]}}],"collection":[{"href":"https:\/\/luisalen.com\/index.php?rest_route=\/wp\/v2\/posts"}],"about":[{"href":"https:\/\/luisalen.com\/index.php?rest_route=\/wp\/v2\/types\/post"}],"author":[{"embeddable":true,"href":"https:\/\/luisalen.com\/index.php?rest_route=\/wp\/v2\/users\/1"}],"replies":[{"embeddable":true,"href":"https:\/\/luisalen.com\/index.php?rest_route=%2Fwp%2Fv2%2Fcomments&post=471"}],"version-history":[{"count":2,"href":"https:\/\/luisalen.com\/index.php?rest_route=\/wp\/v2\/posts\/471\/revisions"}],"predecessor-version":[{"id":473,"href":"https:\/\/luisalen.com\/index.php?rest_route=\/wp\/v2\/posts\/471\/revisions\/473"}],"wp:attachment":[{"href":"https:\/\/luisalen.com\/index.php?rest_route=%2Fwp%2Fv2%2Fmedia&parent=471"}],"wp:term":[{"taxonomy":"category","embeddable":true,"href":"https:\/\/luisalen.com\/index.php?rest_route=%2Fwp%2Fv2%2Fcategories&post=471"},{"taxonomy":"post_tag","embeddable":true,"href":"https:\/\/luisalen.com\/index.php?rest_route=%2Fwp%2Fv2%2Ftags&post=471"}],"curies":[{"name":"wp","href":"https:\/\/api.w.org\/{rel}","templated":true}]}}