{"id":474,"date":"2022-02-07T23:38:00","date_gmt":"2022-02-07T23:38:00","guid":{"rendered":"https:\/\/luisalen.com\/?p=474"},"modified":"2023-02-07T21:29:04","modified_gmt":"2023-02-07T21:29:04","slug":"acordar","status":"publish","type":"post","link":"https:\/\/luisalen.com\/?p=474","title":{"rendered":"Acordar"},"content":{"rendered":"\n<p>Acordar es una de esas palabras que tienen m\u00faltiples significados.&nbsp;<\/p>\n\n\n\n<p>Seg\u00fan el Diccionario de la Real Academia Espa\u00f1ola, si es con relaci\u00f3n a un conjunto de personas, significa \u201c<em>Determinar o resolver algo de com\u00fan acuerdo, o por mayor\u00eda de votos<\/em>\u201d.&nbsp;<\/p>\n\n\n\n<p>Si se refiere a una sola persona, se trata de \u201c<em>Determinar o resolver algo deliberadamente<\/em>\u201d, \u201c<em>Determinar o resolver algo antes de mandarlo<\/em>\u201d o \u201c<em>Conciliar, componer<\/em>\u201d.&nbsp;<\/p>\n\n\n\n<p>Tambi\u00e9n quiere decir \u201cTraer algo a la memoria de otra persona\u201d. En cuestiones musicales, es \u201cDisponer o templar un instrumento musical o armonizar varias voces para que no disuenen entre&nbsp; s\u00ed. En pintura se refiere a \u201c<em>Disponer arm\u00f3nicamente los tonos de un dibujo o de una pintura<\/em>\u201d.&nbsp;<\/p>\n\n\n\n<p>Antes se usaba la palabra como sin\u00f3nimo de \u201c<em>Hacer a alguien volver a su juicio<\/em>\u201d. En algunos pa\u00edses de Am\u00e9rica, acordar es \u201c<em>caer en la cuenta<\/em>\u201d, y aunque cay\u00f3 en el desuso, la expresi\u00f3n, referida a una cosa, se tomaba como \u201c<em>Concordar, conformar, convenir con otra<\/em>\u201d, y si era referida a una persona, como \u201cVolver en su acuerdo o juicio\u201d o \u201c<em>despertar, dejar de dormir<\/em>\u201d. Finalmente, acordar es asimismo \u201c<em>Recordar o tener en la memoria algo o a alguien<\/em>\u201d.<\/p>\n\n\n\n<p>Con tantos significados dando vuelta, se me ocurre que es dif\u00edcil acordarnos de qu\u00e9 se trataba lo del acuerdo, y no estamos seguros de que todos vayamos a acordar lo que se acord\u00f3, sobre todo porque a veces nos parece que no son cosas (nuestros intereses y los de otros) sobre las que vayamos a concordar, y que este acuerdo no nos despierta sino m\u00e1s bien todo lo contrario. Parece que no vamos a armonizar todas las voces, y que los tonos con que se dibuja este presunto acuerdo no acuerdan demasiado entre s\u00ed. M\u00e1s cerca estoy de creer que es algo determinado deliberadamente y sin que haya un com\u00fan acuerdo.<\/p>\n\n\n\n<p>Esto viene a cuenta porque en su informe del a\u00f1o 2019 -ayer nom\u00e1s, todav\u00eda me acuerdo-, el Experto Independiente convocado por las Naciones Unidas para estas cuestiones dec\u00eda que \u201c<em>Con arreglo a las normas de derecho internacional, puede considerarse a las instituciones financieras internacionales c\u00f3mplices en la imposici\u00f3n de reformas econ\u00f3micas que violan los derechos humanos. El v\u00ednculo causal entre la asistencia prestada (en forma de pr\u00e9stamos, vigilancia y asistencia t\u00e9cnica, y sus condicionalidades asociadas) en la comisi\u00f3n de un hecho internacionalmente il\u00edcito (complicidad) y el da\u00f1o causado (violaciones de los derechos humanos) es evidente y est\u00e1 bien documentado. Se podr\u00eda presuponer el conocimiento del car\u00e1cter il\u00edcito del acto si, incluso al impulsar la aplicaci\u00f3n de reformas econ\u00f3micas que normalmente dan lugar a violaciones de los derechos humanos, no se lleva a cabo una evaluaci\u00f3n ex ante del impacto. La responsabilidad jur\u00eddica por complicidad acarrea obligaciones en t\u00e9rminos de cese, no repetici\u00f3n y reparaci\u00f3n<\/em>\u201d.&nbsp;<\/p>\n\n\n\n<p>A su vez, el propio Fondo Monetario Internacional dijo que el pr\u00e9stamo acordado al gobierno del dormil\u00f3n fana de Netflix en 2018 se hab\u00eda acordado por sobre los l\u00edmites normales de endeudamiento y no hab\u00eda cumplido sus objetivos.&nbsp;<\/p>\n\n\n\n<p>Y a trav\u00e9s del Decreto 239\/2021 publicado en el Bolet\u00edn Oficial, el presidente Alberto Fern\u00e1ndez instruy\u00f3 al Procurador del Tesoro para que se constituyera en parte querellante, en representaci\u00f3n del Estado, en la causa N\u00b0 3561\/2019, \u201c<em>Macri Mauricio y otros s\/ defraudaci\u00f3n por administraci\u00f3n fraudulenta y defraudaci\u00f3n contra la administraci\u00f3n p\u00fablica<\/em>\u201d, que tramita ante el Juzgado Nacional en lo Criminal y Correccional Federal N\u00b0 5 de la Capital Federal.&nbsp;<\/p>\n\n\n\n<p>Con esos antecedentes, y dado que la Constituci\u00f3n Nacional en el inciso 4 del art\u00edculo 75 dispone que corresponde al Congreso Nacional \u201c<em>Contraer empr\u00e9stitos sobre el cr\u00e9dito de la Naci\u00f3n<\/em>\u201d, y el inciso 7 del mismo art\u00edculo dice que es tambi\u00e9n facultad del Congreso \u201c<em>Arreglar el pago de la deuda interior y exterior de la Naci\u00f3n<\/em>\u201d, cosas de las que el gobierno amarillo se olvid\u00f3, caigo en la cuenta de que no entiendo qu\u00e9 se acord\u00f3. Porque adem\u00e1s me acuerdo que otro gobierno -el de N\u00e9stor Kirchner- se hab\u00eda despegado de la tutela del FMI que ahora parece que nos va a vigilar al menos cada tres meses. El Poder Judicial, que tiene a su cargo la investigaci\u00f3n de la causa iniciada por el gobierno, no tiene nada que decir? Porque supongamos que los jueces deciden cumplir con su tarea, investigan a fondo y concluyen en que el domador de reposeras y su banda de secuaces son responsables de haber cometido una serie de delitos en la toma del cr\u00e9dito del 2018 y la posterior fuga de esos dinerillos. \u00bfEntonces el gobierno acord\u00f3 cumplir con algo que es un delito? \u00bfCu\u00e1l ser\u00eda la calificaci\u00f3n que cabr\u00eda a la conducta de Alberto Fern\u00e1ndez?<\/p>\n\n\n\n<p>Pero claro, seguro que hay muchos que no acuerdan conmigo. Y que si se acuerdan de N\u00e9stor es para insultarlo. Entre ellos, los columnistas de la<em> Tribuna de Doctrina<\/em>, ocupados como siempre en propalar falsas informaciones y en mentir descaradamente cuando las conveniencias pol\u00edticas as\u00ed se los indican.<\/p>\n\n\n\n<p>Repasemos simplemente los t\u00edtulos de sus principales opin\u00f3logos: Joaqu\u00edn Morales Sol\u00e1, el 30\/01\/2022, contaba que \u201c<em>Hubo acuerdo, a pesar de Cristina<\/em>\u201d, y el 01\/02\/2022 hablaba de \u201c<em>Dos actos golpistas en 24 horas<\/em>\u201d, refiri\u00e9ndose primero a la renuncia de M\u00e1ximo Kirchner a la presidencia del bloque de diputados del Frente de Todos y luego al masivo acto que pidi\u00f3 la renuncia de los cuatro cortesanos supremos. Por carriles parecidos transit\u00f3 Mart\u00edn Rodr\u00edguez Yebra, que el 30\/01\/2022 y con la figura tan poco simp\u00e1tica de \u201c<em>La soga al cuello<\/em>\u201d, hablaba de \u201c<em>Un gobierno tironeado entre Cristina Kirchner y el FMI<\/em>\u201d, para luego, el 01\/02\/2022, definir al acto contra los cortesanos como \u201c<em>Un apriete en medio de la tormenta interna del oficialismo<\/em>\u201d.<\/p>\n\n\n\n<p>Claudio Jacquelin el 31\/01\/2022 descubr\u00eda que \u201c<em>A Fern\u00e1ndez le lleg\u00f3 la hora de hacer<\/em>\u201d, y el 01\/02\/2022 casi que se regocijaba por \u201c<em>Una ruptura que pone al oficialismo en terapia intensiva<\/em>\u201d.&nbsp;<\/p>\n\n\n\n<p>Luciana V\u00e1zquez, por su parte, se preguntaba el 01\/01\/2022 \u201c<em>\u00bfQui\u00e9n le teme a Cristina Kirchner?<\/em>\u201d. El 03\/02\/2022 varios abrieron sus plumas para decir lo mismo de siempre pero con notas de actualidad. Francisco Olivera titul\u00f3 \u201c<em>La Argentina, frente a una pared invisible<\/em>\u201d, mientras que Daniel Santa Cruz ve\u00eda a \u201c<em>Un Presidente aturdido y debilitado por el silencio de Cristina<\/em>\u201d, y el servicial Carlos Pagni informaba, con su habitual tono apocal\u00edptico, que el gobierno era \u201c<em>v\u00edctima de una estrategia suicida<\/em>\u201d.<\/p>\n\n\n\n<p>De la marcha contra los cortesanos se ocuparon, el 01\/02\/2022, Pablo Giordano, al que en su art\u00edculo titulado \u201c<em>1F: una marcha que mancha<\/em>\u201d se le acab\u00f3 el texto constitucional en el art\u00edculo 1, que entre par\u00e9ntesis nada dice que proh\u00edba pedir la renuncia de miembros del alg\u00fan poder el estado, y nunca lleg\u00f3 al art\u00edculo 14 que nos faculta a peticionar a las autoridades, y de Alejandro Fargosi, para el que fue \u201c<em>el gobierno de Cristina Fern\u00e1ndez<\/em>\u201d el que convoc\u00f3 a la marcha, lo que le hace preguntarse si estamos frente a un \u201c<em>\u00bfGolpismo siglo XXI?\u201d, <\/em>pregunta que por cierto no se hizo cuando opositores de todo tipo y pelaje reclamaban a los gritos que se echara a la misma Cristina de la presidencia que ejerci\u00f3 entre 2007 y 2015, por mandato popular, ni tampoco cuando los antivacunas quer\u00edan desplazar a Alberto Fern\u00e1ndez.&nbsp;<\/p>\n\n\n\n<p>A fines del 2021, decid\u00ed que estas columnas iban a volver ahora, en febrero. Con la esperanza de que algunas cosas hubieran cambiado. Pero si hubo cambios, parece que fue para peor. El gobierno acord\u00f3 algo sin acordarse de que hab\u00eda denunciado como delito aquello por lo que acordaba. La oposici\u00f3n, culpable del descalabro econ\u00f3mico que padece el pa\u00eds, se permite erigirse en fiscal de ese acuerdo. El alcalde porte\u00f1o cree que la renuncia de M\u00e1ximo \u201c<em>genera incertidumbre en un momento tan cr\u00edtico para la Argentina<\/em>\u201d, como si existiera alguna cl\u00e1usula secreta que obligue al dirigente de la detestada C\u00e1mpora a seguir en un cargo cuando siente que no debe hacerlo. Y para mayor disparate, la presidenta del Pro, conocida por sus habilidades como saltimbanqui de la pol\u00edtica y promotora de la violencia institucional y el gatillo f\u00e1cil, intim\u00f3 al oficialismo: \u201c<em>O ellos votan todos juntos, o hay que derogar la ley que ellos armaron para que el acuerdo que firmen pase por el Congreso<\/em>\u201d. \u00bfQui\u00e9n diablos es la sujeta en cuesti\u00f3n para intimar a nadie? \u00bfY qu\u00e9 grado inusual de dureza tiene su cara para reclamar que no se cumpla con una ley que lo \u00fanico que hace es reclamar que se cumpla con la Constituci\u00f3n?&nbsp; <strong><em>LA NACI\u00d3N<\/em><\/strong> sigue proclamando el fin del kirchnerismo, culpando de todo a la mal\u00e9fica Cristina y a su hijo, golpeando a Kiciloff porque su enviada, Elisabetta Piqu\u00e9, lo ve entusiasmado en Mosc\u00fa \u201c<em>al descubrir los cuadros de Lenin, Stalin y Cristina<\/em>\u201d -evidente prueba de que son todos bolcheviques-, y reivindicando a su fundador, como lo hace Miguel \u00c1ngel de Marco el 01\/02\/2022 cuando se emociona ante \u201c<em>Mitre y una obra ferroportuaria que transform\u00f3 al pa\u00eds<\/em>\u201d, sin acordarse de que el trazado de los ferrocarriles, dise\u00f1ado por las compa\u00f1\u00edas brit\u00e1nicas que los instalaron, hac\u00eda confluir en los puertos toda la producci\u00f3n del interior, para que fuera m\u00e1s f\u00e1cil su traslado hacia la potencia que ensayaba su vocaci\u00f3n imperialista. No es que no haya pasado nada, pero todo parece igual o peor. Suerte que me acuerdo de otros tiempos m\u00e1s felices, cuando no acord\u00e1bamos.<\/p>\n","protected":false},"excerpt":{"rendered":"<p>Acordar es una de esas palabras que tienen m\u00faltiples significados.&nbsp; Seg\u00fan el Diccionario de la&#8230;<\/p>\n","protected":false},"author":1,"featured_media":0,"comment_status":"open","ping_status":"open","sticky":false,"template":"","format":"standard","meta":{"footnotes":""},"categories":[17],"tags":[],"class_list":["post-474","post","type-post","status-publish","format-standard","hentry","category-contra-mitre"],"_links":{"self":[{"href":"https:\/\/luisalen.com\/index.php?rest_route=\/wp\/v2\/posts\/474","targetHints":{"allow":["GET"]}}],"collection":[{"href":"https:\/\/luisalen.com\/index.php?rest_route=\/wp\/v2\/posts"}],"about":[{"href":"https:\/\/luisalen.com\/index.php?rest_route=\/wp\/v2\/types\/post"}],"author":[{"embeddable":true,"href":"https:\/\/luisalen.com\/index.php?rest_route=\/wp\/v2\/users\/1"}],"replies":[{"embeddable":true,"href":"https:\/\/luisalen.com\/index.php?rest_route=%2Fwp%2Fv2%2Fcomments&post=474"}],"version-history":[{"count":2,"href":"https:\/\/luisalen.com\/index.php?rest_route=\/wp\/v2\/posts\/474\/revisions"}],"predecessor-version":[{"id":476,"href":"https:\/\/luisalen.com\/index.php?rest_route=\/wp\/v2\/posts\/474\/revisions\/476"}],"wp:attachment":[{"href":"https:\/\/luisalen.com\/index.php?rest_route=%2Fwp%2Fv2%2Fmedia&parent=474"}],"wp:term":[{"taxonomy":"category","embeddable":true,"href":"https:\/\/luisalen.com\/index.php?rest_route=%2Fwp%2Fv2%2Fcategories&post=474"},{"taxonomy":"post_tag","embeddable":true,"href":"https:\/\/luisalen.com\/index.php?rest_route=%2Fwp%2Fv2%2Ftags&post=474"}],"curies":[{"name":"wp","href":"https:\/\/api.w.org\/{rel}","templated":true}]}}