{"id":479,"date":"2022-03-24T23:42:00","date_gmt":"2022-03-24T23:42:00","guid":{"rendered":"https:\/\/luisalen.com\/?p=479"},"modified":"2023-02-07T21:29:34","modified_gmt":"2023-02-07T21:29:34","slug":"unidos-y-moderados","status":"publish","type":"post","link":"https:\/\/luisalen.com\/?p=479","title":{"rendered":"Unidos y moderados"},"content":{"rendered":"\n<p>Mientras el mundo sigue con atenci\u00f3n las alternativas del conflicto entre Rusia y Ucrania y se pregunta cu\u00e1les ser\u00e1n sus consecuencias en la econom\u00eda globalizada, ac\u00e1 seguimos de acuerdo en desacuerdo. No, no lo escrib\u00ed mal. Es que a un acuerdo con el que pocos acuerdan y muchos de aquellos que lo hacen son los que obligaron a buscar el acuerdo con el que no quer\u00edan acordar pero al final lo hicieron, van siguiendo otros acuerdos de los que no nos acord\u00e1bamos pero que se siguen tejiendo al mismo tiempo que enfrentamos una inflaci\u00f3n en constante alza que se r\u00ede, al menos por ahora, de la guerra que Alberto Fern\u00e1ndez le declar\u00f3 y que nadie sabe todav\u00eda cu\u00e1ndo empieza ni d\u00f3nde se libran sus batallas.<\/p>\n\n\n\n<p>Ahora fue el turno del Club de Par\u00eds. Algunos recordar\u00e1n, tal vez con un dejo de nostalgia por esos a\u00f1os locos, que hubo una vez en que los argentinos eligieron un presidente que celebr\u00f3 en un club de Par\u00eds. Pero no es este con el que Mart\u00edn Guzm\u00e1n busca acordar. Es una deuda m\u00e1s y otro compromiso que al parecer no va a pasar, como ocurri\u00f3 con su antecesor realizado con el FMI, por el Congreso. Tranquilos que con uno basta, parece que pensaron.<\/p>\n\n\n\n<p>Ocurre que entre tantos acuerdos y desacuerdos lo que empez\u00f3 siendo, justamente, un acuerdo de muchos que se hab\u00edan separado hace alg\u00fan tiempo, parece desgranarse. Porque hay quienes dicen que no hay m\u00e1s remedio que firmar estos acuerdos, temerosos del default que acecha. Tal vez precisar\u00edan saber que la Argentina estuvo otras veces en default y no por eso desapareci\u00f3. Y que, por otra parte, no pagarle al FMI no implica un default sino un retraso en los pagos. El todopoderoso Fondo no puede embargar bienes del pa\u00eds ni cosa por el estilo. No tiene un Griesa a mano para que le dicte sentencias favorables, opera de otros modos.<\/p>\n\n\n\n<p>Los acuerdistas, que seg\u00fan fuentes bien informadas conforman el PR (Partido de la Resignaci\u00f3n) explican las virtudes de la moderaci\u00f3n como \u00fanica salida posible a la crisis que dej\u00f3 tan bien instalada la barbarie macrista, que tuvo tambi\u00e9n la ayuda invalorable del COVID19 y sus variantes que siguen dando vueltas por el mundo. Eso s\u00ed, claman por la unidad.<\/p>\n\n\n\n<p>Otros les contestan. Alejados de la resignaci\u00f3n, siguen creyendo en que otros caminos pueden ser transitados y que todav\u00eda estamos a tiempo de elegirlos. \u201c<em>\u00bfQueremos la unidad? Por supuesto que s\u00ed. Unidad como concepto estrat\u00e9gico. Para que sea posible, es necesario dotarla de sentido; dejar que aparezca lo que ha estado y sigue estando por fuera de ella: las pol\u00edticas que le dieron origen; la memoria hist\u00f3rica que la habilita. Es necesario polemizar con una operaci\u00f3n que despolitiza: aquella que sustituye la discusi\u00f3n de las pol\u00edticas que estructuraron la unidad por la apelaci\u00f3n aislada a la palabra unidad\u201d <\/em>&nbsp;(documento \u201c<em>Unidad del campo popular: moderaci\u00f3n o pueblo<\/em>\u201d)<em>.<\/em><\/p>\n\n\n\n<p>Alberto contesta, seg\u00fan el sitio <em>El Destape<\/em>, que \u201c<em>La unidad era una condici\u00f3n necesaria pero insuficiente, no es m\u00e1gica<\/em>&#8220;, pero aparece la Tribuna de Doctrina para aclararnos que \u201c<em>Alberto Fern\u00e1ndez llama a la unidad en el gobierno de Argentina tras cr\u00edticas de afines a la vicepresidenta<\/em>\u201d. Eso s\u00ed, el ignoto escriba que redacta la noticia no se priva de informarnos que \u201c<em>el inquilino de la Casa Rosada ha explicado que, pese a que escucha a todos los sectores del oficialismo, \u00e9l es quien finalmente toma las decisiones<\/em>&#8220;. Casi se le escapa el deseo no muy oculto de que Alberto termine siendo desalojado, como un locatario deudor.<\/p>\n\n\n\n<p>Volvemos a los cr\u00edticos, que con toda precisi\u00f3n se\u00f1alan que \u201c<em>Mientras tanto, la pol\u00edtica gubernamental ha llegado a su punto m\u00e1s tr\u00e1gico: la preparaci\u00f3n de escenarios de anuncios donde no se realizan anuncios. Es la pr\u00e1ctica fallida de anticipar pol\u00edticas que no se concretan: el mismo gobierno genera las expectativas y la defraudaci\u00f3n de las expectativas<\/em>\u201d. Casi pintado para la ya mencionada guerra a la inflaci\u00f3n.&nbsp;<\/p>\n\n\n\n<p><strong><em>LA NACI\u00d3N<\/em><\/strong> no se olvida de la situaci\u00f3n internacional. A esta altura parece ser que creen que fue Cristina quien convenci\u00f3 a Putin de invadir Ucrania. Por lo menos para Luciana V\u00e1zquez, que el 21\/03\/2022 encuentra a \u201c<em>La Argentina kirchnerista, fuera de escala y del mundo<\/em>\u201d. Sucede que Rusia hizo sus pagos y evit\u00f3 el default, lo que lleva a la escriba a vociferar que \u201c<em>los kirchneristas m\u00e1s proclives al putinismo de guerra y a la admiraci\u00f3n de Put\u00edn en clave populista son precisamente los que m\u00e1s empujaron el voto en contra del acuerdo con el FMI fuera del Congreso y dentro del Congreso<\/em>\u201d. A ver, \u00bfser\u00e1 que la guerra es nada m\u00e1s que un tel\u00f3n que oculta el verdadero conflicto, los k contra el mundo? Para los herederos de don Bartolo todo es posible.<\/p>\n\n\n\n<p>El otro analista de la escena mundial es nada menos que el it\u00e1lico catedr\u00e1tico que en cada art\u00edculo rinde homenaje a su apellido. Ya habr\u00e1n adivinado que se trata de Loris Zanatta, que el 22\/03\/2022 proclama que \u201c<em>Fuera del Occidente racionalista, laico y democr\u00e1tico no nos espera ning\u00fan para\u00edso<\/em>\u201d. L\u00e1stima que se olvida de indicarnos d\u00f3nde queda ese Occidente. Porque el que \u00e9l defiende con tanto ahinco y tan poca sensatez a nosotros nos queda al este y se ha dedicado a embromarnos la existencia, m\u00e1s que a llevarnos a alg\u00fan tipo de ed\u00e9n perdido. &nbsp;<\/p>\n\n\n\n<p>Vayamos un par de d\u00edas atr\u00e1s. Joaqu\u00edn Morales Sol\u00e1 el 20\/03\/2022 encuentra a \u201c<em>Cristina: triste, solitaria y desleal<\/em>\u201d. Que Morales hable de lealtades parece una broma de mal gusto. Pero ah\u00ed est\u00e1, regode\u00e1ndose en lo que cree los \u00faltimos momentos del odiado enemigo que entre otras cosas llev\u00f3 a la c\u00e1rcel a los genocidas del Operativo Independencia cuyas alternativas cubri\u00f3 como cronista. Este es el mes de la memoria, Morales. Somos muchos los que no nos olvidamos.<\/p>\n\n\n\n<p>Volvamos al 22\/03\/2022 y lo volvemos encontrar, \u201c<em>Ante el Big Bang del kirchnerismo<\/em>\u201d. Alguien deber\u00eda desasnarlo. Porque si lo que quiso celebrar es el gran estallido de los seguidores de Cristina, le convendr\u00eda enterarse que del Big Bang surgi\u00f3 el universo. Imagine, Morales: un universo k.<\/p>\n\n\n\n<p>El mismo 22\/03\/2022 Fernando Laborda escribe: \u201c<em>Alberto y Cristina: un conflicto de poder y pasiones con efectos imprevisibles<\/em>\u201d. Con esa verba para los titulares, Laborda podr\u00eda postularse para nombrar una serie de telenovelas de la tarde. La pena es que escribe sobre nuestra realidad y termina como el \u00faltimo episodio de la primera temporada del follet\u00edn imaginado: \u201c<em>El final del conflicto entre el presidente y la vicepresidenta de la Naci\u00f3n por ahora est\u00e1 abierto, aunque <\/em><em>nadie descarta que si los componentes pasionales de la pol\u00edtica se imponen sobre los componentes racionales, aquellos conduzcan a una crisis de consecuencias imprevisibles<\/em>\u201d. Racionalidad, para Laborda, implica sumisi\u00f3n a los dictados del poder. Por si alguno pensaba otra cosa. \u201c<em>Dos barcos a la deriva\u201d,<\/em> nos dice Carlos Pagni el 22\/03\/2022. Aunque parece que son un poco m\u00e1s de dos los barcos. Porque empieza describiendo un panorama sombr\u00edo para la econom\u00eda mundial, sobre todo por la crisis energ\u00e9tica que se desat\u00f3 como consecuencia del enfrentamiento entre Rusia y Ucrania. Atenci\u00f3n, que la experta a la que recurre Pagni es nada menos que Christine Lagarde, la misma que supo enamorar al dormil\u00f3n fan\u00e1tico de Netflix y que le otorg\u00f3 los cr\u00e9ditos que nos llevaron a los m\u00e1s altos niveles de endeudamiento de nuestra historia. Sabe de crisis, la se\u00f1ora. Al final, Pagni nos aclara lo de los dos barcos. Porque ve a los detestables populistas \u201c<em>Quebrados y peleados entre ellos. La sensaci\u00f3n ha sido, durante estos dos a\u00f1os, que el Gobierno era un barco a la deriva. Ahora, la sensaci\u00f3n es que son dos barcos sin rumbo<\/em>\u201d. Ojo que si antes eran uno y ahora son dos puede tomarse como que se multiplicaron.<\/p>\n\n\n\n<p>El 22\/03\/2022 el pasqu\u00edn de los Mitre-Saguier sigui\u00f3 demostrando que no se priva de nada, y public\u00f3 una nota de Sabrina Ajmechet, titulada \u201c<em>De Alejandro el Grande a Alberto el irresponsable<\/em>\u201d. De esta se\u00f1ora no vale buscar una idea rescatable en lo que escribe. Solo hay que recordar que es la que afirm\u00f3 que \u201c<em>Las Malvinas no son ni nunca fueron Argentinas. La creencia en que las Malvinas son Argentinas es irracional, es sentimental. Los datos hist\u00f3ricos no ayudan a creer eso<\/em>\u201d. Y que tambi\u00e9n se lament\u00f3 por no haber podido atropellar a un grupo de estudiantes del Colegio Carlos Pellegrini.&nbsp; Dos notitas que parecen broma. Una escrita el 22\/03\/2022 por Francisco Jueguen, que nos hace pensar en alguna enc\u00edclica papal destinada a la ni\u00f1ez y la adolescencia. Pero no, encuentra a los \u201c<em>Argentinos al borde de un ataque de nervios: 2021 fue el a\u00f1o de mayor incertidumbre en una d\u00e9cada<\/em>\u201d, cosa bastante dif\u00edcil de creer si tenemos en cuenta que en esa d\u00e9cada sufrimos al macrismo y la pandemia, dos cuestiones que se bastan y sobran para desquiciar los nervios de cualquiera.<\/p>\n\n\n\n<p>La segunda tambi\u00e9n es del 22\/03\/2022 y dice que \u201c<em>Gabriela Cerruti cuestion\u00f3 a Claudio Lozano, director del Banco Naci\u00f3n, por sus cr\u00edticas: Deber\u00edas preguntarte qu\u00e9 hac\u00e9s ah\u00ed<\/em>\u201d. Que es exactamente lo que much\u00edsima gente se pregunta respecto de Gabriela Cerruti. Y no encuentra ninguna respuesta inteligente.<\/p>\n\n\n\n<p>Una mala noticia m\u00e1s, siempre del 22\/03\/2022: \u201c<em>Fern\u00e1ndez se contact\u00f3 con Georgieva y ratific\u00f3 que el Gobierno seguir\u00e1 el programa acordado con el FMI<\/em>\u201d. La pena es que los argentinos tenemos sobrada experiencia de cu\u00e1l es el destino que nos espera si seguimos los programas del FMI. Pero repito. Es el mes de la Memoria. Hay algo bueno para terminar, aunque sea <strong><em>LA NACI\u00d3N<\/em><\/strong> la que nos informe: \u201c<em>Cristina Kirchner se reuni\u00f3 con Hebe de Bonafini en la antesala del 24 de marzo.La vicepresidenta se mostr\u00f3 junto a la titular de Madres de Plaza de Mayo en la sede de la Asociaci\u00f3n; afirmaron que cuando se despidieron, ambas estaban muy emocionadas<\/em>\u201d. Qui\u00e9n dijo que todo est\u00e1 perdido!<\/p>\n","protected":false},"excerpt":{"rendered":"<p>Mientras el mundo sigue con atenci\u00f3n las alternativas del conflicto entre Rusia y Ucrania y&#8230;<\/p>\n","protected":false},"author":1,"featured_media":0,"comment_status":"open","ping_status":"open","sticky":false,"template":"","format":"standard","meta":{"footnotes":""},"categories":[17],"tags":[],"class_list":["post-479","post","type-post","status-publish","format-standard","hentry","category-contra-mitre"],"_links":{"self":[{"href":"https:\/\/luisalen.com\/index.php?rest_route=\/wp\/v2\/posts\/479","targetHints":{"allow":["GET"]}}],"collection":[{"href":"https:\/\/luisalen.com\/index.php?rest_route=\/wp\/v2\/posts"}],"about":[{"href":"https:\/\/luisalen.com\/index.php?rest_route=\/wp\/v2\/types\/post"}],"author":[{"embeddable":true,"href":"https:\/\/luisalen.com\/index.php?rest_route=\/wp\/v2\/users\/1"}],"replies":[{"embeddable":true,"href":"https:\/\/luisalen.com\/index.php?rest_route=%2Fwp%2Fv2%2Fcomments&post=479"}],"version-history":[{"count":1,"href":"https:\/\/luisalen.com\/index.php?rest_route=\/wp\/v2\/posts\/479\/revisions"}],"predecessor-version":[{"id":480,"href":"https:\/\/luisalen.com\/index.php?rest_route=\/wp\/v2\/posts\/479\/revisions\/480"}],"wp:attachment":[{"href":"https:\/\/luisalen.com\/index.php?rest_route=%2Fwp%2Fv2%2Fmedia&parent=479"}],"wp:term":[{"taxonomy":"category","embeddable":true,"href":"https:\/\/luisalen.com\/index.php?rest_route=%2Fwp%2Fv2%2Fcategories&post=479"},{"taxonomy":"post_tag","embeddable":true,"href":"https:\/\/luisalen.com\/index.php?rest_route=%2Fwp%2Fv2%2Ftags&post=479"}],"curies":[{"name":"wp","href":"https:\/\/api.w.org\/{rel}","templated":true}]}}