{"id":481,"date":"2022-04-07T23:44:00","date_gmt":"2022-04-07T23:44:00","guid":{"rendered":"https:\/\/luisalen.com\/?p=481"},"modified":"2023-02-07T21:30:21","modified_gmt":"2023-02-07T21:30:21","slug":"la-verdad-sospechosa","status":"publish","type":"post","link":"https:\/\/luisalen.com\/?p=481","title":{"rendered":"La verdad sospechosa"},"content":{"rendered":"\n<p>Hace un poco m\u00e1s de cuatrocientos a\u00f1os, Juan Ruiz de Alarc\u00f3n escribi\u00f3 la que ser\u00eda considerada su obra maestra. La titul\u00f3 <em>La verdad sospechosa<\/em>, y su trama se basa en la larga serie de mentiras que va tejiendo el protagonista, las que al final lo conducen a un final no deseado. Quienes han analizado el drama teatral ideado por Ruiz de Alarc\u00f3n, generalmente coinciden en atribuirle un sentido cr\u00edtico de las costumbres en boga entre la aristocracia de su \u00e9poca. Tal vez las l\u00edneas m\u00e1s conocidas son aquellas que proclaman que <em>en boca del mentiroso, es la verdad sospechosa<\/em>.<\/p>\n\n\n\n<p>En tiempos no tan lejanos, en los colegios nos hac\u00edan leer las obras del llamado <em>siglo de oro espa\u00f1ol<\/em>, que en realidad dur\u00f3 m\u00e1s de un siglo y medio. La influencia de ese per\u00edodo de esplendor hispano, al menos en su aspecto literario, est\u00e1 presente en muchos aspectos de nuestra vida cotidiana, aunque muchos no lo sepan o no se detengan a pensar sobre ello. Cu\u00e1ntas veces nos dijeron que <em>los sue\u00f1os, sue\u00f1os son<\/em>. O nos conminaron a no seguir en la lucha contra <em>molinos de viento<\/em>. Alguna amiga habr\u00e1 intentado hacer de <em>celestina<\/em>, y m\u00e1s de un conocido se habr\u00e1 cre\u00eddo un <em>don Juan<\/em>,&nbsp; y frente a ciertas injusticias sufridas colectivamente supimos responder <em>todos a una<\/em>.&nbsp;&nbsp;<\/p>\n\n\n\n<p>Pero el objeto de estas l\u00edneas no es el literario. Mucho menos elevado, el g\u00e9nero cultivado por tanto pseudo periodista s\u00f3lo se le asemeja en que tambi\u00e9n usa las palabras. Aunque con fines m\u00e1s pedestres y menos nobles. Ignoro si los escribas de la <em>Tribuna de Doctrina<\/em> recibieron alguna ense\u00f1anza similar. Pero lo que s\u00ed me queda claro es que todos y cada uno de ellos recurren tan asiduamente a la mentira que si alguna vez dijeran la verdad, pocos les creer\u00edan. Excepto, claro, aquellos dispuestos a tomar por cierta cualquier falsedad si les conviene a sus ideas.<\/p>\n\n\n\n<p>Es que la situaci\u00f3n de nuestro pa\u00eds se presta a tales cosas. Parece a veces que la escena pol\u00edtica es una comedia de enredos que mezcla a p\u00edcaros con serviles, interesados y farsantes que se enfrentan con otros personajes que no encuentran su camino aunque otros traten de indic\u00e1rselos. No es raro entonces que sin mucho esfuerzo uno se tropiece con mentiras que ganan juicios y verdades sospechosas.<\/p>\n\n\n\n<p>Ocurre que estas son fechas que deber\u00edan llamar a otras reflexiones. Venimos del mes de la memoria y vamos al aniversario de Malvinas. Deber\u00edan ser tiempos propicios para cosas mejores, en lugar de las vulgares falsedades que suelen acecharnos desde las columnas de los medios que ejercen su hegemon\u00eda cuidando solamente sus ganancias. Porque como buenas empresas capitalistas, ese es el \u00fanico af\u00e1n que los mueve y por el cual est\u00e1n dispuestos a hacer cualquier cosa.<\/p>\n\n\n\n<p>Cierto es tambi\u00e9n que a veces se les hace f\u00e1cil la cosa. Vayamos al grano. El 28\/03\/2022 Jonatan Viale, que no ahorra ofensas m\u00e1s o menos directas contra cualquier cosa que se parezca al populismo o algo parecido, retrata a \u201c<em>Alberto Fern\u00e1ndez, el exorcista<\/em>\u201d. Ser\u00e1 que en su formaci\u00f3n pesaron m\u00e1s las pel\u00edculas de terror hollywoodense que los cl\u00e1sicos espa\u00f1oles. Viale no es gracioso aunque se esfuerce, y es casi una certeza invencible que no pasar\u00e1 a la historia como una figura clave del periodismo. Pero se las ingeni\u00f3 para tener su espacio que se multiplica en las pantallas televisivas, en los sitios digitales y hasta en algunos papeluchos impresos. Parado en su trinchera, dispara: \u201c<em>Diablo Macri. Diablo FMI. Diablo campo. Diablo Bonad\u00edo. Diablo Clar\u00edn. Diablo COTO. Diablo Techint. Diablo Vicent\u00edn. Diablo Corte Suprema. Diablo Larreta<\/em>\u201d. Todas cuestiones que uno podr\u00eda afirmar sin mayores dudas. Lo malo es que el pobre Jony quiere hacernos creer que tales demonios en realidad son nuestros \u00e1ngeles guardianes.&nbsp;<\/p>\n\n\n\n<p>A Joaqu\u00edn Morales Sol\u00e1 los recuerdos de cuando anoticiaba sobre las andanzas de Acdel Vilas, Bussi y compa\u00f1\u00eda le marcaron el rumbo, y el 29\/03\/2022 lo encuentra \u201c<em>Pescando para perseguir y castigar<\/em>\u201d. Aunque trata de convencernos de que quienes lo hacen son otros. Morales cuenta que \u201c<em>Un mecanismo integrado por fiscales, jueces y medios period\u00edsticos afines est\u00e1 usando recursos judiciales o legislativos para exponer como supuestos delincuentes a personas que tomaron decisiones con sus ahorros absolutamente legales<\/em>\u201d. Ojo, no es una nota de denuncia escrita en los d\u00edas de auge del macrismo y su mesa judicial. Se ve que a quienes lo conchaban les molesta la idea de que se sancione una ley que castigue a los fugadores de dinero. As\u00ed que el escriba aclara: \u201c<em>Es parte de la guerra perpetua del kirchnerismo con un sector de la sociedad<\/em>\u201d. Una guerra que al parecer se libra en las trincheras judiciales, porque Sol\u00e1 sigue contando que \u201c<em>La misma jueza Capuchetti orden\u00f3, tambi\u00e9n por pedido de Picardi, investigar las llamadas telef\u00f3nicas del ex asesor de Macri Fabi\u00e1n \u2018Pep\u00edn\u2019 Rodr\u00edguez Sim\u00f3n<\/em>\u201d. Teniendo en cuenta que el sujeto en cuesti\u00f3n es un pr\u00f3fugo, investigado en m\u00faltiples causas, la medida no deber\u00eda sorprender a nadie. Pero lo que preocupa a Morales y sus patrones es otra cosa. \u201c<em>Uno de los objetivos de trajinar ese tel\u00e9fono es descalificar al juez de la Corte Suprema Carlos Rosenkrantz, porque este es amigo de Rodr\u00edguez Sim\u00f3n desde hace 30 a\u00f1os. En todas los informes de la oficina de escuchas telef\u00f3nicas, que te\u00f3ricamente depende de la Corte, aparece el nombre de Rosenkrantz<\/em>\u201d. Ya est\u00e1 claro a qui\u00e9n busca defender don Joaqu\u00edn, que tal parece no se preocupa de los contactos y la amistad del cortesano nombrado por decreto con el pr\u00f3fugo armador de mesas judiciales, sino de lo que pueda salir a la luz si se investigan a fondo esos contactos. El 29\/03\/2022 apare Alfredo Leuco, que entre un fernet con coca y otro tiene tiempo de ponerse duro con la vicepresidenta: \u201c<em>Cristina, la reina que divide y reina<\/em>\u201d. Y nos cuenta de un tiempo id\u00edlico que seg\u00fan sus palabras ocurri\u00f3 aqu\u00ed mismo, en la Argentina, donde todos se llevaban bien aunque se disputaran el poder, y los adversarios ten\u00edan un pacto impl\u00edcito de convivencia que \u201c<em>fue dinamitado por N\u00e9stor Kirchner cuando lleg\u00f3 a la presidencia y luego fue llevado al \u00e9xtasis por Cristina. Encontraron en un marxismo tard\u00edo y regresista y en las teor\u00edas de Ernesto Laclau, las excusas para darle un barniz ideol\u00f3gico a sus caracter\u00edsticas personales. Apostaron a la creaci\u00f3n de un enemigo, lo satanizaron, desempolvaron las viejas palabras de gorilas y oligarqu\u00eda y construyeron siempre sobre el conflicto, el l\u00e1tigo y la mayor corrupci\u00f3n de la historia democr\u00e1tica argentina<\/em>\u201d. Leuco, en otras \u00e9pocas, coincidentes con ese supuesto tiempo id\u00edlico, sol\u00eda vociferar \u00e9l mismo contra gorilas y oligarcas. Volviendo a los cl\u00e1sicos espa\u00f1oles, hay cambios que solamente se explican porque <em>poderoso caballero es don dinero<\/em>.&nbsp; El 29\/03\/2022 vuelve Jonatan Viale con otro de sus est\u00f3lidos discursos y esta vez se pregunta si \u201c<em>\u00bfPuede una madre tirar al piso a su propio hijo<\/em>?\u201d. La madre tan cruel ser\u00eda Cristina -qui\u00e9n otra para los columnistas del pasqu\u00edn de don Bartolo-, y el hijo, claro est\u00e1, Alberto Fern\u00e1ndez. Viale sostiene que \u201c<em>el peronismo est\u00e1 acostumbrado a pegar el empuj\u00f3n final. Le dieron el empuj\u00f3n final a Ra\u00fal Alfons\u00edn despu\u00e9s de 13 paros generales; le dieron el empuj\u00f3n final a Fernando De La R\u00faa<\/em>\u201d. Que miente sin ruborizarse es claro si uno recuerda que al peronismo lo desalojaron del poder mediante sangrientos golpes de Estado en 1955 y 1976, mientras que los finales de Alfons\u00edn y De la R\u00faa, por abruptos que fueron, se produjeron dentro de los cauces constitucionales. Historia reciente, Jony.&nbsp;<\/p>\n\n\n\n<p>Reiter\u00e1ndose en sus falacias, aparece Alfredo Leuco el 29\/03\/2022 y propone \u201c<em>Que la deuda la pague Cristina y los cuarenta ladrones<\/em>\u201d. Como vengo diciendo, hay verdades que son sospechosas seg\u00fan quien las diga. Porque Leuco sostiene que \u201c<em>Lo mejor para nuestra bendita Argentina es que la deuda con el FMI la paguen los ladrones, los corruptos, los evasores, los estafadores y los lavadores<\/em>\u201d. Pero no es a esos a los que indica como obligados al pago. Es que \u00e9l escribe justamente para los ladrones, los corruptos, los evasores, los estafadores, los lavadores. Los que contrajeron la deuda que ahora deben pagar otros.&nbsp;<\/p>\n\n\n\n<p>Suerte que el 29\/03\/2022 Carlos Pagni nos aclara que \u201c<em>El problema de Alberto no es Cristina, es la inflaci\u00f3n<\/em>\u201d. El servicial columnista quiere diferenciar las cosas, lo que no significa que piense liberar a la reina malvada de toda culpa y cargo. Miren si no c\u00f3mo se pregunta y se responde: \u201c<em>\u00bfPor qu\u00e9 el verdadero problema de Fern\u00e1ndez es la inflaci\u00f3n? Porque \u00e9l acuerda con el Fondo y ese acuerdo es impugnado por Cristina. Para que Fern\u00e1ndez gane esa pulseada y legitime que el acuerdo y su pol\u00edtica son correctos, debe derrotar a la inflaci\u00f3n<\/em>\u201d. Si se lee bien lo dicho, m\u00e1s all\u00e1 del t\u00edtulo Pagni sigue insistiendo en que los problemas vienen por la pelea entre los Fern\u00e1ndez. Aunque en un rapto de sinceridad larga otra de esas verdades sospechosas: \u201c<em>podr\u00edamos decir que el Fondo ayud\u00f3 a Macri para que no venga Cristina y ayuda a Fern\u00e1ndez tambi\u00e9n por la misma raz\u00f3n<\/em>\u201d. Cu\u00e1ndo le tocar\u00e1 al pueblo ser el objeto de la ayuda.<\/p>\n\n\n\n<p>Lo cierto y lo falso se siguen cruzando en los art\u00edculos de <strong><em>LA NACI\u00d3N <\/em><\/strong>y as\u00ed Luciana V\u00e1zquez el 29\/03\/2022 larga su perorata acerca de \u201c<em>El kirchnerismo y el problema de la verdad<\/em>\u201d. Primera frase que retrata una realidad: \u201c<em>Mientras la verdad se violente para ganar y el resultado sea el triunfo, la impostura es posible<\/em>\u201d. Para no abundar en ejemplos, uno se acuerda del debate entre Scioli y Macri. Pero la escriba habla de otra cosa y se enoja por el <em>reportaje militante<\/em> al que se someti\u00f3 M\u00e1ximo Kirchner durante la marcha del 24 de marzo, y dice: \u201c<em>La falta de interpelaci\u00f3n de las ideas propias en el intercambio con las otras voces de la sociedad es una forma de retirarse del juego de la verdad<\/em>\u201d. Cuando uno recuerda que gracias a Papel Prensa y a la no vigencia plena de la ley de servicios de comunicaci\u00f3n audiovisual, entre <strong><em>LA NACI\u00d3N<\/em><\/strong> y sus primos del clarinete mentiroso monopolizan pr\u00e1cticamente el 90% de la escena medi\u00e1tica, le puede dar la raz\u00f3n, aunque como sabemos es una verdad sospechosa. Ella se queja de 10% restante. La diputada provincial de la UCR Alejandra Lord\u00e9n el 29\/03\/2022 habla sobre \u201c<em>Los derechos humanos, otro escenario para la interna del gobierno<\/em>\u201d. No dice nada nuevo sobre los derechos humanos, salvo tratar de desmerecer lo hecho entre 2003 y 2015, cuesti\u00f3n que en los hechos -que la diputada tergiversa-, constituy\u00f3 una pol\u00edtica p\u00fablica que recibi\u00f3 un reconocimiento internacional. Pero a la diputada los derechos humanos no le importan, son la excusa para hacer su peque\u00f1o discursito: \u201c<em>Al desconcierto del Gobierno hay que contraponerle organizaci\u00f3n opositora<strong>. <\/strong>Lleg\u00f3 la hora de demostrar por qu\u00e9 consideramos a la alternancia como un atributo constitutivo de la democracia representativa; no alcanza con promover el cambio, tenemos que consolidarnos como la alternativa pol\u00edtica m\u00e1s confiable para devolverle el sentido com\u00fan a la Argentina<\/em>\u201d. Si los que aumentaron la pobreza, destruyeron a la peque\u00f1a y mediana empresa, dejaron sin trabajo a miles de argentinos, crearon una entente de jueces, esp\u00edas, escribas de los medios y funcionarios para perseguir y encarcelar opositores, entronizaron al gatillo f\u00e1cil como prerrogativa de las fuerzas de seguridad y contrajeron la mayor deuda externa de la historia, son una alternativa pol\u00edtica confiable, este mundo no tiene remedio.<\/p>\n\n\n\n<p>Francisco Olivera el 30\/03\/2022 nos cuenta que \u201c<em>Alberto necesita creer, Cristina gobierna para el slogan<\/em>\u201d. Que se sepa, el que tiene la responsabilidad primordial de gobernar es el presidente, o sea, Alberto Fern\u00e1ndez. Pero dejando de lado esas cuestiones que para los columnistas del grupo Mitre-Saguier son menores, el tema para Olivera, que est\u00e1 hablando de las iniciativas del Consejo Econ\u00f3mico Social, es que \u201c<em>Lo que no queda claro es si la Casa Rosada conf\u00eda realmente en que este tipo de iniciativas, a las que habr\u00eda que sumarles las mesas para acordar precios y salarios, sean el camino que lleva al despegue o, m\u00e1s bien, recurre a ellas para mostrar, al menos, trabajo y preocupaci\u00f3n, mientras espera, en todo caso, que la mejora en los precios de las materias primas vuelva a regalarle a la Argentina un milagro<\/em>\u201d. No se ve por d\u00f3nde aparecen los slogans de Cristina. Vayamos cerrando que a esta hora y como dice una canci\u00f3n m\u00e1s moderna y m\u00e1s de ac\u00e1, <em>cuando la mentira es la verdad, el bien y el mal definen por penal<\/em>. Y estamos en el a\u00f1o del mundial. As\u00ed que vayamos con un viejo conocido. El 30\/03\/2022 el inefable Luis Majul \u201c<em>apunt\u00f3 contra los trolls de la C\u00e1mpora por usar Twitter para esmerilar a Alberto Fern\u00e1ndez<\/em>\u201d. Majul hablando de trolls y de operaciones para esmerilar al presidente. <em>Cosas vederes, Sancho, que non crederes<\/em>. Y aunque el personaje se refiera a otra cosa, valga su verdad sospechosa para recordar lo que se viene sufriendo de hace un tiempo a esta parte: \u201c<em>Es de manual, persecuci\u00f3n de los jueces y persecuci\u00f3n de los medios<\/em>\u201d.<\/p>\n","protected":false},"excerpt":{"rendered":"<p>Hace un poco m\u00e1s de cuatrocientos a\u00f1os, Juan Ruiz de Alarc\u00f3n escribi\u00f3 la que ser\u00eda&#8230;<\/p>\n","protected":false},"author":1,"featured_media":0,"comment_status":"open","ping_status":"open","sticky":false,"template":"","format":"standard","meta":{"footnotes":""},"categories":[17],"tags":[],"class_list":["post-481","post","type-post","status-publish","format-standard","hentry","category-contra-mitre"],"_links":{"self":[{"href":"https:\/\/luisalen.com\/index.php?rest_route=\/wp\/v2\/posts\/481","targetHints":{"allow":["GET"]}}],"collection":[{"href":"https:\/\/luisalen.com\/index.php?rest_route=\/wp\/v2\/posts"}],"about":[{"href":"https:\/\/luisalen.com\/index.php?rest_route=\/wp\/v2\/types\/post"}],"author":[{"embeddable":true,"href":"https:\/\/luisalen.com\/index.php?rest_route=\/wp\/v2\/users\/1"}],"replies":[{"embeddable":true,"href":"https:\/\/luisalen.com\/index.php?rest_route=%2Fwp%2Fv2%2Fcomments&post=481"}],"version-history":[{"count":1,"href":"https:\/\/luisalen.com\/index.php?rest_route=\/wp\/v2\/posts\/481\/revisions"}],"predecessor-version":[{"id":482,"href":"https:\/\/luisalen.com\/index.php?rest_route=\/wp\/v2\/posts\/481\/revisions\/482"}],"wp:attachment":[{"href":"https:\/\/luisalen.com\/index.php?rest_route=%2Fwp%2Fv2%2Fmedia&parent=481"}],"wp:term":[{"taxonomy":"category","embeddable":true,"href":"https:\/\/luisalen.com\/index.php?rest_route=%2Fwp%2Fv2%2Fcategories&post=481"},{"taxonomy":"post_tag","embeddable":true,"href":"https:\/\/luisalen.com\/index.php?rest_route=%2Fwp%2Fv2%2Ftags&post=481"}],"curies":[{"name":"wp","href":"https:\/\/api.w.org\/{rel}","templated":true}]}}