{"id":485,"date":"2022-04-21T23:51:00","date_gmt":"2022-04-21T23:51:00","guid":{"rendered":"https:\/\/luisalen.com\/?p=485"},"modified":"2023-02-07T21:30:52","modified_gmt":"2023-02-07T21:30:52","slug":"hacete-amigo-del-juez","status":"publish","type":"post","link":"https:\/\/luisalen.com\/?p=485","title":{"rendered":"Hacete amigo del juez"},"content":{"rendered":"\n<p><\/p>\n\n\n\n<p>El Mart\u00edn Fierro es, sin duda alguna, una notable fuente de sabidur\u00eda criolla, que se expresa en general con un tono entre ir\u00f3nico y algo amargo, sobre todo en los consejos que el gaucho brinda a sus hijos. Y que ofrece tambi\u00e9n las lecciones ventajeras y poco \u00e9ticas que prodiga el Viejo Vizcacha. \u00bfQui\u00e9n no ha usado alguna vez una de las frases del inmortal poema, acaso sin saber de d\u00f3nde era originaria? Alguno se habr\u00e1 sentido <em>toro en su rodeo y torazo en rodeo ajeno<\/em>. Y frente a alg\u00fan atropello, habr\u00e1 proclamado que no se har\u00eda al lado de la huella <em>ni aunque vengan degollando<\/em>.<\/p>\n\n\n\n<p>Jos\u00e9 Hern\u00e1ndez hab\u00eda <em>conocido esta tierra en que el paisano viv\u00eda, y su ranchito ten\u00eda y sus hijos y mujer<\/em>. Tiempo feliz que hab\u00eda quedado en el pasado, cuando comenzaron las penurias del gaucho perseguido. Tiempo feliz que, hist\u00f3ricamente, se corresponde con el gobierno de Juan Manuel de Rosas, mientras que las penas sufridas por Fierro se ubican en los d\u00edas en que Bartolom\u00e9 Mitre junto a su compadre Sarmiento se ocupaban de terminar con las andanzas de las \u00faltimas montoneras federales y consolidaban a sangre y fuego el Estado Naci\u00f3n moderno que luego Roca perfeccionar\u00eda con la Rep\u00fablica olig\u00e1rquica.&nbsp;<\/p>\n\n\n\n<p>El propio Hern\u00e1ndez fue v\u00edctima de persecuciones y exilios, tal vez no tan agudos como los de su personaje pero no menos crueles y dolorosos. Derrotado junto a Ricardo L\u00f3pez Jord\u00e1n, decidi\u00f3 contar a su modo y en el lenguaje llano del pueblo los sufrimientos del gauchaje, v\u00edctima de la pasi\u00f3n <em>civilizadora<\/em> que lo conden\u00f3 a la miseria y la marginaci\u00f3n.&nbsp; Vencido, pero no quebrado su esp\u00edritu, el poeta insistir\u00eda en sus cr\u00edticas contra el nuevo mundo que se empe\u00f1aban en construir Mitre y Sarmiento. No se callaba, repet\u00eda <em>pero yo canto opinando, que es mi modo de cantar.<\/em>&nbsp;<\/p>\n\n\n\n<p>Incluso formando parte del Congreso, Hern\u00e1ndez no se sent\u00eda parte del nuevo estado. \u00bfC\u00f3mo iba a confiar en las instituciones armadas por la cruzada liberal, cuando ve\u00eda descartadas sus fundadas acusaciones contra los asesinos del General \u00c1ngel Vicente Pe\u00f1aloza, el Chacho, en las que se\u00f1alaban al inspirador del crimen, el mism\u00edsimo <em>padre de la educaci\u00f3n <\/em>que hab\u00eda aconsejado no escatimar sangre de gauchos y que se regocijaba de la forma en que fue asesinado el caudillo riojano? Por eso y con esa iron\u00eda y amargura que caracterizaban sus consejos, har\u00eda decir al Viejo Vizcacha aquellos versos que conservan su plena vigencia: <em>hacete amigo del juez, no le des de qu\u00e9 quejarse, y cuando quiera enojarse vos te deb\u00e9s encojer, pues siempre es g\u00fceno tener palen<\/em>que ande ir a rascarse. Y m\u00e1s tarde agregar\u00eda, en el canto de Picard\u00eda, que <em>es Se\u00f1ora la Justicia y anda en ancas del m\u00e1s pillo.<\/em> Por fin, en el contrapunto con Fierro, el moreno explicar\u00eda que <em>la ley es tela de ara\u00f1a, en mi inorancia lo esplico, no la tema el hombre rico, nunca la tema el que mande, pues la ruempe el vicho grande y s\u00f3lo enrieda a los chicos.<\/em><\/p>\n\n\n\n<p>Del poema original pasaron ciento cincuenta a\u00f1os y de su secuela pocos menos. Pero las cosas no han cambiado tanto. Los herederos de Mitre y de Sarmiento siguen ejerciendo un poder injusto y con el mismo empe\u00f1o de sus ancestros, no escatiman mentiras ni desastres para el pueblo. Cuentan ahora con herramientas poderosas. La <em>Tribuna de Doctrina <\/em>multiplica sus enga\u00f1os no s\u00f3lo desde el papel, sino en las pantallas televisivas, los celulares, las computadoras. Y los jueces, hoy como entonces, siguen tejiendo la tela de ara\u00f1a en la que atrapar a quienes se resisten a encogerse y quieren seguir opinando.<\/p>\n\n\n\n<p>Pruebas al canto. Ya es un hecho el atropello perpetrado por la Corte contra el orden constitucional, al devolver vigencia a una ley derogada hace diecis\u00e9is a\u00f1os y atribuirse funciones que son propias de los otros poderes del Estado. Horacio Rosatti, el que no titube\u00f3 en aceptar una designaci\u00f3n contraria al derecho, se viene dando varios gustos. Con su propio voto se autoeligi\u00f3 Presidente de la Corte. Desde esa funci\u00f3n, declar\u00f3 la inconstitucionalidad de la ley que reglamentaba el funcionamiento del Consejo de la Magistratura y as\u00ed se design\u00f3, a s\u00ed mismo, Presidente del Consejo. Si todav\u00eda no se decidi\u00f3 a asumir la suma del poder p\u00fablico es porque no la precisa. Le alcanza y sobra con lo que tiene.<\/p>\n\n\n\n<p>Mientras tanto, los tinterillos del pasqu\u00edn de don Bartolo desparraman su odio. El&nbsp;&nbsp; 17\/04\/2022 el novelero Jorge Fern\u00e1ndez D\u00edaz intenta hacernos creer que \u201c<em>La autora intelectual de la tragedia finge su inocencia<\/em>\u201d. Por supuesto, la figura de Cristina es la que recorre la nota, que el folletinesco lenguaje del escriba adorna con citas literarias con las que se disfraza de culto, ignorando que no es el haber le\u00eddo muchos libros lo que te da ese car\u00e1cter, sino haberlos comprendido. No se priva de decir que hay millones de ciudadanos apol\u00edticos, que no leen los diarios ni siguen las noticias, y que gracias a la pandemia se dieron cuenta que el Estado no los salva. Mayor sarta de disparates en pocas l\u00edneas es dif\u00edcil de reunir. Si hay algo que puso en claro la crisis sanitaria mundial desatada por el COVID19 es que sin la presencia activa del Estado no es posible superar los estragos del virus. Exactamente lo contrario de lo que escribe el Fern\u00e1ndez que es D\u00edaz, al que hay que aclararle que no posee lo necesario como para citar a Juan Gelman, poeta y luchador que est\u00e1 en sus ant\u00edpodas. No, Fern\u00e1ndez. Usted milita con los que aplaudieron y sostuvieron a los asesinos del hijo y la nuera de Gelman, y durante muchos a\u00f1os lo privaron de su nieta.<\/p>\n\n\n\n<p>El 17\/04\/2022 Pablo Sirv\u00e9n se despacha denunciando \u201c<em>La cruzada de Cristina, Maduro y el Papa Francisco<\/em>\u201d. Tres personajes a los que <strong><em>LA NACI\u00d3N <\/em><\/strong>se deleita en demonizar. Ocurre que la dama dijo lo que ya contamos y todos saben acerca del poder real, y que lo haya expresado frente a parlamentarios de Europa y Am\u00e9rica le parece ofensivo al cronista de espect\u00e1culos. Que se despacha contra el presidente venezolano porque tiene el objetivo de \u201c<em>acabar con la dictadura comunicacional de Occidente, su narrativa y mentiras contra el surgimiento de un mundo distinto multic\u00e9ntrico y multipolar<\/em>\u201d. Objetivo que ojal\u00e1 alcance. Y este Pont\u00edfice peronista viene a decir que el periodismo y los medios de comunicaci\u00f3n padecen de <em>coprofilia<\/em>, palabra que como el mismo Sirv\u00e9n nos informa, seg\u00fan el Diccionario de laReal Academia Espa\u00f1ola, significa \u201catracci\u00f3n fetichista por los excrementos\u201d. En otras \u00e9pocas, la palabra del Papa era la verdad revelada\u2026<\/p>\n\n\n\n<p>El personaje que cuando se desarrollaba el Juicio a las Juntas ocupaba un alto cargo en la redacci\u00f3n del clarinete mentiroso, y prohib\u00eda a sus cronistas opinar sobre el horror que los testimonios desnudaban, anuncia el 17\/04\/2022 que \u201c<em>Empieza la penuria judicial de Cristina<\/em>\u201d. Joaqu\u00edn Morales Sol\u00e1, tal vez sin quererlo, est\u00e1 poniendo en claro cu\u00e1l es el objetivo por el que Rosatti se apoder\u00f3 del Consejo de la Magistratura: darle nuevas fuerzas a la persecuci\u00f3n judicial de Cristina Fern\u00e1ndez de Kirchner y sus seguidores. Porque \u00faltimamente los fallos de los tribunales se han mostrado incapaces de sostener la red de patra\u00f1as urdidas por los medios hegem\u00f3nicos y los esp\u00edas y funcionarios del macrismo en complicidad con jueces dotados de una notable inventiva para torcer lo que el derecho dice y transformarlo en otra cosa. Morales lo dice: \u201c<em>Horacio Rosatti, se convertir\u00e1 en titular del Consejo de la Magistratura. No puede haber un Poder Judicial completo sin el Consejo de la Magistratura, porque este es el encargado de seleccionar a los nuevos jueces, de destituir a los malos jueces y de administrar los recursos financieros de la Justicia<\/em>\u201d. Por si hiciera falta m\u00e1s, agrega que \u201c<em>Cristina Kirchner tiene no menos de 10 apelaciones ante la Corte Suprema por las varias investigaciones de corrupci\u00f3n que la acosan en los tribunales federales<\/em>\u201d.&nbsp;<\/p>\n\n\n\n<p>El 19\/04\/2022 Carlos Pagni nos cuenta que vivimos en \u201c<em>Un pa\u00eds al margen de la ley<\/em>\u201d. Cosa que ser\u00eda cierta si el servicial escriba se dedicara a describir los atropellos que contra la administraci\u00f3n de justicia, funci\u00f3n \u00fanica de nuestros tribunales, perpetraron jueces, fiscales y cortesanos. Hay varios datos curiosos en su an\u00e1lisis. Pagni no es jurista, as\u00ed que acude a un autor, Manuel Garc\u00eda Mansilla, para suponer que la ley que la Corte de Rosatti declar\u00f3 inconstitucional no hab\u00eda derogado a aquella cuya vigencia repuso el fallo de hace cuatro meses. Pagni podr\u00eda haber le\u00eddo lo que se ense\u00f1a en cualquier Facultad de Derecho: una ley nueva autom\u00e1ticamente deroga a la anterior cuando estatuye otras normas en reemplazo de las que exist\u00edan, sin necesidad de decirlo expresamente. Segundo dato: Pagni supone que el Juez Federal de Entre R\u00edos que se opuso a los dictados de la Corte depende de Cristina Kirchner para ser designado camarista. Falso, el kirchnerismo no tiene las mayor\u00edas necesarias, ni a\u00fan sumando a todos los senadores del Frente de Todos. Por \u00faltimo, menciona que la Corte pidi\u00f3 al Consejo de la Magistratura que investigue a ese Juez. O sea, Rosatti le pidi\u00f3 a Rosatti que investigue a un Juez que fall\u00f3 contra Rosatti\u2026<\/p>\n\n\n\n<p>El 20\/04\/2022 Mart\u00edn Oyhanarte da sus recetas: \u201c<em>Divisi\u00f3n para conquistar el Consejo de la Magistratura: c\u00f3mo evitar la trampa<\/em>\u201d. Una vez m\u00e1s, aclaremos. Cuando en las p\u00e1ginas del pasqu\u00edn de los Mitre-Saguier se habla de trampas, nunca es en referencia a las propias. Siempre se atribuyen al enemigo. Esto se renueva en las l\u00edneas escritas por el profesor de la Universidad del Salvador, que menciona \u201c<em>la infundada impugnaci\u00f3n del kirchnerismo para intentar obstruir la designaci\u00f3n del diputado Pablo Tonelli, en el a\u00f1o 2016<\/em>\u201d. Que s\u00ed fue una trampa, porque la derecha triunfante en las elecciones de 2015 impuso su mayor\u00eda para arrebatar un lugar que correspond\u00eda al Frente para la Victoria<\/p>\n\n\n\n<p>Un juez, dos a\u00f1os despu\u00e9s, convalidar\u00eda la designaci\u00f3n argumentando que rechazarla \u201c<em>supondr\u00eda el inadmisible reconocimiento de que los jueces sean llamados en auxilio de un grupo de legisladores que en realidad s\u00f3lo se quejan de haber fracasado en el juego de las mayor\u00edas y minor\u00edas propio del sistema republicano y democr\u00e1tico garantizado por la Constituci\u00f3n Nacional<\/em>\u201d. Ocurre que la movida que se desat\u00f3 en el Senado, con la divisi\u00f3n del Frente de Todos en dos bloques, motiv\u00f3 la designaci\u00f3n de Mart\u00edn Do\u00f1ate, y esa es la trampa que ofende al escriba. Que olvida que en el caso de Tonelli, r\u00e1pido para pedir renuncias e impulsar persecuciones, el magistrado interviniente dijo que resolver contra la designaci\u00f3n del consejero Pro, implicaba \u201c<em>avanzar en torno a una cuesti\u00f3n privativa de otro poder del Estado; disponiendo sobre el procedimiento materializado por los distintos bloques e interbloques de la C\u00e1mara de Diputados de la Naci\u00f3n<\/em>\u201d. Lo que es tambi\u00e9n aplicable al Senado. O sea, lo que Oyhanarte dice es que si la trampa la hace la derecha est\u00e1 bien, pero si la maniobra es de otros no vale\u2026 En fin. En estos tiempos del imperio del derecho seg\u00fan Rosatti, tal vez sea bueno recordar los dichos de Hern\u00e1ndez. Cortar las telara\u00f1as de la ley, terminar con los jueces amigos, y cambiar de una vez y para siempre esta triste realidad, donde todav\u00eda <em>es el pobre en su horfand\u00e1 de la fortuna el desecho, porque naides toma a pechos el defender a su raza<\/em>. Porque como dec\u00eda Fierro, <em>debe el gaucho tener casa, escuela, iglesia y derechos. <\/em>Que as\u00ed sea<\/p>\n","protected":false},"excerpt":{"rendered":"<p>El Mart\u00edn Fierro es, sin duda alguna, una notable fuente de sabidur\u00eda criolla, que se&#8230;<\/p>\n","protected":false},"author":1,"featured_media":0,"comment_status":"open","ping_status":"open","sticky":false,"template":"","format":"standard","meta":{"footnotes":""},"categories":[17],"tags":[],"class_list":["post-485","post","type-post","status-publish","format-standard","hentry","category-contra-mitre"],"_links":{"self":[{"href":"https:\/\/luisalen.com\/index.php?rest_route=\/wp\/v2\/posts\/485","targetHints":{"allow":["GET"]}}],"collection":[{"href":"https:\/\/luisalen.com\/index.php?rest_route=\/wp\/v2\/posts"}],"about":[{"href":"https:\/\/luisalen.com\/index.php?rest_route=\/wp\/v2\/types\/post"}],"author":[{"embeddable":true,"href":"https:\/\/luisalen.com\/index.php?rest_route=\/wp\/v2\/users\/1"}],"replies":[{"embeddable":true,"href":"https:\/\/luisalen.com\/index.php?rest_route=%2Fwp%2Fv2%2Fcomments&post=485"}],"version-history":[{"count":1,"href":"https:\/\/luisalen.com\/index.php?rest_route=\/wp\/v2\/posts\/485\/revisions"}],"predecessor-version":[{"id":488,"href":"https:\/\/luisalen.com\/index.php?rest_route=\/wp\/v2\/posts\/485\/revisions\/488"}],"wp:attachment":[{"href":"https:\/\/luisalen.com\/index.php?rest_route=%2Fwp%2Fv2%2Fmedia&parent=485"}],"wp:term":[{"taxonomy":"category","embeddable":true,"href":"https:\/\/luisalen.com\/index.php?rest_route=%2Fwp%2Fv2%2Fcategories&post=485"},{"taxonomy":"post_tag","embeddable":true,"href":"https:\/\/luisalen.com\/index.php?rest_route=%2Fwp%2Fv2%2Ftags&post=485"}],"curies":[{"name":"wp","href":"https:\/\/api.w.org\/{rel}","templated":true}]}}