{"id":494,"date":"2022-06-15T23:59:00","date_gmt":"2022-06-15T23:59:00","guid":{"rendered":"https:\/\/luisalen.com\/?p=494"},"modified":"2023-02-07T21:32:09","modified_gmt":"2023-02-07T21:32:09","slug":"ridiculos","status":"publish","type":"post","link":"https:\/\/luisalen.com\/?p=494","title":{"rendered":"Rid\u00edculos"},"content":{"rendered":"\n<p>Dice el diccionario de la Real Academia que \u201c<em>rid\u00edculo<\/em>\u201d es algo que por su rareza o extravagancia mueve o puede mover a risa, o que es escaso, corto, de poca estimaci\u00f3n, extra\u00f1o, irregular, o de poco aprecio y consideraci\u00f3n. Tambi\u00e9n se aplica a la persona de genio irregular, excesivamente delicada o reparona. A estas definiciones, si nos atenemos a las notas del principal escriba de la <em>Tribuna de Doctrina<\/em>, deber\u00edamos agregarle la que el inefable Joaqu\u00edn Morales Sol\u00e1, que de \u00e9l se trata, le aplica al gobierno de Alberto Fern\u00e1ndez en su columna del 12 de junio de 2022. El veterano escriba, que se iniciara como cronista del Operativo Independencia comandado por genocidas de la talla de Antonio Bussi, generalmente no ahorra municiones cuando se trata de disparar contra el gobierno. Convengamos que muchas veces, es el propio gobierno el que le brinda razones para destilar su odio antiperonista, pero no es menos cierto que los motivos que esgrime don Joaqu\u00edn inevitablemente nos llevan a estar en la vereda opuesta a la que transita el columnista.&nbsp;<\/p>\n\n\n\n<p>\u00bfPor qu\u00e9 piensa Morales que el gobierno est\u00e1 <em>al borde del rid\u00edculo<\/em>? Por una de las pocas cosas con las que \u00faltimamente se puede estar de acuerdo con Alberto. Ocurre que el presidente fue a la llamada Cumbre de las Am\u00e9ricas -m\u00e1s bien, de una parte de ellas-, y all\u00ed se despach\u00f3, en su car\u00e1cter de titular de la <em>CELAC<\/em>, contra la decisi\u00f3n de los Estados Unidos de no invitar a Cuba, Venezuela y Nicaragua a la reuni\u00f3n. Uno hubiera preferido que Fern\u00e1ndez no fuera, pero ya que lo hizo, no estuvo mal recordarle a Biden el repudio a aquella afirmaci\u00f3n que calificaba a Nuestra Am\u00e9rica como el patio trasero de los yanquis. Claro, si uno recuerda la eterna pol\u00edtica de sumisi\u00f3n a las potencias hegem\u00f3nicas (primero a Gran Breta\u00f1a, ahora a los Estados Unidos) que ha sostenido <strong><em>LA NACI\u00d3N<\/em><\/strong> desde que la fundara Bartolom\u00e9 Mitre en 1870, no puede sorprender que Morales Sol\u00e1 se ofenda ante esas manifestaciones de Fern\u00e1ndez.<\/p>\n\n\n\n<p>Para el columnista, esta posici\u00f3n de Alberto implica que la Argentina \u201c<em>ha vuelto a hacer un papel\u00f3n en la esfera internacional<\/em>\u201d. La primera vez, para Morales Sol\u00e1, \u201c<em>Sucedi\u00f3 con N\u00e9stor Kirchner en 2005, en la Cumbre de las Am\u00e9ricas que se realiz\u00f3 en Mar del Plata. Fue un duro reproche (con contracumbre incluida) al entonces presidente norteamericano, George W. Bush\u201d.<\/em> Qu\u00e9 desverg\u00fcenza, decirle al jefe del imperio que guardara en alg\u00fan rec\u00f3ndito lugar su alianza de libre comercio, que como es sabido significaba libertad para ellos y sus empresas de hacerse ricos a costa de la pobreza de nuestros pa\u00edses. Y c\u00f3mo se le ocurre a Alberto recordar aquella actitud de quien proclama que fue su maestro, justo en la cara de Biden.<\/p>\n\n\n\n<p>Mucho peor parece que fue que Alberto reclamara la remoci\u00f3n de Luis Almagro, el triste personaje que cumple con todos los mandatos de la derecha regional y fue actor principal en el golpe de estado contra Evo Morales en Bolivia. Lamentable papel, el de quien fue en otras \u00e9pocas no tan distantes el canciller del gobierno frenteamplista en Uruguay y ahora opera de fiel sirviente de los intereses de los poderosos. Actitudes que son las que le ganan el respeto y la defensa de Morales Sol\u00e1 y <strong><em>LA NACI\u00d3N<\/em><\/strong>.<\/p>\n\n\n\n<p>Volvamos al principio. \u00bfQui\u00e9nes son m\u00e1s escasos, cortos, de poca estimaci\u00f3n: los que como el pasqu\u00edn de los Mitre-Saguier defienden a los que han apoyado cuanta dictadura asesina atent\u00f3 contra la democracia en Nuestra Am\u00e9rica y divulgan como un credo infalible la sumisi\u00f3n a los dictados de la prepotente potencia del norte, o los que ponen por delante los intereses de la Patria Grande y cumplen con su deber de defender la soberan\u00eda contra los que quieren avasallarla? Aunque la defensa sea t\u00edmida como la ensayada por Alberto en Los \u00c1ngeles.<\/p>\n\n\n\n<p>Claro que ese accionar extra\u00f1o, irregular, digno de poco aprecio o consideraci\u00f3n es caracter\u00edstico de Mitre y sus seguidores. Porque ese modelo de pa\u00eds que act\u00faa como gerente de los intereses de las potencias en contra de los de su propio pueblo es el que don Bartolo construy\u00f3, tras hacerse de la presidencia en 1862, consumado el primer golpe de Estado de nuestra historia constitucional contra Santiago Derqui. Para eso hab\u00eda que formar cuadros dirigentes que prefirieran la comodidad de administrar los negocios de las compa\u00f1\u00edas brit\u00e1nicas, en aquellos tiempos (y las trasnacionales en estos) antes que el desaf\u00edo de construir una patria para todos, con su propio desarrollo no sujeto a las decisiones de los pa\u00edses hegem\u00f3nicos. Con Mitre, el Estado-Naci\u00f3n so\u00f1ado por los <em>hombres de las luces <\/em>comenz\u00f3 a conformarse definitivamente, con la eliminaci\u00f3n de las resistencias provinciales (con el asesinato de \u00c1ngel Vicente Pe\u00f1aloza, el <em>Chacho<\/em>, el exilio y muerte de Felipe Varela y la derrota de Ricardo L\u00f3pez Jord\u00e1n), al tiempo que se emprend\u00eda la guerra criminal contra el Paraguay de Francisco Solano L\u00f3pez, en una infame alianza con Brasil y Uruguay, que apadrinaban los intereses brit\u00e1nicos.<\/p>\n\n\n\n<p>Para que esa tarea antipatri\u00f3tica tuviera bases firmes y cuadros que la defendieran y propagaran, varias cuestiones m\u00e1s eran necesarias. Nada de permitir opiniones divergentes:&nbsp; la libre expresi\u00f3n estuvo ausente durante los a\u00f1os de Mitre. Como expres\u00f3 Carlos Guido Spano, en su gobierno Mitre \u201c<em>Desde luego menospreci\u00f3 las ventajas de una libre discusi\u00f3n. Ni siquiera intent\u00f3 influir en la esfera de sus medios legales, a fin de dar ensanche a todas las opiniones, franque\u00e1ndoles la entrada al recinto de la representaci\u00f3n nacional. Al contrario, coadyuv\u00f3, con sus marcadas simpat\u00edas al exclusivismo de la parcialidad que, tomando por asalto todas las avenidas de la administraci\u00f3n, se hizo due\u00f1a absoluta del pa\u00eds\u201d.<\/em><\/p>\n\n\n\n<p>La libre expresi\u00f3n estuvo ausente durante los a\u00f1os de Mitre. Como expres\u00f3 Carlos Guido Spano, en su gobierno Mitre \u201c<em>Desde luego menospreci\u00f3 las ventajas de una libre discusi\u00f3n. Ni siquiera intent\u00f3 influir en la esfera de sus medios legales, a fin de dar ensanche a todas las opiniones, franque\u00e1ndoles la entrada al recinto de la representaci\u00f3n nacional. Al contrario, coadyuv\u00f3, con sus marcadas simpat\u00edas al exclusivismo de la parcialidad que, tomando por asalto todas las avenidas de la administraci\u00f3n, se hizo due\u00f1a absoluta del pa\u00eds\u201d<\/em>.<\/p>\n\n\n\n<p>Otro paso era construir un Poder Judicial que en lugar de administrar justicia para todos se convirtiera en fiel guardi\u00e1n de los intereses de los nuevos due\u00f1os del pa\u00eds. A Mitre cabe tambi\u00e9n la instalaci\u00f3n de la primera Corte Suprema de Justicia de la Naci\u00f3n, en 1862. Pero lejos de constituirla para garant\u00eda de los derechos de los habitantes, la hizo un instrumento m\u00e1s de su hegemon\u00eda. Como dice Eduardo Luis Duhalde \u201c<em>El Poder Ejecutivo ejercido por Bartolom\u00e9 Mitre hac\u00eda de la arbitrariedad un m\u00e9todo y la justicia \u2013ya desde entonces subordinada pol\u00edticamente\u2013 acumulaba los escritos con morosa indiferencia<\/em>\u201d.<\/p>\n\n\n\n<p>Faltaba un detalle. Educar a las elites. Mitre tuvo claro que la educaci\u00f3n pod\u00eda funcionar para diferenciar a las elites de las masas. Promovi\u00f3 fundamentalmente la educaci\u00f3n media (durante su mandato se fund\u00f3 el Colegio Nacional de Buenos Aires, con el objetivo de formar las futuras clases dirigentes, en un modelo de estado que no cuestionara ni el reparto de grandes latifundios entre pocas familias ni la dependencia del pa\u00eds respecto de la potencia hegem\u00f3nica. Educaci\u00f3n para pocos.<\/p>\n\n\n\n<p>\u00bfPuede sorprender entonces que <strong><em>LA NACI\u00d3N<\/em><\/strong> exalte a figuras como la de Mar\u00eda Eugenia Vidal, que expres\u00f3 con crudeza el pensamiento de nuestra derecha cuando dijo que <em>nadie que nace en la pobreza en la Argentina hoy llega a la universidad<\/em>? Tal afirmaci\u00f3n no es m\u00e1s que la continuidad de aquel proceso iniciado por Mitre. Pero es, como suele suceder con las afirmaciones que publica la <em>Tribuna de Doctrina<\/em>, falsa.<\/p>\n\n\n\n<p>Noem\u00ed Viera es una madre de cinco hijos, de 34 a\u00f1os de edad, que vive en Villa Itat\u00ed, en el Partido de Quilmes, pleno conurbano bonaerense. Pudo terminar sus estudios secundarios ya grande, gracias al plan FINES (Programa de Finalizaci\u00f3n de Estudios Primarios y Secundarios, impulsado por el Estado desde 2008). Es, para los criterios que maneja la ex gobernadora bonaerense, hoy otra vez porte\u00f1a, pobre. Y por lo tanto, excluida de los estudios universitarios. Pero Noem\u00ed en 2016 se inscribi\u00f3 en la Universidad Nacional de Lan\u00fas, para estudiar una carrera nueva, \u00fanica en su g\u00e9nero en el pa\u00eds, y casi seguramente, en toda Am\u00e9rica: la Licenciatura en Justicia y Derechos Humanos. Lo hizo porque su experiencia de vida le hab\u00eda ense\u00f1ado que hab\u00eda que luchar para defender esos derechos que son de todos pero que unos pocos pretenden limitar.<\/p>\n\n\n\n<p>Su camino no fue f\u00e1cil. Compartir sus tareas maternales con los estudios, y las dem\u00e1s exigencias de la vida, la oblig\u00f3 muchas veces a tener que ir hasta los predios de Remedios de Escalada donde funciona la Universidad, en lo que fueran los viejos talleres del ferrocarril, con uno o m\u00e1s de sus hijos. Descubri\u00f3 que la Universidad no solo no pon\u00eda trabas para esas presencias sino que las recib\u00eda con los brazos abiertos. Se fue acostumbrando a los nombres de los pabellones del predio y conociendo la historia que simbolizaban: Jos\u00e9 Hern\u00e1ndez, Arturo Jauretche, Ra\u00fal Scalabrini Ortiz, Rodolfo Ortega Pe\u00f1a, entre otros.<\/p>\n\n\n\n<p>En las plazas de la Universidad jug\u00f3 con sus ni\u00f1os (y algunos docentes que se acercaban a compartir el rato). Esas plazas que tienen s\u00edmbolos identificatorios: el pa\u00f1uelo blanco, para la de los derechos humanos; las caras de Per\u00f3n e Yrigoyen, para la de la democracia; las figuras de San Mart\u00edn, Artigas, Bol\u00edvar y el Che para la de la Patria Grande americana. En la biblioteca Rodolfo Puiggr\u00f3s pudo consultar sus miles de textos, y en el cine Tita Merello ver pel\u00edculas sobre la realidad nacional y debatir con sus directores. Fue rindiendo sus ex\u00e1menes y en un momento se convirti\u00f3 en tutora par de los nuevos ingresantes a la carrera. Y un d\u00eda concluy\u00f3 sus estudios y se transform\u00f3 en la primera Licenciada en Justicia y Derechos Humanos, con su t\u00edtulo oficial. S\u00ed, Mar\u00eda Eugenia. Los pobres pueden estudiar en las Universidades p\u00fablicas, gratuitas, de calidad. Y se pueden recibir. Como lo hizo Noem\u00ed, que ha demostrado que quienes sostienen lo contrario son personas de un genio irregular que las llevan a afirmar cosas que por su rareza o extravagancia mueven o pueden mover a risa. Que la presencia del Estado puede servir para que la educaci\u00f3n no sea para elites, sino para todos. Que sea un motor de progreso y de equidad. Que pueda formar miles y miles de personas empoderadas, que quieran construir una naci\u00f3n justa, libre, soberana. Que los que piensan lo contrario son solo due\u00f1os de un pensamiento escaso, corto, de poca estimaci\u00f3n, extra\u00f1o, irregular, de poco aprecio y consideraci\u00f3n. En definitiva, Noem\u00ed los ha condenado al rid\u00edculo. Felicitaciones para ella.<\/p>\n","protected":false},"excerpt":{"rendered":"<p>Dice el diccionario de la Real Academia que \u201crid\u00edculo\u201d es algo que por su rareza&#8230;<\/p>\n","protected":false},"author":1,"featured_media":0,"comment_status":"open","ping_status":"open","sticky":false,"template":"","format":"standard","meta":{"footnotes":""},"categories":[17],"tags":[],"class_list":["post-494","post","type-post","status-publish","format-standard","hentry","category-contra-mitre"],"_links":{"self":[{"href":"https:\/\/luisalen.com\/index.php?rest_route=\/wp\/v2\/posts\/494","targetHints":{"allow":["GET"]}}],"collection":[{"href":"https:\/\/luisalen.com\/index.php?rest_route=\/wp\/v2\/posts"}],"about":[{"href":"https:\/\/luisalen.com\/index.php?rest_route=\/wp\/v2\/types\/post"}],"author":[{"embeddable":true,"href":"https:\/\/luisalen.com\/index.php?rest_route=\/wp\/v2\/users\/1"}],"replies":[{"embeddable":true,"href":"https:\/\/luisalen.com\/index.php?rest_route=%2Fwp%2Fv2%2Fcomments&post=494"}],"version-history":[{"count":1,"href":"https:\/\/luisalen.com\/index.php?rest_route=\/wp\/v2\/posts\/494\/revisions"}],"predecessor-version":[{"id":495,"href":"https:\/\/luisalen.com\/index.php?rest_route=\/wp\/v2\/posts\/494\/revisions\/495"}],"wp:attachment":[{"href":"https:\/\/luisalen.com\/index.php?rest_route=%2Fwp%2Fv2%2Fmedia&parent=494"}],"wp:term":[{"taxonomy":"category","embeddable":true,"href":"https:\/\/luisalen.com\/index.php?rest_route=%2Fwp%2Fv2%2Fcategories&post=494"},{"taxonomy":"post_tag","embeddable":true,"href":"https:\/\/luisalen.com\/index.php?rest_route=%2Fwp%2Fv2%2Ftags&post=494"}],"curies":[{"name":"wp","href":"https:\/\/api.w.org\/{rel}","templated":true}]}}