{"id":498,"date":"2022-06-29T00:02:00","date_gmt":"2022-06-29T00:02:00","guid":{"rendered":"https:\/\/luisalen.com\/?p=498"},"modified":"2023-02-07T21:31:36","modified_gmt":"2023-02-07T21:31:36","slug":"obsesion","status":"publish","type":"post","link":"https:\/\/luisalen.com\/?p=498","title":{"rendered":"Obsesi\u00f3n"},"content":{"rendered":"\n<p>Cuenta el diccionario de la Real Academia que \u201c<em>obsesi\u00f3n<\/em>\u201d es una palabra que se usa para describir una \u201c<em>perturbaci\u00f3n an\u00edmica producida por una idea fija<\/em>\u201d, o bien una \u201c<em>idea fija o recurrente que condiciona una determinada actitud<\/em>\u201d. Sea cual sea la definici\u00f3n que se escoja, resulta indudable que alguien v\u00edctima de una obsesi\u00f3n no tiene su psiquis muy ordenada que digamos. <em>Id\u00e9e fixe<\/em>, dir\u00edan los franceses, aunque en general la usen para describir cierto comportamiento masculino no muy aconsejable.<\/p>\n\n\n\n<p>Ustedes se preguntar\u00e1n, a esta altura, qu\u00e9 tiene que ver todo esto con una columna dedicada a desmenuzar la telara\u00f1a de noticias falsas, desinformaci\u00f3n y discursos de odio que son caracter\u00edsticos de la <em>Tribuna de Doctrina<\/em> que fund\u00f3 don Bartolom\u00e9 Mitre all\u00e1 por 1870. Ocurre que el multimedio (porque no se lo puede reducir ya a la categor\u00eda de diario) da muestras repetidas de que tiene algunas ideas fijas que lo obsesionan, perturban su \u00e1nimo y condicionan sus actitudes.&nbsp;<\/p>\n\n\n\n<p>Veamos algunas de ellas. Las hist\u00f3ricas, que vienen de una fidelidad que otros llamar\u00edan obsecuencia para con las obsesiones del fundador, siempre atento a los deseos de la Gran Breta\u00f1a y nunca a las necesidades de sus compatriotas, y muy poco amigo de la verdad.<\/p>\n\n\n\n<p>El 27\/06\/2022 Bernardo Saravia Fr\u00edas, que supo ser abogado del gran dormil\u00f3n y luego custodio de sus intereses cuando el fan\u00e1tico de Netflix lo design\u00f3 al frente de la Procuraci\u00f3n del Tesoro, pretende criticar, sin nombrarlo, al gobernador de la provincia de Buenos Aires, Axel Kiciloff, por su defensa del uso del lenguaje inclusivo. Dice algunas cosas, Saravia Fr\u00edas, como que hoy abunda la historia panfletaria, mientras se refiere al eslogan \u201c<em>alpargatas s\u00ed, libros no<\/em>\u201d, que supone es el antecedente del discurso de Kiciloff, al que supone desconocedor de la \u201c<em>generaci\u00f3n del 37<\/em>\u201d. Saravia, como buen integrante de las filas de nuestra derecha, solo debe conocer la historia que escribi\u00f3 don Bartolo, pr\u00f3diga en ocultamientos y falsedades. Y de los muchachos de 1837, probablemente ignore que al inaugurar el Sal\u00f3n Literario tanto Marcos Sastre como Juan Bautista Alberdi en sus discursos prodigaron elogios a Juan Manuel de Rosas. No, Saravia prefiere recordar las palabras de Esteban Echeverr\u00eda, que prefer\u00eda tener \u201c<em>un ojo puesto en la inteligencia europea y el otro clavado en las entra\u00f1as de la patria<\/em>\u201d, aunque de esa frase solo cumpli\u00f3 con la primera parte.<\/p>\n\n\n\n<p>Eso s\u00ed, no puede negarse que Echeverr\u00eda ten\u00eda m\u00e1s ingenio que muchos de los que lo citan como a una especie de profeta. Ingenio que le permiti\u00f3 hablar de un \u201c<em>dogma socialista<\/em>\u201d que nada ten\u00eda en com\u00fan con las ideas de quienes profesaban esa doctrina. O escribir de la pampa que nunca conoci\u00f3. Pero ese ingenio no le sirvi\u00f3 para alejarse del desprecio por lo popular, o de usar las discriminaciones m\u00e1s ignominiosas cuando alguien se atrev\u00eda a discutir sus posiciones. Como lo hizo con Pedro de \u00c1ngelis, al que calific\u00f3 de \u201c<em>feo y de carota abigarrada<\/em>\u201d, mientras sosten\u00eda cosas tan socialistas como que era un error haber \u201c<em>dado sufragio y lanza al proletariado poniendo los destinos del pa\u00eds a merced de la muchedumbre<\/em>\u201d, porque <em>\u201cla legalidad no es arma para batir a esa gente en pa\u00edses como los nuestros<\/em>\u201d. Cosas tan similares a las que dicen nuestros derechistas de hoy, a los que cabe responder como de \u00c1ngelis: su declamado amor por el progreso y su alineamiento con cuanta idea a la moda provenga de Europa o de los Estados Unidos, termina por expresarse a favor de la dominaci\u00f3n extranjera y en contra de quienes defenden la independencia del pa\u00eds, convirti\u00e9ndolos en \u201c<em>hombres prostituidos u obcecados que se esfuerzan por persuadir a los pueblos que est\u00e1 en sus intereses el prosternarse ante la voluntad inexorable de los plenipotenciarios y almirantes anglofranceses<\/em>\u201d. Vamos, lector, agregue a los estadounidenses y repita, que no se va a equivocar.<\/p>\n\n\n\n<p>Obsesi\u00f3n por lo de afuera, idea fija en contra de lo nacional. Herencia de don Bartolo que <strong><em>LA NACI\u00d3N <\/em><\/strong>se esmera en cultivar. Vamos con otra de las perturbaciones del \u00e1nimo de los escribas del pasqu\u00edn que hoy comandan los Saguier: la defensa de cualquiera que sea acusado de haber cometido cr\u00edmenes de lesa humanidad. En este caso, el editorialista del 26\/06\/2022 habla de \u201c<em>Malvinas y Derechos Humanos<\/em>\u201d, saluda el fallo de los Camaristas de Casaci\u00f3n Petrone y Barroetave\u00f1a, que sostuvo que la acci\u00f3n por los cr\u00edmenes cometidos contra soldados conscriptos durante la guerra ocurrida hace cuarenta a\u00f1os prescribi\u00f3 por el transcurso del tiempo, ya que no se trata de cr\u00edmenes de lesa humanidad conforme lo descripto por el Estatuto de Roma. Uno podr\u00eda sostener que este fallo es uno m\u00e1s de aquellos a los que nos tiene acostumbrados el Poder Judicial, alejados por mucho de lo que significa administrar justicia. Entre otras cosas, porque no solo no prescribe la acci\u00f3n penal por los cr\u00edmenes de lesa humanidad sino que en las mismas condiciones se encuentra la acci\u00f3n por los cr\u00edmenes de guerra, entre los cuales se encuentran los cometidos contra la propia tropa. La Convenci\u00f3n Internacional sobre la imprescriptibilidad de estas categor\u00edas de cr\u00edmenes goza en nuestro pa\u00eds de jerarqu\u00eda constitucional, conforme lo dispuesto por la Ley 25.778. Peligroso antecedente el que sienta este fallo. Pocas esperanzas se pueden tener en que la Corte Suprema remedie este desprop\u00f3sito, teniendo en cuenta que nuestros cortesanos generalmente tienen los ojos y las plumas puestas en cualquier lado menos en los intereses populares. Sin embargo, al editorialista lo \u201c<em>Preocupa que el Ministerio P\u00fablico Fiscal y el Ministerio de Justicia, tanto de la Naci\u00f3n como de la provincia de Buenos Aires, alienten y propicien sanciones a oficiales y suboficiales de las Fuerzas Armadas que actuaron en el conflicto austral por actos que, como puso de manifiesto oportunamente la jueza de la C\u00e1mara Federal de Comodoro Rivadavia, Hebe Corchuelo de Huberman, respondieron en todos los casos a la propia iniciativa de los superiores como respuesta sancionatoria a la comisi\u00f3n de faltas de las supuestas v\u00edctimas, coligi\u00e9ndose de ello la inexistencia de un plan preorganizado<\/em>\u201d. Le falt\u00f3 muy poco para alegar a favor de una supuesta obediencia debida.<\/p>\n\n\n\n<p>Una obsesi\u00f3n m\u00e1s. La que enloquece a cuanto escriba pase por las p\u00e1ginas de <strong><em>LA NACI\u00d3N<\/em><\/strong>, obsesi\u00f3n con nombre y apellido: Cristina Fern\u00e1ndez de Kirchner. Nunca ausente de las ediciones de la <em>Tribuna de Doctrina.<\/em> El 26\/06\/2022 Pablo Sirv\u00e9n se pregunta: \u201c<em>Si Evita viviera, \u00bfser\u00eda piquetera?<\/em>\u201d.&nbsp; Pregunta inspirada por esa inveterada costumbre de hacer decir a Cristina lo que no dijo. Que no es lo mismo pedir que el Estado regule las prestaciones sociales que acusar a los movimientos sociales de cualquier cosa. Por supuesto que el amor a la fidelidad no caracteriza a los herederos de don Bartolo, que deben pensar que si el fundador no lo hac\u00eda, por qu\u00e9 ellos van a decir las cosas como son?&nbsp;<\/p>\n\n\n\n<p>Sirv\u00e9n se permite hacer suposiciones m\u00e1s bien arriesgadas y que poco o nada tienen que ver con la realidad. Los jefes de algunos movimientos sociales que, sin haber sido nombrados, se sintieron cuestionados (\u00bfconciencia culpable?), como criticaron a la jefa, son equiparados a los Montoneros contra Per\u00f3n. Y el resultado es que \u201c<em>Qued\u00f3 muy averiada Cristina y, si no se nota m\u00e1s, es porque ni siquiera en el horizonte, se vislumbra qui\u00e9n podr\u00eda reemplazarla en su comando supremo<\/em>\u201d. Una de las consecuencias de estar obsesionado es confundir deseos con realidad. Cuidado, Sirv\u00e9n, un \u00e1nimo perturbado no lleva por buen camino.<\/p>\n\n\n\n<p>\u201c<em>Espionaje y terrorismo en un pa\u00eds muy fr\u00e1gil<\/em>\u201d, titula Joaqu\u00edn Morales Sol\u00e1 el 26\/06\/2022. Uno puede imaginarse que sobre las dos cosas aprendi\u00f3 mucho cuando escrib\u00eda las cr\u00f3nicas de las andanzas de Acdel Vilas y Antonio Bussi. Pero no, sigue con otra de las ideas fijas de <strong><em>LA NACI\u00d3N<\/em><\/strong>. El supuesto accionar de venezolanos e iran\u00edes, conspirando en nuestro pa\u00eds. Esta vez le faltaron los mapuches, porque no logr\u00f3 subirlos al avi\u00f3n que est\u00e1 detenido no se sabe por qu\u00e9, mientras un juez federal se desespera por encontrar alg\u00fan delito y alguien a quien imputar. Lo que no impide que don Joaqu\u00edn introduzca a ese oscuro objeto del deseo que se corporiza en la Vicepresidenta. Y entonces se pregunta: \u201c <em>\u00bfpor qu\u00e9 el Gobierno corri\u00f3 en auxilio discursivo del avi\u00f3n y de su tripulaci\u00f3n cuando supo de su potencial peligrosidad? \u00bfAdhesi\u00f3n ideol\u00f3gica? \u00bfTemor a enojar a Cristina Kirchner, antigua aliada de los ayatollahs iran\u00edes?\u201d<\/em>. Lo que no logra, en toda esa columna que si fuera escrita por alg\u00fan sospechoso de kirchnerismo ser\u00eda calificada de delirio conspirativo, es dar una sola prueba de que hay algo que hace necesario que intervengan los tribunales, impidan la salida del avi\u00f3n y retengan a sus tripulantes. Salvo que son venezolanos e iran\u00edes.<\/p>\n\n\n\n<p>El 28\/02\/2022 Fernando Laborda se preocupa por \u201c<em>El futuro de Cristina<\/em>\u201d. E imagina tres opciones: \u201c<em>la primera es ser candidata presidencial; la segunda, volver a ungir a un delf\u00edn, como hizo en 2019 con Alberto Fern\u00e1ndez, reserv\u00e1ndose para ella o no el segundo t\u00e9rmino de la f\u00f3rmula, y la tercera ser\u00eda refugiarse en la provincia de Buenos Aires<\/em>\u201d. Por ahora, la tercera le parece la m\u00e1s posible. Pero no se priva de se\u00f1alar que \u201c<em>la propia legi\u00f3n de gobernadores peronistas, que Alberto Fern\u00e1ndez imagin\u00f3 en un primer momento como su base de apoyo y contrapeso de La C\u00e1mpora, comenz\u00f3 a alejarse del jefe del Estado<\/em>\u201d. Cosa que detonar\u00eda cualquier proyecto reeleccionista del Presidente, e ir\u00eda en sinton\u00eda con los deseos de Cristina. Aunque ella no haya dicho nada. Qu\u00e9 importa, para eso est\u00e1n los empleados de <strong><em>LA NACI\u00d3N<\/em><\/strong>, dando rienda suelta a sus ideas fijas. El problema de todo esto es que la obsesi\u00f3n, cuando tiene las caracter\u00edsticas de lo que sufren los columnistas de la Tribuna de Doctrina, pueden llevar a hacerlos v\u00edctimas de m\u00e1s de un trastorno. Y en vez de obsesivos, terminar\u00e1n trastornados.<\/p>\n","protected":false},"excerpt":{"rendered":"<p>Cuenta el diccionario de la Real Academia que \u201cobsesi\u00f3n\u201d es una palabra que se usa&#8230;<\/p>\n","protected":false},"author":1,"featured_media":0,"comment_status":"open","ping_status":"open","sticky":false,"template":"","format":"standard","meta":{"footnotes":""},"categories":[17],"tags":[],"class_list":["post-498","post","type-post","status-publish","format-standard","hentry","category-contra-mitre"],"_links":{"self":[{"href":"https:\/\/luisalen.com\/index.php?rest_route=\/wp\/v2\/posts\/498","targetHints":{"allow":["GET"]}}],"collection":[{"href":"https:\/\/luisalen.com\/index.php?rest_route=\/wp\/v2\/posts"}],"about":[{"href":"https:\/\/luisalen.com\/index.php?rest_route=\/wp\/v2\/types\/post"}],"author":[{"embeddable":true,"href":"https:\/\/luisalen.com\/index.php?rest_route=\/wp\/v2\/users\/1"}],"replies":[{"embeddable":true,"href":"https:\/\/luisalen.com\/index.php?rest_route=%2Fwp%2Fv2%2Fcomments&post=498"}],"version-history":[{"count":1,"href":"https:\/\/luisalen.com\/index.php?rest_route=\/wp\/v2\/posts\/498\/revisions"}],"predecessor-version":[{"id":499,"href":"https:\/\/luisalen.com\/index.php?rest_route=\/wp\/v2\/posts\/498\/revisions\/499"}],"wp:attachment":[{"href":"https:\/\/luisalen.com\/index.php?rest_route=%2Fwp%2Fv2%2Fmedia&parent=498"}],"wp:term":[{"taxonomy":"category","embeddable":true,"href":"https:\/\/luisalen.com\/index.php?rest_route=%2Fwp%2Fv2%2Fcategories&post=498"},{"taxonomy":"post_tag","embeddable":true,"href":"https:\/\/luisalen.com\/index.php?rest_route=%2Fwp%2Fv2%2Ftags&post=498"}],"curies":[{"name":"wp","href":"https:\/\/api.w.org\/{rel}","templated":true}]}}