{"id":500,"date":"2022-07-05T00:04:00","date_gmt":"2022-07-05T00:04:00","guid":{"rendered":"https:\/\/luisalen.com\/?p=500"},"modified":"2023-02-07T21:32:59","modified_gmt":"2023-02-07T21:32:59","slug":"de-historias-e-historietas","status":"publish","type":"post","link":"https:\/\/luisalen.com\/?p=500","title":{"rendered":"De historias e historietas"},"content":{"rendered":"\n<p>\u00bfQui\u00e9n no ha visto o le\u00eddo alguna vez, de ni\u00f1o, de adolescente o ya en la edad madura, alguna historieta que lo ayud\u00f3 a pasar un rato alejado de la realidad, viviendo aventuras cuadrito a cuadrito? Me atrever\u00eda a decir que pr\u00e1cticamente nadie puede declararse exento de haberlo hecho. Y seguramente lo hicimos sin pensar en el significado de esa palabrita. Que no es usada en todo el mundo: los estadounidenses las llaman \u201c<em>comics<\/em>\u201d, los espa\u00f1oles \u201c<em>tebeos<\/em>\u201d, los japoneses \u201c<em>mangas<\/em>\u201d, y podr\u00edamos seguir detallando nombres a lo largo del mundo. Lo que no cambia es su esencia: la primera definici\u00f3n que nos da el diccionario es \u201c<em>f\u00e1bula, cuento o relaci\u00f3n breve de aventura o suceso de poca importancia<\/em>&#8220;. La segunda se refiere al uso m\u00e1s com\u00fan del t\u00e9rmino: \u201c<em>serie de dibujos que constituye un relato c\u00f3mico, fant\u00e1stico, de aventuras, etc., con texto o sin \u00e9l, y que puede ser una simple tira en la prensa, una o varias p\u00e1ginas, o un libro<\/em>\u201d.<\/p>\n\n\n\n<p>Argentina ha tenido grandes historietistas. Y ha legado al mundo alguna de las obras de mayor calidad, tanto en lo que hace al relato como en lo referente a las ilustraciones, y mucho m\u00e1s en lo que hace a su contenido y significaci\u00f3n. Pero por ahora no vamos a referirnos a esas historietas, que por cierto no resultan ser <em>de poca importancia<\/em>. Vamos a hablar de otra cosa.<\/p>\n\n\n\n<p>Usemos esa primera definici\u00f3n, que se contrapone a lo que conocemos por <em>historia<\/em>, as\u00ed, a secas, esa que se conoce como \u201c<em>la narraci\u00f3n y exposici\u00f3n de los acontecimientos pasados y dignos de memoria, sean p\u00fablicos o privados<\/em>\u201d, o tambi\u00e9n como \u201c<em>el conjunto de los sucesos o hechos pol\u00edticos, sociales, econ\u00f3micos, culturales, etc., de un pueblo o de una naci\u00f3n<\/em>\u201d. En suma, esa historia que es la expresi\u00f3n de la memoria colectiva. Que no es una <em>f\u00e1bula<\/em>, aunque algunos la pretendan contar de esa manera.<\/p>\n\n\n\n<p>\u00bfA qu\u00e9 viene todo eso, en una columna que se supone destinada a analizar lo que se publica en uno de los diarios m\u00e1s conocidos de la Argentina? F\u00e1cil. Sucede que, en gran medida, la historia <em>oficial<\/em> de nuestro pa\u00eds es obra de la misma persona que fund\u00f3 la <em>Tribuna de Doctrina<\/em>. Bartolom\u00e9 Mitre. Que all\u00e1 por 1890 cre\u00f3 la \u201c<em>Junta de Numism\u00e1tica<\/em>\u201d, a la que m\u00e1s tarde el primero de los Ricardos Levene denomin\u00f3 \u201c<em>Academia Nacional de la Historia<\/em>\u201d.<\/p>\n\n\n\n<p>Bueno. Si hay algo que la vida de don Bartolo dej\u00f3 en claro es su escaso amor por la verdad, cuando esta se contrapon\u00eda a sus intereses. La historia escrita con esa impronta, consecuentemente, se ajust\u00f3 a esos intereses que Mitre y sus secuaces defendieron a lo largo de la vida de nuestro pa\u00eds, intereses que generalmente poco o nada tuvieron que ver con los de las mayor\u00edas populares y m\u00e1s bien operaron en sinton\u00eda con los dictados de las grandes potencias extranjeras.<\/p>\n\n\n\n<p>Esa historia transform\u00f3 a Rosas, del defensor de la soberan\u00eda a quien San Mart\u00edn leg\u00f3 su sable, en un tirano sanguinario; los caudillos federales pasaron a ser crueles bandoleros; el sanjuanino que aconsejaba <em>no escatimar sangre de gauchos<\/em> fue bautizado como el padre de la educaci\u00f3n; el aniquilador de pueblos originarios y creador del <em>r\u00e9gimen falaz y descre\u00eddo<\/em> -como dijera Yrigoyen-, recibi\u00f3 efigies que festejaban su <em>conquista del desierto<\/em>.<\/p>\n\n\n\n<p>La historia as\u00ed contada, que relegaba a Mariano Moreno al rol de supuesto defensor del libre comercio mientras que ocultaba a Bernardo de Monteagudo y ensalzaba a Rivadavia, permit\u00eda que, frente a la casa de los Dorrego, que lloraban todav\u00eda el asesinato de Manuel, se erigiera la estatua de su asesino, bautizado como <em>m\u00e1rtir de la libertad<\/em>. \u00bfExposici\u00f3n de acontecimientos pasados, dignos de memoria, o celebraci\u00f3n de atrocidades?<\/p>\n\n\n\n<p>El siglo veinte entreg\u00f3 m\u00e1s definiciones de los seguidores de don Bartolo. A Yrigoyen lo segu\u00eda la chusma de alpargatas, y su gabinete no ten\u00eda apellidos, porque no estaba ninguno de los de la oligarqu\u00eda vern\u00e1cula y no hab\u00eda sido comunicado, como hasta entonces era costumbre, al embajador brit\u00e1nico antes de la designaci\u00f3n. Las masas que vivaban a Per\u00f3n eran un aluvi\u00f3n zool\u00f3gico, su gobierno la segunda tiran\u00eda, y se vivaba al c\u00e1ncer que termin\u00f3 con la vida de Eva Duarte. Ca\u00eddo el gobierno, Per\u00f3n pas\u00f3 a ser el tirano pr\u00f3fugo, y cuando se asesinaba a sus militantes en los tr\u00e1gicos d\u00edas de junio de 1956 era porque se hab\u00eda acabado la leche de la clemencia.<\/p>\n\n\n\n<p>Y todos esos fueron solo p\u00e1lidos ejemplos de c\u00f3mo nuestra derecha iba construyendo su versi\u00f3n de la historia. Una versi\u00f3n que condujo inevitablemente a la violaci\u00f3n masiva y sistem\u00e1tica de los derechos humanos perpetrada por la dictadura genocida de Videla y Mart\u00ednez de Hoz.<\/p>\n\n\n\n<p>Ahora, si la defensa de la soberan\u00eda era barbarie, la pureza del sufragio como fuente de legitimidad una fantochada, y el reconocimiento de derechos un ejercicio demag\u00f3gico, \u00bfse trataba de escribir la historia o de dibujar f\u00e1bulas que para peor ni eran fant\u00e1sticas ni c\u00f3micas? La historia degenerada en historieta. Ojo, volveremos sobre esto. En los d\u00edas actuales la cosa no es muy distinta. Los escribas del pasqu\u00edn de los MitreSaguier saben bien que el periodista es hoy quien primero escribe la historia. As\u00ed que la escriben como su maestro les ense\u00f1\u00f3. Con el mismo desprecio por lo popular y la misma falta de apego por la verdad. Con la imaginaci\u00f3n al servicio del falseamiento de la realidad, la desinformaci\u00f3n, los discursos de odio. La deformaci\u00f3n de la historia y la narraci\u00f3n de una historieta berreta.<\/p>\n\n\n\n<p>Es cierto que tampoco se puede confiar en las historias que cuentan los primos del clarinete mentiroso. Al que no me crea, le recomiendo leer c\u00f3mo publicaron la noticia de la condena que un Tribunal Oral Federal impuso a cuatro genocidas por los vuelos de la muerte: \u201c<em>se juzg\u00f3 a Santiago Omar Riveros, de 98 a\u00f1os, quien fue comandante de Institutos Militares, en detenci\u00f3n domiciliaria por otras causas. Tambi\u00e9n a Luis del Valle Arce, de 93 a\u00f1os; Delsis Malacalza, de 85, y Eduardo Lance, de 79, exintegrantes del batall\u00f3n de Aviaci\u00f3n 601 del Ej\u00e9rcito de la localidad bonaerense de Campo de Mayo, que ya est\u00e1n cumpliendo prisi\u00f3n domiciliaria preventiva<\/em>\u201d. Todos fueron condenados a prisi\u00f3n perpetua \u201c<em>por el secuestro, torturas y homicidio de Juan Carlos Rosace, Adri\u00e1n Enrique Accrescimbeni, Rosa Eugenia Novillo Corval\u00e1n y Roberto Ram\u00f3n Arancibia, cuatro personas que estuvieron recluidas en Campo de Mayo<\/em>\u201d. Parece una noticia correcta pero\u2026 \u00bflas v\u00edctimas estuvieron \u201c<em>recluidas<\/em>\u201d como si los hubieran detenido leg\u00edtimamente? \u00bfy es tan importante detallar las edades de los condenados? Uno estar\u00e1 muy suspicaz. Pero sucede que esos t\u00e9rminos se parecen sospechosamente a los de quienes sostienen que los secuestrados en los Centros Clandestinos de Detenci\u00f3n y Exterminio, de los que en Campo de Mayo funcionaron al menos tres, eran subversivos apresados por las fuerzas legales. Y que juzgar a pobres ancianitos es un ejercicio de crueldad.<\/p>\n\n\n\n<p>La suspicacia se alimenta mucho m\u00e1s cuando uno se entera que la noticia peca por incompleta. Porque el Tribunal Oral, tomando en cuenta la necesaria reparaci\u00f3n a las v\u00edctimas, conden\u00f3 a <em>Clar\u00edn<\/em> -s\u00ed, a <em>Clar\u00edn<\/em>&#8211; a adecuar una nota que fuera publicada el 24 de noviembre de 1977, titulada \u201c<em>Buscan a familiares de dos ni\u00f1os abandonados<\/em>\u201d. No eran ni\u00f1os abandonados. Eran los hijos de Roberto Arancibia.<\/p>\n\n\n\n<p><strong><em>LA NACI\u00d3N<\/em><\/strong> -oh casualidad- tambi\u00e9n se olvid\u00f3 de contar acerca de la condena a <em>Clar\u00edn<\/em>. De lo que no se olvida es de echar la culpa de cuanta cosa pase en la Argentina a alguno de los que llevan el apellido Kirchner, convertido en sin\u00f3nimo de todo lo malo. El 03\/07\/2022, Mart\u00edn Rodr\u00edguez Yebra cuenta \u201c<em>La lucha por la supervivencia de un presidente bajo asedio de Cristina Kirchner<\/em>\u201d. Ese mismo d\u00eda, Joaqu\u00edn Morales Sol\u00e1 habla de \u201cLa \u00faltima derrota de un presidente extraviado\u201d, en una columna de siete p\u00e1rrafos, en seis de los cuales habla, mal por supuesto, de Cristina Fern\u00e1ndez de Kirchner. Y en la que no la menciona miente como de costumbre, porque dice que Alberto fue contra lo establecido en la Constituci\u00f3n cuando le pidi\u00f3 a la Corte Suprema que pusiera fin a la persecuci\u00f3n contra Milagro Sala. Nada en la Constituci\u00f3n proh\u00edbe tal cosa: lo que no permite es que el Presidente resuelva por s\u00ed causas judiciales, no que le pida a la Corte que cumpla con su trabajo.&nbsp;<\/p>\n\n\n\n<p>El 04\/07\/2022 Jaime Rosemberg escribe que \u201c<em>Cristina Kirchner le pidi\u00f3 al Presidente que echara del Gobierno a los movimientos sociales<\/em>\u201d, t\u00edtulo que denota que la precisi\u00f3n en la redacci\u00f3n es algo ajeno al columnista. Los movimientos sociales son organizaciones plurales que no forman parte del gobierno; a lo sumo, sus integrantes pueden simpatizar con el mismo o sus dirigentes ejercer alguna funci\u00f3n. Pero se entiende lo que quiere decir.<\/p>\n\n\n\n<p>Tambi\u00e9n el 04\/07\/2022 Sandra Choroszczucha dice que \u201c<em>Cristina est\u00e1 jugando al \u2018ahorcado\u2019 con Alberto y va ganando<\/em>\u201d. El 05\/07\/2022 Luciana V\u00e1zquez habla de \u201cLa f\u00f3rmula del poder de Cristina Kirchner\u201d, Santiago Dapelo de \u201c<em>El inesperado veto de Cristina a Massa y el tiempo que compr\u00f3 el Presidente con el desembarco de Batakis<\/em>\u201d, Gustavo Ybarra narra el \u201c<em>Tenso cruce entre oficialismo y oposici\u00f3n en el Senado por un candidato a Juez que tuvo v\u00ednculo con los Kirchner<\/em>\u201d y por fin, el siempre servicial Carlos Pagni se explaya como siempre en su columna, que esta vez encuentra a \u201c<em>Cristina Kirchner, en modo Atila<\/em>\u201d.&nbsp;<\/p>\n\n\n\n<p>Viajemos con la imaginaci\u00f3n hacia el futuro. Supongamos que un historiador decide investigar los d\u00edas de estos a\u00f1os. Y claro, se topa con los archivos de <strong><em>LA NACI\u00d3N<\/em><\/strong>.&nbsp; \u00bfSe va a encontrar con el registro de <em>los sucesos o hechos pol\u00edticos, sociales, econ\u00f3micos, culturales, etc., <\/em>que vivieron los argentinos. No. Va a terminar leyendo la triste historieta escrita por p\u00e9simos guionistas que narra las andanzas de una perversa reina y su maligna corte, todos empe\u00f1ados en cometer cuanto crimen se les ocurra y en someter a los pobres argentinos a sus terribles designios. Se confundir\u00e1, el pobre historiador, pensando acaso que por desgracia lo \u00fanico que qued\u00f3 es una pobre versi\u00f3n de los cuentos de hadas medievales, mal escrita y sin final feliz.&nbsp; La historieta que nos cuenta <strong><em>LA NACI\u00d3N<\/em><\/strong> desde don Bartolo y hasta ahora. Lo triste es que se empe\u00f1an en hacer creer que esta es la verdadera historia. Pero no, ni historia ni historieta. Porque en este pa\u00eds hubo quienes dejaron verdaderas obras maestras con el formato de historieta. Dibujantes como Francisco Solano L\u00f3pez o Alberto Breccia. Y escritores como H\u00e9ctor Germ\u00e1n Oesterheld, que nos ense\u00f1\u00f3 a creer en el h\u00e9roe colectivo, capaz de sobreponerse a las peores circunstancias. Oesterheld, ese eternauta que fue v\u00edctima del odio salvaje de los adoctrinados en la tribuna de <strong><em>LA NACI\u00d3N<\/em><\/strong>, \u00e9l y sus cuatro hijas. A ellxs nuestro homenaje. Que es mejor leer sus historietas que hacen volar nuestra imaginaci\u00f3n por miles de aventuras, que padecer las mentiras y falsedades de los acad\u00e9micos de una historia que nunca, nunca, ser\u00e1 la nuestra.<\/p>\n","protected":false},"excerpt":{"rendered":"<p>\u00bfQui\u00e9n no ha visto o le\u00eddo alguna vez, de ni\u00f1o, de adolescente o ya en&#8230;<\/p>\n","protected":false},"author":1,"featured_media":0,"comment_status":"open","ping_status":"open","sticky":false,"template":"","format":"standard","meta":{"footnotes":""},"categories":[17],"tags":[],"class_list":["post-500","post","type-post","status-publish","format-standard","hentry","category-contra-mitre"],"_links":{"self":[{"href":"https:\/\/luisalen.com\/index.php?rest_route=\/wp\/v2\/posts\/500","targetHints":{"allow":["GET"]}}],"collection":[{"href":"https:\/\/luisalen.com\/index.php?rest_route=\/wp\/v2\/posts"}],"about":[{"href":"https:\/\/luisalen.com\/index.php?rest_route=\/wp\/v2\/types\/post"}],"author":[{"embeddable":true,"href":"https:\/\/luisalen.com\/index.php?rest_route=\/wp\/v2\/users\/1"}],"replies":[{"embeddable":true,"href":"https:\/\/luisalen.com\/index.php?rest_route=%2Fwp%2Fv2%2Fcomments&post=500"}],"version-history":[{"count":2,"href":"https:\/\/luisalen.com\/index.php?rest_route=\/wp\/v2\/posts\/500\/revisions"}],"predecessor-version":[{"id":502,"href":"https:\/\/luisalen.com\/index.php?rest_route=\/wp\/v2\/posts\/500\/revisions\/502"}],"wp:attachment":[{"href":"https:\/\/luisalen.com\/index.php?rest_route=%2Fwp%2Fv2%2Fmedia&parent=500"}],"wp:term":[{"taxonomy":"category","embeddable":true,"href":"https:\/\/luisalen.com\/index.php?rest_route=%2Fwp%2Fv2%2Fcategories&post=500"},{"taxonomy":"post_tag","embeddable":true,"href":"https:\/\/luisalen.com\/index.php?rest_route=%2Fwp%2Fv2%2Ftags&post=500"}],"curies":[{"name":"wp","href":"https:\/\/api.w.org\/{rel}","templated":true}]}}