{"id":503,"date":"2022-07-19T00:07:00","date_gmt":"2022-07-19T00:07:00","guid":{"rendered":"https:\/\/luisalen.com\/?p=503"},"modified":"2023-02-07T21:33:15","modified_gmt":"2023-02-07T21:33:15","slug":"entre-esos-tipos-y-yo-hay-algo-personal","status":"publish","type":"post","link":"https:\/\/luisalen.com\/?p=503","title":{"rendered":"Entre esos tipos y yo hay algo personal"},"content":{"rendered":"\n<p>Con permiso de Joan Manuel Serrat, voy a tomar prestado un verso de una de sus canciones m\u00e1s certeras. Porque lo que viene pasando en la Argentina hace necesario que uno diga las cosas de una manera m\u00e1s dura. No hay posibilidades de medias tintas cuando lo que crece es el discurso de odio, la celebraci\u00f3n del terror, la invocaci\u00f3n a la muerte. Disfrazado de republicanismo y con capa de libertario, el mal se pasea sin demasiado disimulo. Y desde los principios de nuestra historia ha tenido sus pregoneros. La historia argentina muestra c\u00f3mo el poder ha usado el recurso de la violencia como m\u00e9todo de eliminaci\u00f3n de las disidencias. Mariano Moreno, el principal impulsor de la acci\u00f3n revolucionaria, parti\u00f3 hacia un exilio disfrazado de misi\u00f3n diplom\u00e1tica y termin\u00f3 muriendo en alta mar (Eduardo D\u00fcrnhofer calific\u00f3 su muerte como un \u201cCrimen de Estado\u201d<a href=\"#_ftn1\" id=\"_ftnref1\"><sup>[1]<\/sup><\/a>). Castelli -el <em>primer orador<\/em> de la Revoluci\u00f3n- preso, consumido por el c\u00e1ncer de lengua que acab\u00f3 con su vida.<\/p>\n\n\n\n<p>Para derrotar a Artigas, la Banda Oriental fue abandonada a la invasi\u00f3n portuguesa, y quienes lo denunciaron como el director de <em>La Cr\u00f3nica Argentina<\/em>, Vicente Pazos Kanki, y sus columnistas, entre quienes se contaban Manuel Moreno -el hermano de Mariano- y Manuel Dorrego, sufrieron la clausura del medio y el destierro. Jos\u00e9 Gervasio Artigas muri\u00f3 en el exilio, mientras Francisco Ram\u00edrez mor\u00eda tratando de salvar a su compa\u00f1era. Dorrego ca\u00eda, v\u00edctima del golpe de estado militar encabezado por Juan Lavalle. Facundo Quiroga, el Tigre de los Llanos, fue v\u00edctima de una emboscada perpetrada por una partida comandada por Santos P\u00e9rez que lo asesin\u00f3 en Barranca Yaco. El mismo d\u00eda de Caseros, Urquiza orden\u00f3 el lanceamiento por la espalda del Coronel Martiniano Chilavert. Y los cad\u00e1veres de la Divisi\u00f3n Aquino \u2013una columna que se hab\u00eda pasado de las filas urquicistas a las de Rosas- colgaron de las arboledas de San Benito de Palermo. Tras el primer golpe de estado producido (el derrocamiento de Santiago Derqui por Bartolom\u00e9 Mitre) los grupos triunfantes se lanzaron a la construcci\u00f3n del Estado-Naci\u00f3n, recurriendo al aniquilamiento de los opositores por entenderlo necesario para afianzar la identidad que pretend\u00edan establecer.&nbsp; Ya Sarmiento lo hab\u00eda dicho en su carta a Mitre: \u201c<em>No escatime sangre de gauchos, es un abono que es preciso hacer \u00fatil a esta tierra<\/em>\u201d. del gobierno de Mitre se caracteriz\u00f3 por el despliegue de la violencia estatal en contra de sus adversarios, presos en barcos anclados en el R\u00edo de la Plata, exiliados, perseguidos, difamados mientras la prensa era sometida a una rigurosa censura. El General \u00c1ngel Vicente Pe\u00f1aloza, el \u201cChacho\u201d, fue pasado a deg\u00fcello por los \u201c<em>civilizadores<\/em>\u201d que exhibieron su cabeza en las plazas de La Rioja mientras su esposa era obligada a barrer la plaza central de San Juan. Todo&nbsp; aplaudido por Sarmiento, quien pensaba que hab\u00eda que avanzar sobre el pasado, destruy\u00e9ndolo. Lo que hasta entonces era ajeno deb\u00eda utilizarse en la tarea de hacer el nuevo estado-naci\u00f3n, y en esa l\u00f3gica, el exterminio del disidente era el m\u00e9todo elegido para solucionar cualquier controversia.&nbsp; As\u00ed, la gesta de Felipe Varela que alzaba las banderas de la Uni\u00f3n Americana termin\u00f3 ahogada en sangre cuando los Taboada, mariscales mitristas en el Norte, se impusieron en Pozo de Vargas; y la Argentina se <\/p>\n\n\n\n<p>sum\u00f3 al Imperio brasile\u00f1o y al Uruguay en la infame guerra contra el heroico Paraguay de Francisco Solano L\u00f3pez.<\/p>\n\n\n\n<p>Julio Argentino Roca decidi\u00f3 exterminar a los \u201c<em>salvajes<\/em>\u201d. En 1879 hubo 5 caciques prisioneros, otro muerto (Baigorrita), 11.784 abor\u00edgenes prisioneros, 1.313 muertos y otros 1.049 reducidos. Manuel Namuncur\u00e1, el jefe de la \u201c<em>Confederaci\u00f3n de las Salinas<\/em>\u201d se entreg\u00f3 en 1883, y&nbsp; dos meses despu\u00e9s de ser derrotados el 18 de octubre de 1884, los 3.000 rebeldes que comandaban los caciques Inacayal y Foyel se rindieron. El destino de los capturados fue servir de mano de obra en la fundaci\u00f3n de nuevas ciudades, ser incorporados a la Marina de guerra, si eran mujeres ser entregadas a las familias poderosas como sirvientes, o ser trasladados a la Isla Mart\u00edn Garc\u00eda, donde cerca de 800 ranqueles terminaron picando adoquines para las calles de Buenos Aires.&nbsp;<\/p>\n\n\n\n<p>Dec\u00eda un informe oficial que \u201cSe trataba de conquistar un \u00e1rea de 15.000 leguas cuadradas ocupadas cuando menos por unas 15.000 almas, pues pasa de 14.000 el n\u00famero de muertos y prisioneros que ha reportado la campa\u00f1a\u201d. Y agregaba que para transformar los campos conquistados en elementos de riqueza y de progreso, \u201cse han quitado \u00e9stas a la raza est\u00e9ril que las ocupaba\u201d<a href=\"#_ftn1\" id=\"_ftnref1\"><sup>[1]<\/sup><\/a>.<\/p>\n\n\n\n<p>La tierra conquistada fue repartida entre las familias que desde la Sociedad Rural fundada en 1866 hab\u00edan apoyado la campa\u00f1a militar. Otras masacres vendr\u00edan despu\u00e9s:&nbsp;&nbsp; Primero en la Semana Tr\u00e1gica de enero de 1919 y luego en la Patagonia rebelde de 1921, los sue\u00f1os libertarios ser\u00edan cruelmente sepultados.<\/p>\n\n\n\n<p>La d\u00e9cada infame vio las ejecuciones de Severino Di Giovanni y Paulino Scarf\u00f3, y las persecuciones contra radicales yrigoyenistas. Tras la irrupci\u00f3n de los trabajadores en la escena pol\u00edtica, al amparo del primer peronismo, el 16 de junio de 1955 la aviaci\u00f3n naval bombardeaba la Plaza de Mayo causando m\u00e1s de trescientos muertos; preludio de los asesinatos de un a\u00f1o despu\u00e9s, que se cobraron las vidas del General Juan Jos\u00e9 Valle y sus compa\u00f1eros. Seguir\u00edan a\u00f1os de proscripciones y de golpes que instauraban dictaduras cada vez m\u00e1s violentas,&nbsp;&nbsp; cuyo \u00faltimo y tr\u00e1gico exponente ser\u00eda la dictadura terrorista y genocida de 1976\/1983 con sus treinta mil desaparecidos, los ni\u00f1os arrancados de sus familias y privados de su identidad, los miles de exiliados.<\/p>\n\n\n\n<p>Ah, pero los violentos son otros. Siempre son otros. Los que a lo largo de la historia fueron las v\u00edctimas, por obra y gracia de los cronistas del poder son los culpables. Los que resisten deben pagar justamente por resistir. La violencia, en esta facciosa forma de contar las cosas, empez\u00f3 cuando las organizaciones populares decidieron ejercer su derecho a la resistencia, tras haber soportado a\u00f1os de proscripciones, persecuciones, falseamiento de la democracia y golpes militares. \u00bfQui\u00e9nes son los que cuentan la f\u00e1bula de la derecha buena que solo expuls\u00f3 del poder a los autoritarios, para preservar las libertades? Nada nuevo. Los medios hegem\u00f3nicos, empezando por <strong><em>LA NACI\u00d3N<\/em><\/strong>. Claro, \u00bfc\u00f3mo van a reconocer que su fundador dio el primer golpe y ejerci\u00f3 el antecedente m\u00e1s claro del terrorismo de estado? Imposible. Si Mitre derroc\u00f3 a Derqui fue para realizar la unidad nacional. Si desat\u00f3 la feroz <em>guerra de polic\u00eda<\/em> contra las \u00faltimas montoneras federales, fue para erradicar la barbarie. Si lanz\u00f3 la criminal alianza que termin\u00f3 con el Paraguay pr\u00f3spero de aquellos tiempos, fue para salvar la libertad del continente, no vaya usted a creer que lo hizo sirviendo los intereses de la Gran Breta\u00f1a.<\/p>\n\n\n\n<p>Y sus herederos siguen la misma l\u00ednea. Atacaron a Yrigoyen y sus ministros, saludaron el golpe de Uriburu, aplaudieron la acordada de Figueroa Alcorta y Rodr\u00edguez Larreta, no vieron nada malo en la proscripci\u00f3n del radicalismo ni en el uso descarado del <em>fraude patri\u00f3tico<\/em>. Se pusieron severos con los militares de 1943, sobre todo cuando a un Coronel se le ocurri\u00f3 empezar a reconocer derechos de los trabajadores, y reclamaron que el gobierno pasara a la Corte Suprema. Sufrieron los a\u00f1os del peronismo y respiraron aliviados con la <em>fusiladora<\/em>.&nbsp;<\/p>\n\n\n\n<p>Le marcaron la cancha desde el inicio al desarrollismo frondicista, sospechado de acuerdos espurios con el <em>tirano pr\u00f3fugo<\/em>, que termin\u00f3 desplazado aunque hubiera hecho buena letra con \u00c1lvaro Alsogaray. Tampoco les cay\u00f3 en gracia el intento de Illia de darle participaci\u00f3n a los <em>neoperonistas<\/em>, aunque hubiera requerido -y logrado- que el retorno de Per\u00f3n se frustrara en el aeropuerto carioca. Les pareci\u00f3 bueno el golpe de Ongan\u00eda, mucho m\u00e1s cuando Krieger Vasena puso en marcha la econom\u00eda liberal. Se asustaron con el <em>Cordobazo<\/em>, sufrieron como propia la muerte de Aramburu, saludaron el remedo de justicia del nefasto <em>Camar\u00f3n<\/em>, y el 23 de agosto de 1972 titularon \u201c<em>En Trelew abati\u00f3se a quince extremistas<\/em>\u201d.&nbsp;<\/p>\n\n\n\n<p>Se atragantaron con la vuelta de Per\u00f3n y con el triunfo de C\u00e1mpora, y desde el mismo 11 de marzo de 1973 comenzaron a preparar el campo para que la pesadilla acabara pronto. El 25 de marzo de 1976 anunciaban \u201c<em>Asumieron el Gobierno los tres comandantes generales<\/em>\u201d y daban cuenta de los \u201c<em>Objetivos b\u00e1sicos para la reorganizaci\u00f3n nacional<\/em>\u201d. No les fue nada mal con Videla y Mart\u00ednez de Hoz: lograron, en sociedad con sus primos del clarinete mentiroso, apoderarse de <em>Papel Prensa<\/em> y controlar el mercado de los medios gr\u00e1ficos.&nbsp;<\/p>\n\n\n\n<p>Desde la vuelta de la democracia su pr\u00e9dica fue para que no se revisara nada de lo pasado en los a\u00f1os del terror. No les gust\u00f3 Alfons\u00edn, y Menem fue una grata sorpresa. Cuando De la R\u00faa huy\u00f3 en helic\u00f3ptero, los muertos del 19 y 20 de diciembre de 2001 ocurrieron \u201c<em>durante los saqueos y las protestas<\/em>\u201d porque los manifestantes \u201c<em>produjeron desmanes en la avenida 9 de Julio y Corrientes<\/em>\u201d.&nbsp;<\/p>\n\n\n\n<p>A Kirchner le dieron las pautas con las que deber\u00eda gobernar, y como no las acept\u00f3 le pronosticaron que durar\u00eda solo un a\u00f1o. Como no les sali\u00f3 bien el deseo, se empecinaron en profetizar una y mil veces el fin del kirchnerismo. Los juicios contra los represores les parecieron \u201c<em>El antifaz judicial de la venganza<\/em>\u201d y la revisi\u00f3n del pasado una \u201c<em>Tenebrosa interpretaci\u00f3n hist\u00f3rica<\/em>\u201d. Cuando sus deseos parecieron cumplirse con el triunfo del dormil\u00f3n fan\u00e1tico de Netflix, el 23\/11\/2015, su editorial proclamaba: \u201c<em>No m\u00e1s venganza<\/em>\u201d y sosten\u00eda que \u201c<em>La elecci\u00f3n de un nuevo gobierno es momento propicio para terminar con las mentiras sobre los a\u00f1os 70 y las actuales violaciones de los derechos humanos<\/em>\u201d.<\/p>\n\n\n\n<p>El colosal endeudamiento, las pol\u00edticas de gatillo f\u00e1cil que entre otras vidas se cobraron las de Santiago Maldonado y de Rafael Nahuel, el armado de una mesa judicial para perseguir y encarcelar opositores, el espionaje como m\u00e9todo de control de propios y extra\u00f1os, no merecieron ni una cr\u00edtica. Por el contrario, desde el mismo momento en que Cristina anunci\u00f3 que Alberto ser\u00eda el candidato a presidente y que ella lo acompa\u00f1ar\u00eda en la f\u00f3rmula, comenz\u00f3 el trabajo de demolici\u00f3n. Obsesivamente anunciaron la pelea interna del gobierno, no escatimaron ofensas contra un gobernante tildado de t\u00edtere, y dedicaron cientos de columnas de sus escribas a denigrar a la mal\u00e9fica reina populista.<\/p>\n\n\n\n<p>Los horrores cometidos por un Poder Judicial que incumple cotidianamente su deber constitucional de administrar justicia imparcial y garantizar los derechos de los habitantes del pa\u00eds, no fueron registrados por la <em>Tribuna de Doctrina<\/em> para la cual los jueces son <em>la justicia<\/em> cuando condenan a alg\u00fan kirchnerista, pero si no lo hacen son <em>jueces militantes<\/em>. Ni siquiera el reconocimiento expreso del domador de reposeras de que su asesor pr\u00f3fugo fue el que inspir\u00f3 el ilegal nombramiento por decreto de dos cortesanos los conmueve. S\u00ed, en el canal de noticias del mitrismo y ante la pregunta de uno de los empleados m\u00e1s comprometidos con el desprecio de lo nacional y popular, el presidente que m\u00e1s vacaciones se tom\u00f3 en toda la historia se deslig\u00f3 del disparate que hab\u00eda realizado y le ech\u00f3 la culpa a Pep\u00edn. Total, los uruguayos no parecen entusiasmados en extraditarlo. Olvid\u00f3 que fue su firma la que decret\u00f3 el atropello contra la Constituci\u00f3n, aceptado gustosamente por Rosenkrantz y Rosatti.<\/p>\n\n\n\n<p>Ahora, el 19\/07\/2022 Fernando Laborda sigue la l\u00ednea editorial y sostiene que \u201c<em>finalmente, ambos magistrados fueron designados legalmente, con el correspondiente acuerdo del Senado de la Naci\u00f3n<\/em>\u201d. No, Laborda. Los dos sujetos en cuesti\u00f3n, al aceptar su ilegal designaci\u00f3n, hab\u00edan violentado la normativa vigente y por eso mismo demostraron su inhabilidad para ejercer esos cargos. Aunque el Senado les haya prestado acuerdo. Pero para el escriba lo que ocurre es que Cristina est\u00e1 \u201cm\u00e1s desesperada que nunca\u201d. No importa que estad\u00edsticas de la Universidad de San Andr\u00e9s -la misma de la que fue rector Rosenkrantz- digan que el 86% de la poblaci\u00f3n reprueba el funcionamiento del Poder Judicial, si lo que hacen es condenar a los odiados kirchneristas, y de paso de esa forma proscribir cualquier posible candidatura de su enemiga n\u00famero uno para el 2023, entonces son jueces dignos. Esa es una forma no demasiado encubierta de sembrar el odio y su consecuencia, la violencia contra el otro. Veamos las columnas de opini\u00f3n de <strong><em>LA NACI\u00d3N<\/em><\/strong>: El 17\/07\/2022, Mart\u00edn Rodr\u00edguez Yebra arremete contra \u201c<em>El presidente que no preside y el juego en las sombras de Cristina Kirchner<\/em>\u201d: m\u00e1s de lo mismo, enfrentar a Alberto con la Vicepresidenta. El mismo d\u00eda el escriba de folletines Jorge Fern\u00e1ndez D\u00edaz engola su garganta para combatir a \u201c<em>Una reina improvisada que nunca tuvo un plan alternativo<\/em>\u201d. Siempre contra Cristina. Y el inefable Joaqu\u00edn Morales Sol\u00e1 describe a \u201c<em>Una sociedad sublevada contra el Gobierno<\/em>\u201d, y pone \u00e9nfasis en que hay \u201c<em>una sublevaci\u00f3n social que ya es general<\/em>\u201d. El editorialista del pasqu\u00edn de los Mitre-Saguier se toma un rato, el 17\/07\/2022, para defender al Jockey Club y habla de \u201c<em>El menosprecio por el principio de libertad<\/em>\u201d, porque a la Inspecci\u00f3n General de Justicia se le ocurri\u00f3 nada menos que inspeccionar al reducto olig\u00e1rquico.<\/p>\n\n\n\n<p>Carlos Manfroni el 19\/07\/2022 clama que \u201c<em>Es hora de rever la atenci\u00f3n gratuita a extranjeros en hospitales argentinos<\/em>\u201d, clara expresi\u00f3n de xenofobia por m\u00e1s que el escriba lo niegue. Loris Zanatta, siempre fiel a su apellido, el mismo 19\/07\/2022 se pregunta si \u00bf<em>Los Andes vuelven a ser la Sierra Maestra del continente<\/em>?, dedic\u00e1ndose a denigrar al Papa, los cubanos y cuanto populista ande suelto por nuestra sufrida Am\u00e9rica. Mismo tema que preocupa a Andr\u00e9s Oppenheimer, que siempre el 19\/07\/2022 habla sobre \u201c<em>Los dichos del Papa sobre Cuba<\/em>\u201d, y agrega a la n\u00f3mina del sanatero acad\u00e9mico tambi\u00e9n a Michele Bachelet, que no muestra demasiado entusiasmo en condenar a los herederos de Fidel. El mismo d\u00eda, Carlos Pagni prefiere contarnos que est\u00e1n \u201c<em>Todos contra Batakis<\/em>\u201d, decidido a contribuir al fracaso de la pol\u00edtica econ\u00f3mica del gobierno y su nueva ministra. El colmo de los absurdos lo protagoniz\u00f3 Jonatan Viale el 18\/07\/2022 cuando, hablando de \u201c<em>Una bomba de impunidad<\/em>\u201d se pregunt\u00f3 \u201c<em>\u00bfQu\u00e9 se puede esperar de un pa\u00eds sin justicia?<\/em>\u201d aunque lo dice exactamente por lo contrario a lo que ocurre. Porque se queja de que lo que implement\u00f3 la mesa judicial macrista todav\u00eda no rindi\u00f3 sus frutos, y no porque la mayor\u00eda de los jueces de Comodoro Py no integran el Poder sino el Partido Judicial, que aunque no lo diga integra <em>Juntos por el Cambio<\/em>. Ese mismo 18\/07\/2022 el ex Procurador del Tesoro del macrismo, Bernardo Saravia Fr\u00edas, que lo que procur\u00f3 durante su gesti\u00f3n fue asegurar la impunidad de sus jefes, cree vivir en \u201c<em>Un pa\u00eds donde el estado de crisis es la regla<\/em>\u201d, aunque no se le ocurre decir lo obvio, que las crisis las provocan sus amigos y asociados.&nbsp;<\/p>\n\n\n\n<p>La pr\u00e9dica va dando frutos. Ya tenemos diputados reivindicadores del terrorismo de Estado y negacionistas. Y aprovechando el clima que fomentan los columnistas de LA NACI\u00d3N y sus socios de los medios hegem\u00f3nicos, aparecen a la luz personajes como Claudia Jaunin, coordinadora de Turismo en la localidad de Rivadavia, provincia de Mendoza, que en Facebook public\u00f3 la imagen de un Ford Falcon verde, con Jorge Rafael Videla parado a su lado, y en el ba\u00fal cuatro caras: la de Alberto Fern\u00e1ndez; la de Cristina Fern\u00e1ndez de Kirchner; la de Axel Kicillof; y la de Sergio Massa, acompa\u00f1ada por la frase \u201c<em>Un solo deseo quiero&#8230; El sue\u00f1o de todos los argentinos de bien<\/em>\u201d. O como el comisario mayor Carlos Borsato, un ex polic\u00eda que asesoraba a un candidato de Juntos por el Cambio en R\u00edo Cuarto, y que tambi\u00e9n public\u00f3 una imagen de Videla, diciendo \u201c<em>Con esta gorra no habr\u00eda m\u00e1s de estas gorras<\/em>&#8220;, refiri\u00e9ndose a la foto de un joven. O como el jefe comunal de Villa Cerro Azul (departamento Col\u00f3n en C\u00f3rdoba), Andr\u00e9s Oscar Data, que public\u00f3 fotos de Videla y de Adolf Hitler. O como la legisladora provincial por el radicalismo, Patricia de Ferrari Rueda, que en Twitter reclam\u00f3 la vuelta de los &#8220;<em>Falcon verdes<\/em>&#8221; para &#8220;<em>impartir justicia<\/em>&#8220;.&nbsp;<\/p>\n\n\n\n<p>Es que tanto postular el fin del peronismo, reclamar la c\u00e1rcel para Cristina y los suyos, denigrar cuanta cosa huela a populismo y machacar contra el gobierno, hacen posible el renacimiento de los peores deseos que anidan en el esp\u00edritu y las ideas de tanto fascista suelto. Ya no se trata solo de quejarse de los juicios o de hablar de los genocidas como v\u00edctimas de la venganza terrorista. Ahora reclaman directamente que se pongan en pr\u00e1ctica los mismos m\u00e9todos que provocaron la noche m\u00e1s triste de la historia.&nbsp;<\/p>\n\n\n\n<p>Y no me vengan con que es el ejercicio del derecho a la libre expresi\u00f3n. Ese derecho nunca puede tutelar la mentira y la violencia. Propagandas de ese tipo, que exaltan la discriminaci\u00f3n y el odio, est\u00e1n prohibidas por los instrumentos internacionales que tutelan los derechos humanos. La historia nos muestra en qu\u00e9 terminan estos recorridos. En las peores tragedias.&nbsp; As\u00ed que vuelvo a Serrat: \u201c<em>Hombres de paja que usan la colonia y el honor, para ocultar oscuras intenciones. Tienen doble vida, son sicarios del mal. Entre esos tipos y yo, hay algo personal<\/em>\u201d<\/p>\n\n\n\n<p><a href=\"#_ftnref1\" id=\"_ftn1\">[1]<\/a> Informe oficial de la Comisi\u00f3n Cient\u00edfica agregada al Estado Mayor General de la&nbsp; Expedici\u00f3n al R\u00edo Negro (Patagonia) realizada en los meses de Abril, Mayo y Junio de 1879, bajo las \u00f3rdenes del General Julio A. Roca, Buenos Aires, 1881.<\/p>\n\n\n\n<p><a href=\"#_ftnref1\" id=\"_ftn1\">[1]<\/a> <strong>Durnh\u00f6fer, Eduardo<\/strong>, \u201c<em>Crimen de Estado: la eliminaci\u00f3n de Mariano Moreno<\/em>\u201d. Buenos Aires, Academia Argentina de la Historia, 1993<\/p>\n","protected":false},"excerpt":{"rendered":"<p>Con permiso de Joan Manuel Serrat, voy a tomar prestado un verso de una de&#8230;<\/p>\n","protected":false},"author":1,"featured_media":0,"comment_status":"open","ping_status":"open","sticky":false,"template":"","format":"standard","meta":{"footnotes":""},"categories":[17],"tags":[],"class_list":["post-503","post","type-post","status-publish","format-standard","hentry","category-contra-mitre"],"_links":{"self":[{"href":"https:\/\/luisalen.com\/index.php?rest_route=\/wp\/v2\/posts\/503","targetHints":{"allow":["GET"]}}],"collection":[{"href":"https:\/\/luisalen.com\/index.php?rest_route=\/wp\/v2\/posts"}],"about":[{"href":"https:\/\/luisalen.com\/index.php?rest_route=\/wp\/v2\/types\/post"}],"author":[{"embeddable":true,"href":"https:\/\/luisalen.com\/index.php?rest_route=\/wp\/v2\/users\/1"}],"replies":[{"embeddable":true,"href":"https:\/\/luisalen.com\/index.php?rest_route=%2Fwp%2Fv2%2Fcomments&post=503"}],"version-history":[{"count":2,"href":"https:\/\/luisalen.com\/index.php?rest_route=\/wp\/v2\/posts\/503\/revisions"}],"predecessor-version":[{"id":505,"href":"https:\/\/luisalen.com\/index.php?rest_route=\/wp\/v2\/posts\/503\/revisions\/505"}],"wp:attachment":[{"href":"https:\/\/luisalen.com\/index.php?rest_route=%2Fwp%2Fv2%2Fmedia&parent=503"}],"wp:term":[{"taxonomy":"category","embeddable":true,"href":"https:\/\/luisalen.com\/index.php?rest_route=%2Fwp%2Fv2%2Fcategories&post=503"},{"taxonomy":"post_tag","embeddable":true,"href":"https:\/\/luisalen.com\/index.php?rest_route=%2Fwp%2Fv2%2Ftags&post=503"}],"curies":[{"name":"wp","href":"https:\/\/api.w.org\/{rel}","templated":true}]}}