{"id":506,"date":"2022-07-26T00:12:00","date_gmt":"2022-07-26T00:12:00","guid":{"rendered":"https:\/\/luisalen.com\/?p=506"},"modified":"2023-02-07T21:33:31","modified_gmt":"2023-02-07T21:33:31","slug":"la-historia-que-nos-habita","status":"publish","type":"post","link":"https:\/\/luisalen.com\/?p=506","title":{"rendered":"La historia que nos habita"},"content":{"rendered":"\n<p>Escribo estas l\u00edneas un 26 de julio. Fecha que tiene m\u00faltiples significados, para nuestro pa\u00eds y para nuestra Am\u00e9rica. Fecha hist\u00f3rica, se suele decir. Porque es uno de esos d\u00edas en que suceden cosas que cambian el curso de las vidas de miles de personas, que inciden en el presente y transforman el futuro. Uno de esos d\u00edas que pasan a ser parte de nuestra memoria, personal y colectiva. Aunque hayan pasado en tiempos ya lejanos.<\/p>\n\n\n\n<p>El 26 de julio de 1822 en Guayaquil dos personas se reunieron. Nada m\u00e1s y nada menos que Jos\u00e9 de San Mart\u00edn y Sim\u00f3n Bol\u00edvar. Mucho se ha especulado sobre qu\u00e9 pas\u00f3 en la reuni\u00f3n, pero lo cierto es que al poco tiempo San Mart\u00edn dejar\u00eda el Per\u00fa y partir\u00eda luego a Europa, mientras que Bol\u00edvar tomaba a su cargo completar la gesta libertadora, tarea que se cumplir\u00eda con la victoria de las tropas de Antonio Jos\u00e9 de Sucre en Ayacucho.&nbsp;&nbsp;<\/p>\n\n\n\n<p>San Mart\u00edn volver\u00eda en 1829, sin llegar a Buenos Aires porque en Montevideo se enter\u00f3 del asesinato de Dorrego. La amargura lo cubri\u00f3 y escribi\u00f3 a su amigo Tom\u00e1s Guido: \u201c<em>para que el pa\u00eds pueda existir, es de necesidad absoluta que de los dos partidos en cuesti\u00f3n desaparezca de \u00e9l, al efecto, se trata de buscar un salvador, que reuniendo el prestigio de la victoria, el concepto de las dem\u00e1s provincias y m\u00e1s que todo un brazo vigoroso, salve a la patria de los males que la amenazan<\/em>\u201d. No quiso ser \u00e9l quien desarrollara tama\u00f1a tarea. En su exilio conservaba en lugar prominente el retrato de Bol\u00edvar.<\/p>\n\n\n\n<p>El caraque\u00f1o no tuvo d\u00edas tranquilos. Su sue\u00f1o de la Gran Colombia se vio despedazado en estados que terminaron compitiendo entre s\u00ed. Sucre caer\u00eda asesinado y el propio Bol\u00edvar salvar\u00eda su vida de un atentado gracias a la acci\u00f3n de su compa\u00f1era Manuela S\u00e1enz. Luego de renunciar a sus cargos se retir\u00f3 y muri\u00f3, joven todav\u00eda, a fines de 1830. Hab\u00eda se\u00f1alado, no solo con sus palabras sino con los hechos que protagoniz\u00f3, que \u201c<em>La libertad del nuevo mundo, es la esperanza del universo<\/em>&#8220;.<\/p>\n\n\n\n<p>Ninguno de los dos pudo ver concretado su sue\u00f1o de una Am\u00e9rica libre y unida.<\/p>\n\n\n\n<p>Ciento treinta a\u00f1os despu\u00e9s, otro 26 de julio pero de 1952, Eva Per\u00f3n se hac\u00eda inmortal. Poco tiempo antes, el 22 de agosto de 1951, hab\u00eda vivido su apoteosis y presentido, quiz\u00e1s, el final que la esperaba. Ese d\u00eda miles y miles de trabajadores corearon su nombre y la proclamaron su candidata a la Vicepresidencia para las pr\u00f3ximas elecciones, en la f\u00f3rmula que, como no pod\u00eda ser de otra manera, encabezaba Juan Per\u00f3n. No pudo ser. Eva debi\u00f3 renunciar, en sus palabras, a los honores y no a la lucha. Dejar\u00eda grabado su testimonio al inaugurarse las emisiones de Canal 7, la primera televisora argentina. El 17 de octubre de 1951, aunque ya estaba debilitada por el mal que la aquejaba, se levant\u00f3 y dej\u00f3 estas palabras para la posteridad: \u201c<em>Yo no quise ni quiero nada m\u00e1s para m\u00ed. Mi gloria es y ser\u00e1 siempre el escudo de Per\u00f3n y la bandera de mi pueblo, y aunque deje en el camino jirones de mi vida, yo s\u00e9 que ustedes recoger\u00e1n mi nombre y lo llevar\u00e1n como bandera a la victoria<\/em>\u201d.&nbsp;<\/p>\n\n\n\n<p>La oposici\u00f3n que nunca le perdon\u00f3 su amor por los humildes, pint\u00f3 en las paredes de Buenos Aires la terrible frase que resum\u00eda su odio: \u201c<em>Viva el c\u00e1ncer<\/em>\u201d.<\/p>\n\n\n\n<p>Un a\u00f1o despu\u00e9s de la partida de Evita, el 26 de julio de 1953, a solo 90 millas de las costas estadounidenses, un grupo de j\u00f3venes comandados por un abogado tomaban por asalto el cuartel Moncada, que llevaba el nombre de uno de los militares que hab\u00edan combatido por la independencia cubana, pero que en esos d\u00edas, en Santiago de Cuba, albergaban a tropas que se especializaban en la represi\u00f3n m\u00e1s feroz a los opositores al r\u00e9gimen de Fulgencio Batista. El ataque fracas\u00f3, y su l\u00edder, Fidel Castro, pronunci\u00f3 al ser juzgado un alegato que quedar\u00eda grabado en la memoria de su pueblo: \u201c<em>La historia me absolver\u00e1<\/em>\u201d. Vaya si lo hizo. El 1\u00ba de enero de 1959, la guerrilla que comandaba Fidel, con sus compa\u00f1eros Camilo Cienfuegos y Ernesto Guevara, provocaba la huida de Batista. Poco m\u00e1s de un a\u00f1o despu\u00e9s, el 9 de enero de 1960, el cuartel se transformaba en la Ciudad Escolar \u201cLibertad\u201d y Fidel as\u00ed lo explicaba: \u201c<em>Y la historia demostrar\u00e1 que si al fin y al cabo las fortalezas llenas de aspilleras y soldados sucumbieron ante el empuje de nuestro pueblo, la lucha por una causa justa, en cambio nuestras aulas, representantes del pensamiento y la cultura, jam\u00e1s caer\u00e1n bajo la fuerza de quien nos las quiera quitar para convertirlas en cuarteles, a fin de defender los privilegios porque esas escuelas las defender\u00e1 con trincheras de ideas y trincheras de piedra<\/em>\u201d.<\/p>\n\n\n\n<p>Motivos para recordar esta fecha, como se ve, sobran. Aunque <strong><em>LA NACI\u00d3N<\/em><\/strong> se haya olvidado prolijamente de todos ellos. Ni siquiera como rastrero homenaje a don Bartolo el fundador, autor de un relato sobre la entrevista de Guayaquil en el que dijo que San Mart\u00edn abog\u00f3 por la monarqu\u00eda porque no consideraba a los pueblos de la Am\u00e9rica del Sur preparados para la democracia, mientras que al describir a Bol\u00edvar expres\u00f3 que \u201c<em>En este manto de republicano, se envolv\u00eda una ambici\u00f3n ces\u00e1rea, incompatible con la verdadera democracia, como sus reaccionarias teor\u00edas confesadas lo manifiestan y el tiempo lo demostr\u00f3<\/em>\u201d. Es que como dice Eduardo Luis Duhalde en su \u201c<em>Contra Mitre<\/em>\u201d, don Bartolo fue un verdadero intelectual org\u00e1nico que \u201c<em>advirti\u00f3 en su tiempo el papel de la historia como elaboradora de los paradigmas constitutivos de la Argentina liberal. A trav\u00e9s de la Historia de San Mart\u00edn y Belgrano, categoriz\u00f3 los valores del liberalismo mediante la hechura de ambos pr\u00f3ceres a imagen y semejanza de la Argentina que propugnaba<\/em>\u201d. Tal vez el silencio de los actuales escribas de la <em>Tribuna de Doctrina<\/em> se deba a una menor altura intelectual que la del fundador. Ahora solo valen la desinformaci\u00f3n, la mentira, las falsas noticias, el discurso del odio, para seguir sosteniendo el paradigma mitrista de un pa\u00eds para pocos, insertado en el plano de las relaciones capitalistas en el mercado mundial, y hoy sometido a los intereses estadounidenses como ayer Mitre y sus secuaces se sometieron a la Gran Breta\u00f1a..<\/p>\n\n\n\n<p>Es claro que resulta inimaginable un elogio de <strong><em>LA NACI\u00d3N<\/em><\/strong> a la figura de Eva Per\u00f3n, o a la gesta de Fidel Castro y sus barbudos. Ambos personajes encarnan lo m\u00e1s detestado por la derecha que el pasqu\u00edn de los Mitre-Saguier representa, en tanto buscaron, cada uno a su manera, combatir al imperialismo, terminar con el dominio de la oligarqu\u00eda y construir una sociedad de libres e iguales. Por eso no es extra\u00f1o el silencio del diario frente a los tres 26 de julio.&nbsp;<\/p>\n\n\n\n<p>Antes del d\u00eda en cuesti\u00f3n, el 24\/07\/2022 Joaqu\u00edn Morales Sol\u00e1 hablaba de \u201c<em>Un pa\u00eds donde todo puede pasar<\/em>\u201d, a lo que uno agregar\u00eda: incluso, que Morales Sol\u00e1 sea considerado un periodista independiente. Ese mismo d\u00eda el novelero Jorge Fern\u00e1ndez D\u00edaz se quejaba de \u201c<em>La explosiva desesperaci\u00f3n de los par\u00e1sitos<\/em>\u201d, aunque no se refer\u00eda a sus amigos y empleadores, ocupados como siempre en evadir impuestos y esconder los granos para no cumplir con sus obligaciones.<\/p>\n\n\n\n<p>El 26\/07\/2022 hubo varias notas: Carlos Pagni tratando de descubrir \u201c<em>Y d\u00f3nde est\u00e1 el piloto<\/em>\u201d, aunque su columna no arranque ni una sola de las sonrisas que provocaba la pel\u00edcula del mismo nombre. Fernando Laborda nos daba \u201c<em>Las opciones de Alberto Fern\u00e1ndez: una reingenier\u00eda del gobierno o el vac\u00edo del poder<\/em>\u201d. O sea, que el presidente cambie todo o se vaya. Alberto Benegas Lynch, tal vez con un vago recuerdo de la epopeya castrista y temeroso de que se repita en estos lares, se preguntaba si \u00bf<em>La Argentina adopta el Manifiesto Comunista<\/em>?. Andr\u00e9s Oppenheimer se refiri\u00f3 a \u201c<em>La ola mundial de descontento<\/em>\u201d, que nuestra derecha aspira a que se lleve puesto al gobierno. Y Dar\u00edo Palavecino informaba sobre \u201c<em>La trastienda de Chapadmalal: el abrigo \u2018obligado\u2019 del gabinete para el Presidente y una m\u00e1s que notoria ausencia entre la militancia<\/em>\u201d, tratando de contribuir a distanciar a Alberto Fern\u00e1ndez de la militancia camporista. &nbsp;<\/p>\n\n\n\n<p>Pero hubo un par de menciones casi colaterales. Sobre el mismo acto de Chapadmalal, se dijo \u201c<em>Homenaje a Eva Per\u00f3n: Alberto Fern\u00e1ndez carg\u00f3 contra los que siguen especulando con una devaluaci\u00f3n<\/em>\u201d. Y en el cuerpo de la noticia, una m\u00ednima referencia al homenaje del Presidente a la mujer que los trabajadores argentinos eligieron como su jefa espiritual. Y la menci\u00f3n restante solo fue para hacernos saber que se estrena una miniserie, basada en la novela de Tom\u00e1s Eloy Mart\u00ednez: Santa Evita.<\/p>\n\n\n\n<p>Las cosas son lo suficientemente claras. De un lado est\u00e1n quienes registran en San Mart\u00edn y Bol\u00edvar la lucha por la primera e inacabada independencia. Los que ven en las figuras de Eva Per\u00f3n y Fidel Castro el combate que los pueblos de nuestra Am\u00e9rica siguen librando hoy por su segunda y definitiva independencia. Del otro lado, aquellos que condenaron al ostracismo y a la muerte en soledad a los libertadores de Am\u00e9rica. Los que vivaron a la enfermedad que se llev\u00f3 a Evita. Los que todav\u00eda esperan ver caer a la revoluci\u00f3n cubana.&nbsp; Pero cuidado. La historia, la verdadera historia, nos habita con una fuerza invencible. Y los ilustres protagonistas de los hechos que se rememoran cada 26 de julio nos muestran el camino. S\u00ed, a pesar de todo, la senda est\u00e1 trazada y m\u00e1s temprano que tarde los pueblos la transitar\u00e1n victoriosos. Las figuras invencibles de San Mart\u00edn, Bol\u00edvar, Evita y Fidel as\u00ed lo han escrito con letras indelebles.<\/p>\n","protected":false},"excerpt":{"rendered":"<p>Escribo estas l\u00edneas un 26 de julio. Fecha que tiene m\u00faltiples significados, para nuestro pa\u00eds&#8230;<\/p>\n","protected":false},"author":1,"featured_media":0,"comment_status":"open","ping_status":"open","sticky":false,"template":"","format":"standard","meta":{"footnotes":""},"categories":[17],"tags":[],"class_list":["post-506","post","type-post","status-publish","format-standard","hentry","category-contra-mitre"],"_links":{"self":[{"href":"https:\/\/luisalen.com\/index.php?rest_route=\/wp\/v2\/posts\/506","targetHints":{"allow":["GET"]}}],"collection":[{"href":"https:\/\/luisalen.com\/index.php?rest_route=\/wp\/v2\/posts"}],"about":[{"href":"https:\/\/luisalen.com\/index.php?rest_route=\/wp\/v2\/types\/post"}],"author":[{"embeddable":true,"href":"https:\/\/luisalen.com\/index.php?rest_route=\/wp\/v2\/users\/1"}],"replies":[{"embeddable":true,"href":"https:\/\/luisalen.com\/index.php?rest_route=%2Fwp%2Fv2%2Fcomments&post=506"}],"version-history":[{"count":2,"href":"https:\/\/luisalen.com\/index.php?rest_route=\/wp\/v2\/posts\/506\/revisions"}],"predecessor-version":[{"id":509,"href":"https:\/\/luisalen.com\/index.php?rest_route=\/wp\/v2\/posts\/506\/revisions\/509"}],"wp:attachment":[{"href":"https:\/\/luisalen.com\/index.php?rest_route=%2Fwp%2Fv2%2Fmedia&parent=506"}],"wp:term":[{"taxonomy":"category","embeddable":true,"href":"https:\/\/luisalen.com\/index.php?rest_route=%2Fwp%2Fv2%2Fcategories&post=506"},{"taxonomy":"post_tag","embeddable":true,"href":"https:\/\/luisalen.com\/index.php?rest_route=%2Fwp%2Fv2%2Ftags&post=506"}],"curies":[{"name":"wp","href":"https:\/\/api.w.org\/{rel}","templated":true}]}}