{"id":517,"date":"2022-09-06T00:20:00","date_gmt":"2022-09-06T00:20:00","guid":{"rendered":"https:\/\/luisalen.com\/?p=517"},"modified":"2023-02-07T21:35:41","modified_gmt":"2023-02-07T21:35:41","slug":"yo-te-avise","status":"publish","type":"post","link":"https:\/\/luisalen.com\/?p=517","title":{"rendered":"Yo te avis\u00e9"},"content":{"rendered":"\n<p>No s\u00e9 si el criminal actu\u00f3 solo, si tuvo quienes lo secundaron en esa noche aciaga, si forma parte de alg\u00fan grupo, si fue por cuenta propia o enviado por otros. Lo que s\u00ed s\u00e9 es que el atentado tiene muchos m\u00e1s due\u00f1os que el fallido ejecutor. Que sus due\u00f1os est\u00e1n en los partidos de la oposici\u00f3n, en los medios de comunicaci\u00f3n, en fin, en la derecha que hace a\u00f1os sue\u00f1a con terminar con el peronismo y desde que el kirchnerismo apareci\u00f3 en escena, dirige todos sus ataques contra la mal\u00e9fica reina populista.<\/p>\n\n\n\n<p>No es nada que no se pudiera anticipar. No es bueno auto citarse, pero la verdad es que podr\u00edamos entonar una vieja canci\u00f3n de Los Fabulosos Cadillac: yo te avis\u00e9\u2026<\/p>\n\n\n\n<p>Veamos. El 05\/07\/22 en la columna que llam\u00e9 \u201c<em>De historias e historietas<\/em>\u201d trat\u00e9 de contar c\u00f3mo \u201c<em>nuestra derecha iba construyendo su versi\u00f3n de la historia. Una versi\u00f3n que condujo inevitablemente a la violaci\u00f3n masiva y sistem\u00e1tica de los derechos humanos perpetrada por la dictadura genocida de Videla y Mart\u00ednez de Hoz<\/em>\u201d. &nbsp;<\/p>\n\n\n\n<p>El 19\/07\/2022 dije que \u201cEntre esos tipos y yo hay algo personal\u201d y sostuve que \u201c<em>Es que tanto postular el fin del peronismo, reclamar la c\u00e1rcel para Cristina y los suyos, denigrar cuanta cosa huela a populismo y machacar contra el gobierno, hacen posible el renacimiento de los peores deseos que anidan en el esp\u00edritu y las ideas de tanto fascista suelto. Ya no se trata solo de quejarse de los juicios o de hablar de los genocidas como v\u00edctimas de la venganza terrorista. Ahora reclaman directamente que se pongan en pr\u00e1ctica los mismos m\u00e9todos que provocaron la noche m\u00e1s triste de la historia<\/em>\u201d, y refiri\u00e9ndome a c\u00f3mo publicitan sus temas, aclar\u00e9 que \u201c<em>Propagandas de ese tipo, que exaltan la discriminaci\u00f3n y el odio, est\u00e1n prohibidas por los instrumentos internacionales que tutelan los derechos humanos. La historia nos muestra en qu\u00e9 terminan estos recorridos. En las peores tragedias<\/em>\u201d.<\/p>\n\n\n\n<p>El 26\/07\/2022 dije que \u201c<em>Ahora solo valen la desinformaci\u00f3n, la mentira, las falsas noticias, el discurso del odio, para seguir sosteniendo el paradigma mitrista de un pa\u00eds para pocos, insertado en el plano de las relaciones capitalistas en el mercado mundial, y hoy sometido a los intereses estadounidenses como ayer Mitre y sus secuaces se sometieron a la Gran Breta\u00f1a<\/em>\u201d (\u201c<em>La historia que nos habita<\/em>\u201d).<\/p>\n\n\n\n<p>Me tom\u00e9 el atrevimiento de robarle a Cort\u00e1zar. Titul\u00e9 \u201cEl perseguidor\u201d y el 02\/08\/2022 habl\u00e9 de \u201c<em>personajes que ser\u00edan menores en cualquier historia pueblan las p\u00e1ginas de los principales medios, inundan las pantallas de los canales asociados a esos medios y de sus se\u00f1ales de cable, escupen su odio por las radios y lo dejan grabado en las redes sociales. Parece que estuvi\u00e9ramos, los argentinos, atrapados en un tiempo pasado que se resiste a morir y se recicla en nuevas cat\u00e1strofes mientras el tiempo nuevo no logra romper el cascar\u00f3n, atrapado en las ruedas de una maquinaria infernal que repite una y otra vez la misma historia, solo cambiando algunos nombres<\/em>\u201d.<\/p>\n\n\n\n<p>Escrib\u00ed el 18\/08\/2022 \u201c<em>En defensa del derecho a la comunicaci\u00f3n<\/em>\u201d. Y expliqu\u00e9 que \u201c<em>Hace unos d\u00edas, Roberto Navarro advert\u00eda: Algo tenemos que hacer con ellos que est\u00e1n generando este nivel de violencia. Ma\u00f1ana o pasado un loco puede matar a alguien<\/em>\u201d. Agregu\u00e9 que a mi juicio \u201c<em>es tiempo de terminar con los falsos periodistas, los falsos opin\u00f3logos, y hasta las <\/em><em>falsedades de pseudo constitucionalistas de diversa laya que bien poco aprecio <\/em><em>muestran por la Constituci\u00f3n cuando no vacilan en vomitar su odio contra todo lo que <\/em><em>despreciativamente engloban como populismo<\/em>&#8220;.<\/p>\n\n\n\n<p>Y el 30\/08\/2022 dije que \u201c<em>frente a tanto atropello, tanta mentira, tanto discurso de odio, tanta infamia, hay que escuchar de nuevo el grito de la gente: basta<\/em>\u201d. No lo escucharon. Vino el intento de matar a Cristina, que por alg\u00fan milagroso azar del destino no tuvo \u00e9xito. Pero que era la conclusi\u00f3n de todo aquello que nuestra derecha ven\u00eda promoviendo. Porque sea el resultado de un sofisticado complot o la aventura desquiciada de un grupo marginal, fue posible porque hubo una constante alimentaci\u00f3n del monstruo. A\u00f1os y a\u00f1os de denostar todo lo que sea a favor de las mayor\u00edas populares, de condenar cualquier intento de consolidar una patria justa, libre y soberana, sembrando y sembrando la semilla del odio criminal que en los \u00faltimos tiempos tom\u00f3 como blanco se\u00f1alado a la figura de Cristina Fern\u00e1ndez de Kirchner. Odio que por otra parte ni siquiera se tom\u00f3 descanso una vez producido el intento asesino. Primeras reacciones como la de Amalia Granata, definiendo al intento de magnicidio como \u201cuna pantomima\u201d y tratando de adjudicarlo a un militante peronista. Silencios que hablan por s\u00ed mismos, como los de Patricia Bullrich o Javier Milei. La tibieza de la declaraci\u00f3n aprobada en diputados, que ni siquiera logr\u00f3 que la bancada del Pro se quedara. Condenas que no lo parecen, mucho menos en boca de personajes como Mauricio Macri, Horacio Rodr\u00edguez Larreta, Mar\u00eda Eugenia Vidal, Elisa Carri\u00f3 o Mario Negri. Que r\u00e1pidamente volvieron a atacar al peronismo, buscando transformar -como de costumbre- a las v\u00edctimas en victimarios.<\/p>\n\n\n\n<p>Y los espacios de la Tribuna de Doctrina, repletas de las miserabilidades de costumbre. El 04\/09\/2022 Pablo Sirv\u00e9n hablando de \u201c<em>Una caza de brujas que nos puede llevar a las puertas de nuevos infiernos<\/em>\u201d en un intento de demonizar a quienes se\u00f1alan como responsables de tanta violencia predicada a los que efectivamente lo fueron: empleados de medios, pol\u00edticos opositores, jueces, fiscales. Largando como al paso que \u201c<em>se podr\u00eda decir que la culpa de la aparici\u00f3n de ese \u2018lobo solitario\u2019 (un desquiciado, que es lo que parece hasta ahora) fue abonada por las continuas violencias verbales derramadas desde lo m\u00e1s alto del poder, comenzando por la mism\u00edsima Cristina Kirchner y su hijo (\u2018est\u00e1n viendo qui\u00e9n mata al primer peronista\u2019, fogone\u00f3 M\u00e1ximo Kirchner horas antes del episodio), m\u00e1s una larga lista de funcionarios y allegados al poder que compiten para ver qui\u00e9n dice la salvajada m\u00e1s provocadora<\/em>\u201d. No, Sirv\u00e9n. No se puede decir eso. Porque las violencias verbales provienen de un solo lado: el mismo al que usted sirve, igual que Joaqu\u00edn Morales Sol\u00e1 que el mismo d\u00eda escribi\u00f3 acerca de \u201c<em>Una historia de violencia y de odios<\/em>\u201d que con su impudicia habitual puso en cabeza de quienes sufrieron esa violencia y esos odios. Qu\u00e9 mayor temeridad que decir que \u201c<em>la propia Cristina Kirchner alent\u00f3 su propia victimizaci\u00f3n y permiti\u00f3 m\u00faltiples actos de genuflexi\u00f3n ante ella<\/em>\u201d. Poco m\u00e1s y dice que Cristina se quiso suicidar.<\/p>\n\n\n\n<p>O el nuevo follet\u00edn de Jorge Fern\u00e1ndez D\u00edaz, que tambi\u00e9n el 04\/09\/2022 sostuvo que \u201cGatillan sobre la libertad de expresi\u00f3n\u201d y fiel a su costumbre, le ech\u00f3 la culpa de todo al peronismo: \u201c<em>El hecho de que este movimiento pol\u00edtico, que fund\u00f3 la grieta y que es una verdadera antolog\u00eda de odios y un animador de conflictos, hostilidades y estigmatizaciones, se presente ahora como una blanca paloma de la paz representa una broma macabra<\/em>\u201d. Lo macabro es que usted, Fern\u00e1ndez, siga esparciendo tanta tinta venenosa. Ni qu\u00e9 decir de la editorial que ese 04\/09\/2022 public\u00f3 el pasqu\u00edn de los Mitre-Saguier, bajo el t\u00edtulo \u201c<em>El discurso del odio, un viejo recurso<\/em>\u201d. Trata de equiparar a Mar\u00eda Estela Mart\u00ednez con Cristina Fern\u00e1ndez de Kirchner: \u201c<em>Cuando una es acusada de aniquilar la subversi\u00f3n, la otra es ensalzada por indemnizar fraudulentamente a sus v\u00edctimas<\/em>\u201d. Se\u00f1ores herederos de Mitre, no es as\u00ed. No se puede equiparar lo que resulta imposible de comparar. Las indemnizaciones a las v\u00edctimas del terrorismo de Estado que ustedes aplaudieron y prohijaron no son fraudulentas. Son, acaso, poco y nada para reparar los da\u00f1os que ustedes ayudaron a causar. Sin que venga al caso cuenta que \u201c<em>El 25 de mayo de 2003, N\u00e9stor Kirchner nombr\u00f3 secretario de Derechos Humanos a Eduardo Luis Duhalde, socio de Ortega Pe\u00f1a y tambi\u00e9n impulsor del socialismo nacional, quien continu\u00f3 en su cargo hasta su muerte, durante la presidencia de Cristina Fern\u00e1ndez<\/em>\u201d. Con el derecho que me otorga el haber sido muchos a\u00f1os amigo y colaborador de Eduardo Luis Duhalde, les digo que <strong><em>LA NACI\u00d3N<\/em><\/strong> no merece pronunciar su nombre. No tiene la envergadura moral necesaria.&nbsp;<\/p>\n\n\n\n<p>El 05\/09\/2022 escribe el portador de un apellido descriptivo como pocos. \u201c<em>El truco de hacer pasar por moderado al que pide impunidad y por fan\u00e1tico el que invoca la ley<\/em>\u201d, escribe Loris Zanatta, y se permite decir que \u201c<em>el atacante estaba imbuido de odio. Pero no es por \u2018amor\u2019 que el peronismo lo aprovech\u00f3 para exprimir del crimen hasta la \u00faltima gota. Fue para sacar ventaja pol\u00edtica, deslegitimar a la oposici\u00f3n, atacar al Poder Judicial, rehacer su maquillaje<\/em>\u201d. No explique con su malicia acostumbrada lo que otros hacen. La oposici\u00f3n a la que usted alaba se deslegitima sola, con su discurso antidemocr\u00e1tico. Para muestra le recuerdo que fue durante el gobierno de Mauricio Macri que se form\u00f3 esa banda de esp\u00edas, jueces, pseudo periodistas, fiscales y funcionarios que comandaba el ahora pr\u00f3fugo Rodr\u00edguez Sim\u00f3n y que se dedic\u00f3 a perseguir y encarcelar opositores.&nbsp; Una nueva editorial, el 06\/09\/2022, alerta: \u201cLa Rep\u00fablica, en peligro\u201d. Como si nunca hubieran sido los seguidores de <strong><em>LA NACI\u00d3N<\/em><\/strong> los que aniquilaran cualquier pretensi\u00f3n de democracia, el escriba de turno se permite hablar de \u201c<em>la canallesca maniobra que desde el oficialismo se pretende urdir para asociar con aquel deleznable hecho a la oposici\u00f3n pol\u00edtica, a la prensa independiente y a los jueces y fiscales que investigan a la expresidenta por esc\u00e1ndalos de corrupci\u00f3n p\u00fablica<\/em>\u201d. Canallesco es haber aplaudido cuanta dictadura asesina usurp\u00f3 el poder en nuestro pa\u00eds. Canallesco es seguir defendiendo a quienes perpetraron el genocidio. Canallesco es definir como <em>independiente <\/em>a una prensa que sirve desvergonzadamente al poder y no trepida en mentir, desinformar, desparramar el odio d\u00eda a d\u00eda. Algunos han sostenido que este grav\u00edsimo suceso puede servir para que todos reflexionen. No lo parece. La oposici\u00f3n, tanto la de los partidos de derecha como la de la prensa hegem\u00f3nica y los grupos de poder econ\u00f3micos, siguen repitiendo la misma cantinela agraviante y reiterando sus ataques contra todo lo que huela aunque lejanamente a peronismo. Y otros creen que la soluci\u00f3n est\u00e1 en promover \u201c<em>el di\u00e1logo<\/em>\u201d, esa b\u00fasqueda de acuerdos entre los distintos. Pero el di\u00e1logo es, seg\u00fan el diccionario, \u201c<em>la pl\u00e1tica entre dos o m\u00e1s personas que alternativamente manifiestan sus ideas o afectos<\/em>\u201d o bien \u201c<em>la discusi\u00f3n o trato en busca de avenencias<\/em>\u201d. No hay, por lo tanto, di\u00e1logo posible cuando una de las partes lo que busca y proclama constantemente es la desaparici\u00f3n de la otra. Que eso es lo que nuestra derecha pide para el peronismo: su extinci\u00f3n definitiva. Por eso, hay que decir con Jean Paul Sartre que \u201c<em>al fascismo se le destruye. El di\u00e1logo no es para las bestias<\/em>\u201d. Que si no, esas bestias terminan por devorarnos. No digan despu\u00e9s que no lo sab\u00edan, ser\u00eda tarde. Yo avis\u00e9.<\/p>\n","protected":false},"excerpt":{"rendered":"<p>No s\u00e9 si el criminal actu\u00f3 solo, si tuvo quienes lo secundaron en esa noche&#8230;<\/p>\n","protected":false},"author":1,"featured_media":0,"comment_status":"open","ping_status":"open","sticky":false,"template":"","format":"standard","meta":{"footnotes":""},"categories":[17],"tags":[],"class_list":["post-517","post","type-post","status-publish","format-standard","hentry","category-contra-mitre"],"_links":{"self":[{"href":"https:\/\/luisalen.com\/index.php?rest_route=\/wp\/v2\/posts\/517","targetHints":{"allow":["GET"]}}],"collection":[{"href":"https:\/\/luisalen.com\/index.php?rest_route=\/wp\/v2\/posts"}],"about":[{"href":"https:\/\/luisalen.com\/index.php?rest_route=\/wp\/v2\/types\/post"}],"author":[{"embeddable":true,"href":"https:\/\/luisalen.com\/index.php?rest_route=\/wp\/v2\/users\/1"}],"replies":[{"embeddable":true,"href":"https:\/\/luisalen.com\/index.php?rest_route=%2Fwp%2Fv2%2Fcomments&post=517"}],"version-history":[{"count":2,"href":"https:\/\/luisalen.com\/index.php?rest_route=\/wp\/v2\/posts\/517\/revisions"}],"predecessor-version":[{"id":519,"href":"https:\/\/luisalen.com\/index.php?rest_route=\/wp\/v2\/posts\/517\/revisions\/519"}],"wp:attachment":[{"href":"https:\/\/luisalen.com\/index.php?rest_route=%2Fwp%2Fv2%2Fmedia&parent=517"}],"wp:term":[{"taxonomy":"category","embeddable":true,"href":"https:\/\/luisalen.com\/index.php?rest_route=%2Fwp%2Fv2%2Fcategories&post=517"},{"taxonomy":"post_tag","embeddable":true,"href":"https:\/\/luisalen.com\/index.php?rest_route=%2Fwp%2Fv2%2Ftags&post=517"}],"curies":[{"name":"wp","href":"https:\/\/api.w.org\/{rel}","templated":true}]}}