{"id":520,"date":"2022-09-19T00:22:00","date_gmt":"2022-09-19T00:22:00","guid":{"rendered":"https:\/\/luisalen.com\/?p=520"},"modified":"2023-02-07T21:35:22","modified_gmt":"2023-02-07T21:35:22","slug":"conspiradores","status":"publish","type":"post","link":"https:\/\/luisalen.com\/?p=520","title":{"rendered":"Conspiradores"},"content":{"rendered":"\n<p>Dice el Diccionario de la Real Academia Espa\u00f1ola que conspirar es \u201c<em>unirse contra su superior o soberano<\/em>\u201d, \u201c<em>unirse contra un particular para hacerle da\u00f1o<\/em>\u201d, \u201c<em>concurrir a un mismo fin<\/em>\u201d o bien \u201c<em>convocar, llamar alguien en su favor<\/em>\u201d. Sea cual sea la definici\u00f3n que usemos, es totalmente claro que el atentado contra Cristina Fern\u00e1ndez de Kirchner fue producto de una conspiraci\u00f3n.<\/p>\n\n\n\n<p>Veamos. A esta altura de las cosas, se siguen sumando detenciones y aparecen nuevas pruebas que demuestran que el intento de matar a Cristina no fue producto de un desequilibrado que actu\u00f3 solo, sino que hubo un grupo que planific\u00f3 las cosas y que incluso ya hab\u00eda tratado de llevar a cabo el magnicidio. Desde ese punto de vista, los frustrados asesinos se unieron contra su superior (toda vez que Cristina es Vicepresidenta de la Naci\u00f3n, electa por el voto popular).<\/p>\n\n\n\n<p>Si se prefiere obviar toda connotaci\u00f3n que tenga a Cristina como superior o soberana, igual dir\u00edamos que son conspiradores, gente que se uni\u00f3 contra una particular para hacerle da\u00f1o. El intercambio de mensajes entre los detenidos es m\u00e1s que claro al respecto.<\/p>\n\n\n\n<p>Sin embargo, contra toda evidencia, con un af\u00e1n descalificatorio que no tiene m\u00e1s sustento que su animadversi\u00f3n contra la reina mal\u00e9fica del populismo, Joaqu\u00edn Morales Sol\u00e1 se permite sostener que la sociedad duda de lo acontecido. Le falt\u00f3 decir el \u201cpor algo ser\u00e1\u201d que desparramaban los genocidas para justificar las desapariciones, pero estuvo muy cerca.&nbsp;<\/p>\n\n\n\n<p>El 11\/09\/2022 titul\u00f3: \u201c<em>Del atentado al culto a la personalidad<\/em>\u201d y se despach\u00f3 con expresiones como \u201c<em>el kirchnerismo est\u00e1 buscando obscenamente estirar hasta el infinito lo que pudo ser una tragedia. Esa decisi\u00f3n pol\u00edtica se tom\u00f3 dos horas despu\u00e9s de que Cristina Kirchner ni siquiera se enterara de que un loco suelto, un lumpen que viv\u00eda de la caza y la pesca, hab\u00eda intentado matarla con tan poco profesionalismo que ni el tiro le sali\u00f3<\/em>\u201d. Caramba. Impulsar la investigaci\u00f3n del atentado m\u00e1s grave sufrido desde la vuelta de la democracia es estirar obscenamente las cosas. El tirador fallido es nada m\u00e1s que un loco suelto. Morales en su m\u00e1s puro estado: desparramando el odio contra el peronismo y su jefa. Las v\u00edctimas, transformadas en culpables.&nbsp;<\/p>\n\n\n\n<p>No sabe, el escriba \u201c<em>si fue solo el desvar\u00edo de un delirante o si hubo, en cambio, alguna conspiraci\u00f3n que puso el arma en su mano. Esta \u00faltima alternativa no tiene todav\u00eda ninguna prueba en el ya voluminoso expediente, pero todas las hip\u00f3tesis siguen abiertas<\/em>\u201d. El problema es que para esa fecha ya hab\u00eda m\u00e1s detenidos y ya se sab\u00eda que el fallido tirador no actuaba solo. Que no est\u00e9 todav\u00eda desvelada por completo la magnitud del consorcio de atacantes indica que lo que est\u00e1 por conocerse es cu\u00e1l es el alcance de la conspiraci\u00f3n, no su inexistencia.<\/p>\n\n\n\n<p>En apoyo de sus disquisiciones no se le ocurre traer mejor prueba que la comparaci\u00f3n entre el atentado y la muerte de la reina de la naci\u00f3n que usurpa nuestras Malvinas, como si que alguien intente plantarle una bala a la Vicepresidenta es lo mismo que el deceso de una mujer de noventa y seis a\u00f1os de edad, cuyo fallecimiento solo se puede atribuir a su longevidad. Pero claro, Morales escribe para el pasqu\u00edn de los MitreSaguier, que a lo largo de su historia ha demostrado m\u00e1s devoci\u00f3n por la corona brit\u00e1nica que por la soberan\u00eda argentina.<\/p>\n\n\n\n<p>Morales no sabe de otras lealtades que no sean aquellas que la <em>Tribuna de Doctrina <\/em>profesa con los due\u00f1os del poder econ\u00f3mico, por eso cree que \u201c<em>Est\u00e1 sucediendo un fen\u00f3meno que podr\u00eda ser claramente caracterizado como de culto a la personalidad, esa devoci\u00f3n a l\u00edderes de la pol\u00edtica que llega hasta dimensiones religiosas o sagradas. Cristina Kirchner es el personaje de culto<\/em>\u201d. Como pasaba con don Bartolo y sigui\u00f3 sucediendo con sus sucesores, el v\u00ednculo que une a los l\u00edderes populares con el pueblo le resulta extra\u00f1o e incomprensible. Por eso concluye esa columna pregunt\u00e1ndose -y d\u00e1ndose la respuesta- que mejor le conviene a su aversi\u00f3n por el peronismo: \u201c<em>\u00bfEstamos mejor con Massa que con el tobog\u00e1n que propon\u00eda Silvina Batakis? Sin duda, ahora hay una leve mejor\u00eda. Leve y pasajera, tal vez, aunque a la sociedad le cueste percibirla. Suficiente, de todos modos, para hacerles lugar a dos hechos incompatibles con la democracia: el martirologio de una lideresa laica y el imp\u00fadico culto a su persona<\/em>\u201d. Sus ataques no quedan reducidos a eso. El 14\/09\/2022 habla de lo que a su juicio pasa \u201c<em>Cuando muchos no creen en el atentado<\/em>\u201d. En realidad, parece m\u00e1s bien que Morales sabe bien que hubo un atentado y que detr\u00e1s del fallido ejecutante hay m\u00e1s que un grupo marginal, y por eso mismo se esmera en sembrar todas las dudas posibles. \u201c<em>Ni el Gobierno ni la Justicia ni la polic\u00eda. Nada es cre\u00edble para una importante mayor\u00eda social, que sigue convencida de que el intento de atentado a Cristina Kirchner fue, en realidad, un autoatentado para sacar provecho pol\u00edtico despu\u00e9s de las grav\u00edsimas acusaciones que le hizo la Justicia<\/em>\u201d. Traducido eso, quiere decir que todo fue orquestado por Cristina, para zafar de la condena que hace rato redactaron los escribas del poder y que solo espera que los deportistas amateurs que pululan por Comodoro Py le pongan la firma. Pero no. Esa supuesta mayor\u00eda social no es tal, aunque Morales muestre presuntas encuestas que buscan configurarla. La mayor\u00eda social se vio en la Plaza de Mayo y en las restantes plazas del pa\u00eds. Y a Cristina no la acus\u00f3 <em>la Justicia<\/em>, sino un par de fiscales incapaces de esgrimir un argumento jur\u00eddico que sostuviera sus disparates, como van demostrando d\u00eda a d\u00eda los alegatos de las defensas que <strong><em>LA NACI\u00d3N<\/em><\/strong> ignora prolijamente.<\/p>\n\n\n\n<p>M\u00e1s definiciones miserables pueblan la columna: \u201c<em>La desconfianza sobre lo que ocurri\u00f3 en la noche del jueves 1\u00ba de septiembre no se instal\u00f3 solo en la gente com\u00fan. Hay importantes pol\u00edticos y hasta funcionarios judiciales que no creen que se haya tratado de un hecho aislado, perpetrado por l\u00fampenes resentidos con el sistema pol\u00edtico y econ\u00f3mico. Si se les da a elegir, prefieren quedarse con la hip\u00f3tesis de un autoatentado, supuestamente organizado para levantar la tambaleante figura pol\u00edtica de la expresidenta<\/em>\u201d. Como es costumbre, ni un nombre ni una pista acerca de los desconfiados.&nbsp;<\/p>\n\n\n\n<p>M\u00e1s adelante se despacha con una sarta de falsedades que pretenden desvincular de cualquier investigaci\u00f3n posible a la vecina del piso de arriba del departamento de Cristina, la misma que admiti\u00f3 que alquilaba <em>una habitaci\u00f3n<\/em> a la abogada defensora de uno de los atacantes que agredieron a funcionarios del gobierno, periodistas y a cualquiera que fuera sospechoso de kirchnerismo. Morales va m\u00e1s all\u00e1 de lo que la propia mujer dijo y transforma a los agresores en kirchneristas que acompa\u00f1aban a una mujer embarazada. La impudicia no tiene l\u00edmites.<\/p>\n\n\n\n<p>Insiste: \u201c<em>Esos funcionarios aseguran que, por ahora al menos, no hay pruebas de una conspiraci\u00f3n en el expediente<\/em>\u201d. Jam\u00e1s sabremos qui\u00e9nes son esos supuestos funcionarios que hablan con Morales, y si fuera por \u00e9ste, tampoco sabremos cu\u00e1ntas personas hubo detr\u00e1s del atentado, qui\u00e9nes financiaban a ese grupo que ni viv\u00eda ni se manejaba como una grupo de l\u00fampenes resentidos. Que los l\u00fampenes no pululan por la Recoleta ni quieren alquilar inmuebles en esa zona, ni tampoco cobran sumas millonarias de los Caputo, por presuntos trabajos de carpinter\u00eda.<\/p>\n\n\n\n<p>Volvamos a las definiciones del diccionario. Si conspiran quienes \u201c<em>concurren a un mismo fin<\/em>\u201d entonces podr\u00edamos extender la red de participantes en el atentado, directos o indirectos, a los que hace tiempo vienen atribuyendo a Cristina y sus seguidores todos los males del mundo. A los que desparraman su odio contra el peronismo y se la pasan pronosticando su fin. A quienes no vacilan en desinformar, en propagar falsas noticias, en hacer furiosas campa\u00f1as contra todo lo que tenga alg\u00fan atisbo de nacional o popular. Y caramba. Uno puede encontrar ejemplos de todo eso si recorre las p\u00e1ginas de <strong><em>LA NACI\u00d3N<\/em><\/strong>, al menos desde hace m\u00e1s de setenta a\u00f1os, cuando la clase obrera adquiri\u00f3 la identidad peronista. Escribas que concurren a un mismo fin con los atacantes de Cristina: que desparezca para siempre de la escena pol\u00edtica. Por \u00faltimo, si conspirar tambi\u00e9n es <em>convocar, llamar alguien en su favor<\/em>, \u00bfqu\u00e9 otra cosa hacen los escribas de la Tribuna de Doctrina y de Clar\u00edn, llamando a cuanto lector, escucha o televidente desprevenido caiga en sus garras a la santa cruzada de la desaparici\u00f3n del peronismo? En fin, no sabemos si alg\u00fan d\u00eda la verdad completa de lo ocurrido esa noche del primer d\u00eda de septiembre ser\u00e1 revelada. Muchas preguntas, por cierto que no las mismas de Morales, aguardan por una respuesta cierta. \u00bfDe qu\u00e9 viv\u00edan los atacantes, qui\u00e9n les prestaba su ayuda, cu\u00e1ntos m\u00e1s hay aparte de los detenidos y de los que llevaban bolsas de residuo a la Plaza de Mayo simulando cad\u00e1veres, los que promet\u00edan horcas, cuchillos y balas para Cristina, Alberto y cuanto otro se les pareciera? Algo hay que s\u00ed podemos afirmar: el veneno del odio que puebla sus venas y los impulsa al crimen tiene el color de la tinta de tanto escriba a sueldo del poder, el sonido de las voces que surgen de las radios que forman parte de esos c\u00edrculos, los colores de sus canales de televisi\u00f3n. Al fin y al cabo, todos ellos han conspirado para que estemos viviendo estos tiempos tan tr\u00e1gicos. Que sus rostros y sus patrones queden a la luz, para que no haya m\u00e1s conspiraciones teji\u00e9ndose en las sombras de un poder malsano que tanto da\u00f1o causa.<\/p>\n","protected":false},"excerpt":{"rendered":"<p>Dice el Diccionario de la Real Academia Espa\u00f1ola que conspirar es \u201cunirse contra su superior&#8230;<\/p>\n","protected":false},"author":1,"featured_media":0,"comment_status":"open","ping_status":"open","sticky":false,"template":"","format":"standard","meta":{"footnotes":""},"categories":[17],"tags":[],"class_list":["post-520","post","type-post","status-publish","format-standard","hentry","category-contra-mitre"],"_links":{"self":[{"href":"https:\/\/luisalen.com\/index.php?rest_route=\/wp\/v2\/posts\/520","targetHints":{"allow":["GET"]}}],"collection":[{"href":"https:\/\/luisalen.com\/index.php?rest_route=\/wp\/v2\/posts"}],"about":[{"href":"https:\/\/luisalen.com\/index.php?rest_route=\/wp\/v2\/types\/post"}],"author":[{"embeddable":true,"href":"https:\/\/luisalen.com\/index.php?rest_route=\/wp\/v2\/users\/1"}],"replies":[{"embeddable":true,"href":"https:\/\/luisalen.com\/index.php?rest_route=%2Fwp%2Fv2%2Fcomments&post=520"}],"version-history":[{"count":1,"href":"https:\/\/luisalen.com\/index.php?rest_route=\/wp\/v2\/posts\/520\/revisions"}],"predecessor-version":[{"id":521,"href":"https:\/\/luisalen.com\/index.php?rest_route=\/wp\/v2\/posts\/520\/revisions\/521"}],"wp:attachment":[{"href":"https:\/\/luisalen.com\/index.php?rest_route=%2Fwp%2Fv2%2Fmedia&parent=520"}],"wp:term":[{"taxonomy":"category","embeddable":true,"href":"https:\/\/luisalen.com\/index.php?rest_route=%2Fwp%2Fv2%2Fcategories&post=520"},{"taxonomy":"post_tag","embeddable":true,"href":"https:\/\/luisalen.com\/index.php?rest_route=%2Fwp%2Fv2%2Ftags&post=520"}],"curies":[{"name":"wp","href":"https:\/\/api.w.org\/{rel}","templated":true}]}}