{"id":529,"date":"2022-11-03T00:29:00","date_gmt":"2022-11-03T00:29:00","guid":{"rendered":"https:\/\/luisalen.com\/?p=529"},"modified":"2023-02-07T20:16:49","modified_gmt":"2023-02-07T20:16:49","slug":"la-eterna-injusticia","status":"publish","type":"post","link":"https:\/\/luisalen.com\/?p=529","title":{"rendered":"La eterna injusticia"},"content":{"rendered":"\n<p>Casi que no dan ganas de escribir. Tanta podredumbre, tanta mentira, tanto culto a la falsedad, tanta negaci\u00f3n de derechos, tanta basura suelta que envenena el aire que respiramos. Empresas de medios que en vez de informar desinforman. Empleados de esas empresas que han olvidado cualquier pretensi\u00f3n de trabajar como periodistas, y solo <em>obedecen \u00f3rdenes<\/em>, con el mismo entusiasmo que los integrantes de los grupos de tareas del terrorismo de Estado pon\u00edan en obedecer las \u00f3rdenes de sus jefes genocidas.<\/p>\n\n\n\n<p>Una de las formas de obtener justicia, ense\u00f1an en las aulas de las muchas Facultades de Derecho que existen en el pa\u00eds, es lograr la <em>tutela judicial o amparo que se obtiene de los jueces y tribunales frente a un hecho que viola nuestros derechos<\/em>. Mejor ser\u00e1 que lxs estudiantes vayan buscando otra definici\u00f3n, porque de los jueces y tribunales de la Argentina, al menos de los del fuero federal en su gran mayor\u00eda, se puede obtener cualquier cosa menos la tutela de los derechos.<\/p>\n\n\n\n<p>Parece, incluso, que los jueces operan como el t\u00edtulo de la nota, presuntamente de tono ir\u00f3nico, que el 30\/10\/2022 Graciela Guadalupe escribi\u00f3 en <strong><em>LA NACI\u00d3N<\/em><\/strong>: \u201c<em>A pura traici\u00f3n<\/em>\u201d. Claro que esta poco graciosa Graciela usaba los t\u00edtulos de una serie de inolvidables tangos para burlarse del gobierno y sus promesas. Largaba como si nada: \u201c<em>Ya lo dec\u00eda Gardel. No hay \u2018Mano a mano\u2019 en \u2018Mi noche triste\u2019. Estamos yendo \u2018Cuesta abajo\u2019, cargados de \u2018Mentiras\u2019. \u2018Yira, yira\u2019 la amargura. En esta \u2018Lejana tierra m\u00eda\u2019, pocos quieren \u2018Volver\u2019. \u2018Adi\u00f3s muchachos\u2019, a hacer \u2018Silencio\u2019 y a pedir ventura a \u2018La cotorrita de la suerte\u2019. De \u00faltimas, \u2018Esta noche me emborracho\u2019. Esto as\u00ed es un \u2018Cambalache\u2019<\/em>\u201d. Lo peor del caso es que lo que escribi\u00f3 sirve para ilustrar la situaci\u00f3n en que est\u00e1 el pa\u00eds, gracias a las pol\u00edticas que la <em>Tribuna de Doctrina<\/em> ensalza y a los gobiernos que apoy\u00f3, todos preocupados en hundir un poco m\u00e1s a los argentinos en la miseria y la desaz\u00f3n.&nbsp;<\/p>\n\n\n\n<p>Cosas que no preocupan, el mismo 30\/10\/2022, a Pablo Sirv\u00e9n, que se disfraza de psicoanalista para hablar de \u201c<em>M\u00e1ximo y el trauma no resuelto de un juego infantil<\/em>\u201d, y demostrando que la derecha no abandona sus enconos ni a\u00fan muerto el depositario de los mismos, se la agarra con N\u00e9stor y recostado en el div\u00e1n de sus propias obsesiones se pregunta si \u201c<em>\u00bfM\u00e1ximo reconoce que aprendi\u00f3 de su padre a romper todo y, por eso, ejerce la pol\u00edtica pateando aquello que se le opone?<\/em>\u201d. Contesto con otra pregunta: \u00bfQu\u00e9 trauma irresuelto lo lleva al escriba de marras a ver lo que hacen los suyos como si lo hicieran los otros? Alguna inversi\u00f3n -o perversi\u00f3n- de la realidad.&nbsp;&nbsp; Mejor consulte a su analista, Sirv\u00e9n.&nbsp;<\/p>\n\n\n\n<p>Igual sigue desparramando frases comunes en cualquier terapia, tal vez en la ilusi\u00f3n de que as\u00ed puede hacer pasar sus obsesiones como realidades. Como siempre, el peronismo es el destinatario de sus cr\u00edticas y sobre todo, el kirchnerismo: \u201c<em>El justicialismo en el poder siempre tuvo sus internas, pero el caso de grave disociaci\u00f3n con el Gobierno que llevan adelante la viuda de Kirchner y su hijo, a pesar de ser parte fundante del mismo, es algo que rompe todos los moldes<\/em>\u201d. Ocurre que la grave disociaci\u00f3n que sufren los argentinos es producto de esa derecha a la que usted rinde pleites\u00eda, Sirv\u00e9n<\/p>\n\n\n\n<p>En esa edici\u00f3n del 30\/10\/2022 otro que ataca es el novelero Jorge Fern\u00e1ndez D\u00edaz, con sus t\u00edtulos de follet\u00edn barato y su barniz de cultura berreta que lo impulsa a citar libros, pel\u00edculas o cualquier otro producto cultural que le permitan extraer ideas, ya que las propias parecen de muy corto vuelo, para cumplir con la tarea que sus patrones le encomiendan. Habla entonces de \u201c<em>El kirchnerismo y su conspiraci\u00f3n de silencio<\/em>\u201d, en referencia a una obra cl\u00e1sica de John Sturgess. Nos explica: \u201c<em>Comprender\u00e1n que me resuene esta pel\u00edcula de mi infancia al pensar en la corrupci\u00f3n kirchnerista, que no acaba sino que comienza en la causa Vialidad y que tiene, se pruebe judicialmente o no, dimensiones oc\u00e9anicas y nunca vistas en la historia argentina<\/em>\u201d. Caramba, parece que ni siquiera conf\u00eda en la sentencia que una y otra vez el diario que lo emplea y la constelaci\u00f3n de medios derechistas de similar ralea por los que suele pulular le han dictado a los jueces. Ya no importa si hay condena o no para Cristina. Lo dice el Fern\u00e1ndez de <strong><em>LA NACI\u00d3N<\/em><\/strong>.<\/p>\n\n\n\n<p>Por si acaso, refuerza la idea. El kirchnerismo cometi\u00f3, a su juicio, toda clase de atropellos, aunque \u201c<em>otra cosa es que los tribunales puedan penalizar a los distintos responsables de ese latrocinio<\/em>\u201d. Vamos, Fern\u00e1ndez, cualquier folletinero sabe que tanta mentira como la desparramada en las miles de denuncias inventadas contra el kirchnerismo tiene las patas muy cortitas. Y la verdad tarde o temprano sale a flote, cuando la historia decide contar lo que realmente sucedi\u00f3.<\/p>\n\n\n\n<p>Claro que no est\u00e1 solo, el novelero. Siempre el 30\/10\/2022, aparece el inefable Joaqu\u00edn Morales Sol\u00e1, el mismo que cuando era Jefe de Redacci\u00f3n del clarinete mentiroso le prohib\u00eda a sus cronistas opinar sobre lo que presenciaba en las audiencias del Juicio a las Juntas, del que tanto se habla en estos d\u00edas gracias a una pel\u00edcula. Morales se siente \u201c<em>En un pa\u00eds donde ya nada es importante<\/em>\u201d. Se regodea, contando que \u201c<em>La derrota del cristinismo en su intento de imponerles un impuesto a los jueces, cuyos salarios est\u00e1n protegidos por la Constituci\u00f3n, fue memorable. Cre\u00eda que estaba cerca de la victoria, y termin\u00f3 muy lejos de ella. Nadie not\u00f3 una gesti\u00f3n sutil y determinante para resguardar el salario de los magistrados. Fue la que realiz\u00f3 la Corte Suprema. Los jueces Horacio Rosatti, Carlos Rosenkrantz y Juan Carlos Maqueda, el tr\u00edpode sobre el que se asienta ahora el poder del m\u00e1ximo tribunal, hablaron personalmente con varios diputados nacionales para convencerlos de que dejaran caer ese art\u00edculo incorporado al presupuesto por un oficialismo que lo hizo caminando en la oscuridad y en puntas de pie, como un salteador nocturno<\/em>\u201d. Perd\u00f3n por la larga cita, pero es que pocas veces con tanta crudeza la derecha se jacta de c\u00f3mo los cortesanos hacen lo que tienen prohibido hacer y se meten de lleno en la pol\u00edtica, con el \u00fanico y declarado objeto de proteger sus intereses y seguir sinti\u00e9ndose por encima del com\u00fan de la gente.<\/p>\n\n\n\n<p>Nada le importa a Morales, incansable en su af\u00e1n de encubrir a los autores e inspiradores del intento de asesinato de Cristina. Con la misma pluma con la que tantas veces desinforma dice que \u201c<em>el cristinismo concret\u00f3 una operaci\u00f3n judicial, armada a todas luces, para culpar a sus opositores del atentado fallido contra la vicepresidenta. Lo se\u00f1alaron al diputado de Juntos por el Cambio Gerardo Milman, que milita cerca de Patricia Bullrich, por una reuni\u00f3n en un caf\u00e9, <\/em><em>cuya conversaci\u00f3n alguien escuch\u00f3 a incre\u00edbles cinco metros y denunci\u00f3 mucho tiempo despu\u00e9s<\/em>\u201d. Falso. No se trata de una operaci\u00f3n judicial, ni se denunci\u00f3 tiempo despu\u00e9s. El mismo d\u00eda que se produjo la conversaci\u00f3n, quien la escuch\u00f3 la coment\u00f3 con otros y poco tard\u00f3 en llevarla a tribunales. Que los jueces hayan tardado en llamarlo a nadie sorprende, la celeridad&nbsp; y las ganas de profundizar la investigaci\u00f3n no son virtudes que caractericen a los moradores de Comodoro Pro. Y adem\u00e1s, \u00bfc\u00f3mo es esto? \u00bfuna conversaci\u00f3n a cinco metros parece poco seria como fuente de una denuncia? Recuerde, Morales. Con una conversaci\u00f3n supuestamente escuchada de espaldas, sostenida por gente que el escucha -que solo casualmente era militar- no conoc\u00eda, lo condenaron a Amado Boudou. Aunque todos sabemos que Amado fue condenado como castigo por habernos salvado de las AFJP.<\/p>\n\n\n\n<p>Morales sigue con la operaci\u00f3n barrido bajo la alfombra y dice que \u201c<em>El problema es que la Justicia y las fuerzas policiales que investigan ese hecho potencialmente tr\u00e1gico no encuentran, cuando buscan a los culpables, nada m\u00e1s que a un grupo de l\u00fampenes sociales, de marginales pol\u00edticos sin conexi\u00f3n con nada ni con nadie<\/em>\u201d. \u00bfUn grupo de l\u00fampenes que reciben pagos millonarios que no pueden justificar? \u00bfY que desde hace tiempo vienen militando violentamente contra todo lo que huela a peronismo o kirchnerismo, protagonizando agresiones de distinto calibre que generalmente fueron <em>presenciadas<\/em> -valga el eufemismo- justo por don Gerardo Milman, el mismo que charlaba en el bar cercano al Congreso? Grupo de l\u00fampenes, por otra parte, que se fotografiaron una y mil veces con jerarcas de la derecha y en especial con una de ellas: la saltimbanqui.<\/p>\n\n\n\n<p>Mentira sobre mentira, sigue Morales \u201cSolo en ese pa\u00eds desopilante puede aparecer un empresario descalificando la causa de los cuadernos solo porque una pericia caligr\u00e1fica se\u00f1al\u00f3 que hubo algunos, pocos, cambios de tinta y de caligraf\u00eda. Esos cuadernos, escritos por el chofer Oscar Centeno<strong>,<\/strong> se llenaron a lo largo de diez a\u00f1os\u201d. Lo escribe justo cuando un perito, comisario de profesi\u00f3n, acaba de decir que al menos uno de los cuadernos fue escrito de corrido y al dictado en una sola jornada. Y otra pericia destaca miles y miles de tachaduras, correcciones y escrituras superpuestas. Poco serio, el trabajo de Diego Cabot y el ex agente de la inteligencia militar Centeno.&nbsp;<\/p>\n\n\n\n<p>Igual, vale decir que pasan cosas lindas en la familia cambiemita. El 01\/11\/2022 nos enteramos que \u201c<em>La pr\u00f3xima te rompo la cara: el tenso reproche de Patricia Bullrich a Felipe Miguel, el jefe de gabinete de Rodr\u00edguez Larreta<\/em>\u201d. Vaya modales, lo de la saltimbanqui que no cesa de candidatearse. Tanto revuelo caus\u00f3 que el pasqu\u00edn de los Mitre-Saguier se vio obligado a informar que \u201c<em>La pelea interna en Juntos por el Cambio (JXC) no tiene visos de aflojar. Apareci\u00f3 ahora un video de un tenso reproche que le hizo Patricia Bullrich a Felipe Miguel, jefe de gabinete de la Ciudad de Buenos Aires: No me cruc\u00e9s m\u00e1s por la tele porque la pr\u00f3xima te rompo la cara, conmigo no se jode, te lo aviso<\/em>\u201d. Clarito.<\/p>\n\n\n\n<p>Viene despu\u00e9s la respuesta del amenazado: \u201c<em>Es bastante chocante, es un disparate. Me sorprendi\u00f3. Una amenaza. La violencianunca es aceptable y adem\u00e1s, si es por opinar diferente,creo que se cruza un l\u00edmite y en esto hay que ser cuidadosos.Tampoco quiero generar de esto una bola de nieve. Me parece que esto cruza un l\u00edmite, la violencia es inaceptable<\/em>\u201d. Dicho por Miguel en<em> Radio Mitre<\/em>. Don Bartolo, omnipresente.&nbsp; &nbsp;<\/p>\n\n\n\n<p>Lo que contest\u00f3 la saltimbanqui es digno de figurar en alguna antolog\u00eda: \u201c<em>Fue una expresi\u00f3n argentina. Soy una dirigente que no acepta la hipocres\u00eda<\/em>\u201d. Juro que son palabras de ella y que no las invent\u00e9. Y que hablaba de s\u00ed misma, no de nadie m\u00e1s. Por hoy basta. Porque la alegr\u00eda del triunfo electoral de Lula da Silva se ve empa\u00f1ada por los miles de brasile\u00f1os que se agolpan en las puertas de los cuarteles pidiendo un golpe militar que impida su asunci\u00f3n, y nadie puede asegurar qu\u00e9 traer\u00e1 el futuro. Y porque volvemos al principio. Nada de tutela judicial ni de resoluciones que aunque lejanamente parezcan dar algo de justicia. No. Tres jueces, dos que ya se sabe est\u00e1n donde no deben estar (Bruglia y Bertuzzi) y el otro que juega de arquero en el equipo del fiscal Luciani, en la quinta del peor presidente electo desde la vuelta de la democracia, soltaron a los integrantes de esa c\u00e9lula violenta financiada por el fideicomiso nunca inscripto de la familia Caputo. Resoluci\u00f3n aplaudida por una editorial de LA NACI\u00d3N: 02\/11\/2022, \u201c<em>Prisiones preventivas sin fundamento<\/em>\u201d.&nbsp; Y un fiscal que est\u00e1 donde no deber\u00eda estar le pide a la Corte que ordene llevar adelante el juicio por la venta de d\u00f3lares futuros, ese hecho que todos saben que no constituye delito alguno. De qu\u00e9 justicia hablan, de qu\u00e9 instituciones, de qu\u00e9 rep\u00fablica. Al final, Disc\u00e9polo ten\u00eda raz\u00f3n: <em>herida por un sable sin remache, ves llorar la biblia junto a un calef\u00f3n<\/em>. El <em>Cambalache <\/em>de la eterna injusticia.<\/p>\n","protected":false},"excerpt":{"rendered":"<p>Casi que no dan ganas de escribir. Tanta podredumbre, tanta mentira, tanto culto a la&#8230;<\/p>\n","protected":false},"author":1,"featured_media":0,"comment_status":"open","ping_status":"open","sticky":false,"template":"","format":"image","meta":{"footnotes":""},"categories":[17],"tags":[],"class_list":["post-529","post","type-post","status-publish","format-image","hentry","category-contra-mitre","post_format-post-format-image"],"_links":{"self":[{"href":"https:\/\/luisalen.com\/index.php?rest_route=\/wp\/v2\/posts\/529","targetHints":{"allow":["GET"]}}],"collection":[{"href":"https:\/\/luisalen.com\/index.php?rest_route=\/wp\/v2\/posts"}],"about":[{"href":"https:\/\/luisalen.com\/index.php?rest_route=\/wp\/v2\/types\/post"}],"author":[{"embeddable":true,"href":"https:\/\/luisalen.com\/index.php?rest_route=\/wp\/v2\/users\/1"}],"replies":[{"embeddable":true,"href":"https:\/\/luisalen.com\/index.php?rest_route=%2Fwp%2Fv2%2Fcomments&post=529"}],"version-history":[{"count":1,"href":"https:\/\/luisalen.com\/index.php?rest_route=\/wp\/v2\/posts\/529\/revisions"}],"predecessor-version":[{"id":530,"href":"https:\/\/luisalen.com\/index.php?rest_route=\/wp\/v2\/posts\/529\/revisions\/530"}],"wp:attachment":[{"href":"https:\/\/luisalen.com\/index.php?rest_route=%2Fwp%2Fv2%2Fmedia&parent=529"}],"wp:term":[{"taxonomy":"category","embeddable":true,"href":"https:\/\/luisalen.com\/index.php?rest_route=%2Fwp%2Fv2%2Fcategories&post=529"},{"taxonomy":"post_tag","embeddable":true,"href":"https:\/\/luisalen.com\/index.php?rest_route=%2Fwp%2Fv2%2Ftags&post=529"}],"curies":[{"name":"wp","href":"https:\/\/api.w.org\/{rel}","templated":true}]}}