{"id":535,"date":"2022-12-02T00:33:00","date_gmt":"2022-12-02T00:33:00","guid":{"rendered":"https:\/\/luisalen.com\/?p=535"},"modified":"2023-02-07T20:11:09","modified_gmt":"2023-02-07T20:11:09","slug":"la-corte-de-los-milagros","status":"publish","type":"post","link":"https:\/\/luisalen.com\/?p=535","title":{"rendered":"La Corte de los Milagros"},"content":{"rendered":"\n<p>En la literatura francesa decimon\u00f3nica, V\u00edctor Hugo fue uno de los personajes centrales. Obras como <em>Los miserables<\/em> o como <em>El jorobado de Notre Dame<\/em> quedaron para siempre como cl\u00e1sicos que retrataban distintos momentos de la historia gala y que legaron personajes memorables como Jean Valjean o Quasimodo. V\u00edctor Hugo situ\u00f3 como escenario parisino del siglo XV a los barrios pobres, descritos como refugio de los marginados, los desheredados, los olvidados por la sociedad, que se reg\u00edan por sus propias leyes, ten\u00edan sus instituciones y eleg\u00edan a sus autoridades. Us\u00f3 el nombre con el que se conoci\u00f3 a esos barrios: la <em>Corte de los Milagros<\/em>. Aunque desde fines del siglo XVII y m\u00e1s claramente en la segunda mitad del siglo XIX esos barrios fueron desapareciendo, entre la represi\u00f3n desatada contra los habitantes y la destrucci\u00f3n de sus viviendas para dar lugar al <em>progreso<\/em> de la Ciudad Luz, la denominaci\u00f3n perdur\u00f3 como sin\u00f3nimo de una sociedad opuesta al orden institucional, que sobrevive gracias al crimen y que establece sus propias jerarqu\u00edas e instituciones.<\/p>\n\n\n\n<p>Es claro que la Argentina de este siglo XXI no es la Francia que describi\u00f3 V\u00edctor Hugo. Sin embargo, un espectador desapasionado que observara a fondo la realidad que nos toca atravesar podr\u00eda, f\u00e1cilmente, encontrar nuestra propia <em>Corte de los Milagros<\/em>. Que a diferencia de aquella donde se refugiaba la bella Esmeralda, no opera en las sombras sino que se luce, imp\u00fadicamente, a la vista de quien quiera observar c\u00f3mo impone sus reglas, por sobre cualquier ordenamiento jur\u00eddico. Sus integrantes ya no son los gitanos, mendigos y ladronzuelos de los barrios marginales de Par\u00eds sino los due\u00f1os de un poder que pretende subordinar a las instituciones para que sirvan a sus intereses y que maneja a su placer resortes que le permiten moldear a la opini\u00f3n p\u00fablica y pasar por encima de cualquier obst\u00e1culo que las leyes le opongan.<\/p>\n\n\n\n<p>En ese esquema, para ir conociendo algunos personajes nada mejor que recurrir al siempre servicial Carlos Pagni, que desde las p\u00e1ginas de la <em>Tribuna de Doctrina<\/em>, hablando de asistentes al mundial de Qatar nos cuenta que \u201c<em>Angelici coincide en aquel para\u00edso deportivo con su principal cerebro, Dar\u00edo Richarte<strong>,<\/strong> quien asiste a los partidos con su socio Diego Pirota. Estos abogados comenzaron a acumular poder cuando Fernando De la R\u00faa les entreg\u00f3 la Secretar\u00eda de Inteligencia<\/em>\u201d (01\/12\/2022, \u201c<em>Poder y negocios bajo las gradas opulentas de Qatar<\/em>\u201d). M\u00e1s adelante, refiere que \u201c<em>Macri prefiere no mostrarse con Richarte. En Doha est\u00e1 su abogado, Alejandro P\u00e9rez Chada<strong>.<\/strong> De regreso tendr\u00e1 trabajo: el 21 est\u00e1 prevista la audiencia en la C\u00e1mara de Casaci\u00f3n, en la que Carlos Mahiques, Guillermo Yacobucci y \u00c1ngela Ledesma deben resolver si se revoca o no el fallo que exime al expresidente de responsabilidad en el espionaje de las familias de los fallecidos en elARA San Juan<\/em>\u201d.<\/p>\n\n\n\n<p>Vaya galer\u00eda. Vuelve a escena Angelici: \u201c<em>el binguero controla un imperio judicial que se expande en Buenos Aires gracias al escandaloso poder que le han dado Macri y Larreta<\/em>\u201d. Hay m\u00e1s: \u201c<em>No debe sorprender, por eso, que hoy Angelici sea uno de los tres dirigentes que trabajan para un acuerdo del alcalde con el expresidente. Los otros dos son Nicol\u00e1s Caputo y Diego Santilli, quien ya estar\u00eda en conversaciones con Patricia Bullrich para garantizarse un apoyo ecum\u00e9nico en la pelea bonaerense<\/em>\u201d.<\/p>\n\n\n\n<p>Caramba. Ocurre que cada Corte debe tener sus cronistas. Y en el pasqu\u00edn que fund\u00f3 don Bartolo abundan los candidatos, pero por antig\u00fcedad en la funci\u00f3n hablemos de Joaqu\u00edn Morales Sol\u00e1, que el 30\/11\/2022 crey\u00f3 ver a \u201c<em>Cristina, desesperada y absorbida por el pasado<\/em>\u201d. Como suele ocurrir con los cortesanos, a don Joaqu\u00edn la verdad no le importa mucho, primero habla de \u201clos fusilamientos de Trelew, que sucedieron hace 50 a\u00f1os, en 1972, durante el gobierno de facto de Alejandro Lanusse\u201d, frase que demuestra que ni por asomo Morales va a hablar mal de una de las tantas dictaduras que sus patrones apoyaron. No fue \u201c<em>un gobierno de facto<\/em>\u201d, fue una dictadura sangrienta.<\/p>\n\n\n\n<p>Y sigue: \u201c<em>aquel episodio, que termin\u00f3 con la muerte de 16 militantes del Ej\u00e9rcito Revolucionario del Pueblo (un violento e intransigente grupo armado)\u201d<\/em>. Precisemos, Morales. No fue un \u201c<em>episodio<\/em>\u201d, fue el asesinato a mansalva de diecis\u00e9is detenidos pol\u00edticos, que pertenec\u00edan a distintas organizaciones. Otros tres salvaron su vida milagrosamente, para ser m\u00e1s tarde v\u00edctimas de la dictadura genocida de 1976\/1983, con la cual <strong>LA NACI\u00d3N<\/strong> y su primo el clarinete mentiroso hicieron negocios para quedarse con Papel Prensa.<\/p>\n\n\n\n<p>M\u00e1s todav\u00eda, y siempre con Cristina, objeto central de las preocupaciones de un diario y sus escribas que no escatiman esfuerzos para atacarla por cualquier medio, abusando de desinformaciones, noticias falsas y discursos de odio. \u201c<em>Otra vez la misma reacci\u00f3n de Cristina Kirchner: solo una enorme conspiraci\u00f3n nacional e internacional (en la que no faltan ni Mauricio Macrini el propio Luciani) pod\u00eda atentar contra su vida<\/em>\u201d. Morales, como los dem\u00e1s empleados de los Mitre-Saguier, est\u00e1 empe\u00f1ado en hacer creer que lo ocurrido el 1\u00ba de septiembre fue solo fruto del desvar\u00edo de un pu\u00f1adito de marginales. Lo hace contra toda evidencia: para la Tribuna de Doctrina, no existen las m\u00faltiples conexiones entre los detenidos y otros grupos de la derecha violenta, ni las que los unen a figuras de la oposici\u00f3n. Tampoco hablan de los millones que recibieron esos grupos por parte de empresarios \u00edntimamente vinculados al dormil\u00f3n fana de Netflix. No, de eso no se habla.<\/p>\n\n\n\n<p>Peor todav\u00eda. Para Morales, las \u00faltimas palabras que Cristina pronunci\u00f3 el 29 de noviembre fueron \u201c<em>un alegato pol\u00edtico. Se olvid\u00f3 de la t\u00e9cnica jur\u00eddica o simplemente carece de una refutaci\u00f3n seria a las acusaciones de Luciani, a quien tambi\u00e9n expuso a una venganza por parte del fanatismo<\/em>\u201d. Las \u00faltimas palabras en un juicio no son para hacer una defensa t\u00e9cnica, ese momento es cuando el abogado defensor pronuncia su alegato. Por otra parte, este juicio es pol\u00edtico. Ning\u00fan elemento jur\u00eddico fue arrimado por los acusadores, como para probar que la Vicepresidenta cometi\u00f3 los delitos por los que se la quiere condenar. Solo consideraciones altisonantes, en sinton\u00eda con el c\u00famulo de falsedades que propalan <strong>LA NACI\u00d3N<\/strong> y sus asociados.<\/p>\n\n\n\n<p>Nuestro derecho penal es claro: para que una conducta sea delictuosa debe ajustarse a los requisitos que la figura de que se trate estipula. Para que alguien sea responsabilizado por un delito, debe haberse acreditado que lo cometi\u00f3, sea directamente o a trav\u00e9s de otros a los que encomend\u00f3 la tarea. Sucede que atribuir obras p\u00fablicas a un proveedor del Estado no es por s\u00ed misma una conducta t\u00edpica. Se trata, mal que le pese a Morales, de una decisi\u00f3n pol\u00edtica. Que no la toma la Presidenta. Son las provincias las que presentan su plan de obras a la Direcci\u00f3n Nacional de Vialidad. El pago de las obras se aprueba en el presupuesto que anualmente se presenta por el Poder Ejecutivo al Congreso. El contralor del presupuesto corresponde al Jefe de Gabinete.<\/p>\n\n\n\n<p>A Morales nada le importa. Para \u00e9l, \u201c<em>la aprobaci\u00f3n del Congreso a las decisiones del Poder Ejecutivo en su \u00e9poca era solo un tr\u00e1mite burocr\u00e1tico<\/em>\u201d. Incluso se pregunta: <em>\u201c\u00bfalguien puede creer que los jefes de Gabinete de los Kirchner eran entes aut\u00f3nomos del matrimonio, sobre todo cuando se destinaban recursos a las obras p\u00fablicas en Santa Cruz, la cuna del feudo?<\/em>\u201d. Lo que con estas manifestaciones obvia es que si ello fuera as\u00ed deber\u00edan estar procesados los diputados y senadores que aprobaron los sucesivos presupuestos y los jefes de gabinete que se encargaron de su ejecuci\u00f3n, am\u00e9n de que habr\u00eda que demostrar, para inculpar a Cristina, que todos esos funcionarios actuaron bajo sus expresas \u00f3rdenes. El derecho penal no puede basar sus condenas en meras suposiciones sino en hechos debidamente probados. Claro que en la <em>Corte de los Milagros <\/em>el orden jur\u00eddico estatal no importa, el poder dicta sus propias normas.<\/p>\n\n\n\n<p>Morales no se queda en las palabras de Cristina sobre el juicio de Vialidad. Tambi\u00e9n le atribuye maniobras para controlar al Consejo de la Magistratura. Basta recordar que aunque la propuesta de los representantes del Senado fue votada y aprobada por esa C\u00e1mara, y que quien la elev\u00f3 fue Claudia Ledesma Abdala de Zamora -como Presidenta Provisional del Senado-, para los milagrosos de los que nos estamos ocupando la responsable es Cristina, que ni vot\u00f3 la propuesta ni la elev\u00f3. Meros detalles, parece.<\/p>\n\n\n\n<p>Ahora es el turno de la C\u00e1mara de Diputados. Sucede que con similares argumentos a los que los cortesanos que moran en el cuarto piso del Palacio de Tribunales, un juez decidi\u00f3 que el Pro y los radicales son la misma cosa, o sea un solo bloque, el de Juntos por el Cambio, y que consecuentemente no correspond\u00eda la designaci\u00f3n de la diputada Roxana Reyes -radical-, porque JxC ya ten\u00eda su representante designado. Para Morales las cosas que valen para unos no valen para otros. El Frente de Todos no puede tener dos bloques, en el Senado, pero JxC s\u00ed puede hacerlo en Diputados. \u00bfHabr\u00e1 o\u00eddo hablar, el escriba tucumano, de lo que se denomina la doble moral, o en su caso, la doble vara? Igual, le fallaron sus pron\u00f3sticos. O sus jefes no le pasaron bien las instrucciones. Porque sostuvo que \u201c<em>El presidente del bloque, Mario Negri<strong>,<\/strong> le reclam\u00f3 ayer a Moreau que apele, pero es posible que esta no lo haga. Est\u00e1 demasiado vinculada al cristinismo\u201d<\/em>. Y por las dudas agreg\u00f3: \u201c<em>La otra alternativa es que Moreau retire la nota que le envi\u00f3 al Consejo de la Magistratura con los nombres de los diputados que representar\u00e1n al cuerpo. Pero en ese caso retirar\u00eda tambi\u00e9n a los diputados propios, como el infaltableRodolfo Tailhadey la hipercristinista Vanesa Siley<\/em>\u201d. Pero Moreau hizo las dos cosas. Apel\u00f3 la medida judicial, y hasta tanto se resuelva el caso, retir\u00f3 la nota. JxC estall\u00f3 de bronca y frustr\u00f3 la sesi\u00f3n de Diputados, donde sus representantes Iglesias y Wolff hicieron gala de su condici\u00f3n de machirulos violentospara agredir a la Presidenta de la C\u00e1mara.<\/p>\n\n\n\n<p>El mundo paralelo de la <em>Corte de los Milagros <\/em>vern\u00e1cula. Que rescata de su retiro a un viejo vocero, Jos\u00e9 Claudio Escribano, para que resucite la teor\u00eda de los dos demonios y pida por el perd\u00f3n de los genocidas: \u201c<em>No se habla de la amnist\u00eda, hay gente que puede pensarlo pero no se habla de eso en un debate p\u00fablico<\/em>\u201d y para rematarlo, diga que \u201c<em>La prensa argentina no se ha ocupado todav\u00eda en los temas a los cuales estaba llamando la discriminaci\u00f3n establecida en el siglo XXI entre la suerte de quienes mataron en nombre de los sue\u00f1os de la patria socialista y de aquellos que incursionaron en el terrorismo de Estado para acabar con la subversi\u00f3n que tambi\u00e9n actuaba con metodolog\u00eda terrorista<\/em>\u201d. Otro desembozado intento de proteger a los centuriones del mal absoluto, aplaudidos por <strong>LA NACI\u00d3N<\/strong> cuando desataron la noche del terror en la Argentina.&nbsp; Una \u00faltima cuesti\u00f3n. Se vienen escuchando muchas voces, varias de ellas con buenas intenciones y otras todo lo contrario, que hablan de que el a\u00f1o pr\u00f3ximo la Argentina celebrar\u00eda cuarenta a\u00f1os de democracia ininterrumpida. Pero no. Lo que tenemos es un per\u00edodo de estabilidad institucional y de gobiernos elegidos por el voto popular. Pero nadie puede hacernos creer que en todo este tiempo hubo democracia en nuestro pa\u00eds. Porque seguimos teniendo nuestra propia <em>Corte de los Milagros<\/em>, aunque como ya se dijo no sea igual a la que describiera V\u00edctor Hugo, en cuya novela, recordemos, la bella Esmeralda termina ejecutada. Habr\u00e1 que poner todo el esfuerzo para que en estos d\u00edas, el final del cuento termine de otra forma.<\/p>\n","protected":false},"excerpt":{"rendered":"<p>En la literatura francesa decimon\u00f3nica, V\u00edctor Hugo fue uno de los personajes centrales. Obras como&#8230;<\/p>\n","protected":false},"author":1,"featured_media":0,"comment_status":"open","ping_status":"open","sticky":false,"template":"","format":"image","meta":{"footnotes":""},"categories":[17],"tags":[],"class_list":["post-535","post","type-post","status-publish","format-image","hentry","category-contra-mitre","post_format-post-format-image"],"_links":{"self":[{"href":"https:\/\/luisalen.com\/index.php?rest_route=\/wp\/v2\/posts\/535","targetHints":{"allow":["GET"]}}],"collection":[{"href":"https:\/\/luisalen.com\/index.php?rest_route=\/wp\/v2\/posts"}],"about":[{"href":"https:\/\/luisalen.com\/index.php?rest_route=\/wp\/v2\/types\/post"}],"author":[{"embeddable":true,"href":"https:\/\/luisalen.com\/index.php?rest_route=\/wp\/v2\/users\/1"}],"replies":[{"embeddable":true,"href":"https:\/\/luisalen.com\/index.php?rest_route=%2Fwp%2Fv2%2Fcomments&post=535"}],"version-history":[{"count":2,"href":"https:\/\/luisalen.com\/index.php?rest_route=\/wp\/v2\/posts\/535\/revisions"}],"predecessor-version":[{"id":537,"href":"https:\/\/luisalen.com\/index.php?rest_route=\/wp\/v2\/posts\/535\/revisions\/537"}],"wp:attachment":[{"href":"https:\/\/luisalen.com\/index.php?rest_route=%2Fwp%2Fv2%2Fmedia&parent=535"}],"wp:term":[{"taxonomy":"category","embeddable":true,"href":"https:\/\/luisalen.com\/index.php?rest_route=%2Fwp%2Fv2%2Fcategories&post=535"},{"taxonomy":"post_tag","embeddable":true,"href":"https:\/\/luisalen.com\/index.php?rest_route=%2Fwp%2Fv2%2Ftags&post=535"}],"curies":[{"name":"wp","href":"https:\/\/api.w.org\/{rel}","templated":true}]}}