{"id":538,"date":"2022-12-07T00:35:00","date_gmt":"2022-12-07T00:35:00","guid":{"rendered":"https:\/\/luisalen.com\/?p=538"},"modified":"2023-02-07T20:10:36","modified_gmt":"2023-02-07T20:10:36","slug":"la-democracia-ultrajada","status":"publish","type":"post","link":"https:\/\/luisalen.com\/?p=538","title":{"rendered":"La democracia ultrajada"},"content":{"rendered":"\n<p>Hace escasos minutos, el pelot\u00f3n de fusilamiento al que los poderes reales encomendaron la tarea de ejecutar a Cristina Fern\u00e1ndez de Kirchner cumplieron la tarea para la que fueron designados. No voy a hacer el an\u00e1lisis t\u00e9cnico del disparate vergonzoso que han cometido Jorge Gorini, Rodrigo Gim\u00e9nez Uriburu y Andr\u00e9s Basso, porque no resiste ning\u00fan tipo de escrutinio jur\u00eddico. Solo dir\u00e9 que condenaron por administraci\u00f3n fraudulenta a alguien que no ejerc\u00eda la administraci\u00f3n de los bienes supuestamente desviados. Ni un estudiante de primer a\u00f1o de cualquier facultad de derecho podr\u00eda haber sostenido una barbaridad semejante.<\/p>\n\n\n\n<p>No. No voy a hablar en t\u00e9rminos jur\u00eddicos. De eso seguramente se encargar\u00e1n otros. Voy a hacer un poco de historia reciente. En septiembre de 2010 la Secretar\u00eda de Derechos Humanos de la Naci\u00f3n present\u00f3 una querella por los delitos de lesa humanidad cometidos en la apropiaci\u00f3n ilegal de Papel Prensa. La causa transit\u00f3 por los tribunales de La Plata y por el Juzgado Federal N\u00ba 3 de la Capital, hasta recalar en las manos de Juli\u00e1n Ercolini. Lejos ya del joven que ingres\u00f3 en los tribunales \u201cde Menores\u201d del Departamento Judicial de Mor\u00f3n, reci\u00e9n llegado de Hurlingham, Ercolini era para ese momento Profesor Adjunto regular de Elementos de Derecho Penal y Procesal Penal en la Facultad de Derecho de la Universidad de Buenos Aires.<\/p>\n\n\n\n<p>Durante varios a\u00f1os Ercolini dilat\u00f3 el procedimiento. Tom\u00f3 algunas testimoniales, no muchas de las que hab\u00eda propuesto la querella, ampli\u00f3 los dichos de los tambi\u00e9n querellantes Lidia Papaleo y Rafael Ianover (al que a sus noventa y pico de a\u00f1os, y luego de haber declarado varias veces en la causa, tuvo m\u00e1s de cinco horas repitiendo lo que ya hab\u00eda contado) y tres a\u00f1os despu\u00e9s de iniciada la causa orden\u00f3 una pericia que dur\u00f3 casi otros tres a\u00f1os. En el medio, se preocup\u00f3 por no citar a los imputados, pese a que a los pedidos de las querellas se uni\u00f3 el fiscal. Ernestina Herrera de Noble, Bartolom\u00e9 Mitre, H\u00e9ctor Magnetto entre otros, nunca pisaron el Juzgado Federal N\u00ba 10. Un camarista federal, Eduardo Freiler, opin\u00f3 que correspond\u00eda que esos personajes prestaran declaraci\u00f3n indagatoria. A\u00f1os despu\u00e9s pagar\u00eda con su cargo tama\u00f1a osad\u00eda.<\/p>\n\n\n\n<p>Finalmente, sin tomar en cuenta m\u00e1s que los argumentos de los abogados de Clar\u00edn y La Naci\u00f3n, cuando ya en la Rosada moraba el fan\u00e1tico de Netflix y era Ministro de Justicia y Derechos Humanos Germ\u00e1n Garavano, antiguo jefe de su esposa, Ercolini sobresey\u00f3 a todos los imputados, que nunca hab\u00edan declarado.<\/p>\n\n\n\n<p>Un tiempo antes le hab\u00eda tocado intervenir en una de las tantas denuncias realizadas contra el gobierno kirchnerista. Era por las obras de vialidad en la provincia de Santa Cruz. Ercolini se declar\u00f3 incompetente y remiti\u00f3 parte de las actuaciones al lejano sur. El resto permaneci\u00f3 convenientemente congelado. Las causas en Santa Cruz (fueron tres) terminaron en la nada: dos archivadas y una sobrese\u00edda. El pedazo que qued\u00f3 en su poder fue convenientemente descongelado cuando el macrismo ejerc\u00eda el gobierno. Tres a\u00f1os de instrucci\u00f3n, durante los cuales Ercolini se preocup\u00f3 puntualmente de no hacer lugar a las medidas pedidas por la defensa de Cristina, con la invalorable colaboraci\u00f3n de la C\u00e1mara Federal de Apelaciones, de la C\u00e1mara Federal de Casaci\u00f3n y de la propia Corte Suprema. Finalmente, la causa fue elevada al Tribunal Oral Federal&nbsp; N\u00ba 2. El pelot\u00f3n de fusilamiento, dir\u00eda Cristina.<\/p>\n\n\n\n<p>Pero sigamos con Ercolini. El 17 de octubre de 2022 -s\u00ed, justo en esa fecha- se junt\u00f3 con unos \u201camiguitos\u201d: el Juez en lo Penal Econ\u00f3mico Pablo Yadarola, al Juez de la C\u00e1mara Federal de Casaci\u00f3n Carlos Mahiques, el Juez en lo Contencioso Administrativo Federal Pablo Cayssials, el Procurador de la ciudad de Buenos Aires Juan Bautista Mahiques, el Ministro de Seguridad de la ciudad de Buenos Aires Marcelo D\u2019Alessandro , los directivos del grupo Clar\u00edn Jorge Rendo y Pablo Casey y Tom\u00e1s Reinke, asesor de comunicaci\u00f3n, y Leo Bergot, ex funcionario de inteligencia. \u00bfD\u00f3nde? En los terrenos ocupados por el empresario ingl\u00e9s Joe Lewis. Uno puede imaginarse a qu\u00e9 fueron.&nbsp;<\/p>\n\n\n\n<p>Como era un viajecito a Lago Escondido, pensaron, Ercolini y sus compinches, que todo quedar\u00eda, tambi\u00e9n, escondido. Pero los nombres de los viajeros y su destino salieron a la luz y fueron publicados en P\u00e1gina 12 y algunos otros medios, de los pocos que no est\u00e1n bajo el imperio de Magnetto. La alegre muchachada entr\u00f3 en p\u00e1nico y se puso a idear estrategias y aprietes, que dejaron registradas en audios y mensajes. \u00d3rdenes a la Fiscal que ten\u00eda una denuncia por el caso, libretos para los que podr\u00edan ser citados como testigos, amenazas a futuro para el jefe de la Polic\u00eda de Seguridad Aeroportuaria, acuerdos para falsificar constancias para no ser cuestionados por recibir d\u00e1divas. Un amplio cat\u00e1logo de delitos, en la voz de Ercolini y sus amigos.&nbsp;<\/p>\n\n\n\n<p>La Universidad Nacional de Lan\u00fas, en un contundente comunicado, lo dijo claramente: <em>A la reuni\u00f3n celebrada en los terrenos ocupados por el empresario ingl\u00e9s Joe Lewis, que de por s\u00ed es ya motivo de repudio, se suman las conversaciones mantenidas entre los nombrados, escritas y grabadas en audios, en las cuales se ponen en marcha diversas conductas il\u00edcitas, entre las que se pueden mencionar las de otorgamiento y recepci\u00f3n de d\u00e1divas, violaci\u00f3n de los deberes de funcionario p\u00fablico, encubrimiento, amenazas agravadas y hasta la menci\u00f3n de un posible futuro homicidio.<\/em><\/p>\n\n\n\n<p><em>Esta connivencia entre magistrados, funcionarios p\u00fablicos, empresarios, medios de comunicaci\u00f3n y agentes de inteligencia atenta contra la institucionalidad democr\u00e1tica y pone en evidencia que las denuncias tantas veces efectuadas acerca de la utilizaci\u00f3n del Poder Judicial para la persecuci\u00f3n pol\u00edtica, potenciada por las campa\u00f1as llevadas adelante por los medios de comunicaci\u00f3n hegem\u00f3nicos, adquieren realidad palpable y exigen, en consecuencia, la revisi\u00f3n de los procedimientos en los que los involucrados tuvieron actuaci\u00f3n.<\/em><\/p>\n\n\n\n<p><em>La salud de la Rep\u00fablica, tantas veces pregonada, requiere de todos los actores de la escena p\u00fablica una actuaci\u00f3n sujeta a las m\u00e1s estrictas reglas \u00e9ticas. No existe la independencia del Poder Judicial cuando sus magistrados act\u00faan en com\u00fan acuerdo con quienes representan los poderes f\u00e1cticos. Por ello se hace imprescindible que los magistrados involucrados sean inmediatamente suspendidos en sus funciones, mientras se llevan a cabo las investigaciones pertinentes; que los funcionarios p\u00fablicos sean apartados de sus cargos y que se act\u00fae con el mayor rigor contra quienes pervierten la misma esencia del sistema democr\u00e1tico.<\/em><\/p>\n\n\n\n<p>\u00bfQu\u00e9 respondieron desde la <em>Tribuna de Doctrina<\/em>? Para el servicial Carlos Pagni, \u201c<em>El Presidente desciende, solito, a los s\u00f3tanos de la democracia<\/em>\u201d (06\/12\/2022). Lo grave no es lo que hicieron Ercolini y sus compinches. El problema es que Alberto Fern\u00e1ndez habl\u00f3 por cadena nacional e instruy\u00f3 a sus funcionarios a denunciar los delitos y a pedir la remoci\u00f3n de los magistrados y funcionarios intervinientes. O sea, se hizo cargo de un acto de espionaje ilegal. <em>Nosotros no lo hicimos<\/em>, dice Pagni. Y uno se pregunta: \u00bfqui\u00e9nes son los <em>nosotros<\/em> que menciona Pagni? Porque en <strong>LA NACI\u00d3N <\/strong>las grabaciones ilegales fueron publicadas y festejadas por los escribas al servicio de los herederos de don Bartolo. Alg\u00fan pirinchaje risue\u00f1amente contaba que las grabaciones se las daban personas con las que se cruzaba mientras corr\u00eda. M\u00e1s preguntas: \u00bfc\u00f3mo sabe Pagni que las conversaciones delictivas de los visitantes de Joe Lewis fueron conocidas gracias a un espionaje ilegal? Y aunque trate de cubrirse reconociendo que \u201c<em>Es verdad que el contenido es muy grave porque se trata de un grupo de jueces federales planificando delitos<\/em>\u201d lo cierto es que no se dedica a hablar de esos delitos sino a ajustar cuentas con viejos esp\u00edas como Stiuso y compa\u00f1\u00eda.&nbsp;<\/p>\n\n\n\n<p>Fern\u00e1n Saguier es mucho peor. Porque es uno de los directivos de la sociedad an\u00f3nima que controla el grupo econ\u00f3mico que edita <strong>LA NACI\u00d3N<\/strong>. Para \u00e9l, \u201c<em>Desde ayer, est\u00e1 en peligro la intimidad de todos<\/em>\u201d (06\/12\/2022). Arremete contra Alberto Fern\u00e1ndez y dice: \u201c<em>Una cadena nacional, de las muy pocas que hizo durante su mandato, solo porque consideraba que conversaciones privadas \u2018chupadas\u2019 ilegalmente y difundidas por medios, en su mayor\u00eda kirchneristas, eran reprobables o las evaluaba como causal de posibles delitos. Chats y conversaciones personales que no constan en causa judicial alguna ni fueron requeridos por ning\u00fan magistrado, sino que simplemente pasaron de un hacker a redes sociales y medios oficialistas. Tampoco sabemos si ese contenido fue distorsionado por los t\u00e9cnicos que hacen posible hasta la construcci\u00f3n de im\u00e1genes falsas o si hubo omisiones deliberadas en la manipulaci\u00f3n del caso<\/em>\u201d. Otro que sabe, vaya uno a saber c\u00f3mo, que las conversaciones fueron chupadas ilegalmente. Y va m\u00e1s all\u00e1 incluso de escribas de su medio, porque siembra la duda de un presunto armado de las conversaciones cuando Paz Rodr\u00edguez Niell, que cubre noticias judiciales, confirm\u00f3 la llamada de Ercolini en los mismos t\u00e9rminos que aparecen en las conversaciones.<\/p>\n\n\n\n<p>Vuelvo al principio. El pelot\u00f3n de fusilamiento cumpli\u00f3 su misi\u00f3n en los t\u00e9rminos <strong>que LA NACI\u00d3N<\/strong>, <em>Clar\u00edn<\/em> y otras usinas semejantes ya hab\u00edan anticipado. Alejandro Carri\u00f3 festeja: \u201c<em>Una condena hist\u00f3rica y un gigantesco paso adelante<\/em>\u201d (06\/12\/2022). S\u00ed, Carri\u00f3. Es una condena hist\u00f3rica. Tan violenta e injusta como el fusilamiento de Dorrego, hace m\u00e1s de ciento setenta a\u00f1os. Y es un gigantesco paso adelante en la degradaci\u00f3n de las instituciones, en la entronizaci\u00f3n de las pr\u00e1cticas mafiosas de un poder que no est\u00e1 precisamente en las sombras sino que se muestra imp\u00fadico.<\/p>\n\n\n\n<p>Diego Cabot, el guionista de los falsos cuadernos atribuidos al agente de la inteligencia militar Oscar Centeno, tambi\u00e9n festeja: \u201c<em>Juzgar al poder cuando es poder, el inicio de un camino que ya no se puede detener<\/em>\u201d (06\/12\/2022). Igual, algo lo preocupa: \u201c<em>Pero eso importa poco para el kirchnerismo que sigue los dichos y las acciones de Cristina Kirchner como un dogma<\/em>\u201d. \u00bfTendr\u00e1 memoria Cabot, como para recordar cu\u00e1ndo y de qu\u00e9 manera naci\u00f3 el peronismo? Cuidado. Est\u00e1n despertando algo que no pueden dimensionar.<\/p>\n\n\n\n<p>Cristina acaba de anunciar que no ser\u00e1 candidata a nada. Que el 10 de diciembre de 2023 no tendr\u00e1 m\u00e1s fueros y Magnetto podr\u00e1 ordenarle a sus esbirros que la encarcelen. Eso si no consiguieron sicarios mejores que los que fallaron en el intento del primero de septiembre. Rodr\u00edguez Larreta, Patricia Bullrich, Diego Santilli, Mar\u00eda Eugenia Vidal y otros de los que formaron parte del saqueo que Macri y sus secuaces llevaron adelante del 2015 al 2019, mientras endeudaban a generaciones de argentinos y fugaban miles de millones de d\u00f3lares, celebran el fallo y hablan, justo ellos, de decencia, de justicia, de rep\u00fablica y de democracia. Todas cosas que les son ajenas.<\/p>\n\n\n\n<p>Pero cuidado. La podredumbre puesta al descubierto por los audios y conversaciones de la pandilla de los hu\u00e9spedes de Joe Lewis lo que demuestra, entre otras cosas, son las razones por las que Ercolini resolvi\u00f3 como resolvi\u00f3 la causa de Papel Prensa y le dio cauce a la causa de Vialidad. La mano oculta que gu\u00eda el accionar de la familia Mahiques. Qui\u00e9n fue el que impuls\u00f3 a Cayssials a promover la destituci\u00f3n de Alejandra Gils Carb\u00f3 (\u00bfJulio? \u00bfQu\u00e9 Julio?). Por qu\u00e9 a Pablo Yadarola le pareci\u00f3 de lo m\u00e1s legal usar un mail <em>an\u00f3nimo<\/em> para intervenir en las internas de la Polic\u00eda Federal de manera tan poco jur\u00eddica que la C\u00e1mara de Apelaciones de su fuero revoc\u00f3 sus resoluciones con t\u00e9rminos m\u00e1s que duros. La historia reciente nos muestra muchas cosas. Durante muchos a\u00f1os, el Poder Judicial, y los poderes pol\u00edticos tambi\u00e9n, miraron para otro lado el reclamo de las v\u00edctimas de las violaciones a los derechos humanos practicadas durante el reinado del Estado terrorista. Pero la injusticia no fue eterna. M\u00e1s de mil condenados y juicios que siguen tramitando as\u00ed lo prueban. Alg\u00fan d\u00eda, quiz\u00e1 no tan lejano, esta mezcla maldita de jueces, fiscales, dirigentes pol\u00edticos, esp\u00edas y empleados de los medios que obedecen las \u00f3rdenes de un poder mafioso que hoy se siente feliz por la condena a Cristina, tendr\u00e1n que rendir cuentas. El pueblo no olvida, no perdona y no se reconcilia.<\/p>\n","protected":false},"excerpt":{"rendered":"<p>Hace escasos minutos, el pelot\u00f3n de fusilamiento al que los poderes reales encomendaron la tarea&#8230;<\/p>\n","protected":false},"author":1,"featured_media":0,"comment_status":"open","ping_status":"open","sticky":false,"template":"","format":"image","meta":{"footnotes":""},"categories":[17],"tags":[],"class_list":["post-538","post","type-post","status-publish","format-image","hentry","category-contra-mitre","post_format-post-format-image"],"_links":{"self":[{"href":"https:\/\/luisalen.com\/index.php?rest_route=\/wp\/v2\/posts\/538","targetHints":{"allow":["GET"]}}],"collection":[{"href":"https:\/\/luisalen.com\/index.php?rest_route=\/wp\/v2\/posts"}],"about":[{"href":"https:\/\/luisalen.com\/index.php?rest_route=\/wp\/v2\/types\/post"}],"author":[{"embeddable":true,"href":"https:\/\/luisalen.com\/index.php?rest_route=\/wp\/v2\/users\/1"}],"replies":[{"embeddable":true,"href":"https:\/\/luisalen.com\/index.php?rest_route=%2Fwp%2Fv2%2Fcomments&post=538"}],"version-history":[{"count":1,"href":"https:\/\/luisalen.com\/index.php?rest_route=\/wp\/v2\/posts\/538\/revisions"}],"predecessor-version":[{"id":539,"href":"https:\/\/luisalen.com\/index.php?rest_route=\/wp\/v2\/posts\/538\/revisions\/539"}],"wp:attachment":[{"href":"https:\/\/luisalen.com\/index.php?rest_route=%2Fwp%2Fv2%2Fmedia&parent=538"}],"wp:term":[{"taxonomy":"category","embeddable":true,"href":"https:\/\/luisalen.com\/index.php?rest_route=%2Fwp%2Fv2%2Fcategories&post=538"},{"taxonomy":"post_tag","embeddable":true,"href":"https:\/\/luisalen.com\/index.php?rest_route=%2Fwp%2Fv2%2Ftags&post=538"}],"curies":[{"name":"wp","href":"https:\/\/api.w.org\/{rel}","templated":true}]}}