{"id":542,"date":"2022-12-29T00:38:00","date_gmt":"2022-12-29T00:38:00","guid":{"rendered":"https:\/\/luisalen.com\/?p=542"},"modified":"2023-02-07T20:09:29","modified_gmt":"2023-02-07T20:09:29","slug":"la-injusticia-eterna","status":"publish","type":"post","link":"https:\/\/luisalen.com\/?p=542","title":{"rendered":"La (in)justicia eterna"},"content":{"rendered":"\n<p>Llega el fin de a\u00f1o y como si fuera una tradici\u00f3n m\u00e1s, todos empiezan a hacer un balance de las cosas buenas y malas que les sucedieron. No vamos a escapar de esa costumbre, lo que sucede es que cada vez se hace m\u00e1s dif\u00edcil cargar el lado de las cosas buenas. O de los personajes buenos. Porque cosas malas y personajes a\u00fan peores abundan.&nbsp;<\/p>\n\n\n\n<p>Como si fuera el anuario de las cosas que no hay que hacer, una recorrida por las columnas publicadas en este 2022 que se est\u00e1 yendo nos marca lo que pas\u00f3, con sus consecuencias todav\u00eda imprevisibles. El 07\/02\/2022 la cosa pasaba por el acuerdo con el FMI, que nos someti\u00f3 a la supervisi\u00f3n de todas las decisiones econ\u00f3micas, como si fu\u00e9semos la sucursal d\u00edscola de alguna trasnacional.<\/p>\n\n\n\n<p>El 17\/03\/2022 nos empez\u00e1bamos a preocupar por los principios y finales. Principios de la desesperanza, finales de las ilusiones. El 24\/03\/2022 -fecha clave para entender nuestra historia de los \u00faltimos cincuenta a\u00f1os-, entre el estallido de la guerra entre Rusia y Ucrania ve\u00edamos a los actores de nuestra pol\u00edtica unidos y moderados, justo cuando las cosas ped\u00edan un poco, aunque m\u00e1s no fuera, de excesos.<\/p>\n\n\n\n<p>El 07\/04\/2022 encontr\u00e1bamos en las p\u00e1ginas de la <em>Tribuna de Doctrina<\/em> que don Bartolo cre\u00f3 para cuidarle las espaldas a trav\u00e9s del tiempo, a la verdad sospechosa. Que en realidad es una mentira m\u00e1s, si se trata del pasqu\u00edn de los Mitre-Saguier. El 13\/04\/2022 desmenuz\u00e1bamos los distintos significados del poder, que terminaban todos a la derecha de nuestras expectativas. Y el 21\/04\/2022 con Jos\u00e9 Hern\u00e1ndez recomend\u00e1bamos hacete amigo del Juez, cuando ya ve\u00edamos que el Partido Judicial empezaba a hacerse cargo de todas las tareas sucias.<\/p>\n\n\n\n<p>El 07\/06\/2022 descubrimos a dos personajes del Hamlet shakespeareano infiltrados en la Corte. Como Rosenkrantz y Guilderstein estaban vivos, era muy natural que nuestra derecha hiciera el rid\u00edculo, cosa que demostramos el 15\/06\/2022. Son malos alumnos, que fue lo que nos qued\u00f3 claro en la columna del 22\/06\/2022. Mientras que el 29\/06\/2022 el tema fue la obsesi\u00f3n con la que los escribas de <strong><em>LA NACI\u00d3N<\/em><\/strong> se ocupan de Cristina, a la que no paran de atacar sin caer en la cuenta de que con tantos ataques demuestran la centralidad de la figura de la Vicepresidenta.<\/p>\n\n\n\n<p>El 05\/07\/2022 desentra\u00f1amos las diferencias entre la historia y la historieta. Con perd\u00f3n de grandes escritores de esta \u00faltima, tratamos de poner en claro c\u00f3mo desde don Bartolo en adelante los h\u00e9roes nacionales terminaron como bandoleros y los traidores ocuparon un sitial privilegiado. El 19\/07\/2022 lo dec\u00edamos bien fuerte: entre esos tipos y yo hay algo personal. Esos que exaltan la discriminaci\u00f3n y el odio, que est\u00e1n prohibidas por los instrumentos internacionales que tutelan los derechos humanos. Y avis\u00e1bamos:<\/p>\n\n\n\n<p>la historia nos muestra en qu\u00e9 terminan estos recorridos. En las peores tragedias.<\/p>\n\n\n\n<p>El 26\/07\/2022 record\u00e1bamos los acontecimientos hist\u00f3ricos que ocurrieron en ese d\u00eda. La reuni\u00f3n de Guayaquil, la muerte de Eva Per\u00f3n, el ataque al Cuartel Moncada. Tom\u00e1bamos posici\u00f3n, porque para nosotros las cosas son lo suficientemente claras. De un lado est\u00e1n quienes registran en San Mart\u00edn y Bol\u00edvar la lucha por la primera e inacabada independencia. Los que ven en las figuras de Eva Per\u00f3n y Fidel Castro el combate que los pueblos de nuestra Am\u00e9rica siguen librando hoy por su segunda y definitiva independencia. Del otro lado, aquellos que condenaron al ostracismo y a la muerte en soledad a los libertadores de Am\u00e9rica. Los que vivaron a la enfermedad que se llev\u00f3 a Evita. Los que todav\u00eda esperan ver caer a la revoluci\u00f3n cubana.<\/p>\n\n\n\n<p>El 02\/08\/2022 homenaje\u00e1bamos a personajes imprescindibles de nuestra historia y nuestra cultura: Julio Cort\u00e1zar, Rodolfo Ortega Pe\u00f1a, Eduardo Luis Duhalde.Y frente al alegato aullado por el fiscal Luciani, pon\u00edamos en blanco sobre negro que lo que importa es qui\u00e9n es el perseguidor y qui\u00e9n, en este caso, la perseguida, en este relato sin gracia y sin fineza, que no busca embellecer las notas de un sonsonete torpe y opresivo sino que prefiere la opacidad al brillo, la oscuridad a la luz, el tiempo encadenado a la vida en libertad.<\/p>\n\n\n\n<p>El 18\/08\/2022 nos pronunci\u00e1bamos en defensa del derecho a la comunicaci\u00f3n. Porque sab\u00edamos que Los empleados de <strong>LA NACI\u00d3N<\/strong> y <strong>CLAR\u00cdN<\/strong> se la pasan amenazando, insultando, agrediendo de cuanta manera pueden a cualquiera que no tenga sus ideas. Celebran cualquier acto de violencia que se produzca contra cualquier persona se\u00f1alada o sospechada de simpatizar con el odiado populismo, y lo reproducen en sus p\u00e1ginas y pantallas como si se tratara de una \u00e9pica victoria. Pero cuando alguien se\u00f1ala lo riesgosa que es esa conducta, inmediatamente es se\u00f1alado como enemigo de la libertad de expresi\u00f3n, y en ese ejercicio cotidiano de adjudicarle al otro lo que ellos hacen, denunciado y agraviado.<\/p>\n\n\n\n<p>El 29\/08\/2022 cont\u00e1bamos c\u00f3mo a lo largo de nuestra historia se hab\u00edan utilizado procesos judiciales para perseguir a dirigentes pol\u00edticos. Pero advert\u00edamos que aunque ocurre que la grieta est\u00e1 desde el principio de nuestra historia, solo hay que ver de qu\u00e9 lado se para cada uno. Y que por eso, frente a tanto atropello, tanta mentira, tanto discurso de odio, tanta infamia, hay que escuchar de nuevo el grito de la gente: basta.<\/p>\n\n\n\n<p>El 06\/09\/2022, cuando ya se hab\u00eda producido el criminal atentado contra la vida de Cristina Fern\u00e1ndez de Kirchner, sin tratar de parecer prof\u00e9ticos dec\u00edamos yo te avis\u00e9. Y una vez m\u00e1s repet\u00edamos que la oposici\u00f3n, tanto la de los partidos de derecha como la de la prensa hegem\u00f3nica y los grupos de poder econ\u00f3micos, siguen repitiendo la misma cantinela agraviante y reiterando sus ataques contra todo lo que huela aunque lejanamente a peronismo.<\/p>\n\n\n\n<p>El 19\/09\/2022 nos met\u00edamos con los conspiradores. Y explic\u00e1bamos, en relaci\u00f3n al atentado contra Cristina, que aunque no est\u00e1 todav\u00eda desvelada por completo la magnitud del consorcio de atacantes, lo que est\u00e1 por conocerse es cu\u00e1l es el alcance de la conspiraci\u00f3n, no su inexistencia. Y volv\u00edamos a decirlo: hay que extender la red de participantes en el atentado, directos o indirectos, a los que hace tiempo vienen atribuyendo a Cristina y sus seguidores todos los males del mundo. A los que desparraman su odio contra el peronismo y se la pasan pronosticando su fin. A quienes no vacilan en desinformar, en propagar falsas noticias, en hacer furiosas campa\u00f1as contra todo lo que tenga alg\u00fan atisbo de nacional o popular.<\/p>\n\n\n\n<p>El 30\/09\/2022 denunci\u00e1bamos a los fabricantes de mentiras. Los que d\u00eda tras d\u00eda desparraman mentiras sobre la Corte, sobre la Constituci\u00f3n, sobre el derecho penal, sobre el di\u00e1logo, sobre el atentado. Fabricantes de mentiras que disparan sus dardos envenenados ampar\u00e1ndose en su supuesta calidad de periodistas independientes. Que no lo son. Solamente son empleados de un poder que no vacila en ning\u00fan medio para alcanzar sus objetivos. Sin \u00e9tica, sin moral, sin m\u00e1s ley que el lucro y la ganancia a cualquier costo.<\/p>\n\n\n\n<p>En la misma l\u00ednea, el 17\/10\/2022 habl\u00e1bamos de los falsarios. Y dej\u00e1bamos un mensaje. Que al final, tantas falsedades, tantas mentiras, cansan. Qui\u00e9n sabe si no terminan por lograr que alguna vez la gente com\u00fan, esa a la que se busca embaucar para mantenerla sometida, no termina por hacer estallar tanta verdad reprimida, manoseada, ultrajada, por quienes dicen defender la Rep\u00fablica cuando la condenan al fracaso.<\/p>\n\n\n\n<p>El 25\/10\/2022 cont\u00e1bamos cuestiones acerca de las imposturas y los impostores. Cansados de tanta impostura repetida, que termina por llevarnos al hartazgo. Aunque sabemos que causa su impacto en mucha gente que termina creyendo en imputaciones falsas y maliciosas, y siendo v\u00edctima de fingimientos y enga\u00f1os disfrazados de verdades. Todo gracias a empleados de los poderes f\u00e1cticos de este pa\u00eds, que se hacen pasar por periodistas, aunque no lo son.<\/p>\n\n\n\n<p>El 03\/11\/2022 le tocaba el turno a la eterna injusticia. Porque una de las formas de obtener justicia, seg\u00fan ense\u00f1an en las aulas de las muchas Facultades de Derecho que existen en el pa\u00eds, es lograr la tutela judicial o el amparo que se obtiene de los jueces y tribunales frente a un hecho que viola nuestros derechos. Pero mirando nuestra realidad cotidiana, mejor ser\u00eda que lxs estudiantes vayan buscando otra definici\u00f3n, porque de los jueces y tribunales de la Argentina, al menos de los del fuero federal en su gran mayor\u00eda, se puede obtener cualquier cosa menos la tutela de los derechos.<\/p>\n\n\n\n<p>El 10\/11\/2022 era el turno de los monstruos. Record\u00e1bamos que las editoriales de <strong>LA NACI\u00d3N<\/strong> nunca reclamaron por los desaparecidos, los asesinados, los torturados, los recluidos en los m\u00e1s de seiscientos ilegales Centros Clandestinos de Detenci\u00f3n y Exterminio que funcionaron en la Argentina durante los d\u00edas del terror, pero que por el contrario, s\u00ed lo hicieron para pedir la impunidad de los genocidas. Y que&nbsp; el variopinto arco opositor cuando ejerci\u00f3 el gobierno us\u00f3&nbsp; a las instituciones para armar mesas judiciales donde convivieron esp\u00edas, funcionarios, fiscales, empleados de los medios y magistrados, coordinados por el todav\u00eda pr\u00f3fugo <em>Pep\u00edn<\/em> Rodr\u00edguez Sim\u00f3n, mesas dedicadas a fabricar causas y a encarcelar opositores.<\/p>\n\n\n\n<p>El 22\/11\/2022 nos toc\u00f3 hablar de las mujeres, como grandes protagonistas de las luchas populares de nuestro tiempo. Porque hab\u00eda partido la Madre, la que armada con su pa\u00f1uelo blanco nos marc\u00f3 el sendero \u00e9tico que debemos recorrer. Hebe, que sigue ense\u00f1ando con sus palabras qu\u00e9 es lo que hay que hacer para construir una patria donde todos tengamos iguales derechos y disfrutemos de la misma libertad. Y record\u00e1bamos, y hac\u00edamos nuestras, las frases que pronunci\u00f3 en la \u00faltima marcha que dio en su Plaza de Mayo:&nbsp; \u201c<em>Necesitamos con mucha urgencia hacer algo contra la Suprema Corte y todos los jueces que est\u2002n comprometidos con perdonar asesinos. No solo perdonan a los que quisieron matar a Cristina, vienen perdonando desde antes, a los asesinos de nuestras hijas e hijos<\/em>\u201d.<\/p>\n\n\n\n<p>El 29\/11\/2022 fue el turno de la Corte de los Milagros. Y tratamos de ser lo m\u00e1s claros posible: Se vienen escuchando muchas voces, varias de ellas con buenas intenciones y otras todo lo contrario, que hablan de que el a\u00f1o pr\u00f3ximo la Argentina celebrar\u00e1 cuarenta a\u00f1os de democracia ininterrumpida. Pero no. Lo que tenemos es un per\u00edodo de estabilidad institucional y de gobiernos elegidos por el voto popular. Pero nadie puede hacernos creer que en todo este tiempo hubo democracia en nuestro pa\u00eds. Porque seguimos teniendo nuestra propia Corte de los Milagros, aunque no sea igual a la que describiera V\u00edctor Hugo, en cuya novela, recordemos, la bella Esmeralda termina ejecutada. Habr\u00e1 que poner todo el esfuerzo para que en estos d\u00edas, el final del cuento termine de otra forma.<\/p>\n\n\n\n<p>El 07\/12\/2022, frente al mamarracho jur\u00eddico disfrazado de sentencia, escrito por el pelot\u00f3n de fusilamiento al que los poderes reales encomendaron la tarea de ejecutar a Cristina Fern\u00e1ndez de Kirchner, hablamos de la democracia ultrajada. Y dejamos una advertencia m\u00e1s: alg\u00fan d\u00eda, quiz\u00e1 no tan lejano, esta mezcla maldita de jueces, fiscales, dirigentes pol\u00edticos, esp\u00edas y empleados de los medios que obedecen las \u00f3rdenes de un poder mafioso que hoy se siente feliz por la condena a Cristina, tendr\u00e1n que rendir cuentas. El pueblo no olvida, no perdona y no se reconcilia.<\/p>\n\n\n\n<p>El 22\/12\/2022 por fin pudimos dedicar nuestro espacio a algo m\u00e1s grato. Frente al triunfo del seleccionado de f\u00fatbol en el campeonato mundial celebrado en Qatar, nos sumamos a la felicidad de los vulgares. Esos millones que celebraron como una multitud jam\u00e1s vista, que en las estimaciones m\u00e1s entusiastas mostraba al diez por ciento de la poblaci\u00f3n del pa\u00eds en las calles. Y a los amargados de siempre, enojados por tanto festejo popular, les dijimos&nbsp; vulgarmente: and\u00e1 p\u2019all\u00e1, bobo!!! Y llegamos al final del a\u00f1o. A este balance que nos muestra que lo que nos trastorn\u00f3 la vida, lo que nos impide ser aunque sea m\u00ednimamente felices, lo que amenaza nuestro presente y oscurece nuestro futuro, es esta sensacion tan v\u00edvida de que lo que parece una pesadilla es verdaderamente nuestra triste realidad. Que estamos sometidos a los caprichos y designios de una mafia nada oculta, que opera a trav\u00e9s de medios de comunicaci\u00f3n, jueces y pol\u00edticos de la derecha. Que el a\u00f1o pr\u00f3ximo sea distinto. Con la gente en las calles, luchando por sus derechos y echando de los lugares que nunca debieron ocupar a quienes quieren condenarnos a una injusticia eterna.<\/p>\n","protected":false},"excerpt":{"rendered":"<p>Llega el fin de a\u00f1o y como si fuera una tradici\u00f3n m\u00e1s, todos empiezan a&#8230;<\/p>\n","protected":false},"author":1,"featured_media":0,"comment_status":"open","ping_status":"open","sticky":false,"template":"","format":"image","meta":{"footnotes":""},"categories":[17],"tags":[],"class_list":["post-542","post","type-post","status-publish","format-image","hentry","category-contra-mitre","post_format-post-format-image"],"_links":{"self":[{"href":"https:\/\/luisalen.com\/index.php?rest_route=\/wp\/v2\/posts\/542","targetHints":{"allow":["GET"]}}],"collection":[{"href":"https:\/\/luisalen.com\/index.php?rest_route=\/wp\/v2\/posts"}],"about":[{"href":"https:\/\/luisalen.com\/index.php?rest_route=\/wp\/v2\/types\/post"}],"author":[{"embeddable":true,"href":"https:\/\/luisalen.com\/index.php?rest_route=\/wp\/v2\/users\/1"}],"replies":[{"embeddable":true,"href":"https:\/\/luisalen.com\/index.php?rest_route=%2Fwp%2Fv2%2Fcomments&post=542"}],"version-history":[{"count":2,"href":"https:\/\/luisalen.com\/index.php?rest_route=\/wp\/v2\/posts\/542\/revisions"}],"predecessor-version":[{"id":544,"href":"https:\/\/luisalen.com\/index.php?rest_route=\/wp\/v2\/posts\/542\/revisions\/544"}],"wp:attachment":[{"href":"https:\/\/luisalen.com\/index.php?rest_route=%2Fwp%2Fv2%2Fmedia&parent=542"}],"wp:term":[{"taxonomy":"category","embeddable":true,"href":"https:\/\/luisalen.com\/index.php?rest_route=%2Fwp%2Fv2%2Fcategories&post=542"},{"taxonomy":"post_tag","embeddable":true,"href":"https:\/\/luisalen.com\/index.php?rest_route=%2Fwp%2Fv2%2Ftags&post=542"}],"curies":[{"name":"wp","href":"https:\/\/api.w.org\/{rel}","templated":true}]}}