{"id":545,"date":"2013-05-31T22:20:00","date_gmt":"2013-05-31T22:20:00","guid":{"rendered":"https:\/\/luisalen.com\/?p=545"},"modified":"2023-01-27T22:25:41","modified_gmt":"2023-01-27T22:25:41","slug":"las-multiples-dimensiones-de-eduardo-luis-duhalde-in-memoriam","status":"publish","type":"post","link":"https:\/\/luisalen.com\/?p=545","title":{"rendered":"Las m\u00faltiples dimensiones de Eduardo Luis Duhalde (In Memoriam)"},"content":{"rendered":"\n<figure class=\"wp-block-image alignright size-full\"><img decoding=\"async\" width=\"133\" height=\"168\" src=\"https:\/\/luisalen.com\/wp-content\/uploads\/2023\/01\/image-17.png\" alt=\"\" class=\"wp-image-546\"\/><\/figure>\n\n\n\n<p><em>De hecho, las ideas no pueden realizar nada. Para realizar las ideas, se necesitan hombres que ponen en juego una fuerza pr\u00e1ctica (Carlos Marx-Federico Engels <\/em>La Sagrada Familia, o cr\u00edtica de la cr\u00edtica cr\u00edtica<em>. Buenos Aires, Ed.Claridad, p\u00e1g. 140). <\/em>Si esa frase cabe a alg\u00fan personaje contempor\u00e1neo, no cabe duda que Eduardo Luis Duhalde re\u00fane todos los requisitos necesarios.<\/p>\n\n\n\n<p>Entr\u00f3 a la Facultad de Derecho de la <em>UBA <\/em>con s\u00f3lo 16 a\u00f1os, y apenas recibido, asociado con Rodolfo Ortega Pe\u00f1a asum\u00ederon la defensa penal de la <em>CGT <\/em>por el plan de lucha que incluy\u00f3 la toma de m\u00e1s de ocho mil establecimientos, y llegaron a ser abogados de m\u00e1s de 25 gremios, en alrededor de 2000 juicios, al tiempo que denunciaban la desaparici\u00f3n de Felipe Vallese no s\u00f3lo en los estrados tribunalicios sino publicando un libro que resum\u00eda el hecho criminal y describ\u00eda la pr\u00e1ctica que luego se har\u00eda com\u00fan en dictaduras posteriores.<\/p>\n\n\n\n<p>M\u00e1s tarde, a la defensa de los presos peronistas perseguidos por la proscripci\u00f3n decretada desde el \u201955, sumaron la de todos los militantes populares perseguidos por las dictaduras de Ongan\u00eda, Levingston y Lanusse, sin hacer distinci\u00f3n alguna por su origen, dando a las defensas penales una nueva dimensi\u00f3n: la defensa pol\u00edtica. Contexto en el cual la masacre de Trelew los marc\u00f3 profundamente, porque entendieron que no se trataba de un episodio m\u00e1s, sino que anunciaba una profundidad del horror hasta entonces no alcanzada y la sistematizaci\u00f3n de los m\u00e9todos represivos.<\/p>\n\n\n\n<p>Tambi\u00e9n en la historia se diferenciaron, al usar el estudio de nuestro pasado como herramienta de lucha en el presente que les tocaba vivir. Herej\u00eda imperdonable para muchos, cultores de una historia presuntamente neutral que, en la pr\u00e1ctica, tomaba partido por la visi\u00f3n de los sectores dominantes. A ellos Duhalde les contestar\u00eda, a\u00f1os despu\u00e9s, con rotunda claridad: \u201cmientras ustedes describieron la plater\u00eda de los estancieros, nosotros preferimos narrar los sufrimientos de la peonada\u201d.<\/p>\n\n\n\n<p>Fruto de esa colaboraci\u00f3n fueron varios libros, le\u00eddos casi como objetos de culto en su \u00e9poca: <em>Baring Brothers y la historia pol\u00edtica argentina: la banca brit\u00e1nica y el proceso hist\u00f3rico nacional de 1824 a 1890<\/em>; <em>\u201cFacundo y la Montonera: historia de la resistencia nacional a la penetraci\u00f3n brit\u00e1ni- ca<\/em>; <em>El asesinato de Dorrego. Poder, oligarqu\u00eda y penetraci\u00f3n extranjera en el R\u00edo de la Plata<\/em>; <em>Las guerras civiles argentinas y la historiograf\u00eda; San Mart\u00edn y Rosas: pol\u00edtica nacionalista en Am\u00e9rica<\/em>; <em>Felipe Varela contra el imperio Brit\u00e1nico: las masas de la Uni\u00f3n Americana enfrentan a las poten- cias europeas<\/em>; <em>Folklore argentino y revisionismo hist\u00f3rico <\/em>(<em>La Montonera <\/em>de Felipe Varela en el Cantar Popular)\u201d, obras que se transformaron en documentos imprescindibles para el an\u00e1lisis de nuestro pasado.<\/p>\n\n\n\n<p>Al mismo tiempo, asumir las luchas revolucionarias desde un pensamiento nacional los llev\u00f3 a relacionarse con John W. Cooke, y a asimilarse al peronismo, que para ellos era la identidad pol\u00edtica necesaria para la transformaci\u00f3n pol\u00edtica y social de la Argentina. Su popularidad fue tan grande que Leopoldo Marechal los transform\u00f3 en personajes de su \u00e9pica, como los Barrantes y Barraza que transitan las p\u00e1ginas de <em>Megaf\u00f3n o la guerra<\/em>, donde los defini\u00f3 certeramente como \u201c<em>dos mellizos engendrados en la propia matriz de la desverg\u00fcenza<\/em>\u201d.<\/p>\n\n\n\n<p>Tras la vuelta de Per\u00f3n y el triunfo popular del 11 de marzo de 1973, agregaron la docencia a sus ya m\u00faltiples quehaceres y tambi\u00e9n all\u00ed fueron transformadores. Sus c\u00e1tedras multitudinarias convirtieron el estudio del derecho en una pr\u00e1ctica en la cual los alumnos asum\u00edan la tarea de juzgar la historia argentina y sus protagonistas.<\/p>\n\n\n\n<p>Pero la primavera camporista se agot\u00f3 en cuarenta y nueve intensos d\u00edas. Eduardo y Rodolfo ve\u00edan c\u00f3mo el gobierno se alejaba cada vez m\u00e1s del programa liberador votado en marzo. Desde la revista <em>Militancia peronista para la liberaci\u00f3n<\/em>, hicieron o\u00edr su cr\u00edtica que llegaba no s\u00f3lo al gobierno sino a las posturas muchas veces confusas de organizaciones pol\u00edticas que compart\u00edan, supuestamente, el mismo espacio. Clausurada <em>Militancia <\/em>en acuerdo general de ministros, lanzaron <em>De Frente<\/em>, asumiendo el legado de John William Cooke. Pero tras la muerte de Per\u00f3n, Ortega Pe\u00f1a se transformaba en la primera v\u00edctima asumida por las Tres A y Duhalde pas\u00f3 a la clandestinidad.<\/p>\n\n\n\n<p>Con el golpe del 24 de marzo de 1976, que lo priv\u00f3 de sus derechos civiles y pol\u00edticos, Duhalde march\u00f3 al exilio y en enero de 1977, como presidente de la Comisi\u00f3n Argentina de Derechos Humanos <em>(CADHU) <\/em>presentaba su primer informe al que con notable precisi\u00f3n llam\u00f3 <em>Argentina: Proceso al genocidio<\/em>. Fueron a\u00f1os de denuncia incansable pero tambi\u00e9n de reflexi\u00f3n sobre el funcionamiento de la maquinaria genocida montada por la dictadura c\u00edvico militar, que fructific\u00f3 en <em>El Estado terrorista argentino<\/em>, publicado a fines de 1983, obra que desnud\u00f3 con precisi\u00f3n los mecanismos que la dictadura hab\u00eda utilizado para el disciplinamiento de la sociedad a trav\u00e9s de masivas violaciones a los derechos humanos.<\/p>\n\n\n\n<p>De regreso al pa\u00eds, cre\u00f3 una editorial &#8211; <em>Contrapunto <\/em>&#8211; desde la que public\u00f3 varias de las obras fundamentales de la literatura pol\u00edtica de la \u00e9poca, desde el <em>Ezeiza <\/em>de Horacio Verbitsky, pasando por <em>La noche de los l\u00e1pices <\/em>de Mar\u00eda Seoane y H\u00e9ctor Ruiz N\u00fa\u00f1ez, y hasta las <em>Cr\u00f3nicas del Apocalipsis <\/em>con las que Mart\u00edn Granovsky y Sergio Ciancaglini historiaron el juicio a Videla y los comandantes genocidas.<\/p>\n\n\n\n<p>Su editorial se abri\u00f3 a la memoria de las v\u00edctimas y de los organismos de derechos humanos: Matilde Herrera public\u00f3 <em>Jos\u00e9<\/em>, Blanca Buda <em>Cuerpo I Zona IV<\/em>, y las Madres de Plaza de Mayo <em>Nuestros Hijos. <\/em>Es que para Duhalde el rescate de la memoria ocupaba un lugar central en las luchas sociales: sol\u00eda graficarlo explicando que un pa\u00eds sin memoria era como un hombre amn\u00e9sico y por ello incapaz de comprender su presente y mucho m\u00e1s de planificar su futuro.<\/p>\n\n\n\n<p>A principios de 1989, Duhalde agreg\u00f3 a sus m\u00faltiples oficios el de director del diario <em>Nuevo Sur<\/em>, una experiencia period\u00edstica que pretendi\u00f3 transformarse en el medio de comunicaci\u00f3n de los sectores que, desde la izquierda y el nacionalismo popular, se opon\u00edan al proceso neoliberal que avanzaba en la Argentina.<\/p>\n\n\n\n<p>Aunque de breve duraci\u00f3n &#8211; no alcanz\u00f3 a cumplir los dos a\u00f1os &#8211; el diario constituy\u00f3 una experiencia innovadora, en la cual participaron muchos periodistas que ya eran considerados entre los mejores del medio o que lo fueron luego.<\/p>\n\n\n\n<p>A mediados de 1988, los alumnos de la reci\u00e9n creada Carrera de Ciencias de la Comunicaci\u00f3n en la Facultad de Ciencias Sociales de la Universidad de Buenos Aires protagonizaron un reclamo masivo para que se abriera una C\u00e1tedra alternativa a la \u00fanica que entonces exist\u00eda, de la materia <em>Derecho a la Informaci\u00f3n<\/em>. El docente propuesto fue Eduardo Luis Duhalde.<\/p>\n\n\n\n<p>Enrique V\u00e1zquez, que dirig\u00eda la Carrera, acept\u00f3 la propuesta y la C\u00e1tedra comenz\u00f3 a funcionar. Duhalde integr\u00f3 a la misma a un n\u00facleo de sus colaboradores y amigos &#8211; Carlos Gonz\u00e1lez Gartland, Ricardo Espar\u00eds y quien esto escribe &#8211; y a lo largo de m\u00e1s de dos d\u00e9cadas se dedic\u00f3 a la docencia universitaria con el mismo empe\u00f1o que puso en todas sus actividades.<\/p>\n\n\n\n<p>Por la c\u00e1tedra pasaron muchos docentes -Tilsa Albani, Oscar Mart\u00ednez, Dora Salas, entre otros &#8211; y con el tiempo fueron incorpor\u00e1ndose graduados de la carrera, que fueron antes alumnos de la materia, como Ver\u00f3nica Mo\u00f1ino, Sergio Arrib\u00e1, Cecilia Batemarco o Delia Sisro, y docentes provenientes de otras experiencias como Edgar Zavala o Francisco Pestanha.<\/p>\n\n\n\n<p>La c\u00e1tedra sirvi\u00f3 para que Duhalde expresara su pensamiento acerca del orden informativo nacional y mundial. Ya hab\u00eda compartido trabajos con Sean Mac Bride, el autor del c\u00e9lebre informe <em>Un solo mundo, voces m\u00faltiples<\/em>, y la visi\u00f3n cr\u00edtica que el mismo formulara en 1980 sobre la concentraci\u00f3n de la propiedad de medios en pocas manos, la brecha tecnol\u00f3gica y la utilizaci\u00f3n de la comunicaci\u00f3n como una mercanc\u00eda dej\u00f3 su impronta en las producciones de la materia.<\/p>\n\n\n\n<p>Duhalde escribi\u00f3 primero su <em>Introducci\u00f3n al Derecho a la Informaci\u00f3n<\/em>; sus colaboradores produjimos las <em>Lecciones de Derecho a la Informaci\u00f3n y Derecho de la Informaci\u00f3n <\/em>(que escribimos con Carlos Gonz\u00e1lez Gartland y Ricardo Espar\u00eds), y m\u00e1s tarde me propuso una obra conjunta que editamos por <em>EUDEBA<\/em>, que fue objeto de m\u00faltiples reimpresiones: la <em>Teor\u00eda <\/em><em>Jur\u00eddico Pol\u00edtica de la Comunicaci\u00f3n<\/em>.<\/p>\n\n\n\n<p>En el 2000, y bajo su direcci\u00f3n, se public\u00f3 el primer n\u00famero del <em>Anuario del Derecho a la Comunicaci\u00f3n, <\/em>con firmas como las de Eugenio Zaffaroni, V\u00edctor Abramovich y Cristian Courtis, entre otros. La crisis del 2001 frustr\u00f3 la continuidad de la aventura editorial, pero dej\u00f3 abierta la senda para el debate que Duhalde cre\u00eda necesario sobre el reconocimiento pleno del Derecho a la Comunicaci\u00f3n como uno de los derechos humanos fundamentales, sin el cual no pueden constituirse un Estado y una sociedad democr\u00e1ticos.<\/p>\n\n\n\n<p>Entre 1994 y 2003, Duhalde se desempe\u00f1\u00f3 como Juez de los Tribunales Orales en lo Criminal de la Capital Federal. All\u00ed tambi\u00e9n dej\u00f3 su impronta, en fallos que recog\u00edan su pensamiento jur\u00eddico orientado a la plena vigencia de los derechos humanos.<\/p>\n\n\n\n<p>En enero de 2003 decidi\u00f3 renunciar a su cargo de Juez (cuando le faltaban pocos meses para alcanzar una jubilaci\u00f3n privilegiada) para acompa\u00f1ar a N\u00e9stor Kirchner en su aventura, porque no estaba dispuesto a hacer pol\u00edtica escondido tras una columna. Kirchner le contest\u00f3 \u201cme oblig\u00e1s a ganar, para no verte de cartonero\u201d. Llegado a la presidencia, le ofreci\u00f3 integrar su gobierno como Secretario de Derechos Humanos, cargo desde el que Duhalde construy\u00f3, a lo largo de nueve a\u00f1os, las pol\u00edticas p\u00fablicas de derechos humanos que se transformaron en el <em>ADN <\/em>del modelo kirchnerista.<\/p>\n\n\n\n<p>El impulso decisivo al proceso de Memoria, Verdad y Justicia dado por la nulidad de las leyes de Punto Final y Obediencia Debida encontr\u00f3 a la Secretar\u00eda como protagonista. Al poco tiempo Duhalde se presentaba como querellante, en nombre del Poder Ejecutivo Nacional, primero en la provincia de Santiago del Estero, donde hasta entonces no hab\u00eda causas abiertas por el genocidio, y luego a lo largo y lo ancho del pa\u00eds. No se trataba de meras presentaciones reclamativas: personalmente, Eduardo recorri\u00f3 los tribunales, se encontr\u00f3 con jueces y fiscales, puso a las \u00e1reas de la Secretar\u00eda a buscar y ofrecer pruebas y a respaldar la acci\u00f3n de las querellas que representaban a las v\u00edctimas y a los organismos de Derechos Humanos, con todo el peso que significaba el compromiso del estado democr\u00e1tico acusando al estado terrorista.<\/p>\n\n\n\n<p>Y hubo mucho m\u00e1s. La restituci\u00f3n de derechos all\u00ed donde hab\u00edan sido conculcados, y el reconocimiento en donde eran negados, constituyeron premisas b\u00e1sicas desde las que se fomentaron reformas legislativas que tuvieron en Eduardo al m\u00e1s entusiasta fogonero. Baste citar leyes como las de protecci\u00f3n integral de los derechos de ni\u00f1os, ni\u00f1as y adolescentes, de salud mental, de matrimonio igualitario, de despenalizaci\u00f3n de las calumnias e injurias y de servicios de comunicaci\u00f3n audiovisual, norma \u00e9sta en la que vio plasmadas sus ideas sobre el derecho a la comunicaci\u00f3n.<\/p>\n\n\n\n<p>Present\u00f3, en nombre del gobierno de Cristina Fern\u00e1ndez de Kirchner, la querella por la apropiaci\u00f3n ilegal de <em>Papel Prensa<\/em>, tal vez el caso que mejor resum\u00eda la sociedad entre grandes corporaciones y la dictadura. Impuls\u00f3 la creaci\u00f3n de una pol\u00edtica federal de derechos humanos, y la replic\u00f3 en el orden regional, siendo el alma mater del Consejo Federal de Derechos Humanos y de la Reuni\u00f3n de Altas Autoridades de Derechos Humanos del <em>MERCOSUR.<\/em><\/p>\n\n\n\n<p>Si algo le qued\u00f3 por hacer, tal vez sea la construcci\u00f3n de una Teor\u00eda de los Derechos Humanos que fue una de sus \u00faltimas obsesiones, convencido de la necesidad de contar con una gu\u00eda de acci\u00f3n que tuviera a la dignidad humana como centro de todas las preocupaciones.<\/p>\n\n\n\n<p>En ese sendero, su ejemplo nos compromete y nos obliga. Que as\u00ed sea.<\/p>\n\n\n\n<p><\/p>\n\n\n\n<p>Revista Zigurat N\u00ba 7<\/p>\n\n\n\n<p>Mayo 2013 \/ ISSN 1514-8874<\/p>\n\n\n\n<p>Carrera de Ciencias de la Comunicaci\u00f3n Facultad de Ciencias Sociales Universidad de Buenos Aires<\/p>\n","protected":false},"excerpt":{"rendered":"<p>De hecho, las ideas no pueden realizar nada. Para realizar las ideas, se necesitan hombres&#8230;<\/p>\n","protected":false},"author":1,"featured_media":0,"comment_status":"open","ping_status":"open","sticky":false,"template":"","format":"standard","meta":{"footnotes":""},"categories":[13],"tags":[],"class_list":["post-545","post","type-post","status-publish","format-standard","hentry","category-revistas"],"_links":{"self":[{"href":"https:\/\/luisalen.com\/index.php?rest_route=\/wp\/v2\/posts\/545","targetHints":{"allow":["GET"]}}],"collection":[{"href":"https:\/\/luisalen.com\/index.php?rest_route=\/wp\/v2\/posts"}],"about":[{"href":"https:\/\/luisalen.com\/index.php?rest_route=\/wp\/v2\/types\/post"}],"author":[{"embeddable":true,"href":"https:\/\/luisalen.com\/index.php?rest_route=\/wp\/v2\/users\/1"}],"replies":[{"embeddable":true,"href":"https:\/\/luisalen.com\/index.php?rest_route=%2Fwp%2Fv2%2Fcomments&post=545"}],"version-history":[{"count":2,"href":"https:\/\/luisalen.com\/index.php?rest_route=\/wp\/v2\/posts\/545\/revisions"}],"predecessor-version":[{"id":549,"href":"https:\/\/luisalen.com\/index.php?rest_route=\/wp\/v2\/posts\/545\/revisions\/549"}],"wp:attachment":[{"href":"https:\/\/luisalen.com\/index.php?rest_route=%2Fwp%2Fv2%2Fmedia&parent=545"}],"wp:term":[{"taxonomy":"category","embeddable":true,"href":"https:\/\/luisalen.com\/index.php?rest_route=%2Fwp%2Fv2%2Fcategories&post=545"},{"taxonomy":"post_tag","embeddable":true,"href":"https:\/\/luisalen.com\/index.php?rest_route=%2Fwp%2Fv2%2Ftags&post=545"}],"curies":[{"name":"wp","href":"https:\/\/api.w.org\/{rel}","templated":true}]}}