{"id":552,"date":"2013-01-11T22:49:00","date_gmt":"2013-01-11T22:49:00","guid":{"rendered":"https:\/\/luisalen.com\/?p=552"},"modified":"2023-01-27T23:02:28","modified_gmt":"2023-01-27T23:02:28","slug":"la-decision-politica-contra-la-impunidad","status":"publish","type":"post","link":"https:\/\/luisalen.com\/?p=552","title":{"rendered":"La decisi\u00f3n pol\u00edtica contra la impunidad"},"content":{"rendered":"\n<p class=\"has-text-align-right\">Aqu\u00ed, un recorrido por los caminos que debi\u00f3 transitar la sociedad <\/p>\n\n\n\n<p class=\"has-text-align-right\">para llegar al fin de la impunidad c\u00edvico-militar.<\/p>\n\n\n\n<p class=\"has-text-align-right\">El Poder Judicial no es la Justicia. Democratizarlo s\u00ed Ser\u00e1 Justicia.<\/p>\n\n\n\n<figure class=\"wp-block-image alignright size-full\"><img fetchpriority=\"high\" decoding=\"async\" width=\"422\" height=\"338\" src=\"https:\/\/luisalen.com\/wp-content\/uploads\/2023\/01\/Doc1.jpg\" alt=\"\" class=\"wp-image-553\" srcset=\"https:\/\/luisalen.com\/wp-content\/uploads\/2023\/01\/Doc1.jpg 422w, https:\/\/luisalen.com\/wp-content\/uploads\/2023\/01\/Doc1-300x240.jpg 300w\" sizes=\"(max-width: 422px) 100vw, 422px\" \/><\/figure>\n\n\n\n<p>Uno de los errores m\u00e1s comunes, en los que todos alguna vez incurrimos, es identi\ufb01car al Poder Judicial con Justicia, olvidando que esta es un valor al que aspiramos, mientras que los tribunales, que debieran administrarla, muchas veces no lo hacen. El largo camino de la lucha contra la impunidad es un claro ejemplo de ello.<br>Basta recordar que, cuando Alfons\u00edn impuso las leyes de punto \ufb01nal y obediencia debida, pocos \ufb01scales y magistrados se animaron a declararlas inconstitucionales, mientras que la Corte Suprema las con\ufb01rm\u00f3. Otro tanto acontecer\u00eda despu\u00e9s con los indultos de Menem, consagrados como v\u00e1lidos por la Corte de la mayor\u00eda autom\u00e1tica.<br>Los tribunales segu\u00edan as\u00ed una tradici\u00f3n nefasta, inaugurada por la Corte Suprema de 1930, presidida por Figueroa Alcorta, que nos dej\u00f3 como legado la doctrina \u201cde facto\u201d que convalid\u00f3 cuanta dictadura usurp\u00f3 el poder en la Argentina.<\/p>\n\n\n\n<p>De alguna manera, cuando se nombra a \u201cla familia judicial\u201d, para ilustrar ese mecanismo donde hijos y nietos suceden en los estrados tribunalicios a sus padres, se est\u00e1 tambi\u00e9n aceptando que por lo menos parte del Poder Judicial responde a una tradici\u00f3n conservadora y opera como una corporaci\u00f3n.<\/p>\n\n\n\n<p>La modi\ufb01caci\u00f3n parcial de las reglas que rigen la selecci\u00f3n de nuestros jueces, producida con la introducci\u00f3n del Consejo de la Magistratura en la reforma constitucional de 1994, no ha provocado, hasta la fecha, la total renovaci\u00f3n democr\u00e1tica que se reclama al Judicial como uno de los poderes del estado de derecho. Tal vez el cambio m\u00e1s radical lo haya producido N\u00e9stor Kirchner, al autolimitar las facultades del Ejecutivo en la elecci\u00f3n de los integrantes de la Corte Suprema, mediante el Decreto 222\/2003.<br>La consecuencia de esta renovaci\u00f3n incompleta se ha hecho sentir, y con mucha fuerza, sobre la marcha del Proceso de Memoria, Verdad y Justicia reabierto con la anulaci\u00f3n de las leyes del perd\u00f3n. Sancionada y promulgada la Ley N\u00ba 25.779 en agosto de 2003, los obst\u00e1culos para el juzgamiento de los genocidas quedaban removidos. As\u00ed, las v\u00edctimas y los organismos de derechos humanos se presentaron en las causas que hab\u00edan quedado archivadas 16 a\u00f1os antes, e impulsaron su progreso.<br>Del mismo modo, la Secretar\u00eda de Derechos Humanos de la Naci\u00f3n, por decisi\u00f3n del Presidente Kirchner, se present\u00f3 como parte querellante en los juicios. Se trataba de una clara de\ufb01nici\u00f3n pol\u00edtica: el Estado democr\u00e1tico acusaba al Estado terrorista. El mito de la \u201ccontinuidad jur\u00eddica\u201d sostenido desde 1930 ced\u00eda ante una concepci\u00f3n \u00e9tica, basada en s\u00f3lidos principios que indicaban que sobre la impunidad y el olvido es imposible construir una naci\u00f3n verdaderamente democr\u00e1tica.<\/p>\n\n\n\n<p>Pero la reacci\u00f3n enquistada en el propio seno del Poder Judicial no se rindi\u00f3 tan f\u00e1cilmente. Mientras que algunos magistrados, en su gran mayor\u00eda designados en sus cargos en la \u00faltima d\u00e9cada, demostraban compromiso en la tramitaci\u00f3n de causas complejas, en las que la producci\u00f3n de prueba se ve\u00eda di\ufb01cultada por el paso del tiempo y, en muchos casos, por la muerte de testigos, en otros \u00e1mbitos los obst\u00e1culos de todo tipo adormec\u00edan los expedientes. El caso m\u00e1s notable fue la permanencia en la C\u00e1mara de Casaci\u00f3n Penal, durante casi tres a\u00f1os, de la causa instruida por los cr\u00edmenes ocurridos en la ESMA.<\/p>\n\n\n\n<p>El Presidente de esa C\u00e1mara era Alfredo Bisordi, designado en el cargo en la \u00e9poca del menemato y con antecedentes de haber sido secretario de los tribunales federales durante la dictadura, y luego asociado con Juan Mart\u00edn Romero Victorica ser el persecutor de Graciela Daleo, ya en \u00e9pocas alfonsinistas. Luego del reclamo de celeridad en los juicios efectuado por N\u00e9stor Kirchner, en el acto celebrado en La Perla el 24 de marzo de 2006, y tras una catarata de denuncias en su contra, \ufb01nalmente Bisordi renunci\u00f3. A los pocos d\u00edas, asum\u00eda la defensa de Luis Patti. Hay gestos que son mejores que cualquier explicaci\u00f3n<\/p>\n\n\n\n<p>Romero Victorica (que en el menemato hab\u00eda sido nombrado \ufb01scal ante la misma C\u00e1mara de Casaci\u00f3n), tuvo ocasi\u00f3n de mostrar sus convicciones en una audiencia en la que se discut\u00eda la excarcelaci\u00f3n de Jaime Smart, Ministro de Gobierno de la dictadura en la Provincia de Buenos Aires, y del gobernador militar Ib\u00e9rico Saint Jean. Tan enf\u00e1tico fue en sus palabras sobre los acusados que el acta labrada dej\u00f3 sentado que \u201cel \ufb01scal aleg\u00f3 por la defensa\u201d. Claro, c\u00f3mo iba a acusar a \u201cJimmy\u201d, al que conoc\u00eda hac\u00eda 40 a\u00f1os. Tambi\u00e9n Romero Victorica debi\u00f3 dejar su cargo, tras las denuncias que lo sindicaban como auxiliar de un apropiador.<\/p>\n\n\n\n<p>Podr\u00edamos seguir dando ejemplos, como el caso del Juzgado Federal de Paso de los Libres,<br>en Corrientes, donde \u00a114! Magistrados se abstuvieron de intervenir en la causa que investiga la desaparici\u00f3n de la comisi\u00f3n gremial interna de Estancia Las Mar\u00edas. Todos alegaron alg\u00fan grado de conexi\u00f3n con la familia Navajas Artaza, propietaria del establecimiento. O los a\u00f1os sin que se proveyeran las acusaciones contra Pedro Blaquier, due\u00f1o del Ingenio Ledesma y sindicado como quien se\u00f1al\u00f3 a Luis Aredes y los desaparecidos de la noche del apag\u00f3n. O la lenta marcha de las causas por los desaparecidos de Ford, Mercedes Benz o los astilleros de La Plata. Y cuando, con el recordado Eduardo Luis Duhalde denunciamos ante el tribunal de enjuiciamiento del Consejo de la Magistratura a los jueces de la Sala II de Casaci\u00f3n que hab\u00edan ordenado la excarcelaci\u00f3n de los procesados por la Esma, 74 jueces, encabezados por Ricardo Recondo, entonces Presidente de la Asociaci\u00f3n de Magistrados y Funcionarios de la Justicia Nacional, se presentaron ante la Corte Suprema denunciando \u201cla indebida injerencia del Poder Ejecutivo en la justicia\u201d.<\/p>\n\n\n\n<p>Tal vez la respuesta a tanta resistencia se encuentre en la propia matriz ideol\u00f3gica que ha nutrido, tradicionalmente, a grandes sectores del Poder Judicial, m\u00e1s cercanos a los genocidas que a los luchadores sociales. Baste se\u00f1alar que muchos ex jueces (Brusa, Miret, Romano y otros), hoy est\u00e1n acusados por su participaci\u00f3n activa durante el Terrorismo de Estado.<\/p>\n\n\n\n<p>Acaso estos bienvenidos tiempos, donde el gobierno es igual al pueblo que lo eligi\u00f3 y cumple sus deberes, sin resignar los principios \u00e9ticos que lo sostienen y que tienen en las Madres el gran ejemplo a seguir, sean propicios para llevar adelante, de una buena vez por todas, la reclamada y necesaria democratizaci\u00f3n del Poder Judicial. Ser\u00e1 Justicia.<\/p>\n\n\n\n<p>!NI UN PASO ATR\u00c1S!<\/p>\n\n\n\n<p>Asociaci\u00f3n Madres de Plaza de Mayo<br>A\u00f1o 3 N\u00ba 16\/ ENERO 2013\/<\/p>\n","protected":false},"excerpt":{"rendered":"<p>Aqu\u00ed, un recorrido por los caminos que debi\u00f3 transitar la sociedad para llegar al fin&#8230;<\/p>\n","protected":false},"author":1,"featured_media":0,"comment_status":"open","ping_status":"open","sticky":false,"template":"","format":"standard","meta":{"footnotes":""},"categories":[13],"tags":[],"class_list":["post-552","post","type-post","status-publish","format-standard","hentry","category-revistas"],"_links":{"self":[{"href":"https:\/\/luisalen.com\/index.php?rest_route=\/wp\/v2\/posts\/552","targetHints":{"allow":["GET"]}}],"collection":[{"href":"https:\/\/luisalen.com\/index.php?rest_route=\/wp\/v2\/posts"}],"about":[{"href":"https:\/\/luisalen.com\/index.php?rest_route=\/wp\/v2\/types\/post"}],"author":[{"embeddable":true,"href":"https:\/\/luisalen.com\/index.php?rest_route=\/wp\/v2\/users\/1"}],"replies":[{"embeddable":true,"href":"https:\/\/luisalen.com\/index.php?rest_route=%2Fwp%2Fv2%2Fcomments&post=552"}],"version-history":[{"count":1,"href":"https:\/\/luisalen.com\/index.php?rest_route=\/wp\/v2\/posts\/552\/revisions"}],"predecessor-version":[{"id":554,"href":"https:\/\/luisalen.com\/index.php?rest_route=\/wp\/v2\/posts\/552\/revisions\/554"}],"wp:attachment":[{"href":"https:\/\/luisalen.com\/index.php?rest_route=%2Fwp%2Fv2%2Fmedia&parent=552"}],"wp:term":[{"taxonomy":"category","embeddable":true,"href":"https:\/\/luisalen.com\/index.php?rest_route=%2Fwp%2Fv2%2Fcategories&post=552"},{"taxonomy":"post_tag","embeddable":true,"href":"https:\/\/luisalen.com\/index.php?rest_route=%2Fwp%2Fv2%2Ftags&post=552"}],"curies":[{"name":"wp","href":"https:\/\/api.w.org\/{rel}","templated":true}]}}