{"id":563,"date":"2018-12-03T18:23:00","date_gmt":"2018-12-03T18:23:00","guid":{"rendered":"https:\/\/luisalen.com\/?p=563"},"modified":"2023-02-07T21:43:29","modified_gmt":"2023-02-07T21:43:29","slug":"no-se-ahogo","status":"publish","type":"post","link":"https:\/\/luisalen.com\/?p=563","title":{"rendered":"\u00a0<strong>No se ahog\u00f3\u00a0<\/strong>"},"content":{"rendered":"\n<figure class=\"wp-block-image alignright size-full\"><img decoding=\"async\" width=\"425\" height=\"91\" src=\"https:\/\/luisalen.com\/wp-content\/uploads\/2023\/01\/image-20.png\" alt=\"\" class=\"wp-image-564\" srcset=\"https:\/\/luisalen.com\/wp-content\/uploads\/2023\/01\/image-20.png 425w, https:\/\/luisalen.com\/wp-content\/uploads\/2023\/01\/image-20-300x64.png 300w\" sizes=\"(max-width: 425px) 100vw, 425px\" \/><\/figure>\n\n\n\n<p>&nbsp;El delito de desaparici\u00f3n forzada consiste en \u201cel arresto, la detenci\u00f3n, el secuestro o cualquier otra forma de privaci\u00f3n de libertad que sean obra de agentes del Estado o de personas o grupos de personas que act\u00faan con la autorizaci\u00f3n, el apoyo o la aquiescencia del Estado, seguida de la negativa a reconocer dicha privaci\u00f3n de libertad o del ocultamiento de la suerte o el paradero de la persona desaparecida, sustray\u00e9ndola a la protecci\u00f3n de la ley\u201d, dicen la OEA y la ONU. Se trata de un delito de derecho internacional, que se puede configurar de muchas maneras, por lo que no hace falta que se cumplan todos los rasgos mencionados: cualquiera de ellos ya configura la desaparici\u00f3n forzada.&nbsp;<\/p>\n\n\n\n<p>En el caso de Santiago Maldonado confluyen varias causas: la desaparici\u00f3n en el marco de una feroz e ilegal represi\u00f3n desatada por Gendarmer\u00eda Nacional contra un grupo de personas que protestaban cortando una ruta (y que se continu\u00f3 con la persecuci\u00f3n del grupo y la irrupci\u00f3n en un territorio mapuche), el ocultamiento de la suerte o el paradero de la persona, y la negativa a reconocer que Santiago Maldonado estaba desaparecido mientras no se hallaba su cuerpo, lo cual se prolong\u00f3 nada menos que durante 77 d\u00edas. Por eso es no solo leg\u00edtimo sino t\u00e9cnicamente ineludible hablar de su desaparici\u00f3n forzada. Hablando en derecho, no hacerlo configurar\u00eda un error de calificaci\u00f3n. Y hablando pol\u00edticamente \u2013lo que no es malo en una sociedad democr\u00e1tica\u2013 no hacerlo es caer en la trampa (antidemocr\u00e1tica) tendida por el Gobierno. Para explicarlo: si no hablamos de desaparici\u00f3n, para que no se nos acuse de \u201cpolitizar el caso\u201d, para usar la jerga (antidemocr\u00e1tica) de la ministra de Seguridad, Patricia Bullrich, avalamos la tesis contraria, que implicar\u00eda sostener que Maldonado se ahog\u00f3 mientras paseaba en el r\u00edo. Y no. La secuencia de los hechos marca que Santiago participaba de la protesta, que la misma fue reprimida violentamente (hay registros f\u00edlmicos que lo prueban), que desapareci\u00f3 en medio de la represi\u00f3n, y que su cuerpo fue hallado mucho tiempo despu\u00e9s en un lugar que se hab\u00eda rastrillado varias veces sin resultado.&nbsp;<\/p>\n\n\n\n<p>Para la ministra Bullrich (m\u00e1xima responsable de las pol\u00edticas represivas) y para los medios de comunicaci\u00f3n que sostienen a este Gobierno, el caso Maldonado est\u00e1 cerrado porque el chico simplemente \u201cse ahog\u00f3\u201d, seg\u00fan una resoluci\u00f3n judicial a la que se arrib\u00f3 luego de un proceso burdo, plagado de presiones (reconocidas por el propio juez) y arbitrariedades. Regalo para que la ministra&nbsp;arremetiera contra el \u201crelato de los derechos humanos\u201d justo cuando se iniciaba la cumbre del G-20.&nbsp;<\/p>\n\n\n\n<p>En un juego de semejanzas y diferencias, recordemos que Ezequiel Demonty tambi\u00e9n \u201cse ahog\u00f3\u201d tras ser obligado por polic\u00edas a tirarse al Riachuelo. Pero tras un juicio ejemplar, en el a\u00f1o 2004 y con paradigmas muy distintos a los actuales, tres uniformados recibieron condena a prisi\u00f3n perpetua, y otros seis diversas penas. Hoy, con los par\u00e1metros establecidos por el gobierno de Cambiemos, los involucrados en el caso Demonty ser\u00edan condecorados o ascendidos por la ministra de Seguridad y el Presidente, tal como ya ha sucedido respecto de otros delitos de \u201cgatillo f\u00e1cil\u201d o con uniformados que abiertamente agreden a jueces en la v\u00eda p\u00fablica por ser \u201cgarantistas\u201d. La promoci\u00f3n de la violencia institucional que se celebra desde lo m\u00e1s encumbrado del poder pol\u00edtico configura un riesgo para la democracia.&nbsp;<\/p>\n\n\n\n<p>Santiago Maldonado no muri\u00f3 solo. No estaba paseando en el Sur. Estaba protestando, lo cual es un derecho constitucional, una garant\u00eda de primer orden. Lo hicieron desaparecer forzadamente, mientras la Gendarmer\u00eda desplegaba una represi\u00f3n ilegal, coordinada en forma presencial por el jefe de gabinete del Ministerio de Seguridad, contra una protesta de comunidades originarias en el Sur argentino. Mucho m\u00e1s tarde y debido a la masividad de los reclamos sociales (y solo debido a su persistencia y firmeza), las fuerzas de seguridad hicieron aparecer su cad\u00e1ver en el mismo lugar donde ya se hab\u00eda rastrillado (sin \u00e9xito) muchas veces.&nbsp;<\/p>\n\n\n\n<p>En La invenci\u00f3n de los derechos humanos, Lynn Hunt sostiene que la desaparici\u00f3n forzada de personas ser\u00e1 (ya es) el crimen m\u00e1s repetido del siglo XXI, porque los Estados, luego de acometer masacres, buscar\u00e1n cada vez m\u00e1s (y con nuevas tecnolog\u00edas a su disposici\u00f3n) borrar las pruebas. Nuestro pa\u00eds es hoy fiel testigo de este proceso incipiente. (Ya la dictadura genocida busc\u00f3 borrar las pruebas de sus cr\u00edmenes desapareciendo personas: Argentina tiene el triste m\u00e9rito de haber hasta inventado esta categor\u00eda: la del \u201cdesaparecido\u201d.)&nbsp;<\/p>\n\n\n\n<p>Pero supongamos, solo por un momento, que efectivamente Maldonado se ahog\u00f3 en el lugar donde fue encontrado su cuerpo. Ello no elimina el delito. Santiago Maldonado no entr\u00f3 al r\u00edo a ba\u00f1arse, cargado de ropas y mochilas y sin saber nadar. Estaba escapando de fuerzas de seguridad que lo estaban reprimiendo. Es decir que su muerte fue clara consecuencia de esa represi\u00f3n ilegal. Y que las responsabilidades por su muerte van desde los gendarmes que lo reprim\u00edan, hasta las autoridades que ordenaron la represi\u00f3n y los encargados de investigar lo ocurrido, que en lugar de hacerlo pusieron todo tipo de trabas a las diligencias requeridas por la familia de Santiago y terminaron por aceptar como buenas pruebas periciales pruebas contaminadas desde el inicio y contrapuestas con otros elementos que obran en la causa.&nbsp;<\/p>\n\n\n\n<p>Es decir que o hubo desaparici\u00f3n forzada (por los motivos que indicamos al principio) o hubo homicidio. Lo que no ocurri\u00f3 es un simple accidente en el cual Santiago Maldonado \u201cse ahog\u00f3\u201d. No reconocerlo es hacer el peor uso pol\u00edtico del poder judicial. Algo que, lamentablemente, es moneda corriente en estos d\u00edas donde la justicia y los derechos humanos, pilares del Estado democr\u00e1tico de derecho, est\u00e1n en riesgo de desaparecer.&nbsp;<\/p>\n\n\n\n<p>Por Luis Al\u00e9n (Ex subsecretario de Derechos Humanos de la Naci\u00f3n) y&nbsp;Guido Croxatto ( UBA-Conicet, director del Tribunal Experimental en Derechos Humanos Rodolfo Ortega Pe\u00f1a &#8211; UNLa).&nbsp;<\/p>\n","protected":false},"excerpt":{"rendered":"<p>&nbsp;El delito de desaparici\u00f3n forzada consiste en \u201cel arresto, la detenci\u00f3n, el secuestro o cualquier&#8230;<\/p>\n","protected":false},"author":1,"featured_media":0,"comment_status":"open","ping_status":"open","sticky":false,"template":"","format":"standard","meta":{"footnotes":""},"categories":[19],"tags":[],"class_list":["post-563","post","type-post","status-publish","format-standard","hentry","category-diarios"],"_links":{"self":[{"href":"https:\/\/luisalen.com\/index.php?rest_route=\/wp\/v2\/posts\/563","targetHints":{"allow":["GET"]}}],"collection":[{"href":"https:\/\/luisalen.com\/index.php?rest_route=\/wp\/v2\/posts"}],"about":[{"href":"https:\/\/luisalen.com\/index.php?rest_route=\/wp\/v2\/types\/post"}],"author":[{"embeddable":true,"href":"https:\/\/luisalen.com\/index.php?rest_route=\/wp\/v2\/users\/1"}],"replies":[{"embeddable":true,"href":"https:\/\/luisalen.com\/index.php?rest_route=%2Fwp%2Fv2%2Fcomments&post=563"}],"version-history":[{"count":2,"href":"https:\/\/luisalen.com\/index.php?rest_route=\/wp\/v2\/posts\/563\/revisions"}],"predecessor-version":[{"id":566,"href":"https:\/\/luisalen.com\/index.php?rest_route=\/wp\/v2\/posts\/563\/revisions\/566"}],"wp:attachment":[{"href":"https:\/\/luisalen.com\/index.php?rest_route=%2Fwp%2Fv2%2Fmedia&parent=563"}],"wp:term":[{"taxonomy":"category","embeddable":true,"href":"https:\/\/luisalen.com\/index.php?rest_route=%2Fwp%2Fv2%2Fcategories&post=563"},{"taxonomy":"post_tag","embeddable":true,"href":"https:\/\/luisalen.com\/index.php?rest_route=%2Fwp%2Fv2%2Ftags&post=563"}],"curies":[{"name":"wp","href":"https:\/\/api.w.org\/{rel}","templated":true}]}}