{"id":630,"date":"2015-11-10T15:00:00","date_gmt":"2015-11-10T15:00:00","guid":{"rendered":"https:\/\/luisalen.com\/?p=630"},"modified":"2023-02-02T15:01:42","modified_gmt":"2023-02-02T15:01:42","slug":"la-integracion-regional-desafios-juridicos","status":"publish","type":"post","link":"https:\/\/luisalen.com\/?p=630","title":{"rendered":"La integraci\u00f3n regional. Desaf\u00edos jur\u00eddicos"},"content":{"rendered":"\n<p>Medios de comunicaci\u00f3n, democracia y derechos humanos (p\u00e1g.213\/218)<\/p>\n\n\n\n<figure class=\"wp-block-image size-full\"><img fetchpriority=\"high\" decoding=\"async\" width=\"472\" height=\"667\" src=\"https:\/\/luisalen.com\/wp-content\/uploads\/2023\/02\/La-Integracion-regional.-Desafios-juridicos-pagina-1.jpg\" alt=\"\" class=\"wp-image-631\" srcset=\"https:\/\/luisalen.com\/wp-content\/uploads\/2023\/02\/La-Integracion-regional.-Desafios-juridicos-pagina-1.jpg 472w, https:\/\/luisalen.com\/wp-content\/uploads\/2023\/02\/La-Integracion-regional.-Desafios-juridicos-pagina-1-212x300.jpg 212w\" sizes=\"(max-width: 472px) 100vw, 472px\" \/><\/figure>\n","protected":false},"excerpt":{"rendered":"<p>Medios de comunicaci\u00f3n, democracia y derechos humanos (p\u00e1g.213\/218)<\/p>\n","protected":false},"author":1,"featured_media":0,"comment_status":"open","ping_status":"open","sticky":false,"template":"","format":"standard","meta":{"footnotes":""},"categories":[8],"tags":[],"class_list":["post-630","post","type-post","status-publish","format-standard","hentry","category-libros"],"_links":{"self":[{"href":"https:\/\/luisalen.com\/index.php?rest_route=\/wp\/v2\/posts\/630","targetHints":{"allow":["GET"]}}],"collection":[{"href":"https:\/\/luisalen.com\/index.php?rest_route=\/wp\/v2\/posts"}],"about":[{"href":"https:\/\/luisalen.com\/index.php?rest_route=\/wp\/v2\/types\/post"}],"author":[{"embeddable":true,"href":"https:\/\/luisalen.com\/index.php?rest_route=\/wp\/v2\/users\/1"}],"replies":[{"embeddable":true,"href":"https:\/\/luisalen.com\/index.php?rest_route=%2Fwp%2Fv2%2Fcomments&post=630"}],"version-history":[{"count":1,"href":"https:\/\/luisalen.com\/index.php?rest_route=\/wp\/v2\/posts\/630\/revisions"}],"predecessor-version":[{"id":632,"href":"https:\/\/luisalen.com\/index.php?rest_route=\/wp\/v2\/posts\/630\/revisions\/632"}],"wp:attachment":[{"href":"https:\/\/luisalen.com\/index.php?rest_route=%2Fwp%2Fv2%2Fmedia&parent=630"}],"wp:term":[{"taxonomy":"category","embeddable":true,"href":"https:\/\/luisalen.com\/index.php?rest_route=%2Fwp%2Fv2%2Fcategories&post=630"},{"taxonomy":"post_tag","embeddable":true,"href":"https:\/\/luisalen.com\/index.php?rest_route=%2Fwp%2Fv2%2Ftags&post=630"}],"curies":[{"name":"wp","href":"https:\/\/api.w.org\/{rel}","templated":true}]}}