{"id":715,"date":"2013-04-03T00:02:00","date_gmt":"2013-04-03T00:02:00","guid":{"rendered":"https:\/\/luisalen.com\/?p=715"},"modified":"2023-02-12T00:03:28","modified_gmt":"2023-02-12T00:03:28","slug":"un-ano-despues","status":"publish","type":"post","link":"https:\/\/luisalen.com\/?p=715","title":{"rendered":"Un a\u00f1o despu\u00e9s"},"content":{"rendered":"\n<figure class=\"wp-block-image size-large\"><img fetchpriority=\"high\" decoding=\"async\" width=\"803\" height=\"1024\" src=\"https:\/\/luisalen.com\/wp-content\/uploads\/2023\/02\/Tiempo-Ar-803x1024.jpeg\" alt=\"\" class=\"wp-image-716\" srcset=\"https:\/\/luisalen.com\/wp-content\/uploads\/2023\/02\/Tiempo-Ar-803x1024.jpeg 803w, https:\/\/luisalen.com\/wp-content\/uploads\/2023\/02\/Tiempo-Ar-235x300.jpeg 235w, https:\/\/luisalen.com\/wp-content\/uploads\/2023\/02\/Tiempo-Ar-768x980.jpeg 768w, https:\/\/luisalen.com\/wp-content\/uploads\/2023\/02\/Tiempo-Ar.jpeg 900w\" sizes=\"(max-width: 803px) 100vw, 803px\" \/><\/figure>\n\n\n\n<p>Hace un a\u00f1o fallec\u00eda Eduardo Luis Duhalde, p\u00e9rdida dur\u00edsima para la causa de la dignidad humana, su bandera a lo largo de toda una vida de militancia \u00edntegra, sin dobleces.<\/p>\n\n\n\n<p>Quienes tuvimos el privilegio de acompa\u00f1arlo, reconocemos hoy &nbsp;su huella indeleble en la pol\u00edtica de derechos humanos.<\/p>\n\n\n\n<p>Eduardo pensaba que correspond\u00eda asumir a la teor\u00eda de los derechos humanos como n\u00facleo central de las pol\u00edticas p\u00fablicas. Convencido de que a las ideas hab\u00eda que sumarles la praxis, entend\u00eda que era necesaria la reflexi\u00f3n profunda sobre las responsabilidades \u00e9ticas que legitiman al estado democr\u00e1tico, unida a una pr\u00e1ctica concreta que reconociera al otro como sujeto esencial de la vida en sociedad. Porque, en su magistral definici\u00f3n, los derechos humanos son nada m\u00e1s y nada menos que los derechos del otro. Y todos somos otros de alguien.<\/p>\n\n\n\n<p>En enero de 2003, a pocos meses de jubilarse como Juez de los Tribunales Orales de la Capital, renunci\u00f3&nbsp; para acompa\u00f1ar a N\u00e9stor Kirchner en su aventura presidencial. Dos meses despu\u00e9s, dise\u00f1\u00f3 los puntos esenciales de lo que para \u00e9l deb\u00eda ser la pol\u00edtica de derechos humanos, en la que la lucha contra la impunidad ocupaba un espacio central, porque part\u00eda de la convicci\u00f3n de que sobre el olvido era imposible sentar las bases de una sociedad democr\u00e1tica. De all\u00ed que, designado Secretario de Derechos Humanos, tras&nbsp; la nulidad de las leyes de Punto Final y Obediencia Debida se present\u00f3 como querellante en nombre del Poder Ejecutivo Nacional a lo largo y lo ancho del pa\u00eds, reuni\u00e9ndose con jueces y fiscales y poniendo a las \u00e1reas de la Secretar\u00eda a respaldar activamente a las querellas que representaban a las v\u00edctimas y a los organismos de Derechos Humanos, con todo el peso que significaba el compromiso del estado democr\u00e1tico acusando al estado terrorista.<\/p>\n\n\n\n<p>La restituci\u00f3n de derechos all\u00ed donde hab\u00edan sido conculcados, y su reconocimiento en donde eran negados, fueron premisas b\u00e1sicas desde las que se promovieron leyes como las de protecci\u00f3n integral de los derechos de ni\u00f1os, ni\u00f1as y adolescentes, de salud mental, de matrimonio igualitario, de despenalizaci\u00f3n de las calumnias e injurias, porque Eduardo pensaba que una pol\u00edtica de derechos humanos necesitaba la presencia del estado junto a los grupos en situaci\u00f3n de vulnerabilidad, no desde la mera asistencia sino construyendo cimientos que permitieran desarrollos que terminaran con la marginaci\u00f3n, la exclusi\u00f3n, la discriminaci\u00f3n de los sectores desprotegidos de la sociedad. En definitiva, con la concreci\u00f3n de una pol\u00edtica igualitaria, equitativa y solidaria.<\/p>\n\n\n\n<p>Es obvio que nada de ello podr\u00eda haberse llevado a cabo sino en el marco del proceso de profundas transformaciones que inici\u00f3 N\u00e9stor Kirchner y que la Presidenta Cristina Fern\u00e1ndez de Kirchner contin\u00faa y profundiza, porque fueron convicciones compartidas las que los unieron.<\/p>\n\n\n\n<p>En recuerdo de Eduardo Luis, podr\u00edamos decir que hay vac\u00edos que nunca se completan, hay palabras que nunca ser\u00e1n dichas, hay ausencias que est\u00e1n siempre presentes. Que nos faltan su palabra aguda, su calidez eterna, el afecto que regaba para todos y la inmensidad de su estatura de hombre cabal, entero, digno.<\/p>\n\n\n\n<p>Pero nos queda seguir el sendero que marc\u00f3, desde nuestra peque\u00f1ez de caminantes y superando la desaz\u00f3n de no tenerlo, porque sabemos que en esta lucha hay un lugar para seguir aprendiendo de su ejemplo.<\/p>\n\n\n\n<p>Ya nos encontraremos, compa\u00f1ero, ahora que esa palabra tiene un nombre que vamos repitiendo en nuestra pena: el tuyo, \u00fanico e irrepetible.<\/p>\n\n\n\n<p>Viejo querido, hasta cualquier momento<\/p>\n","protected":false},"excerpt":{"rendered":"<p>Hace un a\u00f1o fallec\u00eda Eduardo Luis Duhalde, p\u00e9rdida dur\u00edsima para la causa de la dignidad&#8230;<\/p>\n","protected":false},"author":1,"featured_media":0,"comment_status":"open","ping_status":"open","sticky":false,"template":"","format":"standard","meta":{"footnotes":""},"categories":[19],"tags":[],"class_list":["post-715","post","type-post","status-publish","format-standard","hentry","category-diarios"],"_links":{"self":[{"href":"https:\/\/luisalen.com\/index.php?rest_route=\/wp\/v2\/posts\/715","targetHints":{"allow":["GET"]}}],"collection":[{"href":"https:\/\/luisalen.com\/index.php?rest_route=\/wp\/v2\/posts"}],"about":[{"href":"https:\/\/luisalen.com\/index.php?rest_route=\/wp\/v2\/types\/post"}],"author":[{"embeddable":true,"href":"https:\/\/luisalen.com\/index.php?rest_route=\/wp\/v2\/users\/1"}],"replies":[{"embeddable":true,"href":"https:\/\/luisalen.com\/index.php?rest_route=%2Fwp%2Fv2%2Fcomments&post=715"}],"version-history":[{"count":1,"href":"https:\/\/luisalen.com\/index.php?rest_route=\/wp\/v2\/posts\/715\/revisions"}],"predecessor-version":[{"id":717,"href":"https:\/\/luisalen.com\/index.php?rest_route=\/wp\/v2\/posts\/715\/revisions\/717"}],"wp:attachment":[{"href":"https:\/\/luisalen.com\/index.php?rest_route=%2Fwp%2Fv2%2Fmedia&parent=715"}],"wp:term":[{"taxonomy":"category","embeddable":true,"href":"https:\/\/luisalen.com\/index.php?rest_route=%2Fwp%2Fv2%2Fcategories&post=715"},{"taxonomy":"post_tag","embeddable":true,"href":"https:\/\/luisalen.com\/index.php?rest_route=%2Fwp%2Fv2%2Ftags&post=715"}],"curies":[{"name":"wp","href":"https:\/\/api.w.org\/{rel}","templated":true}]}}