{"id":734,"date":"2022-02-14T19:18:00","date_gmt":"2022-02-14T19:18:00","guid":{"rendered":"https:\/\/luisalen.com\/?p=734"},"modified":"2023-02-12T19:19:03","modified_gmt":"2023-02-12T19:19:03","slug":"la-verguenza-nacional","status":"publish","type":"post","link":"https:\/\/luisalen.com\/?p=734","title":{"rendered":"La verg\u00fcenza nacional"},"content":{"rendered":"\n<p><em>Verg\u00fcenza nacional<\/em>, dijo Alberto y los escribas de <strong><em>LA NACI\u00d3N <\/em><\/strong>y sus primos del clarinete mentiroso estallaron furiosos, acompa\u00f1ados por los empresarios due\u00f1os de medios nucleares en ADEPA, entidad que no se preocup\u00f3 jam\u00e1s por cuestiones tales como los monopolios medi\u00e1ticos, los periodistas detenidos- desaparecidos o la censura en tiempos de dictadura. Tan fuerte se enojaron que hasta lograron que la vocera presidencial dejara sus ocupaciones con las adultas mayores y pidiera disculpas por su actitud. L\u00e1stima, una vez que hab\u00eda hecho algo m\u00e1s o menos bien.<\/p>\n\n\n\n<p>Pero veamos qu\u00e9 significa \u201c<em>verg\u00fcenza<\/em>\u201d a ver si el Presidente acert\u00f3 o no.<\/p>\n\n\n\n<p>Seg\u00fan el Diccionario de la Real Academia Espa\u00f1ola, \u201c<em>verg\u00fcenza<\/em>\u201d puede significar \u201c<em>turbaci\u00f3n del \u00e1nimo ocasionada por la conciencia de alguna falta cometida, o por alguna acci\u00f3n deshonrosa y humillante<\/em>\u201d. Aunque Fern\u00e1ndez ven\u00eda de anunciar el acuerdo con el FMI, no parec\u00eda tener el \u00e1nimo turbado por eso. A ver con otros significados: \u201c<em>verg\u00fcenza<\/em>\u201d es tambi\u00e9n la \u201c<em>turbaci\u00f3n del \u00e1nimo causada por timidez o encogimiento y que frecuentemente supone un freno para actuar o expresarse<\/em>\u201d. Alberto no es precisamente t\u00edmido y no le cuesta hablar en p\u00fablico (aunque muchas veces le vend\u00eda bien), as\u00ed que vamos por otra cosa.<\/p>\n\n\n\n<p>La palabrita en cuesti\u00f3n tambi\u00e9n quiere decir \u201c<em>estimaci\u00f3n de la propia honra o dignidad<\/em>\u201d. Uno sospecha que tanto Alberto como la vocera tienen sobrepasado este \u00edtem, de modo que hay que seguir buscando.<\/p>\n\n\n\n<p>En otros tiempos, se usaba para nombrar al \u201c<em>list\u00f3n o larguero delantero de las puertas<\/em>\u201d, a la \u201c<em>toca de la mujer<\/em>\u201d, o a -disculpen ustedes- los \u201c<em>\u00f3rganos sexuales externos del ser humano<\/em>\u201d. Asimismo, era la \u201cpena o castigo que consist\u00eda en exponer al reo a la afrenta y confusi\u00f3n p\u00fablica con alguna se\u00f1al que denotaba su delito\u201d. Ninguno de esos significados corresponde a las palabras presidenciales.<\/p>\n\n\n\n<p>De modo que solo nos queda hablar de \u201c<em>verg\u00fcenza<\/em>\u201d cuando nos referimos a la \u201c<em>cosa o persona que causa verg\u00fcenza o deshonra<\/em>\u201d. Y ah\u00ed vamos con las referencias de Cerruti y su jefe.<\/p>\n\n\n\n<p>La cuesti\u00f3n empez\u00f3 cuando la vocera, en la reuni\u00f3n del 10\/02\/2022, se cruz\u00f3 con Cecilia Devanna -empleada de la Tribuna de Doctrina- a ra\u00edz de las referencias a la tapa del pasqu\u00edn de los Mitre-Saguier a un supuesto desagrado del gobierno estadounidense por las declaraciones de Fern\u00e1ndez en su gira por Rusia y China. Como siempre, el escriba de <strong><em>LA NACI\u00d3N <\/em><\/strong>que habl\u00f3 del tema (Jorge Liotti) se escud\u00f3 en el anonimato de su presunta fuente, a la que identific\u00f3 como \u201c<em>un funcionario de alto rango del Departamento de Estado<\/em>\u201d, sin dar mayores referencias. A la Cerruti se le ocurri\u00f3 recordarle a la notera cuestionante que informaciones de ese calibre, para tenerlas como ciertas, deben ser rigurosamente chequeadas con otras fuentes. O que por lo menos eso es lo que hacen los buenos periodistas. Fern\u00e1ndez se pronunci\u00f3 en Twitter, reproduciendo un mensaje que calificaba al <em>periodismo mainstream <\/em>como \u201cuna verg\u00fcenza nacional\u201d. Y ah\u00ed arrancaron los mensajes de los supuestos defensores de la libertad de prensa. Que en realidad, lo que defienden es a sus empresas, no sea cosa de perder el conchabo.<\/p>\n\n\n\n<p>Alej\u00e9monos un poco del incidente y sus protagonistas y vayamos a la cuesti\u00f3n de fondo. Que no es otra cosa que la inveterada costumbre de <strong><em>LA NACI\u00d3N <\/em><\/strong>de presentar sus notas como si fueran la verdad revelada y no pudieran ser cuestionadas. Costumbre que comparten los empleados del Grupo Clar\u00edn. Pareciera que trabajar para esas empresas los exime de dar fundamentos o explicaciones. Basta con que les publiquen sus textos -para peor, muy distantes de ser un ejemplo de buena escritura- para que lo que dicen sea una realidad incontrovertible. Por lo que si a alguna persona se le ocurre buscar otras fuentes sobre el mismo tema, o consultar otras opiniones, inmediatamente se lo trata de negador de la realidad o se lo califica como violador de la libertad de expresi\u00f3n.<\/p>\n\n\n\n<p>Es por lo menos curiosa la forma en que se expresa Pablo Sirv\u00e9n en su nota del 10\/02\/2022, donde califica la actitud de Fern\u00e1ndez como \u201c<em>Un ataque del gobierno para evitar respuestas inc\u00f3modas<\/em>\u201d. Porque es claro que si los Estados Unidos est\u00e1n molestos, los que se sienten inc\u00f3modos son sus fieles servidores vern\u00e1culos. Sirv\u00e9n dice cosas interesantes: habla sobre los <em>off the r\u00e9cord <\/em>y reconoce que \u201c<em>Su estado difuso (solo el periodista que recogi\u00f3 a versi\u00f3n sabe qui\u00e9n se la provey\u00f3 y lo protege el secreto profesional) puede dar lugar a excesos o inexactitudes involuntarias o aviesas<\/em>\u201d, y tambi\u00e9n admite que \u201c<em>No pocas veces, la fuente oculta puede ser las propias inferencias que hace el periodista como atento observador de los hechos que sigue. Inferencias que muchas veces pueden ser ciertas o estar muy lejos de lo real, cuando se tropiezan con los prejuicios y expectativas del propio periodista<\/em>\u201d. Ambas observaciones son correctas, pero se caen a pedazos cuando tras cart\u00f3n y sin dar ninguna otra raz\u00f3n fundamentada Sirv\u00e9n sostiene que eso no pasa en <strong><em>LA NACI\u00d3N<\/em><\/strong><em>. <\/em>Pasa que en general, lo que ocurre con las notas del pasqu\u00edn derechoso es que dan por ciertos excesos o inexactitudes siempre aviesas, e inferencias que est\u00e1n muy lejos de lo real y que solo responden a los prejuicios del escriba del que se trate.<\/p>\n\n\n\n<p>Veamos ejemplos varios. El 09\/02\/2022 el it\u00e1lico portador de un apellido que define sus producciones, Loris Zanatta, proclama que \u201c<em>El peronismo tiene el complot en el c\u00f3digo gen\u00e9tico<\/em>\u201d. Disparate que obvia hechos acontecidos a lo largo de la historia del peronismo como movimiento pol\u00edtico que solo accedi\u00f3 al gobierno a trav\u00e9s de elecciones libres, y que s\u00ed fue desalojado del poder por militares y civiles completados contra la democracia. Pobres los estudiantes que reciben los supuestos saberes del catedr\u00e1tico sanatero.<\/p>\n\n\n\n<p>Claudio Jacquelin, por su parte, nos cuenta el 10\/02\/2022 que \u201c<em>Alberto Fern\u00e1ndez niega evidencias y suma riesgos<\/em>\u201d. Para el escriba, lo que es evidente es que la Argentina debe arrodillarse ante el Fondo Monetario Internacional y someterse en todo a la voluntad de los Estados Unidos. Si Alberto, aunque t\u00edmidamente, se atreve a esbozar alg\u00fan anhelo de autonom\u00eda y a buscar acuerdos con otros pa\u00edses, est\u00e1 negando lo que para la <em>Tribuna de Doctrina <\/em>siempre fue evidente: que creer que la Argentina es un pa\u00eds independiente es un absurdo. Ya el fundador del pasqu\u00edn, don Bartolo, se preocup\u00f3 cuando ocup\u00f3 la presidencia en construir un estado a medida de los intereses de los pa\u00edses hegem\u00f3nicos. Gran Breta\u00f1a entonces, hoy los Estados Unidos para los nuevos mitristas.<\/p>\n\n\n\n<p>Ocurre lo mismo con los supuestos graciosos de <strong><em>LA NACI\u00d3N<\/em><\/strong>. El 12\/02\/2022, Carlos M. Raymundo Roberts llama a poner \u201c<em>Manos a la obra: hay que esconder al Presidente<\/em>\u201d y despliega sus prejuicios bajo un supuesto tono ir\u00f3nico -registro que le sale entre mal y peor-, para seguir la corriente que en estos d\u00edas marca la orientaci\u00f3n de las notas del diario: todos a criticar la b\u00fasqueda de acuerdos con China y Rusia. La otra chistosa, Graciela Guadalupe, el 13\/02\/2022 nos dice \u201c<em>Qu\u00e9 bien la pasamos<\/em>\u201d y supone a la Primera Ministra de Barbados, Mia Mottley, consternada al leer una serie de informaciones sobre nuestro pa\u00eds. Informaciones que no son tales sino opiniones de la frustrada c\u00f3mica, que en definitiva no se aleja de la manera de desplegar el odio derechista contra todo aquello que sea o parezca populista o de izquierda.<\/p>\n\n\n\n<p>Pablo Sirv\u00e9n vuelve el 13\/02\/2022 y cree haber encontrado \u201c<em>Un le\u00f3n que les ruge de frente al FDT y a JXC<\/em>\u201d. Habr\u00eda que explicarle al servicial cronista que hay severas diferencias entre los rugidos de un le\u00f3n y el ulular de un gorila desmelenado.<\/p>\n\n\n\n<p>El novelero Jorge Fern\u00e1ndez D\u00edaz sigue crey\u00e9ndose un intelectual y busca t\u00edtulos enrevesados para sus pretenciosas columnas. El 13\/02\/2022 habla de \u201c<em>psicopat\u00edas y papelones de pel\u00edcula<\/em>\u201d y como es su insana costumbre ataca al peronismo y pontifica que \u201c<em>El Movimiento Justicialista ha vivido equivocado. Aunque una fuerza cuyo dogma central consiste en no ajustar bajo ninguna circunstancia, m\u00e1s que un partido es una literatura fant\u00e1stica o un mero grup\u00fasculo de la izquierda petardista y testimonial<\/em>\u201d. Frase que en realidad trata de esconder la enorme frustraci\u00f3n del escriba ante la evidencia que marcan setenta y siete a\u00f1os de predominio del peronismo en la escena pol\u00edtica nacional, sea que los vivi\u00f3 desde el gobierno, o desalojado de este.<\/p>\n\n\n\n<p>Y al final de las cosas, el mismo 13\/02\/2022 el inefable Joaqu\u00edn Morales Sol\u00e1 despliega su inventiva para contarnos que \u201c<em>Alberto logr\u00f3 enojar a Biden y a Cristina<\/em>\u201d, y como todos sus compinches se siente preocupado por el presunto alineamiento de Fern\u00e1ndez con Rusia y China y lejos de los Estados Unidos. El temor de Morales es muy claro: que llegue el d\u00eda en que \u201c<em>los argentinos deber\u00e1n vivir con lo suyo, poco y caro, aunque ocurra el acuerdo o suceda la muerte<\/em>\u201d. Un poco apocal\u00edptico lo suyo, don Joaqu\u00edn. \u00bfNo se le podr\u00eda haber ocurrido otro final, algo as\u00ed como que vivir con lo nuestro sea m\u00e1s barato, no necesite de ning\u00fan acuerdo y nos aleje de la muerte?<\/p>\n\n\n\n<p>Para terminar, hay otras cosas que entristecen a muchos. O deber\u00edan hacerlo. Por ejemplo, a los viejos radicales les debe parecer mentira que hoy los dirijan tipos como Mario Negri, que ni siquiera sabe que la Uni\u00f3n Sovi\u00e9tica se termin\u00f3 hace m\u00e1s de treinta a\u00f1os. Y que el <em>periodismo mainstream <\/em>tenga como estrella a Cristina P\u00e9rez, capaz de resumir enormes cantidades de ignorancia al suponer al Presidente entregado al <em>comunismo zarista de la KGB<\/em>. Lenin y los Romanoff se espantaron por igual, y por una vez los antiguos bolcheviques y los nost\u00e1lgicos de la autocracia -que todav\u00eda los hay en esta parte del planeta-, se pusieron de acuerdo en sentir <em>una verg\u00fcenza nacional.<\/em><\/p>\n","protected":false},"excerpt":{"rendered":"<p>Verg\u00fcenza nacional, dijo Alberto y los escribas de LA NACI\u00d3N y sus primos del clarinete&#8230;<\/p>\n","protected":false},"author":1,"featured_media":0,"comment_status":"open","ping_status":"open","sticky":false,"template":"","format":"standard","meta":{"footnotes":""},"categories":[17],"tags":[],"class_list":["post-734","post","type-post","status-publish","format-standard","hentry","category-contra-mitre"],"_links":{"self":[{"href":"https:\/\/luisalen.com\/index.php?rest_route=\/wp\/v2\/posts\/734","targetHints":{"allow":["GET"]}}],"collection":[{"href":"https:\/\/luisalen.com\/index.php?rest_route=\/wp\/v2\/posts"}],"about":[{"href":"https:\/\/luisalen.com\/index.php?rest_route=\/wp\/v2\/types\/post"}],"author":[{"embeddable":true,"href":"https:\/\/luisalen.com\/index.php?rest_route=\/wp\/v2\/users\/1"}],"replies":[{"embeddable":true,"href":"https:\/\/luisalen.com\/index.php?rest_route=%2Fwp%2Fv2%2Fcomments&post=734"}],"version-history":[{"count":1,"href":"https:\/\/luisalen.com\/index.php?rest_route=\/wp\/v2\/posts\/734\/revisions"}],"predecessor-version":[{"id":735,"href":"https:\/\/luisalen.com\/index.php?rest_route=\/wp\/v2\/posts\/734\/revisions\/735"}],"wp:attachment":[{"href":"https:\/\/luisalen.com\/index.php?rest_route=%2Fwp%2Fv2%2Fmedia&parent=734"}],"wp:term":[{"taxonomy":"category","embeddable":true,"href":"https:\/\/luisalen.com\/index.php?rest_route=%2Fwp%2Fv2%2Fcategories&post=734"},{"taxonomy":"post_tag","embeddable":true,"href":"https:\/\/luisalen.com\/index.php?rest_route=%2Fwp%2Fv2%2Ftags&post=734"}],"curies":[{"name":"wp","href":"https:\/\/api.w.org\/{rel}","templated":true}]}}